
{"id":10558,"date":"2010-09-30T19:02:46","date_gmt":"2010-09-30T17:02:46","guid":{"rendered":"https:\/\/www.luiss.it\/sport\/?p=1336"},"modified":"2010-09-30T19:02:46","modified_gmt":"2010-09-30T17:02:46","slug":"polselli-vuole-il-riscatto","status":"publish","type":"post","link":"https:\/\/sport.luiss.it\/en\/2010\/09\/30\/polselli-vuole-il-riscatto\/","title":{"rendered":"Polselli vuole il riscatto"},"content":{"rendered":"<p><a href=\"https:\/\/wordpress.luiss.it\/sport\/wp-content\/uploads\/2010\/09\/8770_Polselli_Ruben_10.jpg\"><img loading=\"lazy\" decoding=\"async\" class=\"alignleft size-thumbnail wp-image-1337\" src=\"https:\/\/www.luiss.it\/sport\/wp-content\/uploads\/sport\/2010\/09\/8770_Polselli_Ruben_10-150x150.jpg\" alt=\"\" width=\"150\" height=\"150\" \/><\/a>Dopo la sconfitta contro la Telematica Orvieto, torna a casa la <strong>Luiss Roma<\/strong> che <span style=\"text-decoration: underline\">sabato 2 ottobre<\/span> ospiter\u00e0 tra le mura amiche la <strong>Virtus Basket Aprilia<\/strong> per il match valevole per la seconda giornata di campionato. La sconfitta in terra umbra \u00e8 stata attentamente valutata da Coach Polesello e dai suoi giocatori, proprio come afferma <strong>Ruben Polselli<\/strong>, il nuovo pezzo pregiato della formazione bianco blu: \u201c<em>In settimana abbiamo cercato di correggere gli errori commessi nel match d\u2019esordio, ma non siamo preoccupati perch\u00e9 ad inizio campionato \u00e8 fisiologico che accadano queste cose, anche perch\u00e9 la squadra \u00e8 in parte cambiata e quindi noi \u2018nuovi\u2019 dobbiamo ancora integrarci al 100% nei meccanismi gi\u00e0 collaudati dai ragazzi che sono qui da anni.<\/em>\u201d<br \/>\nLa partita con la squadra pontina, per\u00f2, dovr\u00e0 servire per ottenere i primi due punti di questa stagione, sfruttando a dovere il fattore campo: \u201c<em>Sicuramente \u2013 continua Polselli \u2013 abbiamo intenzione di vincere con Aprilia perch\u00e9 vogliamo riscattare subito la sconfitta di domenica ad Orvieto, quindi siamo molto concentrati per ottenere un grande risultato contro la squadra di Andrea Sardo. Sappiamo di dover sfruttare il campo amico perch\u00e9 poi partire con il piede giusto in casa nostra sarebbe importante e manderebbe un segnale a tutti i nostri avversari. Sabato \u2013 prosegue il pivot bianco blu \u2013 non sar\u00e0 una partita facile perch\u00e9 per i nostri avversari sar\u00e0 l\u2019esordio assoluto e perch\u00e9 conosco alcuni dei giocatori che sono esperti della categoria e per questo non avranno alcun timore di affrontarci, quindi credo che saranno 40 minuti molto intensi, ma noi stiamo cercando gli equilibri giusti e credo che gi\u00e0 dalla partita contro la Virtus scender\u00e0 in campo una Luiss diversa da quella vista alla prima giornata<\/em>.\u201d<br \/>\nPolselli, nato a Latina nel 1974, dopo un passato importante tra le fila della Scavolini Pesaro, dell\u2019Ambrosia Bisceglie, del Basket Trapani tra la B2 e la B1, spiega cos\u00ec la sua scelta di giocare per la squadra dell\u2019Universit\u00e0 Romana: <em>\u201cIl mio passato importante, i tanti riconoscimenti e le vittorie che ho ottenuto in questi anni non mi hanno mai fatto perdere la mia voglia di conoscere e studiare. Sono riuscito \u2013 prosegue il numero 18 luissino \u2013 a prendere la laurea in Giurisprudenza e adesso qui alla Luiss prender\u00f2 il Master in Business Administration (MBA) che \u00e8 un progetto che mi affascina particolarmente, quindi sono davvero felice della scelta fatta<\/em>.\u201d<br \/>\nIl campionato di serie C dilettanti il nuovo giocatore bianco blu lo conosce bene: \u201c<em>Ho giocato in questa categoria con Bisceglie due anni fa, dove ho ottenuto la promozione, poi con Latina da giovanissimo, quindi conosco le difficolt\u00e0 che andremo ad incontrare, ma sono anche convinto che abbiamo le caratteristiche necessarie per vincere, anche se sono dell\u2019idea che per raggiungere la promozione bisogna lavorare tanto durante l\u2019anno e ottenere grandi risultati anche durante la regular season e non solo ai play-off per\u00f2, ripeto, ho sensazioni positive e spero che possa andare tutto per il verso giusto, anche perch\u00e9 siamo un\u2019ottima squadra, molto compatta, e lavoriamo in un clima piacevole quindi \u2013 conclude Polselli &#8211; gli ingredienti per far bene ci sono tutti, ora sta a noi mettere in campo tutti i buoni propositi di inizio stagione.<\/em>\u201d<\/p>\n<p>La <strong>Virtus Aprilia<\/strong>, come detto dal pivot di Coach <strong>Polesello<\/strong>, arriver\u00e0 al Pala Luiss per la prima partita del suo campionato, dopo aver osservato un turno di riposo in occasione della prima giornata per il numero dispari (15) nel girone F della C dilettanti. La squadra biancorossa rispetto alla passata stagione si presenter\u00e0 ai nastri di partenza con tanti cambiamenti, partendo dall\u2019allenatore che quest\u2019anno sar\u00e0 Andrea Sardo che ha preso il posto di Roberto Paciucci, passando per i nuovi arrivi che sono Alessio Iacoangeli, Gianluca Giuliano, Giacomo Chiminello, Fabio Michieletto, Flavio Catasta e Marco Iacobone. Non fanno pi\u00f9 parte della squadra biancorossi gli esperti Gavassuti, Santoro e Ciaffoncini, oltre ai giovani Parisi, Serrano e Alessandro Fanti. Confermati, invece, il Capitano Federico Fanti alla sua nona stagione in maglia apriliana, e i giovani Coppa, Di Luccio, Di Giorgio e Gabanella.<\/p>\n<p>La palla a due \u00e8 prevista per le ore 18 di sabato 2 ottobre e l\u2019incontro sar\u00e0 diretto dai Signori Paolo Incamicia di Palermo e Nicola Sav\u00ec di Bagheria (PA), sotto gli occhi dell\u2019osservatore Piero Damiani di Roma.<\/p>\n<p><strong>Danila Di Biase<\/strong><\/p>\n","protected":false},"excerpt":{"rendered":"<p>Dopo la sconfitta contro la Telematica Orvieto, torna a casa la Luiss Roma che sabato 2 ottobre ospiter\u00e0 tra le mura amiche la Virtus Basket Aprilia per il match valevole [&hellip;]<\/p>\n","protected":false},"author":441,"featured_media":0,"comment_status":"closed","ping_status":"closed","sticky":false,"template":"","format":"standard","meta":{"_monsterinsights_skip_tracking":false,"_monsterinsights_sitenote_active":false,"_monsterinsights_sitenote_note":"","_monsterinsights_sitenote_category":0,"footnotes":""},"categories":[114],"tags":[],"class_list":["post-10558","post","type-post","status-publish","format-standard","hentry","category-news-basket-c"],"yoast_head":"<!-- This site is optimized with the Yoast SEO plugin v26.5 - https:\/\/yoast.com\/wordpress\/plugins\/seo\/ -->\n<title>Polselli vuole il riscatto - Luiss Sport - Luiss Guido Carli<\/title>\n<meta name=\"robots\" content=\"index, follow, max-snippet:-1, max-image-preview:large, max-video-preview:-1\" \/>\n<link rel=\"canonical\" href=\"https:\/\/sport.luiss.it\/2010\/09\/30\/polselli-vuole-il-riscatto\/\" \/>\n<meta property=\"og:locale\" content=\"en_US\" \/>\n<meta property=\"og:type\" content=\"article\" \/>\n<meta property=\"og:title\" content=\"Polselli vuole il riscatto - Luiss Sport - Luiss Guido Carli\" \/>\n<meta property=\"og:description\" content=\"Dopo la sconfitta contro la Telematica Orvieto, torna a casa la Luiss Roma che sabato 2 ottobre ospiter\u00e0 tra le mura amiche la Virtus Basket Aprilia per il match valevole [&hellip;]\" \/>\n<meta property=\"og:url\" content=\"https:\/\/sport.luiss.it\/2010\/09\/30\/polselli-vuole-il-riscatto\/\" \/>\n<meta property=\"og:site_name\" content=\"Luiss Sport - Luiss Guido Carli\" \/>\n<meta property=\"article:publisher\" content=\"https:\/\/www.facebook.com\/sportluiss\/\" \/>\n<meta property=\"article:published_time\" content=\"2010-09-30T17:02:46+00:00\" \/>\n<meta name=\"twitter:card\" content=\"summary_large_image\" \/>\n<meta name=\"twitter:label1\" content=\"Written by\" \/>\n\t<meta name=\"twitter:data1\" content=\"\" \/>\n\t<meta name=\"twitter:label2\" content=\"Est. reading time\" \/>\n\t<meta name=\"twitter:data2\" content=\"4 minutes\" \/>\n<script type=\"application\/ld+json\" class=\"yoast-schema-graph\">{\"@context\":\"https:\/\/schema.org\",\"@graph\":[{\"@type\":\"WebPage\",\"@id\":\"https:\/\/sport.luiss.it\/2010\/09\/30\/polselli-vuole-il-riscatto\/\",\"url\":\"https:\/\/sport.luiss.it\/2010\/09\/30\/polselli-vuole-il-riscatto\/\",\"name\":\"Polselli vuole il riscatto - Luiss Sport - Luiss Guido Carli\",\"isPartOf\":{\"@id\":\"https:\/\/sport.luiss.it\/#website\"},\"primaryImageOfPage\":{\"@id\":\"https:\/\/sport.luiss.it\/2010\/09\/30\/polselli-vuole-il-riscatto\/#primaryimage\"},\"image\":{\"@id\":\"https:\/\/sport.luiss.it\/2010\/09\/30\/polselli-vuole-il-riscatto\/#primaryimage\"},\"thumbnailUrl\":\"https:\/\/www.luiss.it\/sport\/wp-content\/uploads\/sport\/2010\/09\/8770_Polselli_Ruben_10-150x150.jpg\",\"datePublished\":\"2010-09-30T17:02:46+00:00\",\"author\":{\"@id\":\"\"},\"breadcrumb\":{\"@id\":\"https:\/\/sport.luiss.it\/2010\/09\/30\/polselli-vuole-il-riscatto\/#breadcrumb\"},\"inLanguage\":\"en-US\",\"potentialAction\":[{\"@type\":\"ReadAction\",\"target\":[\"https:\/\/sport.luiss.it\/2010\/09\/30\/polselli-vuole-il-riscatto\/\"]}]},{\"@type\":\"ImageObject\",\"inLanguage\":\"en-US\",\"@id\":\"https:\/\/sport.luiss.it\/2010\/09\/30\/polselli-vuole-il-riscatto\/#primaryimage\",\"url\":\"https:\/\/www.luiss.it\/sport\/wp-content\/uploads\/sport\/2010\/09\/8770_Polselli_Ruben_10-150x150.jpg\",\"contentUrl\":\"https:\/\/www.luiss.it\/sport\/wp-content\/uploads\/sport\/2010\/09\/8770_Polselli_Ruben_10-150x150.jpg\"},{\"@type\":\"BreadcrumbList\",\"@id\":\"https:\/\/sport.luiss.it\/2010\/09\/30\/polselli-vuole-il-riscatto\/#breadcrumb\",\"itemListElement\":[{\"@type\":\"ListItem\",\"position\":1,\"name\":\"Home\",\"item\":\"https:\/\/sport.luiss.it\/en\/\"},{\"@type\":\"ListItem\",\"position\":2,\"name\":\"Polselli vuole il riscatto\"}]},{\"@type\":\"WebSite\",\"@id\":\"https:\/\/sport.luiss.it\/#website\",\"url\":\"https:\/\/sport.luiss.it\/\",\"name\":\"Luiss Sport - Luiss Guido Carli\",\"description\":\"Luiss Sport\",\"potentialAction\":[{\"@type\":\"SearchAction\",\"target\":{\"@type\":\"EntryPoint\",\"urlTemplate\":\"https:\/\/sport.luiss.it\/?s={search_term_string}\"},\"query-input\":{\"@type\":\"PropertyValueSpecification\",\"valueRequired\":true,\"valueName\":\"search_term_string\"}}],\"inLanguage\":\"en-US\"},{\"@type\":\"Person\",\"@id\":\"\"}]}<\/script>\n<!-- \/ Yoast SEO plugin. -->","yoast_head_json":{"title":"Polselli vuole il riscatto - Luiss Sport - Luiss Guido Carli","robots":{"index":"index","follow":"follow","max-snippet":"max-snippet:-1","max-image-preview":"max-image-preview:large","max-video-preview":"max-video-preview:-1"},"canonical":"https:\/\/sport.luiss.it\/2010\/09\/30\/polselli-vuole-il-riscatto\/","og_locale":"en_US","og_type":"article","og_title":"Polselli vuole il riscatto - Luiss Sport - Luiss Guido Carli","og_description":"Dopo la sconfitta contro la Telematica Orvieto, torna a casa la Luiss Roma che sabato 2 ottobre ospiter\u00e0 tra le mura amiche la Virtus Basket Aprilia per il match valevole [&hellip;]","og_url":"https:\/\/sport.luiss.it\/2010\/09\/30\/polselli-vuole-il-riscatto\/","og_site_name":"Luiss Sport - Luiss Guido Carli","article_publisher":"https:\/\/www.facebook.com\/sportluiss\/","article_published_time":"2010-09-30T17:02:46+00:00","twitter_card":"summary_large_image","twitter_misc":{"Written by":"","Est. reading time":"4 minutes"},"schema":{"@context":"https:\/\/schema.org","@graph":[{"@type":"WebPage","@id":"https:\/\/sport.luiss.it\/2010\/09\/30\/polselli-vuole-il-riscatto\/","url":"https:\/\/sport.luiss.it\/2010\/09\/30\/polselli-vuole-il-riscatto\/","name":"Polselli vuole il riscatto - Luiss Sport - Luiss Guido Carli","isPartOf":{"@id":"https:\/\/sport.luiss.it\/#website"},"primaryImageOfPage":{"@id":"https:\/\/sport.luiss.it\/2010\/09\/30\/polselli-vuole-il-riscatto\/#primaryimage"},"image":{"@id":"https:\/\/sport.luiss.it\/2010\/09\/30\/polselli-vuole-il-riscatto\/#primaryimage"},"thumbnailUrl":"https:\/\/www.luiss.it\/sport\/wp-content\/uploads\/sport\/2010\/09\/8770_Polselli_Ruben_10-150x150.jpg","datePublished":"2010-09-30T17:02:46+00:00","author":{"@id":""},"breadcrumb":{"@id":"https:\/\/sport.luiss.it\/2010\/09\/30\/polselli-vuole-il-riscatto\/#breadcrumb"},"inLanguage":"en-US","potentialAction":[{"@type":"ReadAction","target":["https:\/\/sport.luiss.it\/2010\/09\/30\/polselli-vuole-il-riscatto\/"]}]},{"@type":"ImageObject","inLanguage":"en-US","@id":"https:\/\/sport.luiss.it\/2010\/09\/30\/polselli-vuole-il-riscatto\/#primaryimage","url":"https:\/\/www.luiss.it\/sport\/wp-content\/uploads\/sport\/2010\/09\/8770_Polselli_Ruben_10-150x150.jpg","contentUrl":"https:\/\/www.luiss.it\/sport\/wp-content\/uploads\/sport\/2010\/09\/8770_Polselli_Ruben_10-150x150.jpg"},{"@type":"BreadcrumbList","@id":"https:\/\/sport.luiss.it\/2010\/09\/30\/polselli-vuole-il-riscatto\/#breadcrumb","itemListElement":[{"@type":"ListItem","position":1,"name":"Home","item":"https:\/\/sport.luiss.it\/en\/"},{"@type":"ListItem","position":2,"name":"Polselli vuole il riscatto"}]},{"@type":"WebSite","@id":"https:\/\/sport.luiss.it\/#website","url":"https:\/\/sport.luiss.it\/","name":"Luiss Sport - Luiss Guido Carli","description":"Luiss Sport","potentialAction":[{"@type":"SearchAction","target":{"@type":"EntryPoint","urlTemplate":"https:\/\/sport.luiss.it\/?s={search_term_string}"},"query-input":{"@type":"PropertyValueSpecification","valueRequired":true,"valueName":"search_term_string"}}],"inLanguage":"en-US"},{"@type":"Person","@id":""}]}},"_links":{"self":[{"href":"https:\/\/sport.luiss.it\/en\/wp-json\/wp\/v2\/posts\/10558","targetHints":{"allow":["GET"]}}],"collection":[{"href":"https:\/\/sport.luiss.it\/en\/wp-json\/wp\/v2\/posts"}],"about":[{"href":"https:\/\/sport.luiss.it\/en\/wp-json\/wp\/v2\/types\/post"}],"author":[{"embeddable":true,"href":"https:\/\/sport.luiss.it\/en\/wp-json\/wp\/v2\/users\/441"}],"replies":[{"embeddable":true,"href":"https:\/\/sport.luiss.it\/en\/wp-json\/wp\/v2\/comments?post=10558"}],"version-history":[{"count":0,"href":"https:\/\/sport.luiss.it\/en\/wp-json\/wp\/v2\/posts\/10558\/revisions"}],"wp:attachment":[{"href":"https:\/\/sport.luiss.it\/en\/wp-json\/wp\/v2\/media?parent=10558"}],"wp:term":[{"taxonomy":"category","embeddable":true,"href":"https:\/\/sport.luiss.it\/en\/wp-json\/wp\/v2\/categories?post=10558"},{"taxonomy":"post_tag","embeddable":true,"href":"https:\/\/sport.luiss.it\/en\/wp-json\/wp\/v2\/tags?post=10558"}],"curies":[{"name":"wp","href":"https:\/\/api.w.org\/{rel}","templated":true}]}}