
{"id":10577,"date":"2010-12-03T12:56:02","date_gmt":"2010-12-03T12:56:02","guid":{"rendered":"https:\/\/wordpress.luiss.it\/sport\/?p=1808"},"modified":"2010-12-03T12:56:02","modified_gmt":"2010-12-03T12:56:02","slug":"luiss-serve-il-riscatto","status":"publish","type":"post","link":"https:\/\/sport.luiss.it\/en\/2010\/12\/03\/luiss-serve-il-riscatto\/","title":{"rendered":"Luiss: serve il riscatto"},"content":{"rendered":"<p><a href=\"https:\/\/wordpress.luiss.it\/sport\/wp-content\/uploads\/2010\/12\/basket21.jpg\"><img loading=\"lazy\" decoding=\"async\" src=\"https:\/\/wordpress.luiss.it\/sport\/wp-content\/uploads\/2010\/12\/basket21-300x225.jpg\" alt=\"\" title=\"basket21\" width=\"300\" height=\"225\" class=\"alignleft size-medium wp-image-1809\" \/><\/a>Dopo l\u2019inaspettata sconfitta contro la Minerva Roma, c\u2019\u00e8 <strong>un altro derby <\/strong>alle porte per la Luiss che sabato 4 dicembre affronter\u00e0 al Pala Luiss la Sam Basket Roma in occasione della partita valevole per l\u2019undicesimo turno di campionato del girone F della serie C dilettanti.<\/p>\n<p>Un\u2019occasione per riscattare subito la brutta prestazione di sabato contro la Minerva, proprio come dichiara <strong>Riccardo Conti<\/strong>: \u201c<em>Abbiamo voglia di riprenderci subito e per farlo dobbiamo giocare di squadra e con il massimo della concentrazione, perch\u00e9 se vogliamo ambire a grandi traguardi questa \u00e8 l\u2019unica strada. Contro Minerva purtroppo non siamo scesi in campo con il giusto atteggiamento e abbiamo sub\u00ecto una sconfitta inaspettata, ma ora siamo concentrati su questo prossimo impegno che non abbiamo assolutamente preso sottogamba durante la preparazione settimanale. La Sam, infatti, <\/em>\u2013 continua la guardia luissina &#8211; <em>nonostante la deficitaria posizione in classifica, non \u00e8 una squadra da sottovalutare, anche perch\u00e9 arriver\u00e0 in casa nostra senza nulla da perdere e queste sono le partite pi\u00f9 difficili da affrontare  perch\u00e9 gli avversari sono molto motivati quando giocano contro di noi e quindi danno sempre il massimo per provare a batterci. Ma noi <\/em>\u2013 conclude Conti &#8211; <em>abbiamo assolutamente la consapevolezza di dover portare a casa questi due punti che sono fondamentali per il nostro cammino in campionato, dove continuiamo ad avere come unico obiettivo finale la vittoria.\u201d<\/em><\/p>\n<p>La <strong>Sam <\/strong>arriva a quest\u2019incontro con <strong>soli 6 punti <\/strong>accumulati finora ed \u00e8 reduce dall\u2019ultima giornata che si \u00e8 conclusa con una cocente delusione, ovvero la sconfitta sub\u00ecta solo nel finale contro la pi\u00f9 quotata Trony Cagliari (71-74), mentre l\u2019ultima vittoria \u00e8 arrivata tre settimane or sono contro la Smit (68-65). Le altre due gioie per la Sam sono arrivate sempre contro dirette concorrenti per la salvezza, ovvero Frascati e Lazio Riano, rispettivamente alla quinta e sesta giornata.<br \/>\nLa squadra guidata da Roberto Castellano \u00e8 un mix di esperienza e giovent\u00f9, con i vari Romanazzo, Franzon e Zampar che sono i migliori marcatori \u2018senior\u2019 tra i giallorossi che per\u00f2 fanno molto affidamento anche sui giovanissimi Della Libera (1992) e <strong>Procacci<\/strong> (1994) che stanno viaggiando con medie eccellenti in questo primo scorcio di stagione.<\/p>\n<p>Il derby tra Luiss e Sam avr\u00e0 inizio alle <strong>ore 18 del 4 dicembre<\/strong>, presso il Pala Luiss di via Martino Longhi di Roma, e a dirigere l\u2019incontro sono chiamati i Signori Alessandro Ascenzi di Caserta e Barbara Santoro di Casagiove (CE), che agiranno sotto gli occhi dell\u2019osservatore Enrico Zeppilli di Roma.<\/p>\n<p><strong>Danila Di Biase<\/strong><\/p>\n","protected":false},"excerpt":{"rendered":"<p>Dopo l\u2019inaspettata sconfitta contro la Minerva Roma, c\u2019\u00e8 un altro derby alle porte per la Luiss che sabato 4 dicembre affronter\u00e0 al Pala Luiss la Sam Basket Roma in occasione [&hellip;]<\/p>\n","protected":false},"author":441,"featured_media":0,"comment_status":"closed","ping_status":"closed","sticky":false,"template":"","format":"standard","meta":{"_monsterinsights_skip_tracking":false,"_monsterinsights_sitenote_active":false,"_monsterinsights_sitenote_note":"","_monsterinsights_sitenote_category":0,"footnotes":""},"categories":[114],"tags":[],"class_list":["post-10577","post","type-post","status-publish","format-standard","hentry","category-news-basket-c"],"yoast_head":"<!-- This site is optimized with the Yoast SEO plugin v26.5 - https:\/\/yoast.com\/wordpress\/plugins\/seo\/ -->\n<title>Luiss: serve il riscatto - Luiss Sport - Luiss Guido Carli<\/title>\n<meta name=\"robots\" content=\"index, follow, max-snippet:-1, max-image-preview:large, max-video-preview:-1\" \/>\n<link rel=\"canonical\" href=\"https:\/\/sport.luiss.it\/2010\/12\/03\/luiss-serve-il-riscatto\/\" \/>\n<meta property=\"og:locale\" content=\"en_US\" \/>\n<meta property=\"og:type\" content=\"article\" \/>\n<meta property=\"og:title\" content=\"Luiss: serve il riscatto - Luiss Sport - Luiss Guido Carli\" \/>\n<meta property=\"og:description\" content=\"Dopo l\u2019inaspettata sconfitta contro la Minerva Roma, c\u2019\u00e8 un altro derby alle porte per la Luiss che sabato 4 dicembre affronter\u00e0 al Pala Luiss la Sam Basket Roma in occasione [&hellip;]\" \/>\n<meta property=\"og:url\" content=\"https:\/\/sport.luiss.it\/2010\/12\/03\/luiss-serve-il-riscatto\/\" \/>\n<meta property=\"og:site_name\" content=\"Luiss Sport - Luiss Guido Carli\" \/>\n<meta property=\"article:publisher\" content=\"https:\/\/www.facebook.com\/sportluiss\/\" \/>\n<meta property=\"article:published_time\" content=\"2010-12-03T12:56:02+00:00\" \/>\n<meta name=\"twitter:card\" content=\"summary_large_image\" \/>\n<meta name=\"twitter:label1\" content=\"Written by\" \/>\n\t<meta name=\"twitter:data1\" content=\"\" \/>\n\t<meta name=\"twitter:label2\" content=\"Est. reading time\" \/>\n\t<meta name=\"twitter:data2\" content=\"2 minutes\" \/>\n<script type=\"application\/ld+json\" class=\"yoast-schema-graph\">{\"@context\":\"https:\/\/schema.org\",\"@graph\":[{\"@type\":\"WebPage\",\"@id\":\"https:\/\/sport.luiss.it\/2010\/12\/03\/luiss-serve-il-riscatto\/\",\"url\":\"https:\/\/sport.luiss.it\/2010\/12\/03\/luiss-serve-il-riscatto\/\",\"name\":\"Luiss: serve il riscatto - Luiss Sport - Luiss Guido Carli\",\"isPartOf\":{\"@id\":\"https:\/\/sport.luiss.it\/#website\"},\"primaryImageOfPage\":{\"@id\":\"https:\/\/sport.luiss.it\/2010\/12\/03\/luiss-serve-il-riscatto\/#primaryimage\"},\"image\":{\"@id\":\"https:\/\/sport.luiss.it\/2010\/12\/03\/luiss-serve-il-riscatto\/#primaryimage\"},\"thumbnailUrl\":\"https:\/\/wordpress.luiss.it\/sport\/wp-content\/uploads\/2010\/12\/basket21-300x225.jpg\",\"datePublished\":\"2010-12-03T12:56:02+00:00\",\"author\":{\"@id\":\"\"},\"breadcrumb\":{\"@id\":\"https:\/\/sport.luiss.it\/2010\/12\/03\/luiss-serve-il-riscatto\/#breadcrumb\"},\"inLanguage\":\"en-US\",\"potentialAction\":[{\"@type\":\"ReadAction\",\"target\":[\"https:\/\/sport.luiss.it\/2010\/12\/03\/luiss-serve-il-riscatto\/\"]}]},{\"@type\":\"ImageObject\",\"inLanguage\":\"en-US\",\"@id\":\"https:\/\/sport.luiss.it\/2010\/12\/03\/luiss-serve-il-riscatto\/#primaryimage\",\"url\":\"https:\/\/wordpress.luiss.it\/sport\/wp-content\/uploads\/2010\/12\/basket21-300x225.jpg\",\"contentUrl\":\"https:\/\/wordpress.luiss.it\/sport\/wp-content\/uploads\/2010\/12\/basket21-300x225.jpg\"},{\"@type\":\"BreadcrumbList\",\"@id\":\"https:\/\/sport.luiss.it\/2010\/12\/03\/luiss-serve-il-riscatto\/#breadcrumb\",\"itemListElement\":[{\"@type\":\"ListItem\",\"position\":1,\"name\":\"Home\",\"item\":\"https:\/\/sport.luiss.it\/en\/\"},{\"@type\":\"ListItem\",\"position\":2,\"name\":\"Luiss: serve il riscatto\"}]},{\"@type\":\"WebSite\",\"@id\":\"https:\/\/sport.luiss.it\/#website\",\"url\":\"https:\/\/sport.luiss.it\/\",\"name\":\"Luiss Sport - Luiss Guido Carli\",\"description\":\"Luiss Sport\",\"potentialAction\":[{\"@type\":\"SearchAction\",\"target\":{\"@type\":\"EntryPoint\",\"urlTemplate\":\"https:\/\/sport.luiss.it\/?s={search_term_string}\"},\"query-input\":{\"@type\":\"PropertyValueSpecification\",\"valueRequired\":true,\"valueName\":\"search_term_string\"}}],\"inLanguage\":\"en-US\"},{\"@type\":\"Person\",\"@id\":\"\"}]}<\/script>\n<!-- \/ Yoast SEO plugin. -->","yoast_head_json":{"title":"Luiss: serve il riscatto - Luiss Sport - Luiss Guido Carli","robots":{"index":"index","follow":"follow","max-snippet":"max-snippet:-1","max-image-preview":"max-image-preview:large","max-video-preview":"max-video-preview:-1"},"canonical":"https:\/\/sport.luiss.it\/2010\/12\/03\/luiss-serve-il-riscatto\/","og_locale":"en_US","og_type":"article","og_title":"Luiss: serve il riscatto - Luiss Sport - Luiss Guido Carli","og_description":"Dopo l\u2019inaspettata sconfitta contro la Minerva Roma, c\u2019\u00e8 un altro derby alle porte per la Luiss che sabato 4 dicembre affronter\u00e0 al Pala Luiss la Sam Basket Roma in occasione [&hellip;]","og_url":"https:\/\/sport.luiss.it\/2010\/12\/03\/luiss-serve-il-riscatto\/","og_site_name":"Luiss Sport - Luiss Guido Carli","article_publisher":"https:\/\/www.facebook.com\/sportluiss\/","article_published_time":"2010-12-03T12:56:02+00:00","twitter_card":"summary_large_image","twitter_misc":{"Written by":"","Est. reading time":"2 minutes"},"schema":{"@context":"https:\/\/schema.org","@graph":[{"@type":"WebPage","@id":"https:\/\/sport.luiss.it\/2010\/12\/03\/luiss-serve-il-riscatto\/","url":"https:\/\/sport.luiss.it\/2010\/12\/03\/luiss-serve-il-riscatto\/","name":"Luiss: serve il riscatto - Luiss Sport - Luiss Guido Carli","isPartOf":{"@id":"https:\/\/sport.luiss.it\/#website"},"primaryImageOfPage":{"@id":"https:\/\/sport.luiss.it\/2010\/12\/03\/luiss-serve-il-riscatto\/#primaryimage"},"image":{"@id":"https:\/\/sport.luiss.it\/2010\/12\/03\/luiss-serve-il-riscatto\/#primaryimage"},"thumbnailUrl":"https:\/\/wordpress.luiss.it\/sport\/wp-content\/uploads\/2010\/12\/basket21-300x225.jpg","datePublished":"2010-12-03T12:56:02+00:00","author":{"@id":""},"breadcrumb":{"@id":"https:\/\/sport.luiss.it\/2010\/12\/03\/luiss-serve-il-riscatto\/#breadcrumb"},"inLanguage":"en-US","potentialAction":[{"@type":"ReadAction","target":["https:\/\/sport.luiss.it\/2010\/12\/03\/luiss-serve-il-riscatto\/"]}]},{"@type":"ImageObject","inLanguage":"en-US","@id":"https:\/\/sport.luiss.it\/2010\/12\/03\/luiss-serve-il-riscatto\/#primaryimage","url":"https:\/\/wordpress.luiss.it\/sport\/wp-content\/uploads\/2010\/12\/basket21-300x225.jpg","contentUrl":"https:\/\/wordpress.luiss.it\/sport\/wp-content\/uploads\/2010\/12\/basket21-300x225.jpg"},{"@type":"BreadcrumbList","@id":"https:\/\/sport.luiss.it\/2010\/12\/03\/luiss-serve-il-riscatto\/#breadcrumb","itemListElement":[{"@type":"ListItem","position":1,"name":"Home","item":"https:\/\/sport.luiss.it\/en\/"},{"@type":"ListItem","position":2,"name":"Luiss: serve il riscatto"}]},{"@type":"WebSite","@id":"https:\/\/sport.luiss.it\/#website","url":"https:\/\/sport.luiss.it\/","name":"Luiss Sport - Luiss Guido Carli","description":"Luiss Sport","potentialAction":[{"@type":"SearchAction","target":{"@type":"EntryPoint","urlTemplate":"https:\/\/sport.luiss.it\/?s={search_term_string}"},"query-input":{"@type":"PropertyValueSpecification","valueRequired":true,"valueName":"search_term_string"}}],"inLanguage":"en-US"},{"@type":"Person","@id":""}]}},"_links":{"self":[{"href":"https:\/\/sport.luiss.it\/en\/wp-json\/wp\/v2\/posts\/10577","targetHints":{"allow":["GET"]}}],"collection":[{"href":"https:\/\/sport.luiss.it\/en\/wp-json\/wp\/v2\/posts"}],"about":[{"href":"https:\/\/sport.luiss.it\/en\/wp-json\/wp\/v2\/types\/post"}],"author":[{"embeddable":true,"href":"https:\/\/sport.luiss.it\/en\/wp-json\/wp\/v2\/users\/441"}],"replies":[{"embeddable":true,"href":"https:\/\/sport.luiss.it\/en\/wp-json\/wp\/v2\/comments?post=10577"}],"version-history":[{"count":0,"href":"https:\/\/sport.luiss.it\/en\/wp-json\/wp\/v2\/posts\/10577\/revisions"}],"wp:attachment":[{"href":"https:\/\/sport.luiss.it\/en\/wp-json\/wp\/v2\/media?parent=10577"}],"wp:term":[{"taxonomy":"category","embeddable":true,"href":"https:\/\/sport.luiss.it\/en\/wp-json\/wp\/v2\/categories?post=10577"},{"taxonomy":"post_tag","embeddable":true,"href":"https:\/\/sport.luiss.it\/en\/wp-json\/wp\/v2\/tags?post=10577"}],"curies":[{"name":"wp","href":"https:\/\/api.w.org\/{rel}","templated":true}]}}