
{"id":10694,"date":"2011-07-05T12:46:32","date_gmt":"2011-07-05T12:46:32","guid":{"rendered":"https:\/\/sport.luiss.it\/?p=2592"},"modified":"2011-07-05T12:46:32","modified_gmt":"2011-07-05T12:46:32","slug":"massimiliano-briscese-e-il-nuovo-allenatore-della-luiss","status":"publish","type":"post","link":"https:\/\/sport.luiss.it\/en\/2011\/07\/05\/massimiliano-briscese-e-il-nuovo-allenatore-della-luiss\/","title":{"rendered":"Massimiliano Briscese \u00e8 il nuovo allenatore della LUISS"},"content":{"rendered":"<p><a href=\"https:\/\/sport.luiss.it\/wp-content\/uploads\/2011\/07\/briscese.jpg\"><\/a><a href=\"https:\/\/sport.luiss.it\/wp-content\/uploads\/2011\/07\/briscese1.jpg\"><img loading=\"lazy\" decoding=\"async\" class=\"alignleft size-medium wp-image-2594\" title=\"briscese\" src=\"https:\/\/sport.luiss.it\/wp-content\/uploads\/2011\/07\/briscese1-300x201.jpg\" alt=\"\" width=\"300\" height=\"201\" \/><\/a>L\u2019A.S. LUISS \u00e8 lieta di comunicare che le redini della squadra di pallacanestro militante nel campionato di serie C dilettanti sono state affidate a <strong>Massimiliano Briscese<\/strong>. Il nuovo allenatore bianco-blu ha gi\u00e0 iniziato a lavorare per programmare la stagione sportiva <strong>2011-2012<\/strong>.<\/p>\n<p>Massimiliano Briscese \u00e8 nato a Roma il <strong>3 novembre 1971<\/strong> ed ha iniziato ad allenare gi\u00e0 nel 1988 quando, giovanissimo, gli sono state affidate le sorti del <strong>Don Bosco Cinecitt\u00e0<\/strong>. Successivamente ha accumulato esperienze guidando sempre squadre della Capitale, con una parentesi tra <strong>Cervia<\/strong> e <strong>Rimini<\/strong> che gli ha permesso di ottenere riconoscimenti anche al di fuori del Lazio. Nel 2001 torna nella citt\u00e0 eterna alla guida dell\u2019Eurobasket con cui conquista importanti successi con i Cadetti e gli Allievi. Dal 2005 al 2008 passa alla <strong>Virtus Roma<\/strong> e nel 2007 viene nominato vice-allenatore della <strong>Nazionale Italiana Under 17<\/strong>, per poi tornare all<strong>\u2019Eurobasket<\/strong>, cui regala una splendida promozione in C dilettanti, conseguita lo scorso 12 giugno, ai danni della Fabiani Formia.<\/p>\n<p>\u201cSono contento ed onorato \u2013 esordisce Briscese &#8211; <em>di poter iniziare questa nuova avventura che mi stimola tantissimo perch\u00e9 il progetto dell\u2019AS LUISS oltre ad essere molto interessante dal punto di vista organizzativo, visto che segue il modello dei College americani, rispecchia in pieno le mie caratteristiche di allenatore, in quanto \u00e8 praticamente dall\u2019inizio della mia carriera che sono abituato a lavorare con i giovani. La squadra, infatti, ha una forte identit\u00e0 giovanile soprattutto dopo alcune partenze eccellenti, ma ho gi\u00e0 avuto modo di appurare in queste settimane che i giocatori che hanno preso parte alla scorsa stagione nonostante la giovane et\u00e0 sono degli elementi esperti su cui ovviamente far\u00f2 affidamento non solo per affrontare il campionato, ma soprattutto perch\u00e9 credo che riusciranno a favorire lo sviluppo dei ragazzi che arriveranno nel prossimo mese. Proprio per questo<\/em> \u2013 conclude il neo-allenatore luissino \u2013 <em>stiamo gi\u00e0 lavorando insieme allo staff tecnico e dirigenziale per completare il roster che poi prender\u00e0 parte al campionato di C dilettanti. Ringrazio l\u2019AS LUISS per la fiducia mostrata nei miei confronti e questo, come gi\u00e0 detto, \u00e8 per me un vero motivo di orgoglio.\u201c<\/em><\/p>\n<p>La LUISS \u2018Guido Carli\u2019 e l\u2019Associazione Sportiva LUISS fanno il pi\u00f9 caloroso degli \u2018in bocca al lupo\u2019 a Coach Briscese, augurandogli un buon lavoro con la speranza di poter ottenere insieme tanti successi.<\/p>\n<p><strong>Danila Di Biase<\/strong><\/p>\n<p><em>(fonte foto: <\/em><a href=\"https:\/\/www.eurobasketroma.it\"><em>www.eurobasketroma.it<\/em><\/a><em>)<\/em><\/p>\n","protected":false},"excerpt":{"rendered":"<p>L\u2019A.S. LUISS \u00e8 lieta di comunicare che le redini della squadra di pallacanestro militante nel campionato di serie C dilettanti sono state affidate a Massimiliano Briscese. Il nuovo allenatore bianco-blu [&hellip;]<\/p>\n","protected":false},"author":441,"featured_media":2594,"comment_status":"closed","ping_status":"closed","sticky":false,"template":"","format":"standard","meta":{"_monsterinsights_skip_tracking":false,"_monsterinsights_sitenote_active":false,"_monsterinsights_sitenote_note":"","_monsterinsights_sitenote_category":0,"footnotes":""},"categories":[114],"tags":[],"class_list":["post-10694","post","type-post","status-publish","format-standard","has-post-thumbnail","hentry","category-news-basket-c"],"yoast_head":"<!-- This site is optimized with the Yoast SEO plugin v26.5 - https:\/\/yoast.com\/wordpress\/plugins\/seo\/ -->\n<title>Massimiliano Briscese \u00e8 il nuovo allenatore della LUISS - Luiss Sport - Luiss Guido Carli<\/title>\n<meta name=\"robots\" content=\"index, follow, max-snippet:-1, max-image-preview:large, max-video-preview:-1\" \/>\n<link rel=\"canonical\" href=\"https:\/\/sport.luiss.it\/2011\/07\/05\/massimiliano-briscese-e-il-nuovo-allenatore-della-luiss\/\" \/>\n<meta property=\"og:locale\" content=\"en_US\" \/>\n<meta property=\"og:type\" content=\"article\" \/>\n<meta property=\"og:title\" content=\"Massimiliano Briscese \u00e8 il nuovo allenatore della LUISS - Luiss Sport - Luiss Guido Carli\" \/>\n<meta property=\"og:description\" content=\"L\u2019A.S. LUISS \u00e8 lieta di comunicare che le redini della squadra di pallacanestro militante nel campionato di serie C dilettanti sono state affidate a Massimiliano Briscese. Il nuovo allenatore bianco-blu [&hellip;]\" \/>\n<meta property=\"og:url\" content=\"https:\/\/sport.luiss.it\/2011\/07\/05\/massimiliano-briscese-e-il-nuovo-allenatore-della-luiss\/\" \/>\n<meta property=\"og:site_name\" content=\"Luiss Sport - Luiss Guido Carli\" \/>\n<meta property=\"article:publisher\" content=\"https:\/\/www.facebook.com\/sportluiss\/\" \/>\n<meta property=\"article:published_time\" content=\"2011-07-05T12:46:32+00:00\" \/>\n<meta name=\"twitter:card\" content=\"summary_large_image\" \/>\n<meta name=\"twitter:label1\" content=\"Written by\" \/>\n\t<meta name=\"twitter:data1\" content=\"\" \/>\n\t<meta name=\"twitter:label2\" content=\"Est. reading time\" \/>\n\t<meta name=\"twitter:data2\" content=\"2 minutes\" \/>\n<script type=\"application\/ld+json\" class=\"yoast-schema-graph\">{\"@context\":\"https:\/\/schema.org\",\"@graph\":[{\"@type\":\"WebPage\",\"@id\":\"https:\/\/sport.luiss.it\/2011\/07\/05\/massimiliano-briscese-e-il-nuovo-allenatore-della-luiss\/\",\"url\":\"https:\/\/sport.luiss.it\/2011\/07\/05\/massimiliano-briscese-e-il-nuovo-allenatore-della-luiss\/\",\"name\":\"Massimiliano Briscese \u00e8 il nuovo allenatore della LUISS - Luiss Sport - Luiss Guido Carli\",\"isPartOf\":{\"@id\":\"https:\/\/sport.luiss.it\/#website\"},\"primaryImageOfPage\":{\"@id\":\"https:\/\/sport.luiss.it\/2011\/07\/05\/massimiliano-briscese-e-il-nuovo-allenatore-della-luiss\/#primaryimage\"},\"image\":{\"@id\":\"https:\/\/sport.luiss.it\/2011\/07\/05\/massimiliano-briscese-e-il-nuovo-allenatore-della-luiss\/#primaryimage\"},\"thumbnailUrl\":\"\",\"datePublished\":\"2011-07-05T12:46:32+00:00\",\"author\":{\"@id\":\"\"},\"breadcrumb\":{\"@id\":\"https:\/\/sport.luiss.it\/2011\/07\/05\/massimiliano-briscese-e-il-nuovo-allenatore-della-luiss\/#breadcrumb\"},\"inLanguage\":\"en-US\",\"potentialAction\":[{\"@type\":\"ReadAction\",\"target\":[\"https:\/\/sport.luiss.it\/2011\/07\/05\/massimiliano-briscese-e-il-nuovo-allenatore-della-luiss\/\"]}]},{\"@type\":\"ImageObject\",\"inLanguage\":\"en-US\",\"@id\":\"https:\/\/sport.luiss.it\/2011\/07\/05\/massimiliano-briscese-e-il-nuovo-allenatore-della-luiss\/#primaryimage\",\"url\":\"\",\"contentUrl\":\"\"},{\"@type\":\"BreadcrumbList\",\"@id\":\"https:\/\/sport.luiss.it\/2011\/07\/05\/massimiliano-briscese-e-il-nuovo-allenatore-della-luiss\/#breadcrumb\",\"itemListElement\":[{\"@type\":\"ListItem\",\"position\":1,\"name\":\"Home\",\"item\":\"https:\/\/sport.luiss.it\/en\/\"},{\"@type\":\"ListItem\",\"position\":2,\"name\":\"Massimiliano Briscese \u00e8 il nuovo allenatore della LUISS\"}]},{\"@type\":\"WebSite\",\"@id\":\"https:\/\/sport.luiss.it\/#website\",\"url\":\"https:\/\/sport.luiss.it\/\",\"name\":\"Luiss Sport - Luiss Guido Carli\",\"description\":\"Luiss Sport\",\"potentialAction\":[{\"@type\":\"SearchAction\",\"target\":{\"@type\":\"EntryPoint\",\"urlTemplate\":\"https:\/\/sport.luiss.it\/?s={search_term_string}\"},\"query-input\":{\"@type\":\"PropertyValueSpecification\",\"valueRequired\":true,\"valueName\":\"search_term_string\"}}],\"inLanguage\":\"en-US\"},{\"@type\":\"Person\",\"@id\":\"\"}]}<\/script>\n<!-- \/ Yoast SEO plugin. -->","yoast_head_json":{"title":"Massimiliano Briscese \u00e8 il nuovo allenatore della LUISS - Luiss Sport - Luiss Guido Carli","robots":{"index":"index","follow":"follow","max-snippet":"max-snippet:-1","max-image-preview":"max-image-preview:large","max-video-preview":"max-video-preview:-1"},"canonical":"https:\/\/sport.luiss.it\/2011\/07\/05\/massimiliano-briscese-e-il-nuovo-allenatore-della-luiss\/","og_locale":"en_US","og_type":"article","og_title":"Massimiliano Briscese \u00e8 il nuovo allenatore della LUISS - Luiss Sport - Luiss Guido Carli","og_description":"L\u2019A.S. LUISS \u00e8 lieta di comunicare che le redini della squadra di pallacanestro militante nel campionato di serie C dilettanti sono state affidate a Massimiliano Briscese. Il nuovo allenatore bianco-blu [&hellip;]","og_url":"https:\/\/sport.luiss.it\/2011\/07\/05\/massimiliano-briscese-e-il-nuovo-allenatore-della-luiss\/","og_site_name":"Luiss Sport - Luiss Guido Carli","article_publisher":"https:\/\/www.facebook.com\/sportluiss\/","article_published_time":"2011-07-05T12:46:32+00:00","twitter_card":"summary_large_image","twitter_misc":{"Written by":"","Est. reading time":"2 minutes"},"schema":{"@context":"https:\/\/schema.org","@graph":[{"@type":"WebPage","@id":"https:\/\/sport.luiss.it\/2011\/07\/05\/massimiliano-briscese-e-il-nuovo-allenatore-della-luiss\/","url":"https:\/\/sport.luiss.it\/2011\/07\/05\/massimiliano-briscese-e-il-nuovo-allenatore-della-luiss\/","name":"Massimiliano Briscese \u00e8 il nuovo allenatore della LUISS - Luiss Sport - Luiss Guido Carli","isPartOf":{"@id":"https:\/\/sport.luiss.it\/#website"},"primaryImageOfPage":{"@id":"https:\/\/sport.luiss.it\/2011\/07\/05\/massimiliano-briscese-e-il-nuovo-allenatore-della-luiss\/#primaryimage"},"image":{"@id":"https:\/\/sport.luiss.it\/2011\/07\/05\/massimiliano-briscese-e-il-nuovo-allenatore-della-luiss\/#primaryimage"},"thumbnailUrl":"","datePublished":"2011-07-05T12:46:32+00:00","author":{"@id":""},"breadcrumb":{"@id":"https:\/\/sport.luiss.it\/2011\/07\/05\/massimiliano-briscese-e-il-nuovo-allenatore-della-luiss\/#breadcrumb"},"inLanguage":"en-US","potentialAction":[{"@type":"ReadAction","target":["https:\/\/sport.luiss.it\/2011\/07\/05\/massimiliano-briscese-e-il-nuovo-allenatore-della-luiss\/"]}]},{"@type":"ImageObject","inLanguage":"en-US","@id":"https:\/\/sport.luiss.it\/2011\/07\/05\/massimiliano-briscese-e-il-nuovo-allenatore-della-luiss\/#primaryimage","url":"","contentUrl":""},{"@type":"BreadcrumbList","@id":"https:\/\/sport.luiss.it\/2011\/07\/05\/massimiliano-briscese-e-il-nuovo-allenatore-della-luiss\/#breadcrumb","itemListElement":[{"@type":"ListItem","position":1,"name":"Home","item":"https:\/\/sport.luiss.it\/en\/"},{"@type":"ListItem","position":2,"name":"Massimiliano Briscese \u00e8 il nuovo allenatore della LUISS"}]},{"@type":"WebSite","@id":"https:\/\/sport.luiss.it\/#website","url":"https:\/\/sport.luiss.it\/","name":"Luiss Sport - Luiss Guido Carli","description":"Luiss Sport","potentialAction":[{"@type":"SearchAction","target":{"@type":"EntryPoint","urlTemplate":"https:\/\/sport.luiss.it\/?s={search_term_string}"},"query-input":{"@type":"PropertyValueSpecification","valueRequired":true,"valueName":"search_term_string"}}],"inLanguage":"en-US"},{"@type":"Person","@id":""}]}},"_links":{"self":[{"href":"https:\/\/sport.luiss.it\/en\/wp-json\/wp\/v2\/posts\/10694","targetHints":{"allow":["GET"]}}],"collection":[{"href":"https:\/\/sport.luiss.it\/en\/wp-json\/wp\/v2\/posts"}],"about":[{"href":"https:\/\/sport.luiss.it\/en\/wp-json\/wp\/v2\/types\/post"}],"author":[{"embeddable":true,"href":"https:\/\/sport.luiss.it\/en\/wp-json\/wp\/v2\/users\/441"}],"replies":[{"embeddable":true,"href":"https:\/\/sport.luiss.it\/en\/wp-json\/wp\/v2\/comments?post=10694"}],"version-history":[{"count":0,"href":"https:\/\/sport.luiss.it\/en\/wp-json\/wp\/v2\/posts\/10694\/revisions"}],"wp:featuredmedia":[{"embeddable":true,"href":"https:\/\/sport.luiss.it\/en\/wp-json\/"}],"wp:attachment":[{"href":"https:\/\/sport.luiss.it\/en\/wp-json\/wp\/v2\/media?parent=10694"}],"wp:term":[{"taxonomy":"category","embeddable":true,"href":"https:\/\/sport.luiss.it\/en\/wp-json\/wp\/v2\/categories?post=10694"},{"taxonomy":"post_tag","embeddable":true,"href":"https:\/\/sport.luiss.it\/en\/wp-json\/wp\/v2\/tags?post=10694"}],"curies":[{"name":"wp","href":"https:\/\/api.w.org\/{rel}","templated":true}]}}