
{"id":1301,"date":"2010-09-24T15:57:29","date_gmt":"2010-09-24T13:57:29","guid":{"rendered":"https:\/\/www.luiss.it\/sport\/?p=1301"},"modified":"2010-09-24T15:57:29","modified_gmt":"2010-09-24T13:57:29","slug":"polesello-guarda-avanti","status":"publish","type":"post","link":"https:\/\/sport.luiss.it\/en\/2010\/09\/24\/polesello-guarda-avanti\/","title":{"rendered":"Polesello lancia la sfida"},"content":{"rendered":"<p><a href=\"https:\/\/wordpress.luiss.it\/sport\/wp-content\/uploads\/2010\/09\/131.jpg\"><img loading=\"lazy\" decoding=\"async\" class=\"alignleft size-medium wp-image-1304\" src=\"https:\/\/www.luiss.it\/sport\/wp-content\/uploads\/sport\/2010\/09\/131-200x300.jpg\" alt=\"\" width=\"200\" height=\"300\" \/><\/a>\u00c8 tempo di campionato in casa della <strong>Luiss Roma<\/strong> che, domenica 26 settembre, esordir\u00e0 contro la <strong>Telematica Orvieto<\/strong> che quest\u2019anno far\u00e0 parte del Girone F della Serie C dilettanti.<\/p>\n<p>Subito un impegno importante, quindi, per la compagine romana come dichiara Coach <strong>Fulvio Polesello<\/strong>: <em>\u201cSar\u00e0 una partita molto difficile perch\u00e9 non conosciamo i nostri avversari, anche se sappiamo bene che si sono rinforzati con la sessione di mercato estiva, e quindi siamo consapevoli che avremo di fronte un organico molto competitivo. Se devo fare un nome su tutti<\/em> \u2013 continua l\u2019allenatore bianco blu &#8211; d<em>ico che Davide Brighina \u00e8 sicuramente un giocatore importante, un ottimo play-maker dotato di buon tiro, di buona visibilit\u00e0 di gioco e quindi \u00e8 sicuramente un acquisto di valore per la Telematica, da temere particolarmente.<\/em>\u201d<\/p>\n<p>La Luiss, dal canto suo, ha perso rispetto alla scorsa stagione due elementi importanti come <strong>Spizzichini e Lucci<\/strong>, ma sono arrivati giocatori altrettanto forti e competitivi che fanno dormire sonni tranquilli all\u2019allenatore romano: \u201c<em>Sicuramente Spizzichini e Lucci sono due assenze importanti, anche perch\u00e9 sono stati dei giocatori \u2018storici\u2019 per noi e quindi ripartire senza di loro non \u00e8 stato facile, ma posso dire che con i nuovi arrivi abbiamo guadagnato peso ed esperienza sotto canestro con <strong>Ruben Polselli<\/strong>, un giocatore che ha un grandissimo passato e che seppur non giovanissimo sta ancora molto bene fisicamente ed ha una gran voglia di fare un ottimo campionato, e <strong>Luca Raffaele<\/strong>, classe \u201988, che nonostante la giovane et\u00e0 vanta esperienze importanti anche in categorie superiori e proviene dal settore giovanile della Virtus Roma, quindi non \u00e8 una scommessa ma una certezza. Mentre \u2013 <\/em>prosegue Polesello <em>\u2013 al nostro gi\u00e0 competitivo reparto esterni si \u00e8 aggiunto <strong>Luca Chiarucc<\/strong>i, anch\u2019egli molto giovane, che proviene da Fabriano con cui ha giocato anche in Legadue, quindi direi che sono molto tranquillo perch\u00e9 la base della squadra \u00e8 confermata e poi si sono aggiunti ragazzi di assoluto livello e sono convinto che possiamo fare bene anche quest\u2019anno<\/em>.\u201d<\/p>\n<p>La scorsa stagione si \u00e8 chiusa con l\u2019amarezza della sconfitta in gara-3 di finale promozione contro la <strong>Coim Benevento<\/strong>, ed \u00e8 proprio da quella gara che bisogna ripartire: \u201c<em>Sicuramente abbiamo intenzione di riscattare quella finale persa, ma dobbiamo lavorare con calma e pazienza. Pensavamo \u2013 <\/em>aggiunge il coach della Luiss<em> \u2013 che quest\u2019anno avremmo dovuto affrontare un campionato pi\u00f9 facile rispetto all\u2019ultimo, ma invece molto squadre si sono rinforzate e non sar\u00e0 una stagione troppo tranquilla. Ovviamente, per ottenere ottimi risultati, credo che dovremo vincere spesso in trasferta, dove si nascondono sempre le insidie maggiori, a cominciare da domenica in casa della Telematica Orvieto.\u201d<br \/>\n<\/em>Proprio per la trasferta in terra umbra probabilmente non partir\u00e0 <strong>Luca Adinolfi<\/strong> alle prese con un infortunio al tendine d\u2019achille, tenuto quindi sotto osservazione da parte dello staff medico luissino, e sono incerte le condizioni del giovane <strong>Teofili <\/strong>che ha qualche problema all\u2019adduttore destro. La gara di domenica arriva dopo l\u2019ultima amichevole giocata mercoled\u00ec contro la Sam Roma che ha lasciato buone indicazioni a Polesello che quindi parte con la certezza di poter far molto bene sin dalla prima partita della stagione 2010\/11<em>: \u201cAndiamo l\u00ec con la convinzione di poter vincere anche se ovviamente nutriamo profondo rispetto per i nostri avversari e non possiamo sottovalutare il loro valore, \u2013 <\/em>conclude Polesello<em> &#8211; ma abbiamo voglia di mettere in cascina i primi 2 punti della stagione che sarebbero importanti anche per il morale.<\/em>\u201d<\/p>\n<p><a href=\"https:\/\/wordpress.luiss.it\/sport\/wp-content\/uploads\/2010\/09\/gianni1.jpg\"><img loading=\"lazy\" decoding=\"async\" class=\"alignleft size-thumbnail wp-image-1307\" src=\"https:\/\/www.luiss.it\/sport\/wp-content\/uploads\/sport\/2010\/09\/gianni1-150x150.jpg\" alt=\"\" width=\"150\" height=\"150\" \/><\/a>Anche <strong>Gianni Delfin<\/strong>i, dirigente della Luiss, \u00e8 raggiante per l\u2019inizio di questa nuova stagione: \u201c<em>Abbiamo un ottimo organico a disposizione che ci permette di pensare che sar\u00e0 un\u2019altra grandissima annata dopo quella dello scorso anno. Sono andati via elementi importanti, ma sappiamo che alcuni cambiamenti arrivano ogni estate perch\u00e9 i ragazzi si laureano e ovviamente vanno via per intraprendere nuove strade, per\u00f2 i giocatori che abbiamo aggiunto al gi\u00e0 competitivo roster sono molto bravi e quindi abbiamo tutte le carte in regola per riscattare quella finale allucinante persa a giugno con Benevento. L\u2019obiettivo \u00e8 di arrivare tra le prime 4 per poi giocarsela ai play-off e provare a raggiungere la B dilettanti che ci \u00e8 sfuggita. Sono molto ottimista \u2013 <\/em>conclude Delfini <em>\u2013 e spero che la squadra possa ottenere grandi risultati<\/em>.\u201d<\/p>\n<p>Telematica Orvieto \u2013 BNL Gruppo BNP Roma si giocher\u00e0 domenica 26 settembre alle ore 18 alla Palestra Comunale di Porano (TR), e ad arbitrare l\u2019incontro sono chiamati i Signori Andrea Bettarini di Castelfiorentino (FI) e Claudio Boni di Pelago (FI).<\/p>\n<p><strong>Danila Di Biase<\/strong><\/p>\n","protected":false},"excerpt":{"rendered":"<p>\u00c8 tempo di campionato in casa della Luiss Roma che, domenica 26 settembre, esordir\u00e0 contro la Telematica Orvieto che quest\u2019anno far\u00e0 parte del Girone F della Serie C dilettanti. Subito [&hellip;]<\/p>\n","protected":false},"author":441,"featured_media":0,"comment_status":"closed","ping_status":"closed","sticky":false,"template":"","format":"standard","meta":{"_monsterinsights_skip_tracking":false,"_monsterinsights_sitenote_active":false,"_monsterinsights_sitenote_note":"","_monsterinsights_sitenote_category":0,"footnotes":""},"categories":[114],"tags":[],"class_list":["post-1301","post","type-post","status-publish","format-standard","hentry","category-news-basket-c"],"yoast_head":"<!-- This site is optimized with the Yoast SEO plugin v26.5 - https:\/\/yoast.com\/wordpress\/plugins\/seo\/ -->\n<title>Polesello lancia la sfida - Luiss Sport - Luiss Guido Carli<\/title>\n<meta name=\"robots\" content=\"index, follow, max-snippet:-1, max-image-preview:large, max-video-preview:-1\" \/>\n<link rel=\"canonical\" href=\"https:\/\/sport.luiss.it\/2010\/09\/24\/polesello-guarda-avanti\/\" \/>\n<meta property=\"og:locale\" content=\"en_US\" \/>\n<meta property=\"og:type\" content=\"article\" \/>\n<meta property=\"og:title\" content=\"Polesello lancia la sfida - Luiss Sport - Luiss Guido Carli\" \/>\n<meta property=\"og:description\" content=\"\u00c8 tempo di campionato in casa della Luiss Roma che, domenica 26 settembre, esordir\u00e0 contro la Telematica Orvieto che quest\u2019anno far\u00e0 parte del Girone F della Serie C dilettanti. Subito [&hellip;]\" \/>\n<meta property=\"og:url\" content=\"https:\/\/sport.luiss.it\/2010\/09\/24\/polesello-guarda-avanti\/\" \/>\n<meta property=\"og:site_name\" content=\"Luiss Sport - Luiss Guido Carli\" \/>\n<meta property=\"article:publisher\" content=\"https:\/\/www.facebook.com\/sportluiss\/\" \/>\n<meta property=\"article:published_time\" content=\"2010-09-24T13:57:29+00:00\" \/>\n<meta name=\"twitter:card\" content=\"summary_large_image\" \/>\n<meta name=\"twitter:label1\" content=\"Written by\" \/>\n\t<meta name=\"twitter:data1\" content=\"\" \/>\n\t<meta name=\"twitter:label2\" content=\"Est. reading time\" \/>\n\t<meta name=\"twitter:data2\" content=\"4 minutes\" \/>\n<script type=\"application\/ld+json\" class=\"yoast-schema-graph\">{\"@context\":\"https:\/\/schema.org\",\"@graph\":[{\"@type\":\"WebPage\",\"@id\":\"https:\/\/sport.luiss.it\/2010\/09\/24\/polesello-guarda-avanti\/\",\"url\":\"https:\/\/sport.luiss.it\/2010\/09\/24\/polesello-guarda-avanti\/\",\"name\":\"Polesello lancia la sfida - Luiss Sport - Luiss Guido Carli\",\"isPartOf\":{\"@id\":\"https:\/\/sport.luiss.it\/#website\"},\"primaryImageOfPage\":{\"@id\":\"https:\/\/sport.luiss.it\/2010\/09\/24\/polesello-guarda-avanti\/#primaryimage\"},\"image\":{\"@id\":\"https:\/\/sport.luiss.it\/2010\/09\/24\/polesello-guarda-avanti\/#primaryimage\"},\"thumbnailUrl\":\"https:\/\/www.luiss.it\/sport\/wp-content\/uploads\/sport\/2010\/09\/131-200x300.jpg\",\"datePublished\":\"2010-09-24T13:57:29+00:00\",\"author\":{\"@id\":\"\"},\"breadcrumb\":{\"@id\":\"https:\/\/sport.luiss.it\/2010\/09\/24\/polesello-guarda-avanti\/#breadcrumb\"},\"inLanguage\":\"en-US\",\"potentialAction\":[{\"@type\":\"ReadAction\",\"target\":[\"https:\/\/sport.luiss.it\/2010\/09\/24\/polesello-guarda-avanti\/\"]}]},{\"@type\":\"ImageObject\",\"inLanguage\":\"en-US\",\"@id\":\"https:\/\/sport.luiss.it\/2010\/09\/24\/polesello-guarda-avanti\/#primaryimage\",\"url\":\"https:\/\/www.luiss.it\/sport\/wp-content\/uploads\/sport\/2010\/09\/131-200x300.jpg\",\"contentUrl\":\"https:\/\/www.luiss.it\/sport\/wp-content\/uploads\/sport\/2010\/09\/131-200x300.jpg\"},{\"@type\":\"BreadcrumbList\",\"@id\":\"https:\/\/sport.luiss.it\/2010\/09\/24\/polesello-guarda-avanti\/#breadcrumb\",\"itemListElement\":[{\"@type\":\"ListItem\",\"position\":1,\"name\":\"Home\",\"item\":\"https:\/\/sport.luiss.it\/en\/\"},{\"@type\":\"ListItem\",\"position\":2,\"name\":\"Polesello lancia la sfida\"}]},{\"@type\":\"WebSite\",\"@id\":\"https:\/\/sport.luiss.it\/#website\",\"url\":\"https:\/\/sport.luiss.it\/\",\"name\":\"Luiss Sport - Luiss Guido Carli\",\"description\":\"Luiss Sport\",\"potentialAction\":[{\"@type\":\"SearchAction\",\"target\":{\"@type\":\"EntryPoint\",\"urlTemplate\":\"https:\/\/sport.luiss.it\/?s={search_term_string}\"},\"query-input\":{\"@type\":\"PropertyValueSpecification\",\"valueRequired\":true,\"valueName\":\"search_term_string\"}}],\"inLanguage\":\"en-US\"},{\"@type\":\"Person\",\"@id\":\"\"}]}<\/script>\n<!-- \/ Yoast SEO plugin. -->","yoast_head_json":{"title":"Polesello lancia la sfida - Luiss Sport - Luiss Guido Carli","robots":{"index":"index","follow":"follow","max-snippet":"max-snippet:-1","max-image-preview":"max-image-preview:large","max-video-preview":"max-video-preview:-1"},"canonical":"https:\/\/sport.luiss.it\/2010\/09\/24\/polesello-guarda-avanti\/","og_locale":"en_US","og_type":"article","og_title":"Polesello lancia la sfida - Luiss Sport - Luiss Guido Carli","og_description":"\u00c8 tempo di campionato in casa della Luiss Roma che, domenica 26 settembre, esordir\u00e0 contro la Telematica Orvieto che quest\u2019anno far\u00e0 parte del Girone F della Serie C dilettanti. Subito [&hellip;]","og_url":"https:\/\/sport.luiss.it\/2010\/09\/24\/polesello-guarda-avanti\/","og_site_name":"Luiss Sport - Luiss Guido Carli","article_publisher":"https:\/\/www.facebook.com\/sportluiss\/","article_published_time":"2010-09-24T13:57:29+00:00","twitter_card":"summary_large_image","twitter_misc":{"Written by":"","Est. reading time":"4 minutes"},"schema":{"@context":"https:\/\/schema.org","@graph":[{"@type":"WebPage","@id":"https:\/\/sport.luiss.it\/2010\/09\/24\/polesello-guarda-avanti\/","url":"https:\/\/sport.luiss.it\/2010\/09\/24\/polesello-guarda-avanti\/","name":"Polesello lancia la sfida - Luiss Sport - Luiss Guido Carli","isPartOf":{"@id":"https:\/\/sport.luiss.it\/#website"},"primaryImageOfPage":{"@id":"https:\/\/sport.luiss.it\/2010\/09\/24\/polesello-guarda-avanti\/#primaryimage"},"image":{"@id":"https:\/\/sport.luiss.it\/2010\/09\/24\/polesello-guarda-avanti\/#primaryimage"},"thumbnailUrl":"https:\/\/www.luiss.it\/sport\/wp-content\/uploads\/sport\/2010\/09\/131-200x300.jpg","datePublished":"2010-09-24T13:57:29+00:00","author":{"@id":""},"breadcrumb":{"@id":"https:\/\/sport.luiss.it\/2010\/09\/24\/polesello-guarda-avanti\/#breadcrumb"},"inLanguage":"en-US","potentialAction":[{"@type":"ReadAction","target":["https:\/\/sport.luiss.it\/2010\/09\/24\/polesello-guarda-avanti\/"]}]},{"@type":"ImageObject","inLanguage":"en-US","@id":"https:\/\/sport.luiss.it\/2010\/09\/24\/polesello-guarda-avanti\/#primaryimage","url":"https:\/\/www.luiss.it\/sport\/wp-content\/uploads\/sport\/2010\/09\/131-200x300.jpg","contentUrl":"https:\/\/www.luiss.it\/sport\/wp-content\/uploads\/sport\/2010\/09\/131-200x300.jpg"},{"@type":"BreadcrumbList","@id":"https:\/\/sport.luiss.it\/2010\/09\/24\/polesello-guarda-avanti\/#breadcrumb","itemListElement":[{"@type":"ListItem","position":1,"name":"Home","item":"https:\/\/sport.luiss.it\/en\/"},{"@type":"ListItem","position":2,"name":"Polesello lancia la sfida"}]},{"@type":"WebSite","@id":"https:\/\/sport.luiss.it\/#website","url":"https:\/\/sport.luiss.it\/","name":"Luiss Sport - Luiss Guido Carli","description":"Luiss Sport","potentialAction":[{"@type":"SearchAction","target":{"@type":"EntryPoint","urlTemplate":"https:\/\/sport.luiss.it\/?s={search_term_string}"},"query-input":{"@type":"PropertyValueSpecification","valueRequired":true,"valueName":"search_term_string"}}],"inLanguage":"en-US"},{"@type":"Person","@id":""}]}},"_links":{"self":[{"href":"https:\/\/sport.luiss.it\/en\/wp-json\/wp\/v2\/posts\/1301","targetHints":{"allow":["GET"]}}],"collection":[{"href":"https:\/\/sport.luiss.it\/en\/wp-json\/wp\/v2\/posts"}],"about":[{"href":"https:\/\/sport.luiss.it\/en\/wp-json\/wp\/v2\/types\/post"}],"author":[{"embeddable":true,"href":"https:\/\/sport.luiss.it\/en\/wp-json\/wp\/v2\/users\/441"}],"replies":[{"embeddable":true,"href":"https:\/\/sport.luiss.it\/en\/wp-json\/wp\/v2\/comments?post=1301"}],"version-history":[{"count":0,"href":"https:\/\/sport.luiss.it\/en\/wp-json\/wp\/v2\/posts\/1301\/revisions"}],"wp:attachment":[{"href":"https:\/\/sport.luiss.it\/en\/wp-json\/wp\/v2\/media?parent=1301"}],"wp:term":[{"taxonomy":"category","embeddable":true,"href":"https:\/\/sport.luiss.it\/en\/wp-json\/wp\/v2\/categories?post=1301"},{"taxonomy":"post_tag","embeddable":true,"href":"https:\/\/sport.luiss.it\/en\/wp-json\/wp\/v2\/tags?post=1301"}],"curies":[{"name":"wp","href":"https:\/\/api.w.org\/{rel}","templated":true}]}}