
{"id":1419,"date":"2010-10-24T00:17:09","date_gmt":"2010-10-23T22:17:09","guid":{"rendered":"https:\/\/www.luiss.it\/sport\/?p=1419"},"modified":"2010-10-24T00:17:09","modified_gmt":"2010-10-23T22:17:09","slug":"trasferta-insidiosa-per-la-luiss-basket","status":"publish","type":"post","link":"https:\/\/sport.luiss.it\/en\/2010\/10\/24\/trasferta-insidiosa-per-la-luiss-basket\/","title":{"rendered":"Trasferta insidiosa per la Luiss Basket"},"content":{"rendered":"<p><a href=\"https:\/\/wordpress.luiss.it\/sport\/wp-content\/uploads\/2010\/10\/basket3.jpg\"><img loading=\"lazy\" decoding=\"async\" class=\"alignleft size-full wp-image-1421\" src=\"https:\/\/wordpress.luiss.it\/sport\/wp-content\/uploads\/2010\/10\/basket3.jpg\" alt=\"\" width=\"222\" height=\"167\" \/><\/a>Trasferta impegnativa quella che attende la <strong>Luiss Roma<\/strong> per la quinta giornata di campionato in cui affronter\u00e0 la<strong> Lazio Riano<\/strong>, seconda in classifica nel girone F a quota 6 punti. Una partita non facile, quindi, per la truppa di Coach Polesello, reduce dalla convincente vittoria ai danni dell\u2019Oasi di Kufra Fondi con il punteggio di 83-61.<\/p>\n<p><strong>Federico Selle<\/strong>, autore di un\u2019ottima gara contro i pontini in cui ha messo a referto 21 punti in 26 minuti d\u2019impiego, commenta cos\u00ec il momento della squadra bianco blu: \u201c<em>Siamo pi\u00f9 felici dopo la vittoria con Fondi, in settimana il clima \u00e8 stato sicuramente migliore perch\u00e9 quando si vince \u00e8 sempre pi\u00f9 facile affrontare la successiva settimana di lavoro, ma siamo anche altrettanto determinati a vincere sabato con la Lazio. Non sar\u00e0 una partita facile, ma dobbiamo riuscire a sbloccarci in trasferta e speriamo di poterlo fare gi\u00e0 da questo match impegnativo, d\u2019altronde la Lazio ha ottimi giocatori e li affrontiamo in un momento per loro molto positivo, quindi sicuramente non \u00e8 un impegno da prendere sottogamba<\/em>.\u201d<br \/>\nLa squadra dell\u2019Universit\u00e0 romana, proprio come detto dal giocatore vicentino, \u00e8 ancora a quota zero punti nelle trasferte sinora affrontate, e questo non pu\u00f2 fare sicuramente piacere a nessuno: \u201c<em>In casa siamo un\u2019altra squadra che difende, come per\u00f2 facciamo sempre, ma in compenso riusciamo anche a concretizzare di pi\u00f9 e questo \u00e8 un aspetto che lontano dal Pala Luiss dobbiamo migliorare perch\u00e9 se ambiamo a certi traguardi vincere fuori casa \u00e8 fondamentale<\/em>.\u201d<br \/>\nDopo la partita contro la Lazio Riano, per i luissini ci sar\u00e0 un trittico di partite casalinghe, intervallate dal turno di stop per presenza di numero dispari (15) di squadre nel girone F: \u201c<em>Ovviamente noi siamo solo proiettati alla partita contro la Lazio, sappiamo che poi affronteremo tre gare in casa che per\u00f2 nascondono numerose insidie, considerato che affronteremo Contigliano e Cagliari che sono due signore squadre e poi Frascati che, anche se adesso non ha ancora vinto una gara, ci dar\u00e0 sicuramente filo da torcere. Ad ogni modo \u2013 conclude Selle \u2013 adesso pensiamo solo a questa trasferta, poi inizieremo a concentrarci sulle prossime partite.<\/em>\u201d<\/p>\n<p>La Lazio Riano guidata da Giampaolo Bocci \u00e8 una squadra in parte rinnovata rispetto alla scorsa stagione, con tanti giovanissimi inseriti nel roster che, per adesso, non sembrano far rimpiangere troppo i vari Di Viesto, Spizzichini e Benini. La squadra laziale arriva a quest\u2019incontro dopo la vittoria fin troppo sofferta in casa della Sam Roma, espugnata solo nel finale con il punteggio di 87-84 grazie ad un super D\u2019Alessio autore di 29 punti.<br \/>\n<span style=\"text-decoration: underline\">Lazio Riano \u2013 Luiss Roma avr\u00e0 inizio alle ore 18 del 23 ottobre presso il Palazzetto dello Sport di Via XXV Aprile di Riano (RM)<\/span>, e a dirigere l\u2019incontro sono chiamati i Signori Matteo Bani di Cascina (PI) e Stefano Simula di Pisa.<br \/>\n<strong><br \/>\nDanila Di Biase<\/strong><\/p>\n","protected":false},"excerpt":{"rendered":"<p>Trasferta impegnativa quella che attende la Luiss Roma per la quinta giornata di campionato in cui affronter\u00e0 la Lazio Riano, seconda in classifica nel girone F a quota 6 punti. [&hellip;]<\/p>\n","protected":false},"author":441,"featured_media":0,"comment_status":"closed","ping_status":"closed","sticky":false,"template":"","format":"standard","meta":{"_monsterinsights_skip_tracking":false,"_monsterinsights_sitenote_active":false,"_monsterinsights_sitenote_note":"","_monsterinsights_sitenote_category":0,"footnotes":""},"categories":[114],"tags":[],"class_list":["post-1419","post","type-post","status-publish","format-standard","hentry","category-news-basket-c"],"yoast_head":"<!-- This site is optimized with the Yoast SEO plugin v26.5 - https:\/\/yoast.com\/wordpress\/plugins\/seo\/ -->\n<title>Trasferta insidiosa per la Luiss Basket - Luiss Sport - Luiss Guido Carli<\/title>\n<meta name=\"robots\" content=\"index, follow, max-snippet:-1, max-image-preview:large, max-video-preview:-1\" \/>\n<link rel=\"canonical\" href=\"https:\/\/sport.luiss.it\/2010\/10\/24\/trasferta-insidiosa-per-la-luiss-basket\/\" \/>\n<meta property=\"og:locale\" content=\"en_US\" \/>\n<meta property=\"og:type\" content=\"article\" \/>\n<meta property=\"og:title\" content=\"Trasferta insidiosa per la Luiss Basket - Luiss Sport - Luiss Guido Carli\" \/>\n<meta property=\"og:description\" content=\"Trasferta impegnativa quella che attende la Luiss Roma per la quinta giornata di campionato in cui affronter\u00e0 la Lazio Riano, seconda in classifica nel girone F a quota 6 punti. [&hellip;]\" \/>\n<meta property=\"og:url\" content=\"https:\/\/sport.luiss.it\/2010\/10\/24\/trasferta-insidiosa-per-la-luiss-basket\/\" \/>\n<meta property=\"og:site_name\" content=\"Luiss Sport - Luiss Guido Carli\" \/>\n<meta property=\"article:publisher\" content=\"https:\/\/www.facebook.com\/sportluiss\/\" \/>\n<meta property=\"article:published_time\" content=\"2010-10-23T22:17:09+00:00\" \/>\n<meta name=\"twitter:card\" content=\"summary_large_image\" \/>\n<meta name=\"twitter:label1\" content=\"Written by\" \/>\n\t<meta name=\"twitter:data1\" content=\"\" \/>\n\t<meta name=\"twitter:label2\" content=\"Est. reading time\" \/>\n\t<meta name=\"twitter:data2\" content=\"2 minutes\" \/>\n<script type=\"application\/ld+json\" class=\"yoast-schema-graph\">{\"@context\":\"https:\/\/schema.org\",\"@graph\":[{\"@type\":\"WebPage\",\"@id\":\"https:\/\/sport.luiss.it\/2010\/10\/24\/trasferta-insidiosa-per-la-luiss-basket\/\",\"url\":\"https:\/\/sport.luiss.it\/2010\/10\/24\/trasferta-insidiosa-per-la-luiss-basket\/\",\"name\":\"Trasferta insidiosa per la Luiss Basket - Luiss Sport - Luiss Guido Carli\",\"isPartOf\":{\"@id\":\"https:\/\/sport.luiss.it\/#website\"},\"primaryImageOfPage\":{\"@id\":\"https:\/\/sport.luiss.it\/2010\/10\/24\/trasferta-insidiosa-per-la-luiss-basket\/#primaryimage\"},\"image\":{\"@id\":\"https:\/\/sport.luiss.it\/2010\/10\/24\/trasferta-insidiosa-per-la-luiss-basket\/#primaryimage\"},\"thumbnailUrl\":\"https:\/\/wordpress.luiss.it\/sport\/wp-content\/uploads\/2010\/10\/basket3.jpg\",\"datePublished\":\"2010-10-23T22:17:09+00:00\",\"author\":{\"@id\":\"\"},\"breadcrumb\":{\"@id\":\"https:\/\/sport.luiss.it\/2010\/10\/24\/trasferta-insidiosa-per-la-luiss-basket\/#breadcrumb\"},\"inLanguage\":\"en-US\",\"potentialAction\":[{\"@type\":\"ReadAction\",\"target\":[\"https:\/\/sport.luiss.it\/2010\/10\/24\/trasferta-insidiosa-per-la-luiss-basket\/\"]}]},{\"@type\":\"ImageObject\",\"inLanguage\":\"en-US\",\"@id\":\"https:\/\/sport.luiss.it\/2010\/10\/24\/trasferta-insidiosa-per-la-luiss-basket\/#primaryimage\",\"url\":\"https:\/\/wordpress.luiss.it\/sport\/wp-content\/uploads\/2010\/10\/basket3.jpg\",\"contentUrl\":\"https:\/\/wordpress.luiss.it\/sport\/wp-content\/uploads\/2010\/10\/basket3.jpg\"},{\"@type\":\"BreadcrumbList\",\"@id\":\"https:\/\/sport.luiss.it\/2010\/10\/24\/trasferta-insidiosa-per-la-luiss-basket\/#breadcrumb\",\"itemListElement\":[{\"@type\":\"ListItem\",\"position\":1,\"name\":\"Home\",\"item\":\"https:\/\/sport.luiss.it\/en\/\"},{\"@type\":\"ListItem\",\"position\":2,\"name\":\"Trasferta insidiosa per la Luiss Basket\"}]},{\"@type\":\"WebSite\",\"@id\":\"https:\/\/sport.luiss.it\/#website\",\"url\":\"https:\/\/sport.luiss.it\/\",\"name\":\"Luiss Sport - Luiss Guido Carli\",\"description\":\"Luiss Sport\",\"potentialAction\":[{\"@type\":\"SearchAction\",\"target\":{\"@type\":\"EntryPoint\",\"urlTemplate\":\"https:\/\/sport.luiss.it\/?s={search_term_string}\"},\"query-input\":{\"@type\":\"PropertyValueSpecification\",\"valueRequired\":true,\"valueName\":\"search_term_string\"}}],\"inLanguage\":\"en-US\"},{\"@type\":\"Person\",\"@id\":\"\"}]}<\/script>\n<!-- \/ Yoast SEO plugin. -->","yoast_head_json":{"title":"Trasferta insidiosa per la Luiss Basket - Luiss Sport - Luiss Guido Carli","robots":{"index":"index","follow":"follow","max-snippet":"max-snippet:-1","max-image-preview":"max-image-preview:large","max-video-preview":"max-video-preview:-1"},"canonical":"https:\/\/sport.luiss.it\/2010\/10\/24\/trasferta-insidiosa-per-la-luiss-basket\/","og_locale":"en_US","og_type":"article","og_title":"Trasferta insidiosa per la Luiss Basket - Luiss Sport - Luiss Guido Carli","og_description":"Trasferta impegnativa quella che attende la Luiss Roma per la quinta giornata di campionato in cui affronter\u00e0 la Lazio Riano, seconda in classifica nel girone F a quota 6 punti. [&hellip;]","og_url":"https:\/\/sport.luiss.it\/2010\/10\/24\/trasferta-insidiosa-per-la-luiss-basket\/","og_site_name":"Luiss Sport - Luiss Guido Carli","article_publisher":"https:\/\/www.facebook.com\/sportluiss\/","article_published_time":"2010-10-23T22:17:09+00:00","twitter_card":"summary_large_image","twitter_misc":{"Written by":"","Est. reading time":"2 minutes"},"schema":{"@context":"https:\/\/schema.org","@graph":[{"@type":"WebPage","@id":"https:\/\/sport.luiss.it\/2010\/10\/24\/trasferta-insidiosa-per-la-luiss-basket\/","url":"https:\/\/sport.luiss.it\/2010\/10\/24\/trasferta-insidiosa-per-la-luiss-basket\/","name":"Trasferta insidiosa per la Luiss Basket - Luiss Sport - Luiss Guido Carli","isPartOf":{"@id":"https:\/\/sport.luiss.it\/#website"},"primaryImageOfPage":{"@id":"https:\/\/sport.luiss.it\/2010\/10\/24\/trasferta-insidiosa-per-la-luiss-basket\/#primaryimage"},"image":{"@id":"https:\/\/sport.luiss.it\/2010\/10\/24\/trasferta-insidiosa-per-la-luiss-basket\/#primaryimage"},"thumbnailUrl":"https:\/\/wordpress.luiss.it\/sport\/wp-content\/uploads\/2010\/10\/basket3.jpg","datePublished":"2010-10-23T22:17:09+00:00","author":{"@id":""},"breadcrumb":{"@id":"https:\/\/sport.luiss.it\/2010\/10\/24\/trasferta-insidiosa-per-la-luiss-basket\/#breadcrumb"},"inLanguage":"en-US","potentialAction":[{"@type":"ReadAction","target":["https:\/\/sport.luiss.it\/2010\/10\/24\/trasferta-insidiosa-per-la-luiss-basket\/"]}]},{"@type":"ImageObject","inLanguage":"en-US","@id":"https:\/\/sport.luiss.it\/2010\/10\/24\/trasferta-insidiosa-per-la-luiss-basket\/#primaryimage","url":"https:\/\/wordpress.luiss.it\/sport\/wp-content\/uploads\/2010\/10\/basket3.jpg","contentUrl":"https:\/\/wordpress.luiss.it\/sport\/wp-content\/uploads\/2010\/10\/basket3.jpg"},{"@type":"BreadcrumbList","@id":"https:\/\/sport.luiss.it\/2010\/10\/24\/trasferta-insidiosa-per-la-luiss-basket\/#breadcrumb","itemListElement":[{"@type":"ListItem","position":1,"name":"Home","item":"https:\/\/sport.luiss.it\/en\/"},{"@type":"ListItem","position":2,"name":"Trasferta insidiosa per la Luiss Basket"}]},{"@type":"WebSite","@id":"https:\/\/sport.luiss.it\/#website","url":"https:\/\/sport.luiss.it\/","name":"Luiss Sport - Luiss Guido Carli","description":"Luiss Sport","potentialAction":[{"@type":"SearchAction","target":{"@type":"EntryPoint","urlTemplate":"https:\/\/sport.luiss.it\/?s={search_term_string}"},"query-input":{"@type":"PropertyValueSpecification","valueRequired":true,"valueName":"search_term_string"}}],"inLanguage":"en-US"},{"@type":"Person","@id":""}]}},"_links":{"self":[{"href":"https:\/\/sport.luiss.it\/en\/wp-json\/wp\/v2\/posts\/1419","targetHints":{"allow":["GET"]}}],"collection":[{"href":"https:\/\/sport.luiss.it\/en\/wp-json\/wp\/v2\/posts"}],"about":[{"href":"https:\/\/sport.luiss.it\/en\/wp-json\/wp\/v2\/types\/post"}],"author":[{"embeddable":true,"href":"https:\/\/sport.luiss.it\/en\/wp-json\/wp\/v2\/users\/441"}],"replies":[{"embeddable":true,"href":"https:\/\/sport.luiss.it\/en\/wp-json\/wp\/v2\/comments?post=1419"}],"version-history":[{"count":0,"href":"https:\/\/sport.luiss.it\/en\/wp-json\/wp\/v2\/posts\/1419\/revisions"}],"wp:attachment":[{"href":"https:\/\/sport.luiss.it\/en\/wp-json\/wp\/v2\/media?parent=1419"}],"wp:term":[{"taxonomy":"category","embeddable":true,"href":"https:\/\/sport.luiss.it\/en\/wp-json\/wp\/v2\/categories?post=1419"},{"taxonomy":"post_tag","embeddable":true,"href":"https:\/\/sport.luiss.it\/en\/wp-json\/wp\/v2\/tags?post=1419"}],"curies":[{"name":"wp","href":"https:\/\/api.w.org\/{rel}","templated":true}]}}