
{"id":14842,"date":"2017-03-24T16:03:49","date_gmt":"2017-03-24T15:03:49","guid":{"rendered":"https:\/\/sport.luiss.it\/?p=14842"},"modified":"2017-03-24T16:04:41","modified_gmt":"2017-03-24T15:04:41","slug":"scontro-playoff-al-palaluiss-arriva-forli","status":"publish","type":"post","link":"https:\/\/sport.luiss.it\/en\/2017\/03\/24\/scontro-playoff-al-palaluiss-arriva-forli\/","title":{"rendered":"Scontro playoff al Palaluiss: arriva Forl\u00ec"},"content":{"rendered":"<p style=\"text-align: justify;\">Si giocher\u00e0 sabato 25 marzo alle 18 lo scontro diretto per i playoff tra l\u2019ASD LUISS Roma e i <strong>Tigers Forl\u00ec<\/strong>, in occasione del 25\u00b0 turno del campionato nazionale di serie B.<\/p>\n<p style=\"text-align: justify;\">Una sfida importantissima, dunque, per entrambe le formazioni, che scenderanno in campo per conquistare i due punti in palio, e <strong>proseguire la corsa ai playoff per la serie A2<\/strong>. Le due squadre sono attualmente appaiate a quota 26 punti, con Forl\u00ec che in occasione della gara d\u2019andata disputata a dicembre si \u00e8 imposta con il risultato di 84-75 sugli universitari. La formazione romagnola pu\u00f2 contare su un roster che \u00e8 un mix di esperienza e giovent\u00f9, potendo contare su elementi come <strong>Rodolfo Rombaldoni<\/strong>, medaglia d\u2019argento ad Atene 2004 con l\u2019Italia, <strong>Christian Villani<\/strong> e <strong>Marco Carraretto<\/strong>, che ha vinto 8 scudetti nella sua carriera e che \u00e8 approdato in maglia Tigers lo scorso gennaio. Sono tanti i giovani talentuosi a disposizione di Coach Di Lorenzo, tra cui Joel Myers, Giacomo Cicognani e <strong>Luca Fontecchio, <\/strong>quest\u2019ultimo miglior marcatore della squadra nero-arancio e giocatore pi\u00f9 impiegato con 15.8 punti e 28.2 minuti di media a partita.<\/p>\n<p style=\"text-align: justify;\">La LUISS arriva a questa partita dopo l\u2019ottima gara disputata in casa della Virtus Cassino, ed \u00e8 <strong>Eugenio Beretta<\/strong>, 4\u00b0 nella speciale classifica dei rimbalzisti del girone con 8.2 rimbalzi conquistati di media, a parlare di quest\u2019impegno: \u201c<em>Credo che la classifica parli per la partita di domani, perch\u00e9 la squadra che vincer\u00e0 far\u00e0 un passo in avanti importante per i playoff, mentre chi perde probabilmente saluta il treno delle prime. A prescindere da questo, Forl\u00ec \u00e8 forse la squadra pi\u00f9 ostica del momento, che sta giocando molto bene, e che \u00e8 una formazione atipica con uno stile di gioco molto particolare e non comune alle altre squadre del campionato.\u201d<\/em><\/p>\n<p style=\"text-align: justify;\"><em>\u201cNella gara d\u2019andata<\/em> \u2013 prosegue il numero 15 luissino \u2013 <em>non abbiamo onestamente mai dato l\u2019idea di poterla vincere. Mentre domani ce la giocheremo diversamente, arriviamo da un buon momento perch\u00e9, anche se siamo usciti a mani vuote dalla sfida con Cassino, siamo stati in vantaggio praticamente per tutta la partita, tranne nei minuti finali in cui \u00e8 venuta fuori tutta la loro esperienza che gli ha permesso di vincere. <strong>Dobbiamo essere quindi positivi, perch\u00e9 abbiamo tutti i mezzi per poter battere Forl\u00ec<\/strong>, che reputo comunque una squadra migliore di quello che la classifica dice oggi. Stiamo lavorando bene, arriviamo a quest\u2019ultima parte di campionato sapendo di dover disputare le gare pi\u00f9 difficili, quindi dobbiamo rimanere concentrati, cercando di dare il nostro meglio ogni volta che scenderemo in campo.\u201d<\/em><\/p>\n<p style=\"text-align: justify;\">Il match tra ASD LUISS Roma e Tigers Forl\u00ec si disputer\u00e0 <strong>sabato 25 marzo alle 18.00<\/strong> al PalaLUISS di Roma, dove ad arbitrare sono chiamati i Signori Alberto Giansante di Siena e Giuseppe Antonio Giordano di Gela (CL).<\/p>\n<p><strong>Danila Di Biase<\/strong><\/p>\n<p><strong>ASD LUISS<\/strong><\/p>\n","protected":false},"excerpt":{"rendered":"<p>Si giocher\u00e0 sabato 25 marzo alle 18 lo scontro diretto per i playoff tra l\u2019ASD LUISS Roma e i Tigers Forl\u00ec, in occasione del 25\u00b0 turno del campionato nazionale di [&hellip;]<\/p>\n","protected":false},"author":461,"featured_media":0,"comment_status":"closed","ping_status":"closed","sticky":false,"template":"","format":"standard","meta":{"_monsterinsights_skip_tracking":false,"_monsterinsights_sitenote_active":false,"_monsterinsights_sitenote_note":"","_monsterinsights_sitenote_category":0,"footnotes":""},"categories":[47,37,140],"tags":[],"class_list":["post-14842","post","type-post","status-publish","format-standard","hentry","category-news-basket-serie-b","category-news-squadre","category-primo-piano"],"yoast_head":"<!-- This site is optimized with the Yoast SEO plugin v26.5 - https:\/\/yoast.com\/wordpress\/plugins\/seo\/ -->\n<title>Scontro playoff al Palaluiss: arriva Forl\u00ec - Luiss Sport - Luiss Guido Carli<\/title>\n<meta name=\"robots\" content=\"index, follow, max-snippet:-1, max-image-preview:large, max-video-preview:-1\" \/>\n<link rel=\"canonical\" href=\"https:\/\/sport.luiss.it\/2017\/03\/24\/scontro-playoff-al-palaluiss-arriva-forli\/\" \/>\n<meta property=\"og:locale\" content=\"en_US\" \/>\n<meta property=\"og:type\" content=\"article\" \/>\n<meta property=\"og:title\" content=\"Scontro playoff al Palaluiss: arriva Forl\u00ec - Luiss Sport - Luiss Guido Carli\" \/>\n<meta property=\"og:description\" content=\"Si giocher\u00e0 sabato 25 marzo alle 18 lo scontro diretto per i playoff tra l\u2019ASD LUISS Roma e i Tigers Forl\u00ec, in occasione del 25\u00b0 turno del campionato nazionale di [&hellip;]\" \/>\n<meta property=\"og:url\" content=\"https:\/\/sport.luiss.it\/2017\/03\/24\/scontro-playoff-al-palaluiss-arriva-forli\/\" \/>\n<meta property=\"og:site_name\" content=\"Luiss Sport - Luiss Guido Carli\" \/>\n<meta property=\"article:publisher\" content=\"https:\/\/www.facebook.com\/sportluiss\/\" \/>\n<meta property=\"article:published_time\" content=\"2017-03-24T15:03:49+00:00\" \/>\n<meta property=\"article:modified_time\" content=\"2017-03-24T15:04:41+00:00\" \/>\n<meta name=\"twitter:card\" content=\"summary_large_image\" \/>\n<meta name=\"twitter:label1\" content=\"Written by\" \/>\n\t<meta name=\"twitter:data1\" content=\"\" \/>\n\t<meta name=\"twitter:label2\" content=\"Est. reading time\" \/>\n\t<meta name=\"twitter:data2\" content=\"2 minutes\" \/>\n<script type=\"application\/ld+json\" class=\"yoast-schema-graph\">{\"@context\":\"https:\/\/schema.org\",\"@graph\":[{\"@type\":\"WebPage\",\"@id\":\"https:\/\/sport.luiss.it\/2017\/03\/24\/scontro-playoff-al-palaluiss-arriva-forli\/\",\"url\":\"https:\/\/sport.luiss.it\/2017\/03\/24\/scontro-playoff-al-palaluiss-arriva-forli\/\",\"name\":\"Scontro playoff al Palaluiss: arriva Forl\u00ec - Luiss Sport - Luiss Guido Carli\",\"isPartOf\":{\"@id\":\"https:\/\/sport.luiss.it\/#website\"},\"datePublished\":\"2017-03-24T15:03:49+00:00\",\"dateModified\":\"2017-03-24T15:04:41+00:00\",\"author\":{\"@id\":\"\"},\"breadcrumb\":{\"@id\":\"https:\/\/sport.luiss.it\/2017\/03\/24\/scontro-playoff-al-palaluiss-arriva-forli\/#breadcrumb\"},\"inLanguage\":\"en-US\",\"potentialAction\":[{\"@type\":\"ReadAction\",\"target\":[\"https:\/\/sport.luiss.it\/2017\/03\/24\/scontro-playoff-al-palaluiss-arriva-forli\/\"]}]},{\"@type\":\"BreadcrumbList\",\"@id\":\"https:\/\/sport.luiss.it\/2017\/03\/24\/scontro-playoff-al-palaluiss-arriva-forli\/#breadcrumb\",\"itemListElement\":[{\"@type\":\"ListItem\",\"position\":1,\"name\":\"Home\",\"item\":\"https:\/\/sport.luiss.it\/en\/\"},{\"@type\":\"ListItem\",\"position\":2,\"name\":\"Scontro playoff al Palaluiss: arriva Forl\u00ec\"}]},{\"@type\":\"WebSite\",\"@id\":\"https:\/\/sport.luiss.it\/#website\",\"url\":\"https:\/\/sport.luiss.it\/\",\"name\":\"Luiss Sport - Luiss Guido Carli\",\"description\":\"Luiss Sport\",\"potentialAction\":[{\"@type\":\"SearchAction\",\"target\":{\"@type\":\"EntryPoint\",\"urlTemplate\":\"https:\/\/sport.luiss.it\/?s={search_term_string}\"},\"query-input\":{\"@type\":\"PropertyValueSpecification\",\"valueRequired\":true,\"valueName\":\"search_term_string\"}}],\"inLanguage\":\"en-US\"},{\"@type\":\"Person\",\"@id\":\"\"}]}<\/script>\n<!-- \/ Yoast SEO plugin. -->","yoast_head_json":{"title":"Scontro playoff al Palaluiss: arriva Forl\u00ec - Luiss Sport - Luiss Guido Carli","robots":{"index":"index","follow":"follow","max-snippet":"max-snippet:-1","max-image-preview":"max-image-preview:large","max-video-preview":"max-video-preview:-1"},"canonical":"https:\/\/sport.luiss.it\/2017\/03\/24\/scontro-playoff-al-palaluiss-arriva-forli\/","og_locale":"en_US","og_type":"article","og_title":"Scontro playoff al Palaluiss: arriva Forl\u00ec - Luiss Sport - Luiss Guido Carli","og_description":"Si giocher\u00e0 sabato 25 marzo alle 18 lo scontro diretto per i playoff tra l\u2019ASD LUISS Roma e i Tigers Forl\u00ec, in occasione del 25\u00b0 turno del campionato nazionale di [&hellip;]","og_url":"https:\/\/sport.luiss.it\/2017\/03\/24\/scontro-playoff-al-palaluiss-arriva-forli\/","og_site_name":"Luiss Sport - Luiss Guido Carli","article_publisher":"https:\/\/www.facebook.com\/sportluiss\/","article_published_time":"2017-03-24T15:03:49+00:00","article_modified_time":"2017-03-24T15:04:41+00:00","twitter_card":"summary_large_image","twitter_misc":{"Written by":"","Est. reading time":"2 minutes"},"schema":{"@context":"https:\/\/schema.org","@graph":[{"@type":"WebPage","@id":"https:\/\/sport.luiss.it\/2017\/03\/24\/scontro-playoff-al-palaluiss-arriva-forli\/","url":"https:\/\/sport.luiss.it\/2017\/03\/24\/scontro-playoff-al-palaluiss-arriva-forli\/","name":"Scontro playoff al Palaluiss: arriva Forl\u00ec - Luiss Sport - Luiss Guido Carli","isPartOf":{"@id":"https:\/\/sport.luiss.it\/#website"},"datePublished":"2017-03-24T15:03:49+00:00","dateModified":"2017-03-24T15:04:41+00:00","author":{"@id":""},"breadcrumb":{"@id":"https:\/\/sport.luiss.it\/2017\/03\/24\/scontro-playoff-al-palaluiss-arriva-forli\/#breadcrumb"},"inLanguage":"en-US","potentialAction":[{"@type":"ReadAction","target":["https:\/\/sport.luiss.it\/2017\/03\/24\/scontro-playoff-al-palaluiss-arriva-forli\/"]}]},{"@type":"BreadcrumbList","@id":"https:\/\/sport.luiss.it\/2017\/03\/24\/scontro-playoff-al-palaluiss-arriva-forli\/#breadcrumb","itemListElement":[{"@type":"ListItem","position":1,"name":"Home","item":"https:\/\/sport.luiss.it\/en\/"},{"@type":"ListItem","position":2,"name":"Scontro playoff al Palaluiss: arriva Forl\u00ec"}]},{"@type":"WebSite","@id":"https:\/\/sport.luiss.it\/#website","url":"https:\/\/sport.luiss.it\/","name":"Luiss Sport - Luiss Guido Carli","description":"Luiss Sport","potentialAction":[{"@type":"SearchAction","target":{"@type":"EntryPoint","urlTemplate":"https:\/\/sport.luiss.it\/?s={search_term_string}"},"query-input":{"@type":"PropertyValueSpecification","valueRequired":true,"valueName":"search_term_string"}}],"inLanguage":"en-US"},{"@type":"Person","@id":""}]}},"_links":{"self":[{"href":"https:\/\/sport.luiss.it\/en\/wp-json\/wp\/v2\/posts\/14842","targetHints":{"allow":["GET"]}}],"collection":[{"href":"https:\/\/sport.luiss.it\/en\/wp-json\/wp\/v2\/posts"}],"about":[{"href":"https:\/\/sport.luiss.it\/en\/wp-json\/wp\/v2\/types\/post"}],"author":[{"embeddable":true,"href":"https:\/\/sport.luiss.it\/en\/wp-json\/wp\/v2\/users\/461"}],"replies":[{"embeddable":true,"href":"https:\/\/sport.luiss.it\/en\/wp-json\/wp\/v2\/comments?post=14842"}],"version-history":[{"count":1,"href":"https:\/\/sport.luiss.it\/en\/wp-json\/wp\/v2\/posts\/14842\/revisions"}],"predecessor-version":[{"id":14844,"href":"https:\/\/sport.luiss.it\/en\/wp-json\/wp\/v2\/posts\/14842\/revisions\/14844"}],"wp:attachment":[{"href":"https:\/\/sport.luiss.it\/en\/wp-json\/wp\/v2\/media?parent=14842"}],"wp:term":[{"taxonomy":"category","embeddable":true,"href":"https:\/\/sport.luiss.it\/en\/wp-json\/wp\/v2\/categories?post=14842"},{"taxonomy":"post_tag","embeddable":true,"href":"https:\/\/sport.luiss.it\/en\/wp-json\/wp\/v2\/tags?post=14842"}],"curies":[{"name":"wp","href":"https:\/\/api.w.org\/{rel}","templated":true}]}}