
{"id":16151,"date":"2017-09-19T09:57:43","date_gmt":"2017-09-19T07:57:43","guid":{"rendered":"https:\/\/sport.luiss.it\/?p=16151\/"},"modified":"2026-04-03T17:52:08","modified_gmt":"2026-04-03T15:52:08","slug":"basket-coach-paccarie-racconta-la-sua-luiss","status":"publish","type":"post","link":"https:\/\/sport.luiss.it\/en\/2017\/09\/19\/basket-coach-paccarie-racconta-la-sua-luiss\/","title":{"rendered":"Basket: Coach Paccari\u00e8 racconta la sua LUISS"},"content":{"rendered":"<p>Il campionato \u00e8 ormai alle porte. Reduce da test importanti coach Andrea Paccari\u00e8 valuta lo stato di forma della sua squadra.<\/p>\n<p><strong>Coach, come sta la squadra?<\/strong><br \/>\nSiamo un bel gruppo. Ci stiamo allenando con continuit\u00e0 e per fortuna fisicamente e atleticamente i ragazzi stanno rispondendo bene.<br \/>\nMi viene da dire che siamo una squadra a trazione posteriore, siamo forti e quadrati nel reparto play guardie e abbiamo diverse soluzioni tra gli esterni.<br \/>\nLa forza della LUISS\u00a0\u00e8 sempre stato il gruppo e la partecipazione collettiva al gioco. Mi aspetto una crescita importante da parte di Di Fonzo e Bonaccorso.<\/p>\n<p><strong>I nuovi arrivi?<\/strong><br \/>\nSono molto soddisfatto, si sono aggiunti al gruppo il pivot Martone che ci garantisce un importante presenza sotto canestro, \u00e8 un giocatore molto disponibile, che difende e passa molto bene la palla, e Veccia, un\u2019ottima guardia che ha nel tiro e nella penetrazioni le armi migliori. Inoltre abbiamo anche\u00a0due giovani, l\u2019ala Danilo Feruglio e la guardia Alfonso Gebbia.<\/p>\n<p><strong>Come sta Marcon?<\/strong><br \/>\nCi aspettiamo una stagione solida e concreta da parte di Marcon, che si sta preparando al meglio per farsi trovare pronto per l\u2019inizio del campionato.<\/p>\n<p><strong>Pronti per l\u2019inizio del campionato?<\/strong><br \/>\nSono soddisfatto di questa preparazione, ripeto ai ragazzi che per essere pronti bisogna essere motivati e competitivi ed i ragazzi lo sono, quella \u00e8 la strada da seguire per fare un buon campionato.<\/p>\n","protected":false},"excerpt":{"rendered":"<p>Il campionato \u00e8 ormai alle porte. Reduce da test importanti coach Andrea Paccari\u00e8 valuta lo stato di forma della sua squadra. Coach, come sta la squadra? Siamo un bel gruppo. [&hellip;]<\/p>\n","protected":false},"author":521,"featured_media":0,"comment_status":"closed","ping_status":"closed","sticky":false,"template":"","format":"standard","meta":{"_monsterinsights_skip_tracking":false,"_monsterinsights_sitenote_active":false,"_monsterinsights_sitenote_note":"","_monsterinsights_sitenote_category":0,"footnotes":""},"categories":[47,37],"tags":[],"class_list":["post-16151","post","type-post","status-publish","format-standard","hentry","category-news-basket-serie-b","category-news-squadre"],"yoast_head":"<!-- This site is optimized with the Yoast SEO plugin v26.5 - https:\/\/yoast.com\/wordpress\/plugins\/seo\/ -->\n<title>Basket: Coach Paccari\u00e8 racconta la sua LUISS - Luiss Sport - Luiss Guido Carli<\/title>\n<meta name=\"robots\" content=\"index, follow, max-snippet:-1, max-image-preview:large, max-video-preview:-1\" \/>\n<link rel=\"canonical\" href=\"https:\/\/sport.luiss.it\/2017\/09\/19\/basket-coach-paccarie-racconta-la-sua-luiss\/\" \/>\n<meta property=\"og:locale\" content=\"en_US\" \/>\n<meta property=\"og:type\" content=\"article\" \/>\n<meta property=\"og:title\" content=\"Basket: Coach Paccari\u00e8 racconta la sua LUISS - Luiss Sport - Luiss Guido Carli\" \/>\n<meta property=\"og:description\" content=\"Il campionato \u00e8 ormai alle porte. Reduce da test importanti coach Andrea Paccari\u00e8 valuta lo stato di forma della sua squadra. Coach, come sta la squadra? Siamo un bel gruppo. [&hellip;]\" \/>\n<meta property=\"og:url\" content=\"https:\/\/sport.luiss.it\/2017\/09\/19\/basket-coach-paccarie-racconta-la-sua-luiss\/\" \/>\n<meta property=\"og:site_name\" content=\"Luiss Sport - Luiss Guido Carli\" \/>\n<meta property=\"article:publisher\" content=\"https:\/\/www.facebook.com\/sportluiss\/\" \/>\n<meta property=\"article:published_time\" content=\"2017-09-19T07:57:43+00:00\" \/>\n<meta property=\"article:modified_time\" content=\"2026-04-03T15:52:08+00:00\" \/>\n<meta name=\"author\" content=\"sportluiss\" \/>\n<meta name=\"twitter:card\" content=\"summary_large_image\" \/>\n<meta name=\"twitter:label1\" content=\"Written by\" \/>\n\t<meta name=\"twitter:data1\" content=\"sportluiss\" \/>\n\t<meta name=\"twitter:label2\" content=\"Est. reading time\" \/>\n\t<meta name=\"twitter:data2\" content=\"1 minute\" \/>\n<script type=\"application\/ld+json\" class=\"yoast-schema-graph\">{\"@context\":\"https:\/\/schema.org\",\"@graph\":[{\"@type\":\"WebPage\",\"@id\":\"https:\/\/sport.luiss.it\/2017\/09\/19\/basket-coach-paccarie-racconta-la-sua-luiss\/\",\"url\":\"https:\/\/sport.luiss.it\/2017\/09\/19\/basket-coach-paccarie-racconta-la-sua-luiss\/\",\"name\":\"Basket: Coach Paccari\u00e8 racconta la sua LUISS - Luiss Sport - Luiss Guido Carli\",\"isPartOf\":{\"@id\":\"https:\/\/sport.luiss.it\/#website\"},\"datePublished\":\"2017-09-19T07:57:43+00:00\",\"dateModified\":\"2026-04-03T15:52:08+00:00\",\"author\":{\"@id\":\"https:\/\/sport.luiss.it\/#\/schema\/person\/cf8f862118e51eaa8a4d5a6c814398c1\"},\"breadcrumb\":{\"@id\":\"https:\/\/sport.luiss.it\/2017\/09\/19\/basket-coach-paccarie-racconta-la-sua-luiss\/#breadcrumb\"},\"inLanguage\":\"en-US\",\"potentialAction\":[{\"@type\":\"ReadAction\",\"target\":[\"https:\/\/sport.luiss.it\/2017\/09\/19\/basket-coach-paccarie-racconta-la-sua-luiss\/\"]}]},{\"@type\":\"BreadcrumbList\",\"@id\":\"https:\/\/sport.luiss.it\/2017\/09\/19\/basket-coach-paccarie-racconta-la-sua-luiss\/#breadcrumb\",\"itemListElement\":[{\"@type\":\"ListItem\",\"position\":1,\"name\":\"Home\",\"item\":\"https:\/\/sport.luiss.it\/en\/\"},{\"@type\":\"ListItem\",\"position\":2,\"name\":\"Basket: Coach Paccari\u00e8 racconta la sua LUISS\"}]},{\"@type\":\"WebSite\",\"@id\":\"https:\/\/sport.luiss.it\/#website\",\"url\":\"https:\/\/sport.luiss.it\/\",\"name\":\"Luiss Sport - Luiss Guido Carli\",\"description\":\"Luiss Sport\",\"potentialAction\":[{\"@type\":\"SearchAction\",\"target\":{\"@type\":\"EntryPoint\",\"urlTemplate\":\"https:\/\/sport.luiss.it\/?s={search_term_string}\"},\"query-input\":{\"@type\":\"PropertyValueSpecification\",\"valueRequired\":true,\"valueName\":\"search_term_string\"}}],\"inLanguage\":\"en-US\"},{\"@type\":\"Person\",\"@id\":\"https:\/\/sport.luiss.it\/#\/schema\/person\/cf8f862118e51eaa8a4d5a6c814398c1\",\"name\":\"sportluiss\",\"image\":{\"@type\":\"ImageObject\",\"inLanguage\":\"en-US\",\"@id\":\"https:\/\/sport.luiss.it\/#\/schema\/person\/image\/\",\"url\":\"https:\/\/secure.gravatar.com\/avatar\/1be9cca21a056494284517b4865ee67405b54eff789d4c925013e7d4ef1368b0?s=96&d=mm&r=g\",\"contentUrl\":\"https:\/\/secure.gravatar.com\/avatar\/1be9cca21a056494284517b4865ee67405b54eff789d4c925013e7d4ef1368b0?s=96&d=mm&r=g\",\"caption\":\"sportluiss\"}}]}<\/script>\n<!-- \/ Yoast SEO plugin. -->","yoast_head_json":{"title":"Basket: Coach Paccari\u00e8 racconta la sua LUISS - Luiss Sport - Luiss Guido Carli","robots":{"index":"index","follow":"follow","max-snippet":"max-snippet:-1","max-image-preview":"max-image-preview:large","max-video-preview":"max-video-preview:-1"},"canonical":"https:\/\/sport.luiss.it\/2017\/09\/19\/basket-coach-paccarie-racconta-la-sua-luiss\/","og_locale":"en_US","og_type":"article","og_title":"Basket: Coach Paccari\u00e8 racconta la sua LUISS - Luiss Sport - Luiss Guido Carli","og_description":"Il campionato \u00e8 ormai alle porte. Reduce da test importanti coach Andrea Paccari\u00e8 valuta lo stato di forma della sua squadra. Coach, come sta la squadra? Siamo un bel gruppo. [&hellip;]","og_url":"https:\/\/sport.luiss.it\/2017\/09\/19\/basket-coach-paccarie-racconta-la-sua-luiss\/","og_site_name":"Luiss Sport - Luiss Guido Carli","article_publisher":"https:\/\/www.facebook.com\/sportluiss\/","article_published_time":"2017-09-19T07:57:43+00:00","article_modified_time":"2026-04-03T15:52:08+00:00","author":"sportluiss","twitter_card":"summary_large_image","twitter_misc":{"Written by":"sportluiss","Est. reading time":"1 minute"},"schema":{"@context":"https:\/\/schema.org","@graph":[{"@type":"WebPage","@id":"https:\/\/sport.luiss.it\/2017\/09\/19\/basket-coach-paccarie-racconta-la-sua-luiss\/","url":"https:\/\/sport.luiss.it\/2017\/09\/19\/basket-coach-paccarie-racconta-la-sua-luiss\/","name":"Basket: Coach Paccari\u00e8 racconta la sua LUISS - Luiss Sport - Luiss Guido Carli","isPartOf":{"@id":"https:\/\/sport.luiss.it\/#website"},"datePublished":"2017-09-19T07:57:43+00:00","dateModified":"2026-04-03T15:52:08+00:00","author":{"@id":"https:\/\/sport.luiss.it\/#\/schema\/person\/cf8f862118e51eaa8a4d5a6c814398c1"},"breadcrumb":{"@id":"https:\/\/sport.luiss.it\/2017\/09\/19\/basket-coach-paccarie-racconta-la-sua-luiss\/#breadcrumb"},"inLanguage":"en-US","potentialAction":[{"@type":"ReadAction","target":["https:\/\/sport.luiss.it\/2017\/09\/19\/basket-coach-paccarie-racconta-la-sua-luiss\/"]}]},{"@type":"BreadcrumbList","@id":"https:\/\/sport.luiss.it\/2017\/09\/19\/basket-coach-paccarie-racconta-la-sua-luiss\/#breadcrumb","itemListElement":[{"@type":"ListItem","position":1,"name":"Home","item":"https:\/\/sport.luiss.it\/en\/"},{"@type":"ListItem","position":2,"name":"Basket: Coach Paccari\u00e8 racconta la sua LUISS"}]},{"@type":"WebSite","@id":"https:\/\/sport.luiss.it\/#website","url":"https:\/\/sport.luiss.it\/","name":"Luiss Sport - Luiss Guido Carli","description":"Luiss Sport","potentialAction":[{"@type":"SearchAction","target":{"@type":"EntryPoint","urlTemplate":"https:\/\/sport.luiss.it\/?s={search_term_string}"},"query-input":{"@type":"PropertyValueSpecification","valueRequired":true,"valueName":"search_term_string"}}],"inLanguage":"en-US"},{"@type":"Person","@id":"https:\/\/sport.luiss.it\/#\/schema\/person\/cf8f862118e51eaa8a4d5a6c814398c1","name":"sportluiss","image":{"@type":"ImageObject","inLanguage":"en-US","@id":"https:\/\/sport.luiss.it\/#\/schema\/person\/image\/","url":"https:\/\/secure.gravatar.com\/avatar\/1be9cca21a056494284517b4865ee67405b54eff789d4c925013e7d4ef1368b0?s=96&d=mm&r=g","contentUrl":"https:\/\/secure.gravatar.com\/avatar\/1be9cca21a056494284517b4865ee67405b54eff789d4c925013e7d4ef1368b0?s=96&d=mm&r=g","caption":"sportluiss"}}]}},"_links":{"self":[{"href":"https:\/\/sport.luiss.it\/en\/wp-json\/wp\/v2\/posts\/16151","targetHints":{"allow":["GET"]}}],"collection":[{"href":"https:\/\/sport.luiss.it\/en\/wp-json\/wp\/v2\/posts"}],"about":[{"href":"https:\/\/sport.luiss.it\/en\/wp-json\/wp\/v2\/types\/post"}],"author":[{"embeddable":true,"href":"https:\/\/sport.luiss.it\/en\/wp-json\/wp\/v2\/users\/521"}],"replies":[{"embeddable":true,"href":"https:\/\/sport.luiss.it\/en\/wp-json\/wp\/v2\/comments?post=16151"}],"version-history":[{"count":3,"href":"https:\/\/sport.luiss.it\/en\/wp-json\/wp\/v2\/posts\/16151\/revisions"}],"predecessor-version":[{"id":16155,"href":"https:\/\/sport.luiss.it\/en\/wp-json\/wp\/v2\/posts\/16151\/revisions\/16155"}],"wp:attachment":[{"href":"https:\/\/sport.luiss.it\/en\/wp-json\/wp\/v2\/media?parent=16151"}],"wp:term":[{"taxonomy":"category","embeddable":true,"href":"https:\/\/sport.luiss.it\/en\/wp-json\/wp\/v2\/categories?post=16151"},{"taxonomy":"post_tag","embeddable":true,"href":"https:\/\/sport.luiss.it\/en\/wp-json\/wp\/v2\/tags?post=16151"}],"curies":[{"name":"wp","href":"https:\/\/api.w.org\/{rel}","templated":true}]}}