
{"id":16290,"date":"2017-09-12T09:13:18","date_gmt":"2017-09-12T07:13:18","guid":{"rendered":"https:\/\/sport.luiss.it\/?p=16290\/"},"modified":"2026-04-03T17:52:08","modified_gmt":"2026-04-03T15:52:08","slug":"fise-luiss-angelica-impronta-e-luigi-del-prete-accedono-al-corso-di-studi","status":"publish","type":"post","link":"https:\/\/sport.luiss.it\/en\/2017\/09\/12\/fise-luiss-angelica-impronta-e-luigi-del-prete-accedono-al-corso-di-studi\/","title":{"rendered":"FISE-LUISS: Angelica Impronta e Luigi Del Prete accedono al corso di studi"},"content":{"rendered":"<p align=\"JUSTIFY\"><span style=\"color: #000000;\"><span style=\"font-family: Calibri, serif;\"><span style=\"font-size: large;\"><i><b>Passa alla fase operativa il protocollo d\u2019intesa tra la Federazione e l\u2019Universit\u00e0<\/b><\/i><\/span><\/span><\/span><\/p>\n<p align=\"JUSTIFY\"><span style=\"color: #000000;\"><span style=\"font-family: Calibri, serif;\"><span style=\"font-size: large;\">Dalle parole ai fatti. Il protocollo d\u2019intesa stipulato tra la FISE e l\u2019Universit\u00e0 Luiss Guido Carli, <\/span><\/span><\/span><span style=\"color: #333333;\"><span style=\"font-family: Calibri, serif;\"><span style=\"font-size: large;\">in occasione dell\u201985\u00b0 CSIO di Roma Piazza di Siena Intesa Sanpaolo \u2013 Master fratelli d\u2019Inzeo<\/span><\/span><\/span> <span style=\"color: #000000;\"><span style=\"font-family: Calibri, serif;\"><span style=\"font-size: large;\">passa adesso alla fase operativa. <\/span><\/span><\/span><\/p>\n<p align=\"JUSTIFY\"><span style=\"color: #000000;\"><span style=\"font-family: Calibri, serif;\"><span style=\"font-size: large;\">Ecco, dunque, che dopo la fase preliminare dell\u2019iniziativa i primi due studenti-sportivi, tesserati per la Federazione Italiana Sport Equestri avranno la possibilit\u00e0 di immatricolarsi gi\u00e0 da quest\u2019anno per continuare il percorso di studi senza tralasciare l\u2019altrettanto importante impegno sportivo agonistico. <\/span><\/span><\/span><\/p>\n<p align=\"JUSTIFY\"><span style=\"color: #000000;\"><span style=\"font-family: Calibri, serif;\"><span style=\"font-size: large;\">La Commissione LUISS SPORT ACADEMY \u2013 Sport Equestri, presieduta dal Pro Rettore alla Didattica <\/span><\/span><\/span><span style=\"color: #000000;\"><span style=\"font-family: Calibri, serif;\"><span style=\"font-size: large;\"><b>Roberto Pessi<\/b><\/span><\/span><\/span><span style=\"color: #000000;\"><span style=\"font-family: Calibri, serif;\"><span style=\"font-size: large;\"> della LUISS, composta dalla dott.ssa <\/span><\/span><\/span><span style=\"color: #000000;\"><span style=\"font-family: Calibri, serif;\"><span style=\"font-size: large;\"><b>Federica Capone<\/b><\/span><\/span><\/span><span style=\"color: #000000;\"><span style=\"font-family: Calibri, serif;\"><span style=\"font-size: large;\"> Direttore della Ricerca, Didattica e Employability, dal prof. Paolo Del Bene Direttore Sportivo della Luiss e da <\/span><\/span><\/span><span style=\"color: #000000;\"><span style=\"font-family: Calibri, serif;\"><span style=\"font-size: large;\"><b>Emanuela Mafrolla <\/b><\/span><\/span><\/span><span style=\"color: #000000;\"><span style=\"font-family: Calibri, serif;\"><span style=\"font-size: large;\">per la Fise Centrale e <\/span><\/span><\/span><span style=\"color: #000000;\"><span style=\"font-family: Calibri, serif;\"><span style=\"font-size: large;\"><b>Alessandro Di Marco<\/b><\/span><\/span><\/span><span style=\"color: #000000;\"><span style=\"font-family: Calibri, serif;\"><span style=\"font-size: large;\"> per Fise Lazio, hanno infatti valutato positivamente le candidature dei giovani atleti <\/span><\/span><\/span><span style=\"color: #000000;\"><span style=\"font-family: Calibri, serif;\"><span style=\"font-size: large;\"><b>Angelica Impronta<\/b><\/span><\/span><\/span> <span style=\"color: #000000;\"><span style=\"font-family: Calibri, serif;\"><span style=\"font-size: large;\"><b>e Luigi Del Prete<\/b><\/span><\/span><\/span><span style=\"font-family: Calibri, serif;\"><span style=\"font-size: large;\">. <\/span><\/span><\/p>\n<p align=\"JUSTIFY\"><span style=\"color: #000000;\"><span style=\"font-family: Calibri, serif;\"><span style=\"font-size: large;\">I due tesserati FISE potranno iscriversi al 1\u00b0 anno di corso e, grazie a questo importante protocollo d\u2019intesa, entreranno a far parte della grande famiglia della LUISS, con una serie di importanti supporti messi a disposizione dall\u2019Universit\u00e0 per continuare a svolgere l\u2019attivit\u00e0 sportiva e con la possibilit\u00e0, per gli sportivi pi\u00f9 meritevoli, di avvalersi di agevolazioni sulle quote di iscrizione. <\/span><\/span><\/span><\/p>\n<p align=\"JUSTIFY\"><span style=\"font-family: Calibri, serif;\"><span style=\"font-size: large;\">L\u2019accesso di <\/span><\/span><span style=\"font-family: Calibri, serif;\"><span style=\"font-size: large;\"><b>Angelica Impronta<\/b><\/span><\/span><span style=\"font-family: Calibri, serif;\"><span style=\"font-size: large;\">, vincitrice di una borsa di studio, si arricchisce di uno splendido risultato sportivo appena conseguito, ovvero, il titolo di Campione d\u2019Italia Young Rider di salto ostacoli, conquistato ieri nell\u2019edizione 2017 dei Campionati Italiani giovanili di Arezzo. <\/span><\/span><span style=\"font-family: Calibri, serif;\"><span style=\"font-size: large;\"><b>Luigi Del Prete<\/b><\/span><\/span><span style=\"font-family: Calibri, serif;\"><span style=\"font-size: large;\"> grazie al protocollo d\u2019intesa LUISS \u2013 Fise ha potuto accedere alla LUISS.<\/span><\/span><\/p>\n<p align=\"JUSTIFY\"><span style=\"color: #000000;\"><span style=\"font-family: Calibri, serif;\"><span style=\"font-size: large;\">Il progetto \u00e8 stato voluto fortemente da FISE e Universit\u00e0 LUISS per <\/span><\/span><\/span><span style=\"color: #333333;\"><span style=\"font-family: Calibri, serif;\"><span style=\"font-size: large;\">accrescere nei giovani la consapevolezza dell\u2019\u2019importanza della cultura e della pratica sportiva, per perseguire uno stile di vita sano orientato al rispetto dei valori<\/span><\/span><\/span><span style=\"color: #000000;\"><span style=\"font-family: Calibri, serif;\"><span style=\"font-size: large;\">. <\/span><\/span><\/span><\/p>\n<p align=\"JUSTIFY\"><span style=\"color: #000000;\"><span style=\"font-family: Calibri, serif;\"><span style=\"font-size: large;\">Lo scopo dell\u2019accordo <\/span><\/span><\/span><span style=\"color: #333333;\"><span style=\"font-family: Calibri, serif;\"><span style=\"font-size: large;\">\u00e8 quello di elaborare e gestire un\u2019offerta didattica di eccellenza per la pratica sportiva, <\/span><\/span><\/span><span style=\"color: #000000;\"><span style=\"font-family: Calibri, serif;\"><span style=\"font-size: large;\">secondo la logica della &#8220;dual career&#8221;, sia nella fase di orientamento e selezione degli studenti pi\u00f9 meritevoli all\u2019Universit\u00e0, sia in quella di svolgimento del percorso accademico e in quella successiva del postlaurea e dell\u2019inserimento nel mondo del lavoro. <\/span><\/span><\/span><span style=\"color: #333333;\"><span style=\"font-family: Calibri, serif;\"><span style=\"font-size: large;\">Un percorso che da oggi comincia con grande entusiasmo per Luigi Del Prete e Angelica Impronta, ma rivolto a tutti i tesserati che &#8211; sulla base dei requisiti richiesti &#8211; potranno proporre la propria candidatura.<\/span><\/span><\/span><\/p>\n","protected":false},"excerpt":{"rendered":"<p>Passa alla fase operativa il protocollo d\u2019intesa tra la Federazione e l\u2019Universit\u00e0 Dalle parole ai fatti. Il protocollo d\u2019intesa stipulato tra la FISE e l\u2019Universit\u00e0 Luiss Guido Carli, in occasione [&hellip;]<\/p>\n","protected":false},"author":521,"featured_media":0,"comment_status":"closed","ping_status":"closed","sticky":false,"template":"","format":"standard","meta":{"_monsterinsights_skip_tracking":false,"_monsterinsights_sitenote_active":false,"_monsterinsights_sitenote_note":"","_monsterinsights_sitenote_category":0,"footnotes":""},"categories":[37],"tags":[],"class_list":["post-16290","post","type-post","status-publish","format-standard","hentry","category-news-squadre"],"yoast_head":"<!-- This site is optimized with the Yoast SEO plugin v26.5 - https:\/\/yoast.com\/wordpress\/plugins\/seo\/ -->\n<title>FISE-LUISS: Angelica Impronta e Luigi Del Prete accedono al corso di studi - Luiss Sport - Luiss Guido Carli<\/title>\n<meta name=\"robots\" content=\"index, follow, max-snippet:-1, max-image-preview:large, max-video-preview:-1\" \/>\n<link rel=\"canonical\" href=\"https:\/\/sport.luiss.it\/2017\/09\/12\/fise-luiss-angelica-impronta-e-luigi-del-prete-accedono-al-corso-di-studi\/\" \/>\n<meta property=\"og:locale\" content=\"en_US\" \/>\n<meta property=\"og:type\" content=\"article\" \/>\n<meta property=\"og:title\" content=\"FISE-LUISS: Angelica Impronta e Luigi Del Prete accedono al corso di studi - Luiss Sport - Luiss Guido Carli\" \/>\n<meta property=\"og:description\" content=\"Passa alla fase operativa il protocollo d\u2019intesa tra la Federazione e l\u2019Universit\u00e0 Dalle parole ai fatti. Il protocollo d\u2019intesa stipulato tra la FISE e l\u2019Universit\u00e0 Luiss Guido Carli, in occasione [&hellip;]\" \/>\n<meta property=\"og:url\" content=\"https:\/\/sport.luiss.it\/2017\/09\/12\/fise-luiss-angelica-impronta-e-luigi-del-prete-accedono-al-corso-di-studi\/\" \/>\n<meta property=\"og:site_name\" content=\"Luiss Sport - Luiss Guido Carli\" \/>\n<meta property=\"article:publisher\" content=\"https:\/\/www.facebook.com\/sportluiss\/\" \/>\n<meta property=\"article:published_time\" content=\"2017-09-12T07:13:18+00:00\" \/>\n<meta property=\"article:modified_time\" content=\"2026-04-03T15:52:08+00:00\" \/>\n<meta name=\"author\" content=\"sportluiss\" \/>\n<meta name=\"twitter:card\" content=\"summary_large_image\" \/>\n<meta name=\"twitter:label1\" content=\"Written by\" \/>\n\t<meta name=\"twitter:data1\" content=\"sportluiss\" \/>\n\t<meta name=\"twitter:label2\" content=\"Est. reading time\" \/>\n\t<meta name=\"twitter:data2\" content=\"2 minutes\" \/>\n<script type=\"application\/ld+json\" class=\"yoast-schema-graph\">{\"@context\":\"https:\/\/schema.org\",\"@graph\":[{\"@type\":\"WebPage\",\"@id\":\"https:\/\/sport.luiss.it\/2017\/09\/12\/fise-luiss-angelica-impronta-e-luigi-del-prete-accedono-al-corso-di-studi\/\",\"url\":\"https:\/\/sport.luiss.it\/2017\/09\/12\/fise-luiss-angelica-impronta-e-luigi-del-prete-accedono-al-corso-di-studi\/\",\"name\":\"FISE-LUISS: Angelica Impronta e Luigi Del Prete accedono al corso di studi - Luiss Sport - Luiss Guido Carli\",\"isPartOf\":{\"@id\":\"https:\/\/sport.luiss.it\/#website\"},\"datePublished\":\"2017-09-12T07:13:18+00:00\",\"dateModified\":\"2026-04-03T15:52:08+00:00\",\"author\":{\"@id\":\"https:\/\/sport.luiss.it\/#\/schema\/person\/cf8f862118e51eaa8a4d5a6c814398c1\"},\"breadcrumb\":{\"@id\":\"https:\/\/sport.luiss.it\/2017\/09\/12\/fise-luiss-angelica-impronta-e-luigi-del-prete-accedono-al-corso-di-studi\/#breadcrumb\"},\"inLanguage\":\"en-US\",\"potentialAction\":[{\"@type\":\"ReadAction\",\"target\":[\"https:\/\/sport.luiss.it\/2017\/09\/12\/fise-luiss-angelica-impronta-e-luigi-del-prete-accedono-al-corso-di-studi\/\"]}]},{\"@type\":\"BreadcrumbList\",\"@id\":\"https:\/\/sport.luiss.it\/2017\/09\/12\/fise-luiss-angelica-impronta-e-luigi-del-prete-accedono-al-corso-di-studi\/#breadcrumb\",\"itemListElement\":[{\"@type\":\"ListItem\",\"position\":1,\"name\":\"Home\",\"item\":\"https:\/\/sport.luiss.it\/en\/\"},{\"@type\":\"ListItem\",\"position\":2,\"name\":\"FISE-LUISS: Angelica Impronta e Luigi Del Prete accedono al corso di studi\"}]},{\"@type\":\"WebSite\",\"@id\":\"https:\/\/sport.luiss.it\/#website\",\"url\":\"https:\/\/sport.luiss.it\/\",\"name\":\"Luiss Sport - Luiss Guido Carli\",\"description\":\"Luiss Sport\",\"potentialAction\":[{\"@type\":\"SearchAction\",\"target\":{\"@type\":\"EntryPoint\",\"urlTemplate\":\"https:\/\/sport.luiss.it\/?s={search_term_string}\"},\"query-input\":{\"@type\":\"PropertyValueSpecification\",\"valueRequired\":true,\"valueName\":\"search_term_string\"}}],\"inLanguage\":\"en-US\"},{\"@type\":\"Person\",\"@id\":\"https:\/\/sport.luiss.it\/#\/schema\/person\/cf8f862118e51eaa8a4d5a6c814398c1\",\"name\":\"sportluiss\",\"image\":{\"@type\":\"ImageObject\",\"inLanguage\":\"en-US\",\"@id\":\"https:\/\/sport.luiss.it\/#\/schema\/person\/image\/\",\"url\":\"https:\/\/secure.gravatar.com\/avatar\/1be9cca21a056494284517b4865ee67405b54eff789d4c925013e7d4ef1368b0?s=96&d=mm&r=g\",\"contentUrl\":\"https:\/\/secure.gravatar.com\/avatar\/1be9cca21a056494284517b4865ee67405b54eff789d4c925013e7d4ef1368b0?s=96&d=mm&r=g\",\"caption\":\"sportluiss\"}}]}<\/script>\n<!-- \/ Yoast SEO plugin. -->","yoast_head_json":{"title":"FISE-LUISS: Angelica Impronta e Luigi Del Prete accedono al corso di studi - Luiss Sport - Luiss Guido Carli","robots":{"index":"index","follow":"follow","max-snippet":"max-snippet:-1","max-image-preview":"max-image-preview:large","max-video-preview":"max-video-preview:-1"},"canonical":"https:\/\/sport.luiss.it\/2017\/09\/12\/fise-luiss-angelica-impronta-e-luigi-del-prete-accedono-al-corso-di-studi\/","og_locale":"en_US","og_type":"article","og_title":"FISE-LUISS: Angelica Impronta e Luigi Del Prete accedono al corso di studi - Luiss Sport - Luiss Guido Carli","og_description":"Passa alla fase operativa il protocollo d\u2019intesa tra la Federazione e l\u2019Universit\u00e0 Dalle parole ai fatti. Il protocollo d\u2019intesa stipulato tra la FISE e l\u2019Universit\u00e0 Luiss Guido Carli, in occasione [&hellip;]","og_url":"https:\/\/sport.luiss.it\/2017\/09\/12\/fise-luiss-angelica-impronta-e-luigi-del-prete-accedono-al-corso-di-studi\/","og_site_name":"Luiss Sport - Luiss Guido Carli","article_publisher":"https:\/\/www.facebook.com\/sportluiss\/","article_published_time":"2017-09-12T07:13:18+00:00","article_modified_time":"2026-04-03T15:52:08+00:00","author":"sportluiss","twitter_card":"summary_large_image","twitter_misc":{"Written by":"sportluiss","Est. reading time":"2 minutes"},"schema":{"@context":"https:\/\/schema.org","@graph":[{"@type":"WebPage","@id":"https:\/\/sport.luiss.it\/2017\/09\/12\/fise-luiss-angelica-impronta-e-luigi-del-prete-accedono-al-corso-di-studi\/","url":"https:\/\/sport.luiss.it\/2017\/09\/12\/fise-luiss-angelica-impronta-e-luigi-del-prete-accedono-al-corso-di-studi\/","name":"FISE-LUISS: Angelica Impronta e Luigi Del Prete accedono al corso di studi - Luiss Sport - Luiss Guido Carli","isPartOf":{"@id":"https:\/\/sport.luiss.it\/#website"},"datePublished":"2017-09-12T07:13:18+00:00","dateModified":"2026-04-03T15:52:08+00:00","author":{"@id":"https:\/\/sport.luiss.it\/#\/schema\/person\/cf8f862118e51eaa8a4d5a6c814398c1"},"breadcrumb":{"@id":"https:\/\/sport.luiss.it\/2017\/09\/12\/fise-luiss-angelica-impronta-e-luigi-del-prete-accedono-al-corso-di-studi\/#breadcrumb"},"inLanguage":"en-US","potentialAction":[{"@type":"ReadAction","target":["https:\/\/sport.luiss.it\/2017\/09\/12\/fise-luiss-angelica-impronta-e-luigi-del-prete-accedono-al-corso-di-studi\/"]}]},{"@type":"BreadcrumbList","@id":"https:\/\/sport.luiss.it\/2017\/09\/12\/fise-luiss-angelica-impronta-e-luigi-del-prete-accedono-al-corso-di-studi\/#breadcrumb","itemListElement":[{"@type":"ListItem","position":1,"name":"Home","item":"https:\/\/sport.luiss.it\/en\/"},{"@type":"ListItem","position":2,"name":"FISE-LUISS: Angelica Impronta e Luigi Del Prete accedono al corso di studi"}]},{"@type":"WebSite","@id":"https:\/\/sport.luiss.it\/#website","url":"https:\/\/sport.luiss.it\/","name":"Luiss Sport - Luiss Guido Carli","description":"Luiss Sport","potentialAction":[{"@type":"SearchAction","target":{"@type":"EntryPoint","urlTemplate":"https:\/\/sport.luiss.it\/?s={search_term_string}"},"query-input":{"@type":"PropertyValueSpecification","valueRequired":true,"valueName":"search_term_string"}}],"inLanguage":"en-US"},{"@type":"Person","@id":"https:\/\/sport.luiss.it\/#\/schema\/person\/cf8f862118e51eaa8a4d5a6c814398c1","name":"sportluiss","image":{"@type":"ImageObject","inLanguage":"en-US","@id":"https:\/\/sport.luiss.it\/#\/schema\/person\/image\/","url":"https:\/\/secure.gravatar.com\/avatar\/1be9cca21a056494284517b4865ee67405b54eff789d4c925013e7d4ef1368b0?s=96&d=mm&r=g","contentUrl":"https:\/\/secure.gravatar.com\/avatar\/1be9cca21a056494284517b4865ee67405b54eff789d4c925013e7d4ef1368b0?s=96&d=mm&r=g","caption":"sportluiss"}}]}},"_links":{"self":[{"href":"https:\/\/sport.luiss.it\/en\/wp-json\/wp\/v2\/posts\/16290","targetHints":{"allow":["GET"]}}],"collection":[{"href":"https:\/\/sport.luiss.it\/en\/wp-json\/wp\/v2\/posts"}],"about":[{"href":"https:\/\/sport.luiss.it\/en\/wp-json\/wp\/v2\/types\/post"}],"author":[{"embeddable":true,"href":"https:\/\/sport.luiss.it\/en\/wp-json\/wp\/v2\/users\/521"}],"replies":[{"embeddable":true,"href":"https:\/\/sport.luiss.it\/en\/wp-json\/wp\/v2\/comments?post=16290"}],"version-history":[{"count":1,"href":"https:\/\/sport.luiss.it\/en\/wp-json\/wp\/v2\/posts\/16290\/revisions"}],"predecessor-version":[{"id":16291,"href":"https:\/\/sport.luiss.it\/en\/wp-json\/wp\/v2\/posts\/16290\/revisions\/16291"}],"wp:attachment":[{"href":"https:\/\/sport.luiss.it\/en\/wp-json\/wp\/v2\/media?parent=16290"}],"wp:term":[{"taxonomy":"category","embeddable":true,"href":"https:\/\/sport.luiss.it\/en\/wp-json\/wp\/v2\/categories?post=16290"},{"taxonomy":"post_tag","embeddable":true,"href":"https:\/\/sport.luiss.it\/en\/wp-json\/wp\/v2\/tags?post=16290"}],"curies":[{"name":"wp","href":"https:\/\/api.w.org\/{rel}","templated":true}]}}