
{"id":1765,"date":"2010-11-26T19:27:21","date_gmt":"2010-11-26T19:27:21","guid":{"rendered":"https:\/\/wordpress.luiss.it\/sport\/?p=1765"},"modified":"2010-11-26T19:27:21","modified_gmt":"2010-11-26T19:27:21","slug":"la-luiss-e-la-febbre-del-sabato-sera","status":"publish","type":"post","link":"https:\/\/sport.luiss.it\/en\/2010\/11\/26\/la-luiss-e-la-febbre-del-sabato-sera\/","title":{"rendered":"La Luiss e&#8230; la febbre del sabato sera!!"},"content":{"rendered":"<p><a href=\"https:\/\/wordpress.luiss.it\/sport\/wp-content\/uploads\/2010\/11\/Pallacanestro.jpg\"><img loading=\"lazy\" decoding=\"async\" src=\"https:\/\/wordpress.luiss.it\/sport\/wp-content\/uploads\/2010\/11\/Pallacanestro-300x163.jpg\" alt=\"\" title=\"Pallacanestro\" width=\"300\" height=\"163\" class=\"alignleft size-medium wp-image-1766\" \/><\/a>Dopo aver ottenuto la <strong>quinta vittoria consecutiva<\/strong>, con gli ultimi tre turni disputati al Pala Luiss di via Martino Longhi, torna in trasferta la Luiss Roma di Fulvio Polesello che sabato 27 novembre affronter\u00e0 la Minerva Roma per la partita valevole per la decima giornata del campionato Nazionale di Serie C dilettanti, girone F.<\/p>\n<p>Un impegno ostico quello che andranno a giocare Bernardini &amp; Co. attesi da una squadra giovane ma allo stesso tempo esperta, che per\u00f2 non \u00e8 riuscita ancora a trovare una precisa identit\u00e0, andando ad ottenere vittorie importanti anche fuori casa, ma che si \u00e8 anche resa protagonista di brutte prestazioni tra le mura amiche che sono valse sonore sconfitte, per ultima quella contro Valmontone di due settimane or sono dove la squadra di Rischia \u00e8 riuscita ad espugnare l\u2019Arena Altero Felici con il punteggio di 79-63.<br \/>\nUna partita, quindi, da prendere con le molle per i ragazzi luissini che, dopo aver fatto bottino pieno in casa, sono ora attesi da quest\u2019importante match contro la Minerva, a cui seguiranno partite sulla carta abbordabili per la truppa di Coach Polesello che affronter\u00e0, nell\u2019ordine, Sam, Valmontone, Ciampino e Smit prima della sosta natalizia, ma concentrazione ed umilt\u00e0 sono le parole d\u2019ordine per la squadra dell\u2019Universit\u00e0 romana.<\/p>\n<p>La Minerva Roma, come detto in precedenza, \u00e8 una squadra giovane considerando che la gran parte dei giocatori impiegati sono tutti ragazzi che giocano nelle varie squadre del settore giovanile della Stella Azzura, ad esclusione di <strong>Criscimanni<\/strong>, Borsetti, Petricca e Porcaro che sono i pi\u00f9 \u2018anziani\u2019 del gruppo e, ovviamente, anche i migliori realizzatori per la squadra guidata da Angelo Santini. Gli \u2018stellini\u2019 sono reduci da una pesante sconfitta subita ad Orvieto dove Criscimanni&amp;Co. nulla hanno potuto contro la forza straripante dei padroni di casa che si sono imposti con il punteggio di 99-62 al termine di una partita praticamente mai in discussione.<br \/>\nLa voglia di riscatto, soprattutto tra le mura amiche, \u00e8 sicuramente tanta per i ragazzi della Minerva, ma la Luiss vuole proseguire il suo cammino per restare il pi\u00f9 possibile tra le prime posizioni della classifica, anche perch\u00e9 in questo turno \u00e8 previsto lo scontro diretto tra la Bakkus Sassari e la stessa Telematica Orvieto, quindi \u00e8 assolutamente un\u2019occasione da non perdere per mettere pressione alle attuali capoliste, appunto Sassari e poi Contigliano (<em>che ha gi\u00e0 giocato la partita valevole per questo turno il 16 novembre, contro l\u2019Oasi di Kufra Fondi, imponendosi con il punteggio di 95-61, nda<\/em>), appaiate a quota 14 punti in classifica.<\/p>\n<p>Il match tra Luiss e Minerva avr\u00e0 inizio alle <strong>ore 20.15 del 27 novembre<\/strong>, presso l\u2019Arena Altero Felici di via Flaminia 867, dove ad arbitrare sono chiamati i Signori Marco Piram di Rosignano Marittimo (LI) e Alessandro Costa di Livorno, che agiranno sotto gli occhi dell\u2019osservatore Sergio Masella, di Roma.<\/p>\n<p><strong>Danila Di Biase<\/strong><\/p>\n","protected":false},"excerpt":{"rendered":"<p>Dopo aver ottenuto la quinta vittoria consecutiva, con gli ultimi tre turni disputati al Pala Luiss di via Martino Longhi, torna in trasferta la Luiss Roma di Fulvio Polesello che [&hellip;]<\/p>\n","protected":false},"author":441,"featured_media":1766,"comment_status":"closed","ping_status":"closed","sticky":false,"template":"","format":"standard","meta":{"_monsterinsights_skip_tracking":false,"_monsterinsights_sitenote_active":false,"_monsterinsights_sitenote_note":"","_monsterinsights_sitenote_category":0,"footnotes":""},"categories":[114],"tags":[],"class_list":["post-1765","post","type-post","status-publish","format-standard","has-post-thumbnail","hentry","category-news-basket-c"],"yoast_head":"<!-- This site is optimized with the Yoast SEO plugin v26.5 - https:\/\/yoast.com\/wordpress\/plugins\/seo\/ -->\n<title>La Luiss e... la febbre del sabato sera!! - Luiss Sport - Luiss Guido Carli<\/title>\n<meta name=\"robots\" content=\"index, follow, max-snippet:-1, max-image-preview:large, max-video-preview:-1\" \/>\n<link rel=\"canonical\" href=\"https:\/\/sport.luiss.it\/2010\/11\/26\/la-luiss-e-la-febbre-del-sabato-sera\/\" \/>\n<meta property=\"og:locale\" content=\"en_US\" \/>\n<meta property=\"og:type\" content=\"article\" \/>\n<meta property=\"og:title\" content=\"La Luiss e... la febbre del sabato sera!! - Luiss Sport - Luiss Guido Carli\" \/>\n<meta property=\"og:description\" content=\"Dopo aver ottenuto la quinta vittoria consecutiva, con gli ultimi tre turni disputati al Pala Luiss di via Martino Longhi, torna in trasferta la Luiss Roma di Fulvio Polesello che [&hellip;]\" \/>\n<meta property=\"og:url\" content=\"https:\/\/sport.luiss.it\/2010\/11\/26\/la-luiss-e-la-febbre-del-sabato-sera\/\" \/>\n<meta property=\"og:site_name\" content=\"Luiss Sport - Luiss Guido Carli\" \/>\n<meta property=\"article:publisher\" content=\"https:\/\/www.facebook.com\/sportluiss\/\" \/>\n<meta property=\"article:published_time\" content=\"2010-11-26T19:27:21+00:00\" \/>\n<meta name=\"twitter:card\" content=\"summary_large_image\" \/>\n<meta name=\"twitter:label1\" content=\"Written by\" \/>\n\t<meta name=\"twitter:data1\" content=\"\" \/>\n\t<meta name=\"twitter:label2\" content=\"Est. reading time\" \/>\n\t<meta name=\"twitter:data2\" content=\"2 minutes\" \/>\n<script type=\"application\/ld+json\" class=\"yoast-schema-graph\">{\"@context\":\"https:\/\/schema.org\",\"@graph\":[{\"@type\":\"WebPage\",\"@id\":\"https:\/\/sport.luiss.it\/2010\/11\/26\/la-luiss-e-la-febbre-del-sabato-sera\/\",\"url\":\"https:\/\/sport.luiss.it\/2010\/11\/26\/la-luiss-e-la-febbre-del-sabato-sera\/\",\"name\":\"La Luiss e... la febbre del sabato sera!! - Luiss Sport - Luiss Guido Carli\",\"isPartOf\":{\"@id\":\"https:\/\/sport.luiss.it\/#website\"},\"primaryImageOfPage\":{\"@id\":\"https:\/\/sport.luiss.it\/2010\/11\/26\/la-luiss-e-la-febbre-del-sabato-sera\/#primaryimage\"},\"image\":{\"@id\":\"https:\/\/sport.luiss.it\/2010\/11\/26\/la-luiss-e-la-febbre-del-sabato-sera\/#primaryimage\"},\"thumbnailUrl\":\"\",\"datePublished\":\"2010-11-26T19:27:21+00:00\",\"author\":{\"@id\":\"\"},\"breadcrumb\":{\"@id\":\"https:\/\/sport.luiss.it\/2010\/11\/26\/la-luiss-e-la-febbre-del-sabato-sera\/#breadcrumb\"},\"inLanguage\":\"en-US\",\"potentialAction\":[{\"@type\":\"ReadAction\",\"target\":[\"https:\/\/sport.luiss.it\/2010\/11\/26\/la-luiss-e-la-febbre-del-sabato-sera\/\"]}]},{\"@type\":\"ImageObject\",\"inLanguage\":\"en-US\",\"@id\":\"https:\/\/sport.luiss.it\/2010\/11\/26\/la-luiss-e-la-febbre-del-sabato-sera\/#primaryimage\",\"url\":\"\",\"contentUrl\":\"\"},{\"@type\":\"BreadcrumbList\",\"@id\":\"https:\/\/sport.luiss.it\/2010\/11\/26\/la-luiss-e-la-febbre-del-sabato-sera\/#breadcrumb\",\"itemListElement\":[{\"@type\":\"ListItem\",\"position\":1,\"name\":\"Home\",\"item\":\"https:\/\/sport.luiss.it\/en\/\"},{\"@type\":\"ListItem\",\"position\":2,\"name\":\"La Luiss e&#8230; la febbre del sabato sera!!\"}]},{\"@type\":\"WebSite\",\"@id\":\"https:\/\/sport.luiss.it\/#website\",\"url\":\"https:\/\/sport.luiss.it\/\",\"name\":\"Luiss Sport - Luiss Guido Carli\",\"description\":\"Luiss Sport\",\"potentialAction\":[{\"@type\":\"SearchAction\",\"target\":{\"@type\":\"EntryPoint\",\"urlTemplate\":\"https:\/\/sport.luiss.it\/?s={search_term_string}\"},\"query-input\":{\"@type\":\"PropertyValueSpecification\",\"valueRequired\":true,\"valueName\":\"search_term_string\"}}],\"inLanguage\":\"en-US\"},{\"@type\":\"Person\",\"@id\":\"\"}]}<\/script>\n<!-- \/ Yoast SEO plugin. -->","yoast_head_json":{"title":"La Luiss e... la febbre del sabato sera!! - Luiss Sport - Luiss Guido Carli","robots":{"index":"index","follow":"follow","max-snippet":"max-snippet:-1","max-image-preview":"max-image-preview:large","max-video-preview":"max-video-preview:-1"},"canonical":"https:\/\/sport.luiss.it\/2010\/11\/26\/la-luiss-e-la-febbre-del-sabato-sera\/","og_locale":"en_US","og_type":"article","og_title":"La Luiss e... la febbre del sabato sera!! - Luiss Sport - Luiss Guido Carli","og_description":"Dopo aver ottenuto la quinta vittoria consecutiva, con gli ultimi tre turni disputati al Pala Luiss di via Martino Longhi, torna in trasferta la Luiss Roma di Fulvio Polesello che [&hellip;]","og_url":"https:\/\/sport.luiss.it\/2010\/11\/26\/la-luiss-e-la-febbre-del-sabato-sera\/","og_site_name":"Luiss Sport - Luiss Guido Carli","article_publisher":"https:\/\/www.facebook.com\/sportluiss\/","article_published_time":"2010-11-26T19:27:21+00:00","twitter_card":"summary_large_image","twitter_misc":{"Written by":"","Est. reading time":"2 minutes"},"schema":{"@context":"https:\/\/schema.org","@graph":[{"@type":"WebPage","@id":"https:\/\/sport.luiss.it\/2010\/11\/26\/la-luiss-e-la-febbre-del-sabato-sera\/","url":"https:\/\/sport.luiss.it\/2010\/11\/26\/la-luiss-e-la-febbre-del-sabato-sera\/","name":"La Luiss e... la febbre del sabato sera!! - Luiss Sport - Luiss Guido Carli","isPartOf":{"@id":"https:\/\/sport.luiss.it\/#website"},"primaryImageOfPage":{"@id":"https:\/\/sport.luiss.it\/2010\/11\/26\/la-luiss-e-la-febbre-del-sabato-sera\/#primaryimage"},"image":{"@id":"https:\/\/sport.luiss.it\/2010\/11\/26\/la-luiss-e-la-febbre-del-sabato-sera\/#primaryimage"},"thumbnailUrl":"","datePublished":"2010-11-26T19:27:21+00:00","author":{"@id":""},"breadcrumb":{"@id":"https:\/\/sport.luiss.it\/2010\/11\/26\/la-luiss-e-la-febbre-del-sabato-sera\/#breadcrumb"},"inLanguage":"en-US","potentialAction":[{"@type":"ReadAction","target":["https:\/\/sport.luiss.it\/2010\/11\/26\/la-luiss-e-la-febbre-del-sabato-sera\/"]}]},{"@type":"ImageObject","inLanguage":"en-US","@id":"https:\/\/sport.luiss.it\/2010\/11\/26\/la-luiss-e-la-febbre-del-sabato-sera\/#primaryimage","url":"","contentUrl":""},{"@type":"BreadcrumbList","@id":"https:\/\/sport.luiss.it\/2010\/11\/26\/la-luiss-e-la-febbre-del-sabato-sera\/#breadcrumb","itemListElement":[{"@type":"ListItem","position":1,"name":"Home","item":"https:\/\/sport.luiss.it\/en\/"},{"@type":"ListItem","position":2,"name":"La Luiss e&#8230; la febbre del sabato sera!!"}]},{"@type":"WebSite","@id":"https:\/\/sport.luiss.it\/#website","url":"https:\/\/sport.luiss.it\/","name":"Luiss Sport - Luiss Guido Carli","description":"Luiss Sport","potentialAction":[{"@type":"SearchAction","target":{"@type":"EntryPoint","urlTemplate":"https:\/\/sport.luiss.it\/?s={search_term_string}"},"query-input":{"@type":"PropertyValueSpecification","valueRequired":true,"valueName":"search_term_string"}}],"inLanguage":"en-US"},{"@type":"Person","@id":""}]}},"_links":{"self":[{"href":"https:\/\/sport.luiss.it\/en\/wp-json\/wp\/v2\/posts\/1765","targetHints":{"allow":["GET"]}}],"collection":[{"href":"https:\/\/sport.luiss.it\/en\/wp-json\/wp\/v2\/posts"}],"about":[{"href":"https:\/\/sport.luiss.it\/en\/wp-json\/wp\/v2\/types\/post"}],"author":[{"embeddable":true,"href":"https:\/\/sport.luiss.it\/en\/wp-json\/wp\/v2\/users\/441"}],"replies":[{"embeddable":true,"href":"https:\/\/sport.luiss.it\/en\/wp-json\/wp\/v2\/comments?post=1765"}],"version-history":[{"count":0,"href":"https:\/\/sport.luiss.it\/en\/wp-json\/wp\/v2\/posts\/1765\/revisions"}],"wp:featuredmedia":[{"embeddable":true,"href":"https:\/\/sport.luiss.it\/en\/wp-json\/"}],"wp:attachment":[{"href":"https:\/\/sport.luiss.it\/en\/wp-json\/wp\/v2\/media?parent=1765"}],"wp:term":[{"taxonomy":"category","embeddable":true,"href":"https:\/\/sport.luiss.it\/en\/wp-json\/wp\/v2\/categories?post=1765"},{"taxonomy":"post_tag","embeddable":true,"href":"https:\/\/sport.luiss.it\/en\/wp-json\/wp\/v2\/tags?post=1765"}],"curies":[{"name":"wp","href":"https:\/\/api.w.org\/{rel}","templated":true}]}}