
{"id":19906,"date":"2018-07-14T08:30:34","date_gmt":"2018-07-14T06:30:34","guid":{"rendered":"https:\/\/sport.luiss.it\/?p=19906\/"},"modified":"2026-04-03T17:49:51","modified_gmt":"2026-04-03T15:49:51","slug":"mattia-caldara-provo-a-migliorare-ogni-giorno","status":"publish","type":"post","link":"https:\/\/sport.luiss.it\/en\/2018\/07\/14\/mattia-caldara-provo-a-migliorare-ogni-giorno\/","title":{"rendered":"Mattia Caldara: &#8220;Provo a migliorare ogni giorno&#8221;"},"content":{"rendered":"<p style=\"text-align: left;\">Il progetto <a href=\"https:\/\/sport.luiss.it\/luiss-sport-academy-2\/\">LUISS Sport Academy<\/a>, oramai avviato con grande successo,\u00a0vede tra i suoi Top Player Mattia Caldara, il quale nella giornata di ieri \u00e8 stato ufficialmente presentato alla stampa come calciatore della Juventus.<\/p>\n<p style=\"text-align: left;\">In realt\u00e0 il suo trasferimento era gi\u00e0 stato definito pi\u00f9 di un anno fa, quando la societ\u00e0 degli Agnelli acquist\u00f2 il cartellino di Mattia. All&#8217;epoca gli fu proposto di andare subito a Torino, ma lui, complice\u00a0il serio rischio di non trovare spazio tra i titolari a causa della poca esperienza, di comune accordo con la sua famiglia, ha preferito restare un altro anno a Bergamo per giocare in prestito all&#8217;Atalanta. A tal proposito ha dichiarato: &#8220;<em>Io e la mia famiglia abbiamo deciso che non ero pronto per un grande passo ed era meglio aspettare un anno e mezzo per questo cambiamento. Oltre alla squadra, \u00e8 diversa la mentalit\u00e0. Bisogna avere una certa esperienza e un&#8217;attitudine al lavoro, quindi penso sia stata la cosa migliore<\/em>&#8220;.<\/p>\n<p style=\"text-align: left;\">Durante la conferenza stampa ha sottolineato a pi\u00f9 riprese il suo rapporto con la famiglia, a gli amici e i suoi affetti: &#8220;<em>Alla mia famiglia devo tutto, \u00e8 grazie a loro se sono qui e se ho assunto un certo tipo di mentalit\u00e0. Grazie anche alla mia fidanzata e ai miei amici per il sostegno che non mi hanno mai fatto mancare&#8221;.\u00a0<\/em><\/p>\n<p style=\"text-align: left;\">Proprio grazie all&#8217;Atalanta nella recente stagione ha calcato per la prima volta in carriera i campi internazionali, con ben 8 presenze in Europa League, oltre ad essere sceso in campo per ben 24\u00a0volte nell&#8217;ultima stagione in Serie A, siglando anche 3 reti.<\/p>\n<p style=\"text-align: left;\">Incalzato poi dai giornalisti sulle sue aspettative per la stagione imminente ha risposto:\u00a0<em>&#8220;L&#8217;obiettivo di ogni giocatore \u00e8 giocare il pi\u00f9 possibile. Sar\u00e0 complicato, ma prover\u00f2 a giocarmi le mie chance quando avr\u00f2 l&#8217;opportunit\u00e0 di mettermi in mostra e dimostrare che valgo questa maglia, qui c&#8217;\u00e8 molta concorrenza perch\u00e9 ci sono giocatori forti nel mio ruolo e questo \u00e8 uno stimolo. All&#8217;inizio non sar\u00e0 facile ma cercher\u00f2 di imparare dai miei compagni, provando a migliorare tutti i giorni&#8221;.<\/em><\/p>\n<p style=\"text-align: left;\">Mattia ha dimostrato che nella vita non bisogna avere fretta, ma bisogna sempre essere umili e ad avere il coraggio di continuare a crescere, imparando e mettendosi in discussione, piuttosto che sentirsi gi\u00e0 affermati. Ha deciso infatti di non trascurare nemmeno la sua cultura e la sua carriera universitaria, a differenza di molti suoi colleghi, decidendo di aderire al progetto <a href=\"https:\/\/sport.luiss.it\/luiss-sport-academy-2\/\">LUISS Sport\u00a0Academy<\/a> e iscrivendosi al corso di <a href=\"https:\/\/www.luiss.it\/ammissione\/offerta-formativa\/economia-e-management\">Economia e Management<\/a>.<\/p>\n<p style=\"text-align: left;\">Questo \u00e8 sicuramente un bell&#8217;esempio da cui tutti gli studenti, atleti e non, possono prendere spunto per la loro vita quotidiana!<\/p>\n<p style=\"text-align: left;\"><a href=\"https:\/\/sport.luiss.it\/wp-content\/uploads\/2018\/07\/IMG_6317-13-07-18-05-03-e1531502664809.jpg\"><img loading=\"lazy\" decoding=\"async\" class=\"alignnone size-large wp-image-19908\" src=\"https:\/\/sport.luiss.it\/wp-content\/uploads\/2018\/07\/IMG_6317-13-07-18-05-03-e1531502664809-1024x633.jpg\" alt=\"IMG_6317-13-07-18-05-03\" width=\"1024\" height=\"633\" srcset=\"https:\/\/sport.luiss.it\/wp-content\/uploads\/2018\/07\/IMG_6317-13-07-18-05-03-e1531502664809-1024x633.jpg 1024w, https:\/\/sport.luiss.it\/wp-content\/uploads\/2018\/07\/IMG_6317-13-07-18-05-03-e1531502664809-300x185.jpg 300w, https:\/\/sport.luiss.it\/wp-content\/uploads\/2018\/07\/IMG_6317-13-07-18-05-03-e1531502664809-768x474.jpg 768w, https:\/\/sport.luiss.it\/wp-content\/uploads\/2018\/07\/IMG_6317-13-07-18-05-03-e1531502664809.jpg 1172w\" sizes=\"auto, (max-width: 1024px) 100vw, 1024px\" \/><\/a><\/p>\n","protected":false},"excerpt":{"rendered":"<p>Il progetto LUISS Sport Academy, oramai avviato con grande successo,\u00a0vede tra i suoi Top Player Mattia Caldara, il quale nella giornata di ieri \u00e8 stato ufficialmente presentato alla stampa come [&hellip;]<\/p>\n","protected":false},"author":521,"featured_media":0,"comment_status":"closed","ping_status":"closed","sticky":false,"template":"","format":"standard","meta":{"_monsterinsights_skip_tracking":false,"_monsterinsights_sitenote_active":false,"_monsterinsights_sitenote_note":"","_monsterinsights_sitenote_category":0,"footnotes":""},"categories":[56,140],"tags":[],"class_list":["post-19906","post","type-post","status-publish","format-standard","hentry","category-news-calcio-a-11-i-categoria","category-primo-piano"],"yoast_head":"<!-- This site is optimized with the Yoast SEO plugin v26.5 - https:\/\/yoast.com\/wordpress\/plugins\/seo\/ -->\n<title>Mattia Caldara: &quot;Provo a migliorare ogni giorno&quot; - Luiss Sport - Luiss Guido Carli<\/title>\n<meta name=\"robots\" content=\"index, follow, max-snippet:-1, max-image-preview:large, max-video-preview:-1\" \/>\n<link rel=\"canonical\" href=\"https:\/\/sport.luiss.it\/2018\/07\/14\/mattia-caldara-provo-a-migliorare-ogni-giorno\/\" \/>\n<meta property=\"og:locale\" content=\"en_US\" \/>\n<meta property=\"og:type\" content=\"article\" \/>\n<meta property=\"og:title\" content=\"Mattia Caldara: &quot;Provo a migliorare ogni giorno&quot; - Luiss Sport - Luiss Guido Carli\" \/>\n<meta property=\"og:description\" content=\"Il progetto LUISS Sport Academy, oramai avviato con grande successo,\u00a0vede tra i suoi Top Player Mattia Caldara, il quale nella giornata di ieri \u00e8 stato ufficialmente presentato alla stampa come [&hellip;]\" \/>\n<meta property=\"og:url\" content=\"https:\/\/sport.luiss.it\/2018\/07\/14\/mattia-caldara-provo-a-migliorare-ogni-giorno\/\" \/>\n<meta property=\"og:site_name\" content=\"Luiss Sport - Luiss Guido Carli\" \/>\n<meta property=\"article:publisher\" content=\"https:\/\/www.facebook.com\/sportluiss\/\" \/>\n<meta property=\"article:published_time\" content=\"2018-07-14T06:30:34+00:00\" \/>\n<meta property=\"article:modified_time\" content=\"2026-04-03T15:49:51+00:00\" \/>\n<meta property=\"og:image\" content=\"https:\/\/sport.luiss.it\/wp-content\/uploads\/2018\/07\/IMG_6317-13-07-18-05-03-e1531502664809.jpg\" \/>\n\t<meta property=\"og:image:width\" content=\"1172\" \/>\n\t<meta property=\"og:image:height\" content=\"724\" \/>\n\t<meta property=\"og:image:type\" content=\"image\/jpeg\" \/>\n<meta name=\"author\" content=\"sportluiss\" \/>\n<meta name=\"twitter:card\" content=\"summary_large_image\" \/>\n<meta name=\"twitter:label1\" content=\"Written by\" \/>\n\t<meta name=\"twitter:data1\" content=\"sportluiss\" \/>\n\t<meta name=\"twitter:label2\" content=\"Est. reading time\" \/>\n\t<meta name=\"twitter:data2\" content=\"2 minutes\" \/>\n<script type=\"application\/ld+json\" class=\"yoast-schema-graph\">{\"@context\":\"https:\/\/schema.org\",\"@graph\":[{\"@type\":\"WebPage\",\"@id\":\"https:\/\/sport.luiss.it\/2018\/07\/14\/mattia-caldara-provo-a-migliorare-ogni-giorno\/\",\"url\":\"https:\/\/sport.luiss.it\/2018\/07\/14\/mattia-caldara-provo-a-migliorare-ogni-giorno\/\",\"name\":\"Mattia Caldara: \\\"Provo a migliorare ogni giorno\\\" - Luiss Sport - Luiss Guido Carli\",\"isPartOf\":{\"@id\":\"https:\/\/sport.luiss.it\/#website\"},\"primaryImageOfPage\":{\"@id\":\"https:\/\/sport.luiss.it\/2018\/07\/14\/mattia-caldara-provo-a-migliorare-ogni-giorno\/#primaryimage\"},\"image\":{\"@id\":\"https:\/\/sport.luiss.it\/2018\/07\/14\/mattia-caldara-provo-a-migliorare-ogni-giorno\/#primaryimage\"},\"thumbnailUrl\":\"https:\/\/sport.luiss.it\/wp-content\/uploads\/2018\/07\/IMG_6317-13-07-18-05-03-e1531502664809-1024x633.jpg\",\"datePublished\":\"2018-07-14T06:30:34+00:00\",\"dateModified\":\"2026-04-03T15:49:51+00:00\",\"author\":{\"@id\":\"https:\/\/sport.luiss.it\/#\/schema\/person\/cf8f862118e51eaa8a4d5a6c814398c1\"},\"breadcrumb\":{\"@id\":\"https:\/\/sport.luiss.it\/2018\/07\/14\/mattia-caldara-provo-a-migliorare-ogni-giorno\/#breadcrumb\"},\"inLanguage\":\"en-US\",\"potentialAction\":[{\"@type\":\"ReadAction\",\"target\":[\"https:\/\/sport.luiss.it\/2018\/07\/14\/mattia-caldara-provo-a-migliorare-ogni-giorno\/\"]}]},{\"@type\":\"ImageObject\",\"inLanguage\":\"en-US\",\"@id\":\"https:\/\/sport.luiss.it\/2018\/07\/14\/mattia-caldara-provo-a-migliorare-ogni-giorno\/#primaryimage\",\"url\":\"https:\/\/sport.luiss.it\/wp-content\/uploads\/2018\/07\/IMG_6317-13-07-18-05-03-e1531502664809-1024x633.jpg\",\"contentUrl\":\"https:\/\/sport.luiss.it\/wp-content\/uploads\/2018\/07\/IMG_6317-13-07-18-05-03-e1531502664809-1024x633.jpg\"},{\"@type\":\"BreadcrumbList\",\"@id\":\"https:\/\/sport.luiss.it\/2018\/07\/14\/mattia-caldara-provo-a-migliorare-ogni-giorno\/#breadcrumb\",\"itemListElement\":[{\"@type\":\"ListItem\",\"position\":1,\"name\":\"Home\",\"item\":\"https:\/\/sport.luiss.it\/en\/\"},{\"@type\":\"ListItem\",\"position\":2,\"name\":\"Mattia Caldara: &#8220;Provo a migliorare ogni giorno&#8221;\"}]},{\"@type\":\"WebSite\",\"@id\":\"https:\/\/sport.luiss.it\/#website\",\"url\":\"https:\/\/sport.luiss.it\/\",\"name\":\"Luiss Sport - Luiss Guido Carli\",\"description\":\"Luiss Sport\",\"potentialAction\":[{\"@type\":\"SearchAction\",\"target\":{\"@type\":\"EntryPoint\",\"urlTemplate\":\"https:\/\/sport.luiss.it\/?s={search_term_string}\"},\"query-input\":{\"@type\":\"PropertyValueSpecification\",\"valueRequired\":true,\"valueName\":\"search_term_string\"}}],\"inLanguage\":\"en-US\"},{\"@type\":\"Person\",\"@id\":\"https:\/\/sport.luiss.it\/#\/schema\/person\/cf8f862118e51eaa8a4d5a6c814398c1\",\"name\":\"sportluiss\",\"image\":{\"@type\":\"ImageObject\",\"inLanguage\":\"en-US\",\"@id\":\"https:\/\/sport.luiss.it\/#\/schema\/person\/image\/\",\"url\":\"https:\/\/secure.gravatar.com\/avatar\/1be9cca21a056494284517b4865ee67405b54eff789d4c925013e7d4ef1368b0?s=96&d=mm&r=g\",\"contentUrl\":\"https:\/\/secure.gravatar.com\/avatar\/1be9cca21a056494284517b4865ee67405b54eff789d4c925013e7d4ef1368b0?s=96&d=mm&r=g\",\"caption\":\"sportluiss\"}}]}<\/script>\n<!-- \/ Yoast SEO plugin. -->","yoast_head_json":{"title":"Mattia Caldara: \"Provo a migliorare ogni giorno\" - Luiss Sport - Luiss Guido Carli","robots":{"index":"index","follow":"follow","max-snippet":"max-snippet:-1","max-image-preview":"max-image-preview:large","max-video-preview":"max-video-preview:-1"},"canonical":"https:\/\/sport.luiss.it\/2018\/07\/14\/mattia-caldara-provo-a-migliorare-ogni-giorno\/","og_locale":"en_US","og_type":"article","og_title":"Mattia Caldara: \"Provo a migliorare ogni giorno\" - Luiss Sport - Luiss Guido Carli","og_description":"Il progetto LUISS Sport Academy, oramai avviato con grande successo,\u00a0vede tra i suoi Top Player Mattia Caldara, il quale nella giornata di ieri \u00e8 stato ufficialmente presentato alla stampa come [&hellip;]","og_url":"https:\/\/sport.luiss.it\/2018\/07\/14\/mattia-caldara-provo-a-migliorare-ogni-giorno\/","og_site_name":"Luiss Sport - Luiss Guido Carli","article_publisher":"https:\/\/www.facebook.com\/sportluiss\/","article_published_time":"2018-07-14T06:30:34+00:00","article_modified_time":"2026-04-03T15:49:51+00:00","og_image":[{"width":1172,"height":724,"url":"https:\/\/sport.luiss.it\/wp-content\/uploads\/2018\/07\/IMG_6317-13-07-18-05-03-e1531502664809.jpg","type":"image\/jpeg"}],"author":"sportluiss","twitter_card":"summary_large_image","twitter_misc":{"Written by":"sportluiss","Est. reading time":"2 minutes"},"schema":{"@context":"https:\/\/schema.org","@graph":[{"@type":"WebPage","@id":"https:\/\/sport.luiss.it\/2018\/07\/14\/mattia-caldara-provo-a-migliorare-ogni-giorno\/","url":"https:\/\/sport.luiss.it\/2018\/07\/14\/mattia-caldara-provo-a-migliorare-ogni-giorno\/","name":"Mattia Caldara: \"Provo a migliorare ogni giorno\" - Luiss Sport - Luiss Guido Carli","isPartOf":{"@id":"https:\/\/sport.luiss.it\/#website"},"primaryImageOfPage":{"@id":"https:\/\/sport.luiss.it\/2018\/07\/14\/mattia-caldara-provo-a-migliorare-ogni-giorno\/#primaryimage"},"image":{"@id":"https:\/\/sport.luiss.it\/2018\/07\/14\/mattia-caldara-provo-a-migliorare-ogni-giorno\/#primaryimage"},"thumbnailUrl":"https:\/\/sport.luiss.it\/wp-content\/uploads\/2018\/07\/IMG_6317-13-07-18-05-03-e1531502664809-1024x633.jpg","datePublished":"2018-07-14T06:30:34+00:00","dateModified":"2026-04-03T15:49:51+00:00","author":{"@id":"https:\/\/sport.luiss.it\/#\/schema\/person\/cf8f862118e51eaa8a4d5a6c814398c1"},"breadcrumb":{"@id":"https:\/\/sport.luiss.it\/2018\/07\/14\/mattia-caldara-provo-a-migliorare-ogni-giorno\/#breadcrumb"},"inLanguage":"en-US","potentialAction":[{"@type":"ReadAction","target":["https:\/\/sport.luiss.it\/2018\/07\/14\/mattia-caldara-provo-a-migliorare-ogni-giorno\/"]}]},{"@type":"ImageObject","inLanguage":"en-US","@id":"https:\/\/sport.luiss.it\/2018\/07\/14\/mattia-caldara-provo-a-migliorare-ogni-giorno\/#primaryimage","url":"https:\/\/sport.luiss.it\/wp-content\/uploads\/2018\/07\/IMG_6317-13-07-18-05-03-e1531502664809-1024x633.jpg","contentUrl":"https:\/\/sport.luiss.it\/wp-content\/uploads\/2018\/07\/IMG_6317-13-07-18-05-03-e1531502664809-1024x633.jpg"},{"@type":"BreadcrumbList","@id":"https:\/\/sport.luiss.it\/2018\/07\/14\/mattia-caldara-provo-a-migliorare-ogni-giorno\/#breadcrumb","itemListElement":[{"@type":"ListItem","position":1,"name":"Home","item":"https:\/\/sport.luiss.it\/en\/"},{"@type":"ListItem","position":2,"name":"Mattia Caldara: &#8220;Provo a migliorare ogni giorno&#8221;"}]},{"@type":"WebSite","@id":"https:\/\/sport.luiss.it\/#website","url":"https:\/\/sport.luiss.it\/","name":"Luiss Sport - Luiss Guido Carli","description":"Luiss Sport","potentialAction":[{"@type":"SearchAction","target":{"@type":"EntryPoint","urlTemplate":"https:\/\/sport.luiss.it\/?s={search_term_string}"},"query-input":{"@type":"PropertyValueSpecification","valueRequired":true,"valueName":"search_term_string"}}],"inLanguage":"en-US"},{"@type":"Person","@id":"https:\/\/sport.luiss.it\/#\/schema\/person\/cf8f862118e51eaa8a4d5a6c814398c1","name":"sportluiss","image":{"@type":"ImageObject","inLanguage":"en-US","@id":"https:\/\/sport.luiss.it\/#\/schema\/person\/image\/","url":"https:\/\/secure.gravatar.com\/avatar\/1be9cca21a056494284517b4865ee67405b54eff789d4c925013e7d4ef1368b0?s=96&d=mm&r=g","contentUrl":"https:\/\/secure.gravatar.com\/avatar\/1be9cca21a056494284517b4865ee67405b54eff789d4c925013e7d4ef1368b0?s=96&d=mm&r=g","caption":"sportluiss"}}]}},"_links":{"self":[{"href":"https:\/\/sport.luiss.it\/en\/wp-json\/wp\/v2\/posts\/19906","targetHints":{"allow":["GET"]}}],"collection":[{"href":"https:\/\/sport.luiss.it\/en\/wp-json\/wp\/v2\/posts"}],"about":[{"href":"https:\/\/sport.luiss.it\/en\/wp-json\/wp\/v2\/types\/post"}],"author":[{"embeddable":true,"href":"https:\/\/sport.luiss.it\/en\/wp-json\/wp\/v2\/users\/521"}],"replies":[{"embeddable":true,"href":"https:\/\/sport.luiss.it\/en\/wp-json\/wp\/v2\/comments?post=19906"}],"version-history":[{"count":3,"href":"https:\/\/sport.luiss.it\/en\/wp-json\/wp\/v2\/posts\/19906\/revisions"}],"predecessor-version":[{"id":19924,"href":"https:\/\/sport.luiss.it\/en\/wp-json\/wp\/v2\/posts\/19906\/revisions\/19924"}],"wp:attachment":[{"href":"https:\/\/sport.luiss.it\/en\/wp-json\/wp\/v2\/media?parent=19906"}],"wp:term":[{"taxonomy":"category","embeddable":true,"href":"https:\/\/sport.luiss.it\/en\/wp-json\/wp\/v2\/categories?post=19906"},{"taxonomy":"post_tag","embeddable":true,"href":"https:\/\/sport.luiss.it\/en\/wp-json\/wp\/v2\/tags?post=19906"}],"curies":[{"name":"wp","href":"https:\/\/api.w.org\/{rel}","templated":true}]}}