
{"id":21,"date":"2008-10-05T14:58:28","date_gmt":"2008-10-05T12:58:28","guid":{"rendered":"https:\/\/www.luiss.it\/sport\/demo\/?p=21"},"modified":"2008-10-05T14:58:28","modified_gmt":"2008-10-05T12:58:28","slug":"la-luiss-non-decolla","status":"publish","type":"post","link":"https:\/\/sport.luiss.it\/en\/2008\/10\/05\/la-luiss-non-decolla\/","title":{"rendered":"La Luiss non decolla"},"content":{"rendered":"<p>Inizia nel peggiore dei modi la stagione 2008\/09 della Luiss nel campionato di serice C1 di basket.<\/p>\n<p>Dopo la sconfitta al supplementare della prima giornata la Luiss, in casa, ma senza spettatori per una squalifica della scosa stagione, ha perso malamente contro Torre de&#8217; Passeri  per 67-75.<\/p>\n<p>Sempre costretti ad inseguire gli univesitari si sono tenuti incollati grazie alla verve offensiva di Spizzico e Giambene.  Questa Luiss \u00e8 senza gioco e si aggrappa spesso e volentieri a soluzioni forzate e tiri da oltre l&#8217;arco da tre.<\/p>\n<p>Subisce a rimbalzo, non spinge in contropiede e soprattutto lascia troppo ai nostri avversari!  E&#8217; presto per dare giudizi, certo \u00e8 che una partenza cos\u00ec la si poteva evitare, soprattutto perch\u00e8 nell&#8217;arco degli ottantacinque minuti il gioco degli universitari \u00e8 sembrato confuso e poco incisivo.<\/p>\n<p>Il prossimo appuntamento \u00e8 per domenica prossima sul campo non facile di Orvieto, ma siamo convinti che alla Luiss basta una piccola scintilla per riprendere a macinare.<\/p>\n","protected":false},"excerpt":{"rendered":"<p>Inizia nel peggiore dei modi la stagione 2008\/09 della Luiss nel campionato di serice C1 di basket. Dopo la sconfitta al supplementare della prima giornata la Luiss, in casa, ma [&hellip;]<\/p>\n","protected":false},"author":441,"featured_media":0,"comment_status":"closed","ping_status":"closed","sticky":false,"template":"","format":"standard","meta":{"_monsterinsights_skip_tracking":false,"_monsterinsights_sitenote_active":false,"_monsterinsights_sitenote_note":"","_monsterinsights_sitenote_category":0,"footnotes":""},"categories":[114],"tags":[],"class_list":["post-21","post","type-post","status-publish","format-standard","hentry","category-news-basket-c"],"yoast_head":"<!-- This site is optimized with the Yoast SEO plugin v26.5 - https:\/\/yoast.com\/wordpress\/plugins\/seo\/ -->\n<title>La Luiss non decolla - Luiss Sport - Luiss Guido Carli<\/title>\n<meta name=\"robots\" content=\"index, follow, max-snippet:-1, max-image-preview:large, max-video-preview:-1\" \/>\n<link rel=\"canonical\" href=\"https:\/\/sport.luiss.it\/2008\/10\/05\/la-luiss-non-decolla\/\" \/>\n<meta property=\"og:locale\" content=\"en_US\" \/>\n<meta property=\"og:type\" content=\"article\" \/>\n<meta property=\"og:title\" content=\"La Luiss non decolla - Luiss Sport - Luiss Guido Carli\" \/>\n<meta property=\"og:description\" content=\"Inizia nel peggiore dei modi la stagione 2008\/09 della Luiss nel campionato di serice C1 di basket. Dopo la sconfitta al supplementare della prima giornata la Luiss, in casa, ma [&hellip;]\" \/>\n<meta property=\"og:url\" content=\"https:\/\/sport.luiss.it\/2008\/10\/05\/la-luiss-non-decolla\/\" \/>\n<meta property=\"og:site_name\" content=\"Luiss Sport - Luiss Guido Carli\" \/>\n<meta property=\"article:publisher\" content=\"https:\/\/www.facebook.com\/sportluiss\/\" \/>\n<meta property=\"article:published_time\" content=\"2008-10-05T12:58:28+00:00\" \/>\n<meta name=\"twitter:card\" content=\"summary_large_image\" \/>\n<meta name=\"twitter:label1\" content=\"Written by\" \/>\n\t<meta name=\"twitter:data1\" content=\"\" \/>\n\t<meta name=\"twitter:label2\" content=\"Est. reading time\" \/>\n\t<meta name=\"twitter:data2\" content=\"1 minute\" \/>\n<script type=\"application\/ld+json\" class=\"yoast-schema-graph\">{\"@context\":\"https:\/\/schema.org\",\"@graph\":[{\"@type\":\"WebPage\",\"@id\":\"https:\/\/sport.luiss.it\/2008\/10\/05\/la-luiss-non-decolla\/\",\"url\":\"https:\/\/sport.luiss.it\/2008\/10\/05\/la-luiss-non-decolla\/\",\"name\":\"La Luiss non decolla - Luiss Sport - Luiss Guido Carli\",\"isPartOf\":{\"@id\":\"https:\/\/sport.luiss.it\/#website\"},\"datePublished\":\"2008-10-05T12:58:28+00:00\",\"author\":{\"@id\":\"\"},\"breadcrumb\":{\"@id\":\"https:\/\/sport.luiss.it\/2008\/10\/05\/la-luiss-non-decolla\/#breadcrumb\"},\"inLanguage\":\"en-US\",\"potentialAction\":[{\"@type\":\"ReadAction\",\"target\":[\"https:\/\/sport.luiss.it\/2008\/10\/05\/la-luiss-non-decolla\/\"]}]},{\"@type\":\"BreadcrumbList\",\"@id\":\"https:\/\/sport.luiss.it\/2008\/10\/05\/la-luiss-non-decolla\/#breadcrumb\",\"itemListElement\":[{\"@type\":\"ListItem\",\"position\":1,\"name\":\"Home\",\"item\":\"https:\/\/sport.luiss.it\/en\/\"},{\"@type\":\"ListItem\",\"position\":2,\"name\":\"La Luiss non decolla\"}]},{\"@type\":\"WebSite\",\"@id\":\"https:\/\/sport.luiss.it\/#website\",\"url\":\"https:\/\/sport.luiss.it\/\",\"name\":\"Luiss Sport - Luiss Guido Carli\",\"description\":\"Luiss Sport\",\"potentialAction\":[{\"@type\":\"SearchAction\",\"target\":{\"@type\":\"EntryPoint\",\"urlTemplate\":\"https:\/\/sport.luiss.it\/?s={search_term_string}\"},\"query-input\":{\"@type\":\"PropertyValueSpecification\",\"valueRequired\":true,\"valueName\":\"search_term_string\"}}],\"inLanguage\":\"en-US\"},{\"@type\":\"Person\",\"@id\":\"\"}]}<\/script>\n<!-- \/ Yoast SEO plugin. -->","yoast_head_json":{"title":"La Luiss non decolla - Luiss Sport - Luiss Guido Carli","robots":{"index":"index","follow":"follow","max-snippet":"max-snippet:-1","max-image-preview":"max-image-preview:large","max-video-preview":"max-video-preview:-1"},"canonical":"https:\/\/sport.luiss.it\/2008\/10\/05\/la-luiss-non-decolla\/","og_locale":"en_US","og_type":"article","og_title":"La Luiss non decolla - Luiss Sport - Luiss Guido Carli","og_description":"Inizia nel peggiore dei modi la stagione 2008\/09 della Luiss nel campionato di serice C1 di basket. Dopo la sconfitta al supplementare della prima giornata la Luiss, in casa, ma [&hellip;]","og_url":"https:\/\/sport.luiss.it\/2008\/10\/05\/la-luiss-non-decolla\/","og_site_name":"Luiss Sport - Luiss Guido Carli","article_publisher":"https:\/\/www.facebook.com\/sportluiss\/","article_published_time":"2008-10-05T12:58:28+00:00","twitter_card":"summary_large_image","twitter_misc":{"Written by":"","Est. reading time":"1 minute"},"schema":{"@context":"https:\/\/schema.org","@graph":[{"@type":"WebPage","@id":"https:\/\/sport.luiss.it\/2008\/10\/05\/la-luiss-non-decolla\/","url":"https:\/\/sport.luiss.it\/2008\/10\/05\/la-luiss-non-decolla\/","name":"La Luiss non decolla - Luiss Sport - Luiss Guido Carli","isPartOf":{"@id":"https:\/\/sport.luiss.it\/#website"},"datePublished":"2008-10-05T12:58:28+00:00","author":{"@id":""},"breadcrumb":{"@id":"https:\/\/sport.luiss.it\/2008\/10\/05\/la-luiss-non-decolla\/#breadcrumb"},"inLanguage":"en-US","potentialAction":[{"@type":"ReadAction","target":["https:\/\/sport.luiss.it\/2008\/10\/05\/la-luiss-non-decolla\/"]}]},{"@type":"BreadcrumbList","@id":"https:\/\/sport.luiss.it\/2008\/10\/05\/la-luiss-non-decolla\/#breadcrumb","itemListElement":[{"@type":"ListItem","position":1,"name":"Home","item":"https:\/\/sport.luiss.it\/en\/"},{"@type":"ListItem","position":2,"name":"La Luiss non decolla"}]},{"@type":"WebSite","@id":"https:\/\/sport.luiss.it\/#website","url":"https:\/\/sport.luiss.it\/","name":"Luiss Sport - Luiss Guido Carli","description":"Luiss Sport","potentialAction":[{"@type":"SearchAction","target":{"@type":"EntryPoint","urlTemplate":"https:\/\/sport.luiss.it\/?s={search_term_string}"},"query-input":{"@type":"PropertyValueSpecification","valueRequired":true,"valueName":"search_term_string"}}],"inLanguage":"en-US"},{"@type":"Person","@id":""}]}},"_links":{"self":[{"href":"https:\/\/sport.luiss.it\/en\/wp-json\/wp\/v2\/posts\/21","targetHints":{"allow":["GET"]}}],"collection":[{"href":"https:\/\/sport.luiss.it\/en\/wp-json\/wp\/v2\/posts"}],"about":[{"href":"https:\/\/sport.luiss.it\/en\/wp-json\/wp\/v2\/types\/post"}],"author":[{"embeddable":true,"href":"https:\/\/sport.luiss.it\/en\/wp-json\/wp\/v2\/users\/441"}],"replies":[{"embeddable":true,"href":"https:\/\/sport.luiss.it\/en\/wp-json\/wp\/v2\/comments?post=21"}],"version-history":[{"count":0,"href":"https:\/\/sport.luiss.it\/en\/wp-json\/wp\/v2\/posts\/21\/revisions"}],"wp:attachment":[{"href":"https:\/\/sport.luiss.it\/en\/wp-json\/wp\/v2\/media?parent=21"}],"wp:term":[{"taxonomy":"category","embeddable":true,"href":"https:\/\/sport.luiss.it\/en\/wp-json\/wp\/v2\/categories?post=21"},{"taxonomy":"post_tag","embeddable":true,"href":"https:\/\/sport.luiss.it\/en\/wp-json\/wp\/v2\/tags?post=21"}],"curies":[{"name":"wp","href":"https:\/\/api.w.org\/{rel}","templated":true}]}}