
{"id":21315,"date":"2019-01-28T10:52:50","date_gmt":"2019-01-28T09:52:50","guid":{"rendered":"https:\/\/sport.luiss.it\/?p=21315\/"},"modified":"2026-04-03T17:49:41","modified_gmt":"2026-04-03T15:49:41","slug":"fioretto-doro-tokyo","status":"publish","type":"post","link":"https:\/\/sport.luiss.it\/en\/2019\/01\/28\/fioretto-doro-tokyo\/","title":{"rendered":"Fioretto d&#8217;Oro a Tokyo!!"},"content":{"rendered":"<p>Dopo 2 anni l&#8217;Italia del fioretto maschile a squadre torna sul gradino pi\u00f9 alto del podio.<\/p>\n<p>Succede nella tappa di Coppa del Mondo a Tokyo con il quartetto azzurro composto da Daniele Garozzo, Alessio Foconi, Andrea Cassar\u00e0 ed il nostro Top Athlete Giorgio Avola. Una volta arrivati in semi-finale ed\u00a0aver battuto la Russia 45-29, pareggiando cosi&#8217; i conti per la sconfitta subita a Parigi, i ragazzi hanno conquistato l&#8217;Oro battendo in finale gli Stati Uniti 45-43.<\/p>\n<p>La tappa si \u00e8 disputata proprio sulle stesse pedane che tra poco pi\u00f9 di un anno ospiteranno i Giochi Olimpici, facendo quindi ben sperare in vista dell&#8217;evento pi\u00f9 atteso da tutti gli atleti e gli appassionati di sport.<\/p>\n<p>Ancora una volta, dopo tre podi conquistati nelle ultime tre tappe della Coppa del Mondo il nostro Giorgio Avola si \u00e8 confermato ai vertici del fioretto mondiale,\u00a0la sua esperienza non pu\u00f2 che esser presa\u00a0da esempio per tutti coloro che, praticando sport ad altissimi livelli, vogliono intraprendere un percorso universitario d&#8217;eccellenza.<\/p>\n<p>Questo \u00e8 il binomio a cui per prima ha creduto l&#8217;Universit\u00e0 LUISS, prevedendo, tramite la LUISS Sport Academy, il percorso Dual Career che permette agli studenti-atleti di ben conciliare\u00a0studio e sport.<\/p>\n<p>Bravo Giorgio!!<\/p>\n","protected":false},"excerpt":{"rendered":"<p>Dopo 2 anni l&#8217;Italia del fioretto maschile a squadre torna sul gradino pi\u00f9 alto del podio. Succede nella tappa di Coppa del Mondo a Tokyo con il quartetto azzurro composto [&hellip;]<\/p>\n","protected":false},"author":521,"featured_media":21316,"comment_status":"closed","ping_status":"closed","sticky":false,"template":"","format":"standard","meta":{"_monsterinsights_skip_tracking":false,"_monsterinsights_sitenote_active":false,"_monsterinsights_sitenote_note":"","_monsterinsights_sitenote_category":0,"footnotes":""},"categories":[186,140,273],"tags":[],"class_list":["post-21315","post","type-post","status-publish","format-standard","has-post-thumbnail","hentry","category-news-eventi","category-primo-piano","category-top-athletes-news"],"yoast_head":"<!-- This site is optimized with the Yoast SEO plugin v26.5 - https:\/\/yoast.com\/wordpress\/plugins\/seo\/ -->\n<title>Fioretto d&#039;Oro a Tokyo!! - Luiss Sport - Luiss Guido Carli<\/title>\n<meta name=\"robots\" content=\"index, follow, max-snippet:-1, max-image-preview:large, max-video-preview:-1\" \/>\n<link rel=\"canonical\" href=\"https:\/\/sport.luiss.it\/2019\/01\/28\/fioretto-doro-tokyo\/\" \/>\n<meta property=\"og:locale\" content=\"en_US\" \/>\n<meta property=\"og:type\" content=\"article\" \/>\n<meta property=\"og:title\" content=\"Fioretto d&#039;Oro a Tokyo!! - Luiss Sport - Luiss Guido Carli\" \/>\n<meta property=\"og:description\" content=\"Dopo 2 anni l&#8217;Italia del fioretto maschile a squadre torna sul gradino pi\u00f9 alto del podio. Succede nella tappa di Coppa del Mondo a Tokyo con il quartetto azzurro composto [&hellip;]\" \/>\n<meta property=\"og:url\" content=\"https:\/\/sport.luiss.it\/2019\/01\/28\/fioretto-doro-tokyo\/\" \/>\n<meta property=\"og:site_name\" content=\"Luiss Sport - Luiss Guido Carli\" \/>\n<meta property=\"article:publisher\" content=\"https:\/\/www.facebook.com\/sportluiss\/\" \/>\n<meta property=\"article:published_time\" content=\"2019-01-28T09:52:50+00:00\" \/>\n<meta property=\"article:modified_time\" content=\"2026-04-03T15:49:41+00:00\" \/>\n<meta property=\"og:image\" content=\"https:\/\/sport.luiss.it\/wp-content\/uploads\/2019\/01\/TOKYO2019.jpg\" \/>\n\t<meta property=\"og:image:width\" content=\"2362\" \/>\n\t<meta property=\"og:image:height\" content=\"1480\" \/>\n\t<meta property=\"og:image:type\" content=\"image\/jpeg\" \/>\n<meta name=\"author\" content=\"sportluiss\" \/>\n<meta name=\"twitter:card\" content=\"summary_large_image\" \/>\n<meta name=\"twitter:label1\" content=\"Written by\" \/>\n\t<meta name=\"twitter:data1\" content=\"sportluiss\" \/>\n\t<meta name=\"twitter:label2\" content=\"Est. reading time\" \/>\n\t<meta name=\"twitter:data2\" content=\"1 minute\" \/>\n<script type=\"application\/ld+json\" class=\"yoast-schema-graph\">{\"@context\":\"https:\/\/schema.org\",\"@graph\":[{\"@type\":\"WebPage\",\"@id\":\"https:\/\/sport.luiss.it\/2019\/01\/28\/fioretto-doro-tokyo\/\",\"url\":\"https:\/\/sport.luiss.it\/2019\/01\/28\/fioretto-doro-tokyo\/\",\"name\":\"Fioretto d'Oro a Tokyo!! - Luiss Sport - Luiss Guido Carli\",\"isPartOf\":{\"@id\":\"https:\/\/sport.luiss.it\/#website\"},\"primaryImageOfPage\":{\"@id\":\"https:\/\/sport.luiss.it\/2019\/01\/28\/fioretto-doro-tokyo\/#primaryimage\"},\"image\":{\"@id\":\"https:\/\/sport.luiss.it\/2019\/01\/28\/fioretto-doro-tokyo\/#primaryimage\"},\"thumbnailUrl\":\"https:\/\/sport.luiss.it\/wp-content\/uploads\/2019\/01\/TOKYO2019.jpg\",\"datePublished\":\"2019-01-28T09:52:50+00:00\",\"dateModified\":\"2026-04-03T15:49:41+00:00\",\"author\":{\"@id\":\"https:\/\/sport.luiss.it\/#\/schema\/person\/cf8f862118e51eaa8a4d5a6c814398c1\"},\"breadcrumb\":{\"@id\":\"https:\/\/sport.luiss.it\/2019\/01\/28\/fioretto-doro-tokyo\/#breadcrumb\"},\"inLanguage\":\"en-US\",\"potentialAction\":[{\"@type\":\"ReadAction\",\"target\":[\"https:\/\/sport.luiss.it\/2019\/01\/28\/fioretto-doro-tokyo\/\"]}]},{\"@type\":\"ImageObject\",\"inLanguage\":\"en-US\",\"@id\":\"https:\/\/sport.luiss.it\/2019\/01\/28\/fioretto-doro-tokyo\/#primaryimage\",\"url\":\"https:\/\/sport.luiss.it\/wp-content\/uploads\/2019\/01\/TOKYO2019.jpg\",\"contentUrl\":\"https:\/\/sport.luiss.it\/wp-content\/uploads\/2019\/01\/TOKYO2019.jpg\",\"width\":2362,\"height\":1480},{\"@type\":\"BreadcrumbList\",\"@id\":\"https:\/\/sport.luiss.it\/2019\/01\/28\/fioretto-doro-tokyo\/#breadcrumb\",\"itemListElement\":[{\"@type\":\"ListItem\",\"position\":1,\"name\":\"Home\",\"item\":\"https:\/\/sport.luiss.it\/en\/\"},{\"@type\":\"ListItem\",\"position\":2,\"name\":\"Fioretto d&#8217;Oro a Tokyo!!\"}]},{\"@type\":\"WebSite\",\"@id\":\"https:\/\/sport.luiss.it\/#website\",\"url\":\"https:\/\/sport.luiss.it\/\",\"name\":\"Luiss Sport - Luiss Guido Carli\",\"description\":\"Luiss Sport\",\"potentialAction\":[{\"@type\":\"SearchAction\",\"target\":{\"@type\":\"EntryPoint\",\"urlTemplate\":\"https:\/\/sport.luiss.it\/?s={search_term_string}\"},\"query-input\":{\"@type\":\"PropertyValueSpecification\",\"valueRequired\":true,\"valueName\":\"search_term_string\"}}],\"inLanguage\":\"en-US\"},{\"@type\":\"Person\",\"@id\":\"https:\/\/sport.luiss.it\/#\/schema\/person\/cf8f862118e51eaa8a4d5a6c814398c1\",\"name\":\"sportluiss\",\"image\":{\"@type\":\"ImageObject\",\"inLanguage\":\"en-US\",\"@id\":\"https:\/\/sport.luiss.it\/#\/schema\/person\/image\/\",\"url\":\"https:\/\/secure.gravatar.com\/avatar\/1be9cca21a056494284517b4865ee67405b54eff789d4c925013e7d4ef1368b0?s=96&d=mm&r=g\",\"contentUrl\":\"https:\/\/secure.gravatar.com\/avatar\/1be9cca21a056494284517b4865ee67405b54eff789d4c925013e7d4ef1368b0?s=96&d=mm&r=g\",\"caption\":\"sportluiss\"}}]}<\/script>\n<!-- \/ Yoast SEO plugin. -->","yoast_head_json":{"title":"Fioretto d'Oro a Tokyo!! - Luiss Sport - Luiss Guido Carli","robots":{"index":"index","follow":"follow","max-snippet":"max-snippet:-1","max-image-preview":"max-image-preview:large","max-video-preview":"max-video-preview:-1"},"canonical":"https:\/\/sport.luiss.it\/2019\/01\/28\/fioretto-doro-tokyo\/","og_locale":"en_US","og_type":"article","og_title":"Fioretto d'Oro a Tokyo!! - Luiss Sport - Luiss Guido Carli","og_description":"Dopo 2 anni l&#8217;Italia del fioretto maschile a squadre torna sul gradino pi\u00f9 alto del podio. Succede nella tappa di Coppa del Mondo a Tokyo con il quartetto azzurro composto [&hellip;]","og_url":"https:\/\/sport.luiss.it\/2019\/01\/28\/fioretto-doro-tokyo\/","og_site_name":"Luiss Sport - Luiss Guido Carli","article_publisher":"https:\/\/www.facebook.com\/sportluiss\/","article_published_time":"2019-01-28T09:52:50+00:00","article_modified_time":"2026-04-03T15:49:41+00:00","og_image":[{"width":2362,"height":1480,"url":"https:\/\/sport.luiss.it\/wp-content\/uploads\/2019\/01\/TOKYO2019.jpg","type":"image\/jpeg"}],"author":"sportluiss","twitter_card":"summary_large_image","twitter_misc":{"Written by":"sportluiss","Est. reading time":"1 minute"},"schema":{"@context":"https:\/\/schema.org","@graph":[{"@type":"WebPage","@id":"https:\/\/sport.luiss.it\/2019\/01\/28\/fioretto-doro-tokyo\/","url":"https:\/\/sport.luiss.it\/2019\/01\/28\/fioretto-doro-tokyo\/","name":"Fioretto d'Oro a Tokyo!! - Luiss Sport - Luiss Guido Carli","isPartOf":{"@id":"https:\/\/sport.luiss.it\/#website"},"primaryImageOfPage":{"@id":"https:\/\/sport.luiss.it\/2019\/01\/28\/fioretto-doro-tokyo\/#primaryimage"},"image":{"@id":"https:\/\/sport.luiss.it\/2019\/01\/28\/fioretto-doro-tokyo\/#primaryimage"},"thumbnailUrl":"https:\/\/sport.luiss.it\/wp-content\/uploads\/2019\/01\/TOKYO2019.jpg","datePublished":"2019-01-28T09:52:50+00:00","dateModified":"2026-04-03T15:49:41+00:00","author":{"@id":"https:\/\/sport.luiss.it\/#\/schema\/person\/cf8f862118e51eaa8a4d5a6c814398c1"},"breadcrumb":{"@id":"https:\/\/sport.luiss.it\/2019\/01\/28\/fioretto-doro-tokyo\/#breadcrumb"},"inLanguage":"en-US","potentialAction":[{"@type":"ReadAction","target":["https:\/\/sport.luiss.it\/2019\/01\/28\/fioretto-doro-tokyo\/"]}]},{"@type":"ImageObject","inLanguage":"en-US","@id":"https:\/\/sport.luiss.it\/2019\/01\/28\/fioretto-doro-tokyo\/#primaryimage","url":"https:\/\/sport.luiss.it\/wp-content\/uploads\/2019\/01\/TOKYO2019.jpg","contentUrl":"https:\/\/sport.luiss.it\/wp-content\/uploads\/2019\/01\/TOKYO2019.jpg","width":2362,"height":1480},{"@type":"BreadcrumbList","@id":"https:\/\/sport.luiss.it\/2019\/01\/28\/fioretto-doro-tokyo\/#breadcrumb","itemListElement":[{"@type":"ListItem","position":1,"name":"Home","item":"https:\/\/sport.luiss.it\/en\/"},{"@type":"ListItem","position":2,"name":"Fioretto d&#8217;Oro a Tokyo!!"}]},{"@type":"WebSite","@id":"https:\/\/sport.luiss.it\/#website","url":"https:\/\/sport.luiss.it\/","name":"Luiss Sport - Luiss Guido Carli","description":"Luiss Sport","potentialAction":[{"@type":"SearchAction","target":{"@type":"EntryPoint","urlTemplate":"https:\/\/sport.luiss.it\/?s={search_term_string}"},"query-input":{"@type":"PropertyValueSpecification","valueRequired":true,"valueName":"search_term_string"}}],"inLanguage":"en-US"},{"@type":"Person","@id":"https:\/\/sport.luiss.it\/#\/schema\/person\/cf8f862118e51eaa8a4d5a6c814398c1","name":"sportluiss","image":{"@type":"ImageObject","inLanguage":"en-US","@id":"https:\/\/sport.luiss.it\/#\/schema\/person\/image\/","url":"https:\/\/secure.gravatar.com\/avatar\/1be9cca21a056494284517b4865ee67405b54eff789d4c925013e7d4ef1368b0?s=96&d=mm&r=g","contentUrl":"https:\/\/secure.gravatar.com\/avatar\/1be9cca21a056494284517b4865ee67405b54eff789d4c925013e7d4ef1368b0?s=96&d=mm&r=g","caption":"sportluiss"}}]}},"_links":{"self":[{"href":"https:\/\/sport.luiss.it\/en\/wp-json\/wp\/v2\/posts\/21315","targetHints":{"allow":["GET"]}}],"collection":[{"href":"https:\/\/sport.luiss.it\/en\/wp-json\/wp\/v2\/posts"}],"about":[{"href":"https:\/\/sport.luiss.it\/en\/wp-json\/wp\/v2\/types\/post"}],"author":[{"embeddable":true,"href":"https:\/\/sport.luiss.it\/en\/wp-json\/wp\/v2\/users\/521"}],"replies":[{"embeddable":true,"href":"https:\/\/sport.luiss.it\/en\/wp-json\/wp\/v2\/comments?post=21315"}],"version-history":[{"count":1,"href":"https:\/\/sport.luiss.it\/en\/wp-json\/wp\/v2\/posts\/21315\/revisions"}],"predecessor-version":[{"id":21317,"href":"https:\/\/sport.luiss.it\/en\/wp-json\/wp\/v2\/posts\/21315\/revisions\/21317"}],"wp:featuredmedia":[{"embeddable":true,"href":"https:\/\/sport.luiss.it\/en\/wp-json\/wp\/v2\/media\/21316"}],"wp:attachment":[{"href":"https:\/\/sport.luiss.it\/en\/wp-json\/wp\/v2\/media?parent=21315"}],"wp:term":[{"taxonomy":"category","embeddable":true,"href":"https:\/\/sport.luiss.it\/en\/wp-json\/wp\/v2\/categories?post=21315"},{"taxonomy":"post_tag","embeddable":true,"href":"https:\/\/sport.luiss.it\/en\/wp-json\/wp\/v2\/tags?post=21315"}],"curies":[{"name":"wp","href":"https:\/\/api.w.org\/{rel}","templated":true}]}}