
{"id":23602,"date":"2019-06-07T19:01:31","date_gmt":"2019-06-07T17:01:31","guid":{"rendered":"https:\/\/sport.luiss.it\/?p=23602\/"},"modified":"2026-04-03T16:25:26","modified_gmt":"2026-04-03T14:25:26","slug":"universiadi-napoli-italbasket","status":"publish","type":"post","link":"https:\/\/sport.luiss.it\/en\/2019\/06\/07\/universiadi-napoli-italbasket\/","title":{"rendered":"Universiadi di Napoli 2019: l&#8217;AS Luiss \u00e8 partner della Nazionale italiana di basket"},"content":{"rendered":"<div class=\"\" data-block=\"true\" data-editor=\"f764h\" data-offset-key=\"fa7r1-0-0\">\n<div class=\"_1mf _1mj\" data-offset-key=\"fa7r1-0-0\"><span data-offset-key=\"fa7r1-0-0\"><span data-text=\"true\">Le\u00a0<strong>Universiadi<\/strong>\u00a0sono una manifestazione sportiva rivolta agli studenti universitari di tutto il mondo. La 30\u00aa edizione sar\u00e0 ospitata dalla citt\u00e0 di <strong>Napoli<\/strong> a partire dal 3 luglio e la <strong>Luiss Guido Carli<\/strong> avr\u00e0 una grande rappresentanza nella <strong>squadra italiana di basket<\/strong>. <\/span><\/span><\/div>\n<div class=\"_1mf _1mj\" data-offset-key=\"fa7r1-0-0\"><\/div>\n<div class=\"_1mf _1mj\" data-offset-key=\"fa7r1-0-0\"><span data-offset-key=\"fa7r1-0-0\"><span data-text=\"true\">Il roster dei <strong>convocati<\/strong> include, infatti, <strong>quattro studenti-atleti dell&#8217;Ateneo<\/strong>.\u00a0Si tratta di<strong>\u00a0<\/strong>Antonio Giulio Bonaccorso, Eugenio Beretta, Francesco Gellera Malvolti e Leonardo Marcon. A loro <strong>si aggiunge<\/strong> anche l&#8217;allenatore\u00a0<strong>Andrea Paccari\u00e8<\/strong>, coach della <a href=\"https:\/\/sport.luiss.it\/category\/news-basket-serie-b\/\">nostra squadra di Serie B<\/a><\/span><\/span><span data-offset-key=\"fa7r1-0-0\"><span data-text=\"true\">. <\/span><\/span><\/div>\n<div class=\"_1mf _1mj\" data-offset-key=\"fa7r1-0-0\"><\/div>\n<div class=\"_1mf _1mj\" data-offset-key=\"fa7r1-0-0\"><span data-offset-key=\"fa7r1-0-0\"><span data-text=\"true\">Dulcis in fundo, <strong>il logo della AS Luiss sar\u00e0 presente sulla maglia dell&#8217;Italia<\/strong>. Il modo migliore per festeggiare il ventennale dell\u2019Associazione Sportiva, nata nel 1999 proprio con una squadra di pallacanestro.<\/span><\/span><\/div>\n<div class=\"_1mf _1mj\" data-offset-key=\"fa7r1-0-0\"><\/div>\n<div class=\"_1mf _1mj\" data-offset-key=\"fa7r1-0-0\">Luned\u00ec <strong>10 giugno<\/strong> ci sar\u00e0 il <strong>primo allenamento<\/strong> dell&#8217;Italbasket targata Universiadi e AS Luiss.<\/div>\n<div class=\"_1mf _1mj\" data-offset-key=\"fa7r1-0-0\"><\/div>\n<div class=\"_1mf _1mj\" data-offset-key=\"fa7r1-0-0\"><strong>In bocca al lupo, ragazzi!<\/strong><\/div>\n<\/div>\n","protected":false},"excerpt":{"rendered":"<p>Le\u00a0Universiadi\u00a0sono una manifestazione sportiva rivolta agli studenti universitari di tutto il mondo. La 30\u00aa edizione sar\u00e0 ospitata dalla citt\u00e0 di Napoli a partire dal 3 luglio e la Luiss Guido [&hellip;]<\/p>\n","protected":false},"author":521,"featured_media":0,"comment_status":"closed","ping_status":"closed","sticky":false,"template":"","format":"standard","meta":{"_monsterinsights_skip_tracking":false,"_monsterinsights_sitenote_active":false,"_monsterinsights_sitenote_note":"","_monsterinsights_sitenote_category":0,"footnotes":""},"categories":[186,140,282],"tags":[],"class_list":["post-23602","post","type-post","status-publish","format-standard","hentry","category-news-eventi","category-primo-piano","category-universiadi-2019"],"yoast_head":"<!-- This site is optimized with the Yoast SEO plugin v26.5 - https:\/\/yoast.com\/wordpress\/plugins\/seo\/ -->\n<title>Universiadi di Napoli 2019: l&#039;AS Luiss \u00e8 partner dell&#039;Italbasket<\/title>\n<meta name=\"description\" content=\"Il logo dell&#039;AS Luiss sar\u00e0 sulla maglia della Nazionale che giocher\u00e0 le Universiadi, allenata da coach Paccari\u00e8 e in cui giocheranno 4 studenti-atleti Luiss\" \/>\n<meta name=\"robots\" content=\"index, follow, max-snippet:-1, max-image-preview:large, max-video-preview:-1\" \/>\n<link rel=\"canonical\" href=\"https:\/\/sport.luiss.it\/2019\/06\/07\/universiadi-napoli-italbasket\/\" \/>\n<meta property=\"og:locale\" content=\"en_US\" \/>\n<meta property=\"og:type\" content=\"article\" \/>\n<meta property=\"og:title\" content=\"Universiadi di Napoli 2019: l&#039;AS Luiss \u00e8 partner dell&#039;Italbasket\" \/>\n<meta property=\"og:description\" content=\"Il logo dell&#039;AS Luiss sar\u00e0 sulla maglia della Nazionale che giocher\u00e0 le Universiadi, allenata da coach Paccari\u00e8 e in cui giocheranno 4 studenti-atleti Luiss\" \/>\n<meta property=\"og:url\" content=\"https:\/\/sport.luiss.it\/2019\/06\/07\/universiadi-napoli-italbasket\/\" \/>\n<meta property=\"og:site_name\" content=\"Luiss Sport - Luiss Guido Carli\" \/>\n<meta property=\"article:publisher\" content=\"https:\/\/www.facebook.com\/sportluiss\/\" \/>\n<meta property=\"article:published_time\" content=\"2019-06-07T17:01:31+00:00\" \/>\n<meta property=\"article:modified_time\" content=\"2026-04-03T14:25:26+00:00\" \/>\n<meta name=\"author\" content=\"sportluiss\" \/>\n<meta name=\"twitter:card\" content=\"summary_large_image\" \/>\n<meta name=\"twitter:label1\" content=\"Written by\" \/>\n\t<meta name=\"twitter:data1\" content=\"sportluiss\" \/>\n\t<meta name=\"twitter:label2\" content=\"Est. reading time\" \/>\n\t<meta name=\"twitter:data2\" content=\"1 minute\" \/>\n<script type=\"application\/ld+json\" class=\"yoast-schema-graph\">{\"@context\":\"https:\/\/schema.org\",\"@graph\":[{\"@type\":\"WebPage\",\"@id\":\"https:\/\/sport.luiss.it\/2019\/06\/07\/universiadi-napoli-italbasket\/\",\"url\":\"https:\/\/sport.luiss.it\/2019\/06\/07\/universiadi-napoli-italbasket\/\",\"name\":\"Universiadi di Napoli 2019: l'AS Luiss \u00e8 partner dell'Italbasket\",\"isPartOf\":{\"@id\":\"https:\/\/sport.luiss.it\/#website\"},\"datePublished\":\"2019-06-07T17:01:31+00:00\",\"dateModified\":\"2026-04-03T14:25:26+00:00\",\"author\":{\"@id\":\"https:\/\/sport.luiss.it\/#\/schema\/person\/cf8f862118e51eaa8a4d5a6c814398c1\"},\"description\":\"Il logo dell'AS Luiss sar\u00e0 sulla maglia della Nazionale che giocher\u00e0 le Universiadi, allenata da coach Paccari\u00e8 e in cui giocheranno 4 studenti-atleti Luiss\",\"breadcrumb\":{\"@id\":\"https:\/\/sport.luiss.it\/2019\/06\/07\/universiadi-napoli-italbasket\/#breadcrumb\"},\"inLanguage\":\"en-US\",\"potentialAction\":[{\"@type\":\"ReadAction\",\"target\":[\"https:\/\/sport.luiss.it\/2019\/06\/07\/universiadi-napoli-italbasket\/\"]}]},{\"@type\":\"BreadcrumbList\",\"@id\":\"https:\/\/sport.luiss.it\/2019\/06\/07\/universiadi-napoli-italbasket\/#breadcrumb\",\"itemListElement\":[{\"@type\":\"ListItem\",\"position\":1,\"name\":\"Home\",\"item\":\"https:\/\/sport.luiss.it\/en\/\"},{\"@type\":\"ListItem\",\"position\":2,\"name\":\"Universiadi di Napoli 2019: l&#8217;AS Luiss \u00e8 partner della Nazionale italiana di basket\"}]},{\"@type\":\"WebSite\",\"@id\":\"https:\/\/sport.luiss.it\/#website\",\"url\":\"https:\/\/sport.luiss.it\/\",\"name\":\"Luiss Sport - Luiss Guido Carli\",\"description\":\"Luiss Sport\",\"potentialAction\":[{\"@type\":\"SearchAction\",\"target\":{\"@type\":\"EntryPoint\",\"urlTemplate\":\"https:\/\/sport.luiss.it\/?s={search_term_string}\"},\"query-input\":{\"@type\":\"PropertyValueSpecification\",\"valueRequired\":true,\"valueName\":\"search_term_string\"}}],\"inLanguage\":\"en-US\"},{\"@type\":\"Person\",\"@id\":\"https:\/\/sport.luiss.it\/#\/schema\/person\/cf8f862118e51eaa8a4d5a6c814398c1\",\"name\":\"sportluiss\",\"image\":{\"@type\":\"ImageObject\",\"inLanguage\":\"en-US\",\"@id\":\"https:\/\/sport.luiss.it\/#\/schema\/person\/image\/\",\"url\":\"https:\/\/secure.gravatar.com\/avatar\/1be9cca21a056494284517b4865ee67405b54eff789d4c925013e7d4ef1368b0?s=96&d=mm&r=g\",\"contentUrl\":\"https:\/\/secure.gravatar.com\/avatar\/1be9cca21a056494284517b4865ee67405b54eff789d4c925013e7d4ef1368b0?s=96&d=mm&r=g\",\"caption\":\"sportluiss\"}}]}<\/script>\n<!-- \/ Yoast SEO plugin. -->","yoast_head_json":{"title":"Universiadi di Napoli 2019: l'AS Luiss \u00e8 partner dell'Italbasket","description":"Il logo dell'AS Luiss sar\u00e0 sulla maglia della Nazionale che giocher\u00e0 le Universiadi, allenata da coach Paccari\u00e8 e in cui giocheranno 4 studenti-atleti Luiss","robots":{"index":"index","follow":"follow","max-snippet":"max-snippet:-1","max-image-preview":"max-image-preview:large","max-video-preview":"max-video-preview:-1"},"canonical":"https:\/\/sport.luiss.it\/2019\/06\/07\/universiadi-napoli-italbasket\/","og_locale":"en_US","og_type":"article","og_title":"Universiadi di Napoli 2019: l'AS Luiss \u00e8 partner dell'Italbasket","og_description":"Il logo dell'AS Luiss sar\u00e0 sulla maglia della Nazionale che giocher\u00e0 le Universiadi, allenata da coach Paccari\u00e8 e in cui giocheranno 4 studenti-atleti Luiss","og_url":"https:\/\/sport.luiss.it\/2019\/06\/07\/universiadi-napoli-italbasket\/","og_site_name":"Luiss Sport - Luiss Guido Carli","article_publisher":"https:\/\/www.facebook.com\/sportluiss\/","article_published_time":"2019-06-07T17:01:31+00:00","article_modified_time":"2026-04-03T14:25:26+00:00","author":"sportluiss","twitter_card":"summary_large_image","twitter_misc":{"Written by":"sportluiss","Est. reading time":"1 minute"},"schema":{"@context":"https:\/\/schema.org","@graph":[{"@type":"WebPage","@id":"https:\/\/sport.luiss.it\/2019\/06\/07\/universiadi-napoli-italbasket\/","url":"https:\/\/sport.luiss.it\/2019\/06\/07\/universiadi-napoli-italbasket\/","name":"Universiadi di Napoli 2019: l'AS Luiss \u00e8 partner dell'Italbasket","isPartOf":{"@id":"https:\/\/sport.luiss.it\/#website"},"datePublished":"2019-06-07T17:01:31+00:00","dateModified":"2026-04-03T14:25:26+00:00","author":{"@id":"https:\/\/sport.luiss.it\/#\/schema\/person\/cf8f862118e51eaa8a4d5a6c814398c1"},"description":"Il logo dell'AS Luiss sar\u00e0 sulla maglia della Nazionale che giocher\u00e0 le Universiadi, allenata da coach Paccari\u00e8 e in cui giocheranno 4 studenti-atleti Luiss","breadcrumb":{"@id":"https:\/\/sport.luiss.it\/2019\/06\/07\/universiadi-napoli-italbasket\/#breadcrumb"},"inLanguage":"en-US","potentialAction":[{"@type":"ReadAction","target":["https:\/\/sport.luiss.it\/2019\/06\/07\/universiadi-napoli-italbasket\/"]}]},{"@type":"BreadcrumbList","@id":"https:\/\/sport.luiss.it\/2019\/06\/07\/universiadi-napoli-italbasket\/#breadcrumb","itemListElement":[{"@type":"ListItem","position":1,"name":"Home","item":"https:\/\/sport.luiss.it\/en\/"},{"@type":"ListItem","position":2,"name":"Universiadi di Napoli 2019: l&#8217;AS Luiss \u00e8 partner della Nazionale italiana di basket"}]},{"@type":"WebSite","@id":"https:\/\/sport.luiss.it\/#website","url":"https:\/\/sport.luiss.it\/","name":"Luiss Sport - Luiss Guido Carli","description":"Luiss Sport","potentialAction":[{"@type":"SearchAction","target":{"@type":"EntryPoint","urlTemplate":"https:\/\/sport.luiss.it\/?s={search_term_string}"},"query-input":{"@type":"PropertyValueSpecification","valueRequired":true,"valueName":"search_term_string"}}],"inLanguage":"en-US"},{"@type":"Person","@id":"https:\/\/sport.luiss.it\/#\/schema\/person\/cf8f862118e51eaa8a4d5a6c814398c1","name":"sportluiss","image":{"@type":"ImageObject","inLanguage":"en-US","@id":"https:\/\/sport.luiss.it\/#\/schema\/person\/image\/","url":"https:\/\/secure.gravatar.com\/avatar\/1be9cca21a056494284517b4865ee67405b54eff789d4c925013e7d4ef1368b0?s=96&d=mm&r=g","contentUrl":"https:\/\/secure.gravatar.com\/avatar\/1be9cca21a056494284517b4865ee67405b54eff789d4c925013e7d4ef1368b0?s=96&d=mm&r=g","caption":"sportluiss"}}]}},"_links":{"self":[{"href":"https:\/\/sport.luiss.it\/en\/wp-json\/wp\/v2\/posts\/23602","targetHints":{"allow":["GET"]}}],"collection":[{"href":"https:\/\/sport.luiss.it\/en\/wp-json\/wp\/v2\/posts"}],"about":[{"href":"https:\/\/sport.luiss.it\/en\/wp-json\/wp\/v2\/types\/post"}],"author":[{"embeddable":true,"href":"https:\/\/sport.luiss.it\/en\/wp-json\/wp\/v2\/users\/521"}],"replies":[{"embeddable":true,"href":"https:\/\/sport.luiss.it\/en\/wp-json\/wp\/v2\/comments?post=23602"}],"version-history":[{"count":3,"href":"https:\/\/sport.luiss.it\/en\/wp-json\/wp\/v2\/posts\/23602\/revisions"}],"predecessor-version":[{"id":23607,"href":"https:\/\/sport.luiss.it\/en\/wp-json\/wp\/v2\/posts\/23602\/revisions\/23607"}],"wp:attachment":[{"href":"https:\/\/sport.luiss.it\/en\/wp-json\/wp\/v2\/media?parent=23602"}],"wp:term":[{"taxonomy":"category","embeddable":true,"href":"https:\/\/sport.luiss.it\/en\/wp-json\/wp\/v2\/categories?post=23602"},{"taxonomy":"post_tag","embeddable":true,"href":"https:\/\/sport.luiss.it\/en\/wp-json\/wp\/v2\/tags?post=23602"}],"curies":[{"name":"wp","href":"https:\/\/api.w.org\/{rel}","templated":true}]}}