
{"id":23906,"date":"2019-07-30T16:52:36","date_gmt":"2019-07-30T14:52:36","guid":{"rendered":"https:\/\/sport.luiss.it\/?p=23906\/"},"modified":"2026-04-03T16:25:22","modified_gmt":"2026-04-03T14:25:22","slug":"eloisa-coiro-oro-atletica","status":"publish","type":"post","link":"https:\/\/sport.luiss.it\/en\/2019\/07\/30\/eloisa-coiro-oro-atletica\/","title":{"rendered":"Eloisa Coiro: in pista e sui libri, una ragazza&#8230; d&#8217;oro!"},"content":{"rendered":"<p><strong>Eloisa Coiro<\/strong>\u00a0pochi giorni fa si \u00e8 laureata <a href=\"https:\/\/sport.luiss.it\/2019\/07\/29\/top-athletes-coiro-atletica\/\">campionessa italiana degli 800 metri<\/a>.\u00a0Alla Raiffeisen Arena di Bressanone, la nostra Top Athlete\u00a0si \u00e8 meritata il gradino pi\u00f9 alto del podio grazie a una prova eccezionale. Un successo\u00a0frutto di una <strong>costante sfida al tempo<\/strong>, sulle piste di atletica come nella vita quotidiana.<\/p>\n<h2><strong>Eloisa, in pochi mesi sei passata da una medaglia d&#8217;oro giovanile a un primo posto &#8220;tra i grandi&#8221;. Ci racconti un po&#8217; le sensazioni di questa vittoria?<\/strong><\/h2>\n<p>L\u2019oro di Bressanone mi ha fatto vivere un\u2019emozione indescrivibile. Ero appena tornata dagli Europei di categoria che mi avevano lasciato un po\u2019 con l\u2019amaro in bocca e avevo tanta voglia di far bene, ma\u00a0non mi aspettavo\u00a0di vincere. Una volta sul rettilineo, per\u00f2, ho capito di averne pi\u00f9 delle altre. Quando ho tagliato il traguardo, non ci credevo: ero in balia della gioia.<\/p>\n<h2><strong>Quali saranno i prossimi impegni sportivi e che obiettivi ti sei posta?<\/strong><\/h2>\n<p>Dal 7 al 12 agosto sar\u00f2 in Polonia per la Coppa Europa Assoluta, un campionato a squadre in cui disputer\u00f2 gli 800 metri. Per quanto riguarda gli obiettivi, li pongo\u00a0sul breve termine. Il primo \u00e8 capire cronometricamente qual \u00e8 il mio limite, cio\u00e8 il mio miglior tempo realizzabile. Poi, il sogno sono le Olimpiadi di Tokyo e spero che le esperienze internazionali mi aiutino ad abituarmi a gareggiare a certi livelli.<\/p>\n<h2><strong>Tra quelle nazionali, invece, ce n&#8217;\u00e8 una che ti ha\u00a0colpito particolarmente?<\/strong><\/h2>\n<p>Due anni fa a Grosseto, durante i Campionati Europei Junior, ho trovato un tifo calorosissimo che mi ha sostenuto in modo incredibile. Ho avuto l\u2019impressione che lo sport stesse davvero unendo tutti: emozioni che non si provano facilmente.<\/p>\n<h2><strong>Dal punto di vista accademico, cosa ne pensi del programma di Dual Career?<\/strong><\/h2>\n<p>\u00c8 un grande onore esserne parte e sono convinta che sia la strada giusta per me. Quest\u2019anno sono riuscita a dare tutti gli esami e nello stesso tempo ad allenarmi al meglio. Il programma mi ha dato equilibrio e serenit\u00e0. Per cui ringrazio l&#8217;Universit\u00e0 per tutto il supporto che mi garantisce.<\/p>\n<h2><strong>Secondo te, essere una sportiva ti d\u00e0 una marcia in pi\u00f9 nello studio?<\/strong><\/h2>\n<p>Sicuramente s\u00ec, tutti questi anni passati in pista mi hanno insegnato a gestire bene il tempo e a lavorare sotto stress. In gara un errore pu\u00f2 costare caro, perch\u00e9 quasi mai si ha la possibilit\u00e0 di recuperare. Lo sport mi aiuta a essere determinata a superare le avversit\u00e0 anche nello studio e nella vita.<\/p>\n<h2><strong>Ribaltando la prospettiva, credi che il\u00a0percorso accademico ti porti a migliorare le performance sportive?\u00a0<\/strong><\/h2>\n<p>S\u00ec, i libri mi hanno sempre aiutato a tenere alta l&#8217;attenzione, allenando la concentrazione. Lo studio alimenta la mia voglia di sapere. Inoltre, mi permette di\u00a0costruire \u201cun piano B\u201d e questo \u00e8 un aspetto che mi d\u00e0 tranquillit\u00e0.\u00a0Per praticare sport ai massimi livelli si deve essere liberi mentalmente.<\/p>\n<h2><strong>A tal proposito, quali sono le difficolt\u00e0 e i vantaggi che la<\/strong><strong>\u00a0doppia carriera crea<\/strong><strong>?<\/strong><\/h2>\n<p>Bisogna saper allentare la tensione e bilanciare gli impegni. Gestire il tempo e non sprecarlo diventa fondamentale,\u00a0anche a costo di fare dei sacrifici. I vantaggi, invece, sono\u00a0legati soprattutto al\u00a0futuro e alle prospettive professionali.<\/p>\n<h2><strong>Studio e sport sono gli impegni principali, ma\u00a0a quali passioni dedichi il tuo tempo libero?<\/strong><\/h2>\n<p>Mi piace molto guardare i film al cinema e ascoltare la musica, anche quella del passato. Poi adoro viaggiare e andare alle mostre.<\/p>\n<p>Le risposte di Eloisa non sembrano quelle di una ragazza di appena 18 anni. La maturit\u00e0 \u00e8 sicuramente uno dei segreti dei suoi\u00a0successi, unita alla determinazione che la contraddistingue. Non rimane altro che farle i <strong>complimenti per la medaglia d&#8217;oro<\/strong> vinta agli Assoluti e augurarle <strong>buona fortuna per le prossime sfide in programma<\/strong>.<\/p>\n","protected":false},"excerpt":{"rendered":"<p>Eloisa Coiro\u00a0pochi giorni fa si \u00e8 laureata campionessa italiana degli 800 metri.\u00a0Alla Raiffeisen Arena di Bressanone, la nostra Top Athlete\u00a0si \u00e8 meritata il gradino pi\u00f9 alto del podio grazie a [&hellip;]<\/p>\n","protected":false},"author":521,"featured_media":23910,"comment_status":"closed","ping_status":"closed","sticky":false,"template":"","format":"standard","meta":{"_monsterinsights_skip_tracking":false,"_monsterinsights_sitenote_active":false,"_monsterinsights_sitenote_note":"","_monsterinsights_sitenote_category":0,"footnotes":""},"categories":[175,140,273],"tags":[],"class_list":["post-23906","post","type-post","status-publish","format-standard","has-post-thumbnail","hentry","category-news-atletica-leggera","category-primo-piano","category-top-athletes-news"],"yoast_head":"<!-- This site is optimized with the Yoast SEO plugin v26.5 - https:\/\/yoast.com\/wordpress\/plugins\/seo\/ -->\n<title>Eloisa Coiro: in pista e sui libri, una ragazza... d&#039;oro!<\/title>\n<meta name=\"description\" content=\"Eloisa Coiro si \u00e8 da poco laureata campionessa italiana: un titolo frutto di una costante sfida al tempo, sulle piste di atletica come nella vita quotidiana\" \/>\n<meta name=\"robots\" content=\"index, follow, max-snippet:-1, max-image-preview:large, max-video-preview:-1\" \/>\n<link rel=\"canonical\" href=\"https:\/\/sport.luiss.it\/2019\/07\/30\/eloisa-coiro-oro-atletica\/\" \/>\n<meta property=\"og:locale\" content=\"en_US\" \/>\n<meta property=\"og:type\" content=\"article\" \/>\n<meta property=\"og:title\" content=\"Eloisa Coiro: in pista e sui libri, una ragazza... d&#039;oro!\" \/>\n<meta property=\"og:description\" content=\"Eloisa Coiro si \u00e8 da poco laureata campionessa italiana: un titolo frutto di una costante sfida al tempo, sulle piste di atletica come nella vita quotidiana\" \/>\n<meta property=\"og:url\" content=\"https:\/\/sport.luiss.it\/2019\/07\/30\/eloisa-coiro-oro-atletica\/\" \/>\n<meta property=\"og:site_name\" content=\"Luiss Sport - Luiss Guido Carli\" \/>\n<meta property=\"article:publisher\" content=\"https:\/\/www.facebook.com\/sportluiss\/\" \/>\n<meta property=\"article:published_time\" content=\"2019-07-30T14:52:36+00:00\" \/>\n<meta property=\"article:modified_time\" content=\"2026-04-03T14:25:22+00:00\" \/>\n<meta property=\"og:image\" content=\"https:\/\/sport.luiss.it\/wp-content\/uploads\/2019\/07\/1_10-Copia-1.jpg\" \/>\n<meta name=\"author\" content=\"sportluiss\" \/>\n<meta name=\"twitter:card\" content=\"summary_large_image\" \/>\n<meta name=\"twitter:label1\" content=\"Written by\" \/>\n\t<meta name=\"twitter:data1\" content=\"sportluiss\" \/>\n\t<meta name=\"twitter:label2\" content=\"Est. reading time\" \/>\n\t<meta name=\"twitter:data2\" content=\"3 minutes\" \/>\n<script type=\"application\/ld+json\" class=\"yoast-schema-graph\">{\"@context\":\"https:\/\/schema.org\",\"@graph\":[{\"@type\":\"WebPage\",\"@id\":\"https:\/\/sport.luiss.it\/2019\/07\/30\/eloisa-coiro-oro-atletica\/\",\"url\":\"https:\/\/sport.luiss.it\/2019\/07\/30\/eloisa-coiro-oro-atletica\/\",\"name\":\"Eloisa Coiro: in pista e sui libri, una ragazza... d'oro!\",\"isPartOf\":{\"@id\":\"https:\/\/sport.luiss.it\/#website\"},\"primaryImageOfPage\":{\"@id\":\"https:\/\/sport.luiss.it\/2019\/07\/30\/eloisa-coiro-oro-atletica\/#primaryimage\"},\"image\":{\"@id\":\"https:\/\/sport.luiss.it\/2019\/07\/30\/eloisa-coiro-oro-atletica\/#primaryimage\"},\"thumbnailUrl\":\"https:\/\/sport.luiss.it\/wp-content\/uploads\/2019\/07\/1_10-Copia.jpg\",\"datePublished\":\"2019-07-30T14:52:36+00:00\",\"dateModified\":\"2026-04-03T14:25:22+00:00\",\"author\":{\"@id\":\"https:\/\/sport.luiss.it\/#\/schema\/person\/cf8f862118e51eaa8a4d5a6c814398c1\"},\"description\":\"Eloisa Coiro si \u00e8 da poco laureata campionessa italiana: un titolo frutto di una costante sfida al tempo, sulle piste di atletica come nella vita quotidiana\",\"breadcrumb\":{\"@id\":\"https:\/\/sport.luiss.it\/2019\/07\/30\/eloisa-coiro-oro-atletica\/#breadcrumb\"},\"inLanguage\":\"en-US\",\"potentialAction\":[{\"@type\":\"ReadAction\",\"target\":[\"https:\/\/sport.luiss.it\/2019\/07\/30\/eloisa-coiro-oro-atletica\/\"]}]},{\"@type\":\"ImageObject\",\"inLanguage\":\"en-US\",\"@id\":\"https:\/\/sport.luiss.it\/2019\/07\/30\/eloisa-coiro-oro-atletica\/#primaryimage\",\"url\":\"https:\/\/sport.luiss.it\/wp-content\/uploads\/2019\/07\/1_10-Copia.jpg\",\"contentUrl\":\"https:\/\/sport.luiss.it\/wp-content\/uploads\/2019\/07\/1_10-Copia.jpg\",\"width\":8228,\"height\":5238,\"caption\":\"Eloisa\"},{\"@type\":\"BreadcrumbList\",\"@id\":\"https:\/\/sport.luiss.it\/2019\/07\/30\/eloisa-coiro-oro-atletica\/#breadcrumb\",\"itemListElement\":[{\"@type\":\"ListItem\",\"position\":1,\"name\":\"Home\",\"item\":\"https:\/\/sport.luiss.it\/en\/\"},{\"@type\":\"ListItem\",\"position\":2,\"name\":\"Eloisa Coiro: in pista e sui libri, una ragazza&#8230; d&#8217;oro!\"}]},{\"@type\":\"WebSite\",\"@id\":\"https:\/\/sport.luiss.it\/#website\",\"url\":\"https:\/\/sport.luiss.it\/\",\"name\":\"Luiss Sport - Luiss Guido Carli\",\"description\":\"Luiss Sport\",\"potentialAction\":[{\"@type\":\"SearchAction\",\"target\":{\"@type\":\"EntryPoint\",\"urlTemplate\":\"https:\/\/sport.luiss.it\/?s={search_term_string}\"},\"query-input\":{\"@type\":\"PropertyValueSpecification\",\"valueRequired\":true,\"valueName\":\"search_term_string\"}}],\"inLanguage\":\"en-US\"},{\"@type\":\"Person\",\"@id\":\"https:\/\/sport.luiss.it\/#\/schema\/person\/cf8f862118e51eaa8a4d5a6c814398c1\",\"name\":\"sportluiss\",\"image\":{\"@type\":\"ImageObject\",\"inLanguage\":\"en-US\",\"@id\":\"https:\/\/sport.luiss.it\/#\/schema\/person\/image\/\",\"url\":\"https:\/\/secure.gravatar.com\/avatar\/1be9cca21a056494284517b4865ee67405b54eff789d4c925013e7d4ef1368b0?s=96&d=mm&r=g\",\"contentUrl\":\"https:\/\/secure.gravatar.com\/avatar\/1be9cca21a056494284517b4865ee67405b54eff789d4c925013e7d4ef1368b0?s=96&d=mm&r=g\",\"caption\":\"sportluiss\"}}]}<\/script>\n<!-- \/ Yoast SEO plugin. -->","yoast_head_json":{"title":"Eloisa Coiro: in pista e sui libri, una ragazza... d'oro!","description":"Eloisa Coiro si \u00e8 da poco laureata campionessa italiana: un titolo frutto di una costante sfida al tempo, sulle piste di atletica come nella vita quotidiana","robots":{"index":"index","follow":"follow","max-snippet":"max-snippet:-1","max-image-preview":"max-image-preview:large","max-video-preview":"max-video-preview:-1"},"canonical":"https:\/\/sport.luiss.it\/2019\/07\/30\/eloisa-coiro-oro-atletica\/","og_locale":"en_US","og_type":"article","og_title":"Eloisa Coiro: in pista e sui libri, una ragazza... d'oro!","og_description":"Eloisa Coiro si \u00e8 da poco laureata campionessa italiana: un titolo frutto di una costante sfida al tempo, sulle piste di atletica come nella vita quotidiana","og_url":"https:\/\/sport.luiss.it\/2019\/07\/30\/eloisa-coiro-oro-atletica\/","og_site_name":"Luiss Sport - Luiss Guido Carli","article_publisher":"https:\/\/www.facebook.com\/sportluiss\/","article_published_time":"2019-07-30T14:52:36+00:00","article_modified_time":"2026-04-03T14:25:22+00:00","og_image":[{"url":"https:\/\/sport.luiss.it\/wp-content\/uploads\/2019\/07\/1_10-Copia-1.jpg","type":"","width":"","height":""}],"author":"sportluiss","twitter_card":"summary_large_image","twitter_misc":{"Written by":"sportluiss","Est. reading time":"3 minutes"},"schema":{"@context":"https:\/\/schema.org","@graph":[{"@type":"WebPage","@id":"https:\/\/sport.luiss.it\/2019\/07\/30\/eloisa-coiro-oro-atletica\/","url":"https:\/\/sport.luiss.it\/2019\/07\/30\/eloisa-coiro-oro-atletica\/","name":"Eloisa Coiro: in pista e sui libri, una ragazza... d'oro!","isPartOf":{"@id":"https:\/\/sport.luiss.it\/#website"},"primaryImageOfPage":{"@id":"https:\/\/sport.luiss.it\/2019\/07\/30\/eloisa-coiro-oro-atletica\/#primaryimage"},"image":{"@id":"https:\/\/sport.luiss.it\/2019\/07\/30\/eloisa-coiro-oro-atletica\/#primaryimage"},"thumbnailUrl":"https:\/\/sport.luiss.it\/wp-content\/uploads\/2019\/07\/1_10-Copia.jpg","datePublished":"2019-07-30T14:52:36+00:00","dateModified":"2026-04-03T14:25:22+00:00","author":{"@id":"https:\/\/sport.luiss.it\/#\/schema\/person\/cf8f862118e51eaa8a4d5a6c814398c1"},"description":"Eloisa Coiro si \u00e8 da poco laureata campionessa italiana: un titolo frutto di una costante sfida al tempo, sulle piste di atletica come nella vita quotidiana","breadcrumb":{"@id":"https:\/\/sport.luiss.it\/2019\/07\/30\/eloisa-coiro-oro-atletica\/#breadcrumb"},"inLanguage":"en-US","potentialAction":[{"@type":"ReadAction","target":["https:\/\/sport.luiss.it\/2019\/07\/30\/eloisa-coiro-oro-atletica\/"]}]},{"@type":"ImageObject","inLanguage":"en-US","@id":"https:\/\/sport.luiss.it\/2019\/07\/30\/eloisa-coiro-oro-atletica\/#primaryimage","url":"https:\/\/sport.luiss.it\/wp-content\/uploads\/2019\/07\/1_10-Copia.jpg","contentUrl":"https:\/\/sport.luiss.it\/wp-content\/uploads\/2019\/07\/1_10-Copia.jpg","width":8228,"height":5238,"caption":"Eloisa"},{"@type":"BreadcrumbList","@id":"https:\/\/sport.luiss.it\/2019\/07\/30\/eloisa-coiro-oro-atletica\/#breadcrumb","itemListElement":[{"@type":"ListItem","position":1,"name":"Home","item":"https:\/\/sport.luiss.it\/en\/"},{"@type":"ListItem","position":2,"name":"Eloisa Coiro: in pista e sui libri, una ragazza&#8230; d&#8217;oro!"}]},{"@type":"WebSite","@id":"https:\/\/sport.luiss.it\/#website","url":"https:\/\/sport.luiss.it\/","name":"Luiss Sport - Luiss Guido Carli","description":"Luiss Sport","potentialAction":[{"@type":"SearchAction","target":{"@type":"EntryPoint","urlTemplate":"https:\/\/sport.luiss.it\/?s={search_term_string}"},"query-input":{"@type":"PropertyValueSpecification","valueRequired":true,"valueName":"search_term_string"}}],"inLanguage":"en-US"},{"@type":"Person","@id":"https:\/\/sport.luiss.it\/#\/schema\/person\/cf8f862118e51eaa8a4d5a6c814398c1","name":"sportluiss","image":{"@type":"ImageObject","inLanguage":"en-US","@id":"https:\/\/sport.luiss.it\/#\/schema\/person\/image\/","url":"https:\/\/secure.gravatar.com\/avatar\/1be9cca21a056494284517b4865ee67405b54eff789d4c925013e7d4ef1368b0?s=96&d=mm&r=g","contentUrl":"https:\/\/secure.gravatar.com\/avatar\/1be9cca21a056494284517b4865ee67405b54eff789d4c925013e7d4ef1368b0?s=96&d=mm&r=g","caption":"sportluiss"}}]}},"_links":{"self":[{"href":"https:\/\/sport.luiss.it\/en\/wp-json\/wp\/v2\/posts\/23906","targetHints":{"allow":["GET"]}}],"collection":[{"href":"https:\/\/sport.luiss.it\/en\/wp-json\/wp\/v2\/posts"}],"about":[{"href":"https:\/\/sport.luiss.it\/en\/wp-json\/wp\/v2\/types\/post"}],"author":[{"embeddable":true,"href":"https:\/\/sport.luiss.it\/en\/wp-json\/wp\/v2\/users\/521"}],"replies":[{"embeddable":true,"href":"https:\/\/sport.luiss.it\/en\/wp-json\/wp\/v2\/comments?post=23906"}],"version-history":[{"count":3,"href":"https:\/\/sport.luiss.it\/en\/wp-json\/wp\/v2\/posts\/23906\/revisions"}],"predecessor-version":[{"id":23913,"href":"https:\/\/sport.luiss.it\/en\/wp-json\/wp\/v2\/posts\/23906\/revisions\/23913"}],"wp:featuredmedia":[{"embeddable":true,"href":"https:\/\/sport.luiss.it\/en\/wp-json\/wp\/v2\/media\/23910"}],"wp:attachment":[{"href":"https:\/\/sport.luiss.it\/en\/wp-json\/wp\/v2\/media?parent=23906"}],"wp:term":[{"taxonomy":"category","embeddable":true,"href":"https:\/\/sport.luiss.it\/en\/wp-json\/wp\/v2\/categories?post=23906"},{"taxonomy":"post_tag","embeddable":true,"href":"https:\/\/sport.luiss.it\/en\/wp-json\/wp\/v2\/tags?post=23906"}],"curies":[{"name":"wp","href":"https:\/\/api.w.org\/{rel}","templated":true}]}}