
{"id":23996,"date":"2019-09-05T16:53:58","date_gmt":"2019-09-05T14:53:58","guid":{"rendered":"https:\/\/sport.luiss.it\/?p=23996\/"},"modified":"2026-04-03T16:25:21","modified_gmt":"2026-04-03T14:25:21","slug":"luiss-freshers-week-as-luiss","status":"publish","type":"post","link":"https:\/\/sport.luiss.it\/en\/2019\/09\/05\/luiss-freshers-week-as-luiss\/","title":{"rendered":"Freshers&#8217; Week, una settimana all&#8217;insegna dello sport per le matricole Luiss"},"content":{"rendered":"<p>Il 10 settembre prende il via la <strong><a href=\"https:\/\/www.luiss.it\/evento\/2019\/09\/10\/luiss-freshers-week-seconda-edizione\">Luiss\u00a0Freshers&#8217; Week<\/a><\/strong>: una settimana di orientamento per scoprire i servizi dell&#8217;Universit\u00e0.<\/p>\n<p>All\u2019evento sar\u00e0 presente anche l\u2019<strong>Associazione Sportiva Luiss<\/strong>\u00a0per rispondere alle domande degli studenti interessati a praticare sport durante il percorso accademico.<\/p>\n<p>Si parte il 10 settembre con l\u2019allestimento dei playground nel <strong>Campus di Viale Romania<\/strong>.\u00a0Gli sport praticabili durante la settimana saranno: Atletica Leggera, Basket, Calcio, Canottaggio, Ciclismo, Golf, Volley, Tennis. Tutte le attivit\u00e0 saranno coordinate dai tecnici dell&#8217;AS Luiss con il coinvolgimento dei <strong>Top Athletes<\/strong> della disciplina di riferimento.<\/p>\n<p>Luned\u00ec <strong>16 settembre<\/strong> il playground si trasferir\u00e0 nella sede Luiss di <strong>Viale Pola 12<\/strong>.<\/p>\n<h2>Gli appuntamenti speciali della Freshers&#8217; Week<\/h2>\n<h3 class=\"small blue underline\">Appuntamento con il campione, Gianmarco Pozzecco si racconta<\/h3>\n<p><em>11 settembre 2019<\/em><\/p>\n<p>L\u2019<strong>11 settembre alle 18:30<\/strong> gli studenti avranno l\u2019opportunit\u00e0 di incontrare <strong>Gianmarco Pozzecco<\/strong>, allenatore della Dinamo Sassari ed ex giocatore della Nazionale Italiana di Pallacanestro. Pozzecco racconter\u00e0 la sua esperienza da giocatore e da allenatore.<\/p>\n<p>Con lui ci sar\u00e0 anche <strong>Stefano Sardara<\/strong>, presidente dal 2011 della Dinamo Sassari, squadra con la quale ha vinto Scudetto, Coppa Italia e Supercoppa nel 2015.<\/p>\n<p>Durante la serata saranno presentati <strong>i capitani dei Team AS Luiss<\/strong> per la stagione sportiva 2019-2020.<\/p>\n<p>Per iscriverti all&#8217;evento <a href=\"https:\/\/adfs.luiss.it\/adfs\/ls\/?SAMLRequest=fVFLT4MwHP8qpPfRAm5uzSDB7eCSqWSgBy%2BmQJEmpcX%2Bi49vL4%2FpZkyW9NL09%2B4aWCNbGne2Vgf%2B1nGwzmcjFdDxIUSdUVQzEEAVazhQW9A0vttT3yW0NdrqQkvkxADcWKHVRivoGm5Sbt5FwR8P%2BxDV1rZAMZacGeXKTgC4wuK0FnmuJbe1C6DxoOrj5CHNkLPtYwjFBsETnZUVnNjDDUvAyNltQ%2FQSBHm5ZKzky5L4OSFzr%2FKrwFtVRXDtF8GihwF0fKfAMmVD5BNvNSP9WWQeofMVvSLPyEmOhW6EKoV6vdw%2Bn0BAb7MsmU3Bn7iBMXQPQNF62JCOxuZs1cuy7GdKFA3N%2F%2B8Gv7ut8ZnB5NbS%2B15xt020FMWXE0upPzaGM8tD5CEcTZS%2FHx59Aw%3D%3D&amp;RelayState=ss%3Amem%3A88bc8b3c996b3baede18448a15100c0f21de624b00ece9440df389b7c0bb6b4f\" target=\"_blank\">clicca qui<\/a>.<\/p>\n<p><img loading=\"lazy\" decoding=\"async\" class=\"alignnone size-full wp-image-24013\" src=\"https:\/\/sport.luiss.it\/wp-content\/uploads\/2019\/09\/pozzecco-sardara.jpg\" alt=\"pozzecco sardara\" width=\"1480\" height=\"880\" \/><\/p>\n<h3 class=\"small blue underline\">Notte Bianca dello Sport<\/h3>\n<p><em>12 settembre 2019<\/em><\/p>\n<p>Il <strong>12 settembre<\/strong>, <strong>dalle ore 20.30 fino alle ore 23.00<\/strong>, sar\u00e0 la volta della <strong>Notte Bianca dello Sport<\/strong>: un\u2019occasione per i ragazzi appena immatricolati di praticare alcuni degli sport offerti dalla polisportiva. L&#8217;evento avr\u00e0 sede al PalaLuiss, casa della squadra di Serie B di Basket. L\u00ec si svolgeranno tornei di Basket 3\u00d73, Volley, Padel e Ping-Pong.<\/p>\n<p>Per iscriverti all&#8217;evento <a href=\"https:\/\/adfs.luiss.it\/adfs\/ls\/?SAMLRequest=fVFbT4MwFP4rpO9SwM2xZpDg9uCSqWSgD76YAgdpUlrsKV7%2BvTDUzZgsOS9Nv9v5zgp5KzuW9LZRe3jtAa3z0UqF7PARkd4opjkKZIq3gMyWLEtudyxwPdYZbXWpJXESRDBWaLXWCvsWTAbmTZTwsN9FpLG2Q0apBG6UK3uB6ApLs0YUhZZgGxdR01E1oOl9lhNnM8QQio%2BCRzqvajyyxxeVSImz3UTkuVjU5eUs9KvlAqqqDv1ZwJfzIqjCsK7mxXyAIfawVWi5shEJPH954Q1zlfs%2B82bDPBEn%2FV7oWqhKqJfz2xcTCNlNnqcXU%2FBHMHgIPQBIvBo7ZAdjc9LqeVn%2BUyWJx83%2F94a%2Fva3oicHk1rG7QXG7SbUU5aeTSKnf1wa4hYj4hMYT5e%2FB4y8%3D&amp;RelayState=ss%3Amem%3A34a2cc09d8c4da1f822f82c8c613a42ccc3dd618a93facf2e3e66641f8047199\" target=\"_blank\">clicca qui<\/a>.<\/p>\n<p><img loading=\"lazy\" decoding=\"async\" class=\"alignnone size-full wp-image-24012\" src=\"https:\/\/sport.luiss.it\/wp-content\/uploads\/2019\/09\/palaluiss.jpeg\" alt=\"palaluiss\" width=\"1280\" height=\"854\" srcset=\"https:\/\/sport.luiss.it\/wp-content\/uploads\/2019\/09\/palaluiss.jpeg 1280w, https:\/\/sport.luiss.it\/wp-content\/uploads\/2019\/09\/palaluiss-300x200.jpeg 300w, https:\/\/sport.luiss.it\/wp-content\/uploads\/2019\/09\/palaluiss-768x512.jpeg 768w, https:\/\/sport.luiss.it\/wp-content\/uploads\/2019\/09\/palaluiss-1024x683.jpeg 1024w, https:\/\/sport.luiss.it\/wp-content\/uploads\/2019\/09\/palaluiss-900x600.jpeg 900w, https:\/\/sport.luiss.it\/wp-content\/uploads\/2019\/09\/palaluiss-212x140.jpeg 212w\" sizes=\"auto, (max-width: 1280px) 100vw, 1280px\" \/><\/p>\n","protected":false},"excerpt":{"rendered":"<p>Il 10 settembre prende il via la Luiss\u00a0Freshers&#8217; Week: una settimana di orientamento per scoprire i servizi dell&#8217;Universit\u00e0. All\u2019evento sar\u00e0 presente anche l\u2019Associazione Sportiva Luiss\u00a0per rispondere alle domande degli studenti [&hellip;]<\/p>\n","protected":false},"author":521,"featured_media":23997,"comment_status":"closed","ping_status":"closed","sticky":false,"template":"","format":"standard","meta":{"_monsterinsights_skip_tracking":false,"_monsterinsights_sitenote_active":false,"_monsterinsights_sitenote_note":"","_monsterinsights_sitenote_category":0,"footnotes":""},"categories":[186,37,140],"tags":[],"class_list":["post-23996","post","type-post","status-publish","format-standard","has-post-thumbnail","hentry","category-news-eventi","category-news-squadre","category-primo-piano"],"yoast_head":"<!-- This site is optimized with the Yoast SEO plugin v26.5 - https:\/\/yoast.com\/wordpress\/plugins\/seo\/ -->\n<title>Freshers&#039; Week, una settimana all&#039;insegna dello sport per le matricole Luiss<\/title>\n<meta name=\"description\" content=\"Il 10 settembre prende il via la Luiss Freshers&#039; Week, una settimana di orientamento per far scoprire alle matricole tutti i servizi dell&#039;Universit\u00e0\" \/>\n<meta name=\"robots\" content=\"index, follow, max-snippet:-1, max-image-preview:large, max-video-preview:-1\" \/>\n<link rel=\"canonical\" href=\"https:\/\/sport.luiss.it\/2019\/09\/05\/luiss-freshers-week-as-luiss\/\" \/>\n<meta property=\"og:locale\" content=\"en_US\" \/>\n<meta property=\"og:type\" content=\"article\" \/>\n<meta property=\"og:title\" content=\"Freshers&#039; Week, una settimana all&#039;insegna dello sport per le matricole Luiss\" \/>\n<meta property=\"og:description\" content=\"Il 10 settembre prende il via la Luiss Freshers&#039; Week, una settimana di orientamento per far scoprire alle matricole tutti i servizi dell&#039;Universit\u00e0\" \/>\n<meta property=\"og:url\" content=\"https:\/\/sport.luiss.it\/2019\/09\/05\/luiss-freshers-week-as-luiss\/\" \/>\n<meta property=\"og:site_name\" content=\"Luiss Sport - Luiss Guido Carli\" \/>\n<meta property=\"article:publisher\" content=\"https:\/\/www.facebook.com\/sportluiss\/\" \/>\n<meta property=\"article:published_time\" content=\"2019-09-05T14:53:58+00:00\" \/>\n<meta property=\"article:modified_time\" content=\"2026-04-03T14:25:21+00:00\" \/>\n<meta property=\"og:image\" content=\"https:\/\/sport.luiss.it\/wp-content\/uploads\/2019\/09\/luisssport.jpg\" \/>\n\t<meta property=\"og:image:width\" content=\"1024\" \/>\n\t<meta property=\"og:image:height\" content=\"600\" \/>\n\t<meta property=\"og:image:type\" content=\"image\/jpeg\" \/>\n<meta name=\"author\" content=\"sportluiss\" \/>\n<meta name=\"twitter:card\" content=\"summary_large_image\" \/>\n<meta name=\"twitter:label1\" content=\"Written by\" \/>\n\t<meta name=\"twitter:data1\" content=\"sportluiss\" \/>\n\t<meta name=\"twitter:label2\" content=\"Est. reading time\" \/>\n\t<meta name=\"twitter:data2\" content=\"1 minute\" \/>\n<script type=\"application\/ld+json\" class=\"yoast-schema-graph\">{\"@context\":\"https:\/\/schema.org\",\"@graph\":[{\"@type\":\"WebPage\",\"@id\":\"https:\/\/sport.luiss.it\/2019\/09\/05\/luiss-freshers-week-as-luiss\/\",\"url\":\"https:\/\/sport.luiss.it\/2019\/09\/05\/luiss-freshers-week-as-luiss\/\",\"name\":\"Freshers' Week, una settimana all'insegna dello sport per le matricole Luiss\",\"isPartOf\":{\"@id\":\"https:\/\/sport.luiss.it\/#website\"},\"primaryImageOfPage\":{\"@id\":\"https:\/\/sport.luiss.it\/2019\/09\/05\/luiss-freshers-week-as-luiss\/#primaryimage\"},\"image\":{\"@id\":\"https:\/\/sport.luiss.it\/2019\/09\/05\/luiss-freshers-week-as-luiss\/#primaryimage\"},\"thumbnailUrl\":\"https:\/\/sport.luiss.it\/wp-content\/uploads\/2019\/09\/luisssport.jpg\",\"datePublished\":\"2019-09-05T14:53:58+00:00\",\"dateModified\":\"2026-04-03T14:25:21+00:00\",\"author\":{\"@id\":\"https:\/\/sport.luiss.it\/#\/schema\/person\/cf8f862118e51eaa8a4d5a6c814398c1\"},\"description\":\"Il 10 settembre prende il via la Luiss Freshers' Week, una settimana di orientamento per far scoprire alle matricole tutti i servizi dell'Universit\u00e0\",\"breadcrumb\":{\"@id\":\"https:\/\/sport.luiss.it\/2019\/09\/05\/luiss-freshers-week-as-luiss\/#breadcrumb\"},\"inLanguage\":\"en-US\",\"potentialAction\":[{\"@type\":\"ReadAction\",\"target\":[\"https:\/\/sport.luiss.it\/2019\/09\/05\/luiss-freshers-week-as-luiss\/\"]}]},{\"@type\":\"ImageObject\",\"inLanguage\":\"en-US\",\"@id\":\"https:\/\/sport.luiss.it\/2019\/09\/05\/luiss-freshers-week-as-luiss\/#primaryimage\",\"url\":\"https:\/\/sport.luiss.it\/wp-content\/uploads\/2019\/09\/luisssport.jpg\",\"contentUrl\":\"https:\/\/sport.luiss.it\/wp-content\/uploads\/2019\/09\/luisssport.jpg\",\"width\":1024,\"height\":600,\"caption\":\"Freshers' Week\"},{\"@type\":\"BreadcrumbList\",\"@id\":\"https:\/\/sport.luiss.it\/2019\/09\/05\/luiss-freshers-week-as-luiss\/#breadcrumb\",\"itemListElement\":[{\"@type\":\"ListItem\",\"position\":1,\"name\":\"Home\",\"item\":\"https:\/\/sport.luiss.it\/en\/\"},{\"@type\":\"ListItem\",\"position\":2,\"name\":\"Freshers&#8217; Week, una settimana all&#8217;insegna dello sport per le matricole Luiss\"}]},{\"@type\":\"WebSite\",\"@id\":\"https:\/\/sport.luiss.it\/#website\",\"url\":\"https:\/\/sport.luiss.it\/\",\"name\":\"Luiss Sport - Luiss Guido Carli\",\"description\":\"Luiss Sport\",\"potentialAction\":[{\"@type\":\"SearchAction\",\"target\":{\"@type\":\"EntryPoint\",\"urlTemplate\":\"https:\/\/sport.luiss.it\/?s={search_term_string}\"},\"query-input\":{\"@type\":\"PropertyValueSpecification\",\"valueRequired\":true,\"valueName\":\"search_term_string\"}}],\"inLanguage\":\"en-US\"},{\"@type\":\"Person\",\"@id\":\"https:\/\/sport.luiss.it\/#\/schema\/person\/cf8f862118e51eaa8a4d5a6c814398c1\",\"name\":\"sportluiss\",\"image\":{\"@type\":\"ImageObject\",\"inLanguage\":\"en-US\",\"@id\":\"https:\/\/sport.luiss.it\/#\/schema\/person\/image\/\",\"url\":\"https:\/\/secure.gravatar.com\/avatar\/1be9cca21a056494284517b4865ee67405b54eff789d4c925013e7d4ef1368b0?s=96&d=mm&r=g\",\"contentUrl\":\"https:\/\/secure.gravatar.com\/avatar\/1be9cca21a056494284517b4865ee67405b54eff789d4c925013e7d4ef1368b0?s=96&d=mm&r=g\",\"caption\":\"sportluiss\"}}]}<\/script>\n<!-- \/ Yoast SEO plugin. -->","yoast_head_json":{"title":"Freshers' Week, una settimana all'insegna dello sport per le matricole Luiss","description":"Il 10 settembre prende il via la Luiss Freshers' Week, una settimana di orientamento per far scoprire alle matricole tutti i servizi dell'Universit\u00e0","robots":{"index":"index","follow":"follow","max-snippet":"max-snippet:-1","max-image-preview":"max-image-preview:large","max-video-preview":"max-video-preview:-1"},"canonical":"https:\/\/sport.luiss.it\/2019\/09\/05\/luiss-freshers-week-as-luiss\/","og_locale":"en_US","og_type":"article","og_title":"Freshers' Week, una settimana all'insegna dello sport per le matricole Luiss","og_description":"Il 10 settembre prende il via la Luiss Freshers' Week, una settimana di orientamento per far scoprire alle matricole tutti i servizi dell'Universit\u00e0","og_url":"https:\/\/sport.luiss.it\/2019\/09\/05\/luiss-freshers-week-as-luiss\/","og_site_name":"Luiss Sport - Luiss Guido Carli","article_publisher":"https:\/\/www.facebook.com\/sportluiss\/","article_published_time":"2019-09-05T14:53:58+00:00","article_modified_time":"2026-04-03T14:25:21+00:00","og_image":[{"width":1024,"height":600,"url":"https:\/\/sport.luiss.it\/wp-content\/uploads\/2019\/09\/luisssport.jpg","type":"image\/jpeg"}],"author":"sportluiss","twitter_card":"summary_large_image","twitter_misc":{"Written by":"sportluiss","Est. reading time":"1 minute"},"schema":{"@context":"https:\/\/schema.org","@graph":[{"@type":"WebPage","@id":"https:\/\/sport.luiss.it\/2019\/09\/05\/luiss-freshers-week-as-luiss\/","url":"https:\/\/sport.luiss.it\/2019\/09\/05\/luiss-freshers-week-as-luiss\/","name":"Freshers' Week, una settimana all'insegna dello sport per le matricole Luiss","isPartOf":{"@id":"https:\/\/sport.luiss.it\/#website"},"primaryImageOfPage":{"@id":"https:\/\/sport.luiss.it\/2019\/09\/05\/luiss-freshers-week-as-luiss\/#primaryimage"},"image":{"@id":"https:\/\/sport.luiss.it\/2019\/09\/05\/luiss-freshers-week-as-luiss\/#primaryimage"},"thumbnailUrl":"https:\/\/sport.luiss.it\/wp-content\/uploads\/2019\/09\/luisssport.jpg","datePublished":"2019-09-05T14:53:58+00:00","dateModified":"2026-04-03T14:25:21+00:00","author":{"@id":"https:\/\/sport.luiss.it\/#\/schema\/person\/cf8f862118e51eaa8a4d5a6c814398c1"},"description":"Il 10 settembre prende il via la Luiss Freshers' Week, una settimana di orientamento per far scoprire alle matricole tutti i servizi dell'Universit\u00e0","breadcrumb":{"@id":"https:\/\/sport.luiss.it\/2019\/09\/05\/luiss-freshers-week-as-luiss\/#breadcrumb"},"inLanguage":"en-US","potentialAction":[{"@type":"ReadAction","target":["https:\/\/sport.luiss.it\/2019\/09\/05\/luiss-freshers-week-as-luiss\/"]}]},{"@type":"ImageObject","inLanguage":"en-US","@id":"https:\/\/sport.luiss.it\/2019\/09\/05\/luiss-freshers-week-as-luiss\/#primaryimage","url":"https:\/\/sport.luiss.it\/wp-content\/uploads\/2019\/09\/luisssport.jpg","contentUrl":"https:\/\/sport.luiss.it\/wp-content\/uploads\/2019\/09\/luisssport.jpg","width":1024,"height":600,"caption":"Freshers' Week"},{"@type":"BreadcrumbList","@id":"https:\/\/sport.luiss.it\/2019\/09\/05\/luiss-freshers-week-as-luiss\/#breadcrumb","itemListElement":[{"@type":"ListItem","position":1,"name":"Home","item":"https:\/\/sport.luiss.it\/en\/"},{"@type":"ListItem","position":2,"name":"Freshers&#8217; Week, una settimana all&#8217;insegna dello sport per le matricole Luiss"}]},{"@type":"WebSite","@id":"https:\/\/sport.luiss.it\/#website","url":"https:\/\/sport.luiss.it\/","name":"Luiss Sport - Luiss Guido Carli","description":"Luiss Sport","potentialAction":[{"@type":"SearchAction","target":{"@type":"EntryPoint","urlTemplate":"https:\/\/sport.luiss.it\/?s={search_term_string}"},"query-input":{"@type":"PropertyValueSpecification","valueRequired":true,"valueName":"search_term_string"}}],"inLanguage":"en-US"},{"@type":"Person","@id":"https:\/\/sport.luiss.it\/#\/schema\/person\/cf8f862118e51eaa8a4d5a6c814398c1","name":"sportluiss","image":{"@type":"ImageObject","inLanguage":"en-US","@id":"https:\/\/sport.luiss.it\/#\/schema\/person\/image\/","url":"https:\/\/secure.gravatar.com\/avatar\/1be9cca21a056494284517b4865ee67405b54eff789d4c925013e7d4ef1368b0?s=96&d=mm&r=g","contentUrl":"https:\/\/secure.gravatar.com\/avatar\/1be9cca21a056494284517b4865ee67405b54eff789d4c925013e7d4ef1368b0?s=96&d=mm&r=g","caption":"sportluiss"}}]}},"_links":{"self":[{"href":"https:\/\/sport.luiss.it\/en\/wp-json\/wp\/v2\/posts\/23996","targetHints":{"allow":["GET"]}}],"collection":[{"href":"https:\/\/sport.luiss.it\/en\/wp-json\/wp\/v2\/posts"}],"about":[{"href":"https:\/\/sport.luiss.it\/en\/wp-json\/wp\/v2\/types\/post"}],"author":[{"embeddable":true,"href":"https:\/\/sport.luiss.it\/en\/wp-json\/wp\/v2\/users\/521"}],"replies":[{"embeddable":true,"href":"https:\/\/sport.luiss.it\/en\/wp-json\/wp\/v2\/comments?post=23996"}],"version-history":[{"count":4,"href":"https:\/\/sport.luiss.it\/en\/wp-json\/wp\/v2\/posts\/23996\/revisions"}],"predecessor-version":[{"id":24017,"href":"https:\/\/sport.luiss.it\/en\/wp-json\/wp\/v2\/posts\/23996\/revisions\/24017"}],"wp:featuredmedia":[{"embeddable":true,"href":"https:\/\/sport.luiss.it\/en\/wp-json\/wp\/v2\/media\/23997"}],"wp:attachment":[{"href":"https:\/\/sport.luiss.it\/en\/wp-json\/wp\/v2\/media?parent=23996"}],"wp:term":[{"taxonomy":"category","embeddable":true,"href":"https:\/\/sport.luiss.it\/en\/wp-json\/wp\/v2\/categories?post=23996"},{"taxonomy":"post_tag","embeddable":true,"href":"https:\/\/sport.luiss.it\/en\/wp-json\/wp\/v2\/tags?post=23996"}],"curies":[{"name":"wp","href":"https:\/\/api.w.org\/{rel}","templated":true}]}}