
{"id":24014,"date":"2019-09-06T15:52:35","date_gmt":"2019-09-06T13:52:35","guid":{"rendered":"https:\/\/sport.luiss.it\/?p=24014\/"},"modified":"2026-04-03T16:25:20","modified_gmt":"2026-04-03T14:25:20","slug":"calcio-promozione-luiss-leo-cisotta","status":"publish","type":"post","link":"https:\/\/sport.luiss.it\/en\/2019\/09\/06\/calcio-promozione-luiss-leo-cisotta\/","title":{"rendered":"Calcio Promozione, la carica di Leo Cisotta: &#8220;Puntiamo forte sulla voglia di riprovarci&#8221;"},"content":{"rendered":"<p>Inizia una stagione importante per <a href=\"https:\/\/sport.luiss.it\/calcio-promozione-luiss-2019\/\"><strong>Calcio Promozione<\/strong><\/a>, dopo la grande cavalcata dello scorso anno. <a href=\"https:\/\/sport.luiss.it\/2019\/09\/05\/calcio-promozione-cristian-ledesma\/\">L&#8217;arrivo in panchina di Cristian Ledesma<\/a> e gli innesti nella rosa a sua disposizione rappresentano solo alcune delle novit\u00e0 che riguardano la rappresentativa dell&#8217;Ateneo. In cantiere ci sono, come sempre, progetti ambiziosi. Ce li racconta <strong>Leo Cisotta<\/strong>, founder della squadra che domenica esordir\u00e0 contro la Doc Gallese 2010 per il terzo campionato consecutivo in Promozione.<\/p>\n<h2>Leo, l\u2019argomento del giorno \u00e8 l\u2019arrivo di Cristian Ledesma in panchina. Cosa ti aspetti dalla nuova guida tecnica e che impatto pensi possa avere l\u2019allenatore sulla squadra?<\/h2>\n<p>La scelta di affidare la guida tecnica ad ex calciatori di grande livello risponde alla volont\u00e0 di dare ai ragazzi degli esempi capaci di trasferire il valore del lavoro di squadra e dell\u2019impegno per il raggiungimento di un risultato condiviso. L\u2019arrivo di Cristian Ledesma rappresenta per noi un motivo di orgoglio e di responsabilit\u00e0. Con il mister siamo sicuri di poter costruire un percorso di sviluppo basato su competenza, disponibilit\u00e0 reciproca e attenzione ai valori che un Ateneo come Luiss intende trasmettere agli studenti e alle loro famiglie.<\/p>\n<h2>Qualche partenza (anche a tempo determinato) e tanti nuovi arrivi: ci parli di com\u2019\u00e8 cambiato l\u2019organico a disposizione del mister?<\/h2>\n<p>Da un punto di vista tecnico, con il Direttore Sportivo Paolo Del Bene e con tutto il gruppo di lavoro che segue il calcio abbiamo scelto di confermare \u2013 sostanzialmente in toto \u2013 il gruppo dello scorso anno, puntando forte sulla volont\u00e0 di \u201criprovarci\u201d di tutti i ragazzi che ci hanno portato in alto lo scorso anno.<\/p>\n<p>Sono stati mesi molto intensi per Emanuele Di Mase, Andrea Chiriatti e Fiorenzo Iovane, impegnati a completare l\u2019organico messo a disposizione di mister Ledesma.<\/p>\n<p>Il loro lavoro ha portato in Luiss due innesti senior importanti: sono infatti arrivati Ludovico Le Rose, centrocampista proveniente dal Tor Sapienza e Lorenzo Palazzolo, attaccante che arriva dall\u2019Atletico Vescovio. L\u2019attivit\u00e0 di scouting si \u00e8 conclusa con gli arrivi dei giovani Adriano Poli, portiere gi\u00e0 alla Pro Roma, Gianluigi Aliqu\u00f2, difensore proveniente dalle giovanili della Reggina Calcio, Miroslav Mihajlovic difensore in forza alle giovanili della Sampdoria, Ivan De Cubellis e Mario Bruno rispettivamente centrocampista e difensore dalla Boreale. Inoltre, sono arrivati Luca Biraschi, attaccante dal Campus Eur, Matteo Zampacorta, attaccante proveniente dal Francavilla Calcio, e infine Gregorio Floridi (classe 2001).<\/p>\n<h2>Un\u2019altra importante novit\u00e0 \u00e8 l\u2019inizio del progetto Juniores, che coinvolge i ragazzi nati nel 2001 e nel 2002.<\/h2>\n<p>S\u00ec, la squadra Under 19 parteciper\u00e0 al Campionato Regionale laziale. Si tratta di un investimento sui pi\u00f9 giovani che abbiamo fortemente voluto: la formazione \u00e8 affidata a Roberto Mo, affiancato da Andrea Costagliola, ex capitano della squadra di Promozione. Sar\u00e0 lui a fare da collegamento diretto tra le due squadre.<\/p>\n<p>A supportare e tirare le fila dell\u2019organizzazione e della comunicazione di un progetto che mostra ogni anno il modo di rinnovarsi, ci sar\u00e0 Giovanni Bulgarella &#8211; l\u2019unico non-ex calciatore del gruppo &#8211; punto di riferimento ormai da 10 anni del calcio in Luiss. Con Giovanni lavora da quest\u2019anno anche il Team Manager Alessandro Rotondi, altra \u201cnovit\u00e0\u201d della stagione che inizia domenica<\/p>\n<h2>Alla luce dei risultati raggiunti nello scorso campionato, quali sono gli obiettivi stagionali?<\/h2>\n<p>La conclusione del Campionato 2018-19 ha sicuramente lasciato l\u2019amaro in bocca, ma ci ha anche dato la consapevolezza che la strada intrapresa era quella giusta. Soprattutto in termini di costruzione di un modello sportivo universitario che in Italia non ha eguali e che in Europa si confronta con le migliori esperienze anglosassoni.<\/p>\n<p>L\u2019Universit\u00e0 e l\u2019Associazione Sportiva continuano infatti a credere fermamente alla capacit\u00e0 di questo genere di esperienze \u2013 extra didattiche \u2013 di creare ragazzi pi\u00f9 forti, pi\u00f9 solidi nel loro percorso di crescita personale e professionale e con un bagaglio pi\u00f9 ampio di \u201cconoscenze\u201d sociali.<\/p>\n<p>A noi tutti un grande in bocca al lupo: divertiamoci e facciamo divertire!<\/p>\n","protected":false},"excerpt":{"rendered":"<p>Inizia una stagione importante per Calcio Promozione, dopo la grande cavalcata dello scorso anno. L&#8217;arrivo in panchina di Cristian Ledesma e gli innesti nella rosa a sua disposizione rappresentano solo [&hellip;]<\/p>\n","protected":false},"author":521,"featured_media":24023,"comment_status":"closed","ping_status":"closed","sticky":false,"template":"","format":"standard","meta":{"_monsterinsights_skip_tracking":false,"_monsterinsights_sitenote_active":false,"_monsterinsights_sitenote_note":"","_monsterinsights_sitenote_category":0,"footnotes":""},"categories":[279,37,140],"tags":[],"class_list":["post-24014","post","type-post","status-publish","format-standard","has-post-thumbnail","hentry","category-calcio-promozione","category-news-squadre","category-primo-piano"],"yoast_head":"<!-- This site is optimized with the Yoast SEO plugin v26.5 - https:\/\/yoast.com\/wordpress\/plugins\/seo\/ -->\n<title>Calcio Promozione, la carica di Leo Cisotta: &quot;Puntiamo in alto, abbiamo voglia di riprovarci&quot;<\/title>\n<meta name=\"description\" content=\"Leo Cisotta, founder della S.S.D. Luiss, commenta l&#039;arrivo in panchina di Ledesma, l&#039;avvio del progetto Juniores e gli obiettivi stagionali della squadra\" \/>\n<meta name=\"robots\" content=\"index, follow, max-snippet:-1, max-image-preview:large, max-video-preview:-1\" \/>\n<link rel=\"canonical\" href=\"https:\/\/sport.luiss.it\/2019\/09\/06\/calcio-promozione-luiss-leo-cisotta\/\" \/>\n<meta property=\"og:locale\" content=\"en_US\" \/>\n<meta property=\"og:type\" content=\"article\" \/>\n<meta property=\"og:title\" content=\"Calcio Promozione, la carica di Leo Cisotta: &quot;Puntiamo in alto, abbiamo voglia di riprovarci&quot;\" \/>\n<meta property=\"og:description\" content=\"Leo Cisotta, founder della S.S.D. Luiss, commenta l&#039;arrivo in panchina di Ledesma, l&#039;avvio del progetto Juniores e gli obiettivi stagionali della squadra\" \/>\n<meta property=\"og:url\" content=\"https:\/\/sport.luiss.it\/2019\/09\/06\/calcio-promozione-luiss-leo-cisotta\/\" \/>\n<meta property=\"og:site_name\" content=\"Luiss Sport - Luiss Guido Carli\" \/>\n<meta property=\"article:publisher\" content=\"https:\/\/www.facebook.com\/sportluiss\/\" \/>\n<meta property=\"article:published_time\" content=\"2019-09-06T13:52:35+00:00\" \/>\n<meta property=\"article:modified_time\" content=\"2026-04-03T14:25:20+00:00\" \/>\n<meta property=\"og:image\" content=\"https:\/\/sport.luiss.it\/wp-content\/uploads\/2019\/09\/calcio.jpg\" \/>\n\t<meta property=\"og:image:width\" content=\"975\" \/>\n\t<meta property=\"og:image:height\" content=\"488\" \/>\n\t<meta property=\"og:image:type\" content=\"image\/jpeg\" \/>\n<meta name=\"author\" content=\"sportluiss\" \/>\n<meta name=\"twitter:card\" content=\"summary_large_image\" \/>\n<meta name=\"twitter:label1\" content=\"Written by\" \/>\n\t<meta name=\"twitter:data1\" content=\"sportluiss\" \/>\n\t<meta name=\"twitter:label2\" content=\"Est. reading time\" \/>\n\t<meta name=\"twitter:data2\" content=\"3 minutes\" \/>\n<script type=\"application\/ld+json\" class=\"yoast-schema-graph\">{\"@context\":\"https:\/\/schema.org\",\"@graph\":[{\"@type\":\"WebPage\",\"@id\":\"https:\/\/sport.luiss.it\/2019\/09\/06\/calcio-promozione-luiss-leo-cisotta\/\",\"url\":\"https:\/\/sport.luiss.it\/2019\/09\/06\/calcio-promozione-luiss-leo-cisotta\/\",\"name\":\"Calcio Promozione, la carica di Leo Cisotta: \\\"Puntiamo in alto, abbiamo voglia di riprovarci\\\"\",\"isPartOf\":{\"@id\":\"https:\/\/sport.luiss.it\/#website\"},\"primaryImageOfPage\":{\"@id\":\"https:\/\/sport.luiss.it\/2019\/09\/06\/calcio-promozione-luiss-leo-cisotta\/#primaryimage\"},\"image\":{\"@id\":\"https:\/\/sport.luiss.it\/2019\/09\/06\/calcio-promozione-luiss-leo-cisotta\/#primaryimage\"},\"thumbnailUrl\":\"https:\/\/sport.luiss.it\/wp-content\/uploads\/2019\/09\/calcio.jpg\",\"datePublished\":\"2019-09-06T13:52:35+00:00\",\"dateModified\":\"2026-04-03T14:25:20+00:00\",\"author\":{\"@id\":\"https:\/\/sport.luiss.it\/#\/schema\/person\/cf8f862118e51eaa8a4d5a6c814398c1\"},\"description\":\"Leo Cisotta, founder della S.S.D. Luiss, commenta l'arrivo in panchina di Ledesma, l'avvio del progetto Juniores e gli obiettivi stagionali della squadra\",\"breadcrumb\":{\"@id\":\"https:\/\/sport.luiss.it\/2019\/09\/06\/calcio-promozione-luiss-leo-cisotta\/#breadcrumb\"},\"inLanguage\":\"en-US\",\"potentialAction\":[{\"@type\":\"ReadAction\",\"target\":[\"https:\/\/sport.luiss.it\/2019\/09\/06\/calcio-promozione-luiss-leo-cisotta\/\"]}]},{\"@type\":\"ImageObject\",\"inLanguage\":\"en-US\",\"@id\":\"https:\/\/sport.luiss.it\/2019\/09\/06\/calcio-promozione-luiss-leo-cisotta\/#primaryimage\",\"url\":\"https:\/\/sport.luiss.it\/wp-content\/uploads\/2019\/09\/calcio.jpg\",\"contentUrl\":\"https:\/\/sport.luiss.it\/wp-content\/uploads\/2019\/09\/calcio.jpg\",\"width\":975,\"height\":488,\"caption\":\"Cisotta\"},{\"@type\":\"BreadcrumbList\",\"@id\":\"https:\/\/sport.luiss.it\/2019\/09\/06\/calcio-promozione-luiss-leo-cisotta\/#breadcrumb\",\"itemListElement\":[{\"@type\":\"ListItem\",\"position\":1,\"name\":\"Home\",\"item\":\"https:\/\/sport.luiss.it\/en\/\"},{\"@type\":\"ListItem\",\"position\":2,\"name\":\"Calcio Promozione, la carica di Leo Cisotta: &#8220;Puntiamo forte sulla voglia di riprovarci&#8221;\"}]},{\"@type\":\"WebSite\",\"@id\":\"https:\/\/sport.luiss.it\/#website\",\"url\":\"https:\/\/sport.luiss.it\/\",\"name\":\"Luiss Sport - Luiss Guido Carli\",\"description\":\"Luiss Sport\",\"potentialAction\":[{\"@type\":\"SearchAction\",\"target\":{\"@type\":\"EntryPoint\",\"urlTemplate\":\"https:\/\/sport.luiss.it\/?s={search_term_string}\"},\"query-input\":{\"@type\":\"PropertyValueSpecification\",\"valueRequired\":true,\"valueName\":\"search_term_string\"}}],\"inLanguage\":\"en-US\"},{\"@type\":\"Person\",\"@id\":\"https:\/\/sport.luiss.it\/#\/schema\/person\/cf8f862118e51eaa8a4d5a6c814398c1\",\"name\":\"sportluiss\",\"image\":{\"@type\":\"ImageObject\",\"inLanguage\":\"en-US\",\"@id\":\"https:\/\/sport.luiss.it\/#\/schema\/person\/image\/\",\"url\":\"https:\/\/secure.gravatar.com\/avatar\/1be9cca21a056494284517b4865ee67405b54eff789d4c925013e7d4ef1368b0?s=96&d=mm&r=g\",\"contentUrl\":\"https:\/\/secure.gravatar.com\/avatar\/1be9cca21a056494284517b4865ee67405b54eff789d4c925013e7d4ef1368b0?s=96&d=mm&r=g\",\"caption\":\"sportluiss\"}}]}<\/script>\n<!-- \/ Yoast SEO plugin. -->","yoast_head_json":{"title":"Calcio Promozione, la carica di Leo Cisotta: \"Puntiamo in alto, abbiamo voglia di riprovarci\"","description":"Leo Cisotta, founder della S.S.D. Luiss, commenta l'arrivo in panchina di Ledesma, l'avvio del progetto Juniores e gli obiettivi stagionali della squadra","robots":{"index":"index","follow":"follow","max-snippet":"max-snippet:-1","max-image-preview":"max-image-preview:large","max-video-preview":"max-video-preview:-1"},"canonical":"https:\/\/sport.luiss.it\/2019\/09\/06\/calcio-promozione-luiss-leo-cisotta\/","og_locale":"en_US","og_type":"article","og_title":"Calcio Promozione, la carica di Leo Cisotta: \"Puntiamo in alto, abbiamo voglia di riprovarci\"","og_description":"Leo Cisotta, founder della S.S.D. Luiss, commenta l'arrivo in panchina di Ledesma, l'avvio del progetto Juniores e gli obiettivi stagionali della squadra","og_url":"https:\/\/sport.luiss.it\/2019\/09\/06\/calcio-promozione-luiss-leo-cisotta\/","og_site_name":"Luiss Sport - Luiss Guido Carli","article_publisher":"https:\/\/www.facebook.com\/sportluiss\/","article_published_time":"2019-09-06T13:52:35+00:00","article_modified_time":"2026-04-03T14:25:20+00:00","og_image":[{"width":975,"height":488,"url":"https:\/\/sport.luiss.it\/wp-content\/uploads\/2019\/09\/calcio.jpg","type":"image\/jpeg"}],"author":"sportluiss","twitter_card":"summary_large_image","twitter_misc":{"Written by":"sportluiss","Est. reading time":"3 minutes"},"schema":{"@context":"https:\/\/schema.org","@graph":[{"@type":"WebPage","@id":"https:\/\/sport.luiss.it\/2019\/09\/06\/calcio-promozione-luiss-leo-cisotta\/","url":"https:\/\/sport.luiss.it\/2019\/09\/06\/calcio-promozione-luiss-leo-cisotta\/","name":"Calcio Promozione, la carica di Leo Cisotta: \"Puntiamo in alto, abbiamo voglia di riprovarci\"","isPartOf":{"@id":"https:\/\/sport.luiss.it\/#website"},"primaryImageOfPage":{"@id":"https:\/\/sport.luiss.it\/2019\/09\/06\/calcio-promozione-luiss-leo-cisotta\/#primaryimage"},"image":{"@id":"https:\/\/sport.luiss.it\/2019\/09\/06\/calcio-promozione-luiss-leo-cisotta\/#primaryimage"},"thumbnailUrl":"https:\/\/sport.luiss.it\/wp-content\/uploads\/2019\/09\/calcio.jpg","datePublished":"2019-09-06T13:52:35+00:00","dateModified":"2026-04-03T14:25:20+00:00","author":{"@id":"https:\/\/sport.luiss.it\/#\/schema\/person\/cf8f862118e51eaa8a4d5a6c814398c1"},"description":"Leo Cisotta, founder della S.S.D. Luiss, commenta l'arrivo in panchina di Ledesma, l'avvio del progetto Juniores e gli obiettivi stagionali della squadra","breadcrumb":{"@id":"https:\/\/sport.luiss.it\/2019\/09\/06\/calcio-promozione-luiss-leo-cisotta\/#breadcrumb"},"inLanguage":"en-US","potentialAction":[{"@type":"ReadAction","target":["https:\/\/sport.luiss.it\/2019\/09\/06\/calcio-promozione-luiss-leo-cisotta\/"]}]},{"@type":"ImageObject","inLanguage":"en-US","@id":"https:\/\/sport.luiss.it\/2019\/09\/06\/calcio-promozione-luiss-leo-cisotta\/#primaryimage","url":"https:\/\/sport.luiss.it\/wp-content\/uploads\/2019\/09\/calcio.jpg","contentUrl":"https:\/\/sport.luiss.it\/wp-content\/uploads\/2019\/09\/calcio.jpg","width":975,"height":488,"caption":"Cisotta"},{"@type":"BreadcrumbList","@id":"https:\/\/sport.luiss.it\/2019\/09\/06\/calcio-promozione-luiss-leo-cisotta\/#breadcrumb","itemListElement":[{"@type":"ListItem","position":1,"name":"Home","item":"https:\/\/sport.luiss.it\/en\/"},{"@type":"ListItem","position":2,"name":"Calcio Promozione, la carica di Leo Cisotta: &#8220;Puntiamo forte sulla voglia di riprovarci&#8221;"}]},{"@type":"WebSite","@id":"https:\/\/sport.luiss.it\/#website","url":"https:\/\/sport.luiss.it\/","name":"Luiss Sport - Luiss Guido Carli","description":"Luiss Sport","potentialAction":[{"@type":"SearchAction","target":{"@type":"EntryPoint","urlTemplate":"https:\/\/sport.luiss.it\/?s={search_term_string}"},"query-input":{"@type":"PropertyValueSpecification","valueRequired":true,"valueName":"search_term_string"}}],"inLanguage":"en-US"},{"@type":"Person","@id":"https:\/\/sport.luiss.it\/#\/schema\/person\/cf8f862118e51eaa8a4d5a6c814398c1","name":"sportluiss","image":{"@type":"ImageObject","inLanguage":"en-US","@id":"https:\/\/sport.luiss.it\/#\/schema\/person\/image\/","url":"https:\/\/secure.gravatar.com\/avatar\/1be9cca21a056494284517b4865ee67405b54eff789d4c925013e7d4ef1368b0?s=96&d=mm&r=g","contentUrl":"https:\/\/secure.gravatar.com\/avatar\/1be9cca21a056494284517b4865ee67405b54eff789d4c925013e7d4ef1368b0?s=96&d=mm&r=g","caption":"sportluiss"}}]}},"_links":{"self":[{"href":"https:\/\/sport.luiss.it\/en\/wp-json\/wp\/v2\/posts\/24014","targetHints":{"allow":["GET"]}}],"collection":[{"href":"https:\/\/sport.luiss.it\/en\/wp-json\/wp\/v2\/posts"}],"about":[{"href":"https:\/\/sport.luiss.it\/en\/wp-json\/wp\/v2\/types\/post"}],"author":[{"embeddable":true,"href":"https:\/\/sport.luiss.it\/en\/wp-json\/wp\/v2\/users\/521"}],"replies":[{"embeddable":true,"href":"https:\/\/sport.luiss.it\/en\/wp-json\/wp\/v2\/comments?post=24014"}],"version-history":[{"count":3,"href":"https:\/\/sport.luiss.it\/en\/wp-json\/wp\/v2\/posts\/24014\/revisions"}],"predecessor-version":[{"id":24026,"href":"https:\/\/sport.luiss.it\/en\/wp-json\/wp\/v2\/posts\/24014\/revisions\/24026"}],"wp:featuredmedia":[{"embeddable":true,"href":"https:\/\/sport.luiss.it\/en\/wp-json\/wp\/v2\/media\/24023"}],"wp:attachment":[{"href":"https:\/\/sport.luiss.it\/en\/wp-json\/wp\/v2\/media?parent=24014"}],"wp:term":[{"taxonomy":"category","embeddable":true,"href":"https:\/\/sport.luiss.it\/en\/wp-json\/wp\/v2\/categories?post=24014"},{"taxonomy":"post_tag","embeddable":true,"href":"https:\/\/sport.luiss.it\/en\/wp-json\/wp\/v2\/tags?post=24014"}],"curies":[{"name":"wp","href":"https:\/\/api.w.org\/{rel}","templated":true}]}}