
{"id":2738,"date":"2011-09-16T11:11:47","date_gmt":"2011-09-16T11:11:47","guid":{"rendered":"https:\/\/sport.luiss.it\/?p=2738"},"modified":"2011-09-16T11:11:47","modified_gmt":"2011-09-16T11:11:47","slug":"basket-al-via-la-nuova-stagione","status":"publish","type":"post","link":"https:\/\/sport.luiss.it\/en\/2011\/09\/16\/basket-al-via-la-nuova-stagione\/","title":{"rendered":"Basket: al via la nuova stagione"},"content":{"rendered":"<p><a href=\"https:\/\/sport.luiss.it\/wp-content\/uploads\/2011\/09\/logo-dnc1.jpg\"><img loading=\"lazy\" decoding=\"async\" class=\"alignleft size-full wp-image-2740\" title=\"logo-dnc\" src=\"https:\/\/sport.luiss.it\/wp-content\/uploads\/2011\/09\/logo-dnc1.jpg\" alt=\"\" width=\"104\" height=\"148\" \/><\/a>E\u2019 pronta a ripartire l\u2019avventura dell\u2019AS LUISS di pallacanestro che prender\u00e0 parte alla quinta serie Nazionale, quest\u2019anno denominata Divisione Nazionale C (DNC).<\/p>\n<p>La formazione luissina arriva ai nastri di partenza con tante novit\u00e0, prima fra tutte quella che riguarda la guida tecnica, affidata a <strong>Massimiliano Briscese<\/strong>, che sar\u00e0 affiancato da Giancarlo Oliva, al suo quinto anno da vice-allenatore luissino. Dopo gli addii eccellenti di Federico Selle, Valerio Bernardini, Costantino Urciuoli, Riccardo Conti e Matteo Leombroni, sono approdati in quel di via Martino Longhi i giovani Andrea Italiano, Alessandro Di Pasquale, Giulio Di Fabio e Vittorio Vitello oltre ai pi\u00f9 esperti Francesco Borsetti e Marco Barletta provenienti dalla Minerva. I nuovi arrivati potranno fare affidamento sulla vecchia guardia della LUISS, quella composta da Claudio Giambene, Ruben Polselli, Luca Raffaele, Gianluca Baldrati, Luca Migliaccio e Alberto Aspidi che sono rimasti in maglia biancoblu con tanto entusiasmo e voglia di riscattare la passata stagione, conclusasi con la cocente eliminazione sub\u00ecta ai quarti di finale play-off contro la Nuova Pall. Contigliano.<\/p>\n<p>Tanti quindi i volti nuovi in casa LUISS, che si appresta a vivere un\u2019altra stagione intensa e piena di soddisfazioni, proprio come spera <strong>Michelangelo Schiano di Cola<\/strong>, General Manager lussino: \u201c<em>Quest\u2019anno per noi sar\u00e0 ricco di novit\u00e0, con la squadra rinnovata al 50% e un nuovo coach. Raramente \u00e8 accaduto nel corso della nostra decennale esperienza di iniziare un anno sportivo con cos\u00ec tanti nuovi atleti, pertanto \u00e8 molto difficile fare previsioni sulla nostra stagione. Di sicuro sar\u00e0 una stagione molto intensa che spero ci possa dare buoni risultati cos\u00ec come \u00e8 accaduto negli ultimi anni ed \u00e8 per questo che colgo anche l&#8217;occasione per ringraziare Fulvio Polesello per il lavoro svolto con estrema professionalit\u00e0.<\/em> \u201d<\/p>\n<p>La formazione luissina, con Gaeta, Aprilia e la Tiber \u00e8 considerata tra le favorite del girone G, ma Schiano di Cola vola basso e predica umilt\u00e0: \u201c<em>Gaeta ha costruito una squadra molto competitiva, e credo sia da considerare la favorita in assoluto essendo un gradino sopra le altre. Dietro i pontini vedo un gruppetto di 6\/7 squadre che si equivalgono, nel quale mi auguro possa entrare anche la nostra in modo da lottare per un piazzamento che conta in vista dei play-off. Sono fermamente convinto che il nostro primo obiettivo quest\u2019anno sia quello di porre le basi per un gruppo che possa dimostrarsi realmente vincente anche negli anni a venire. La nostra et\u00e0 media \u00e8 di 22 anni e abbiamo tanto talento da mettere sul campo, per questo possiamo e dobbiamo solo lavorare con tanta umilt\u00e0 per acquisire esperienza e qualit\u00e0 tecnica. Abbiamo scelto Massimiliano come guida tecnica anche per la sua particolare abilit\u00e0 di lavorare con i giovani e di formare giocatori vincenti, qualit\u00e0 che, tra le altre, lo rende un allenatore eccellente.\u201d<\/em><\/p>\n<p>Il primo impegno del campionato vedr\u00e0 la formazione di Coach Briscese esordire in casa contro il Cassino, formazione neo-promossa nel campionato DNC, e il GM biancoblu valuta cos\u00ec l\u2019esordio di questa nuova stagione: \u201c<em>La prima partita \u00e8 sempre insidiosa per definizione. Cassino ha lavorato molto bene nella composizione della squadra e durante la preparazione di inizio anno. Schiera nel quintetto atleti di prim\u2019ordine come Canzano e Confessore, che sono tra i migliori del girone nei rispettivi ruoli, oltre a poter contare su alcuni giovani talentuosi. Pertanto sar\u00e0 una partita difficile, dove per noi al di l\u00e0 della tecnica sar\u00e0 molto importante giocare con un\u2019alta intensit\u00e0 per tutta la partita e iniziare a mostrare quella <strong>mentalit\u00e0 vincente<\/strong> che ci dovr\u00e0 accompagnare per l\u2019intero campionato.\u201d <\/em><\/p>\n<p>La LUISS \u00e8 pronta, il pre-campionato ha dato ottimi spunti a Briscese e allo staff tecnico e dirigenziale che lavorano ogni giorno per provare ad essere protagonisti anche nella stagione 2011\/2012.<\/p>\n<p><strong>Danila Di Biase<\/strong><\/p>\n","protected":false},"excerpt":{"rendered":"<p>E\u2019 pronta a ripartire l\u2019avventura dell\u2019AS LUISS di pallacanestro che prender\u00e0 parte alla quinta serie Nazionale, quest\u2019anno denominata Divisione Nazionale C (DNC). La formazione luissina arriva ai nastri di partenza [&hellip;]<\/p>\n","protected":false},"author":441,"featured_media":2740,"comment_status":"closed","ping_status":"closed","sticky":false,"template":"","format":"standard","meta":{"_monsterinsights_skip_tracking":false,"_monsterinsights_sitenote_active":false,"_monsterinsights_sitenote_note":"","_monsterinsights_sitenote_category":0,"footnotes":""},"categories":[114],"tags":[],"class_list":["post-2738","post","type-post","status-publish","format-standard","has-post-thumbnail","hentry","category-news-basket-c"],"yoast_head":"<!-- This site is optimized with the Yoast SEO plugin v26.5 - https:\/\/yoast.com\/wordpress\/plugins\/seo\/ -->\n<title>Basket: al via la nuova stagione - Luiss Sport - Luiss Guido Carli<\/title>\n<meta name=\"robots\" content=\"index, follow, max-snippet:-1, max-image-preview:large, max-video-preview:-1\" \/>\n<link rel=\"canonical\" href=\"https:\/\/sport.luiss.it\/2011\/09\/16\/basket-al-via-la-nuova-stagione\/\" \/>\n<meta property=\"og:locale\" content=\"en_US\" \/>\n<meta property=\"og:type\" content=\"article\" \/>\n<meta property=\"og:title\" content=\"Basket: al via la nuova stagione - Luiss Sport - Luiss Guido Carli\" \/>\n<meta property=\"og:description\" content=\"E\u2019 pronta a ripartire l\u2019avventura dell\u2019AS LUISS di pallacanestro che prender\u00e0 parte alla quinta serie Nazionale, quest\u2019anno denominata Divisione Nazionale C (DNC). La formazione luissina arriva ai nastri di partenza [&hellip;]\" \/>\n<meta property=\"og:url\" content=\"https:\/\/sport.luiss.it\/2011\/09\/16\/basket-al-via-la-nuova-stagione\/\" \/>\n<meta property=\"og:site_name\" content=\"Luiss Sport - Luiss Guido Carli\" \/>\n<meta property=\"article:publisher\" content=\"https:\/\/www.facebook.com\/sportluiss\/\" \/>\n<meta property=\"article:published_time\" content=\"2011-09-16T11:11:47+00:00\" \/>\n<meta name=\"twitter:card\" content=\"summary_large_image\" \/>\n<meta name=\"twitter:label1\" content=\"Written by\" \/>\n\t<meta name=\"twitter:data1\" content=\"\" \/>\n\t<meta name=\"twitter:label2\" content=\"Est. reading time\" \/>\n\t<meta name=\"twitter:data2\" content=\"3 minutes\" \/>\n<script type=\"application\/ld+json\" class=\"yoast-schema-graph\">{\"@context\":\"https:\/\/schema.org\",\"@graph\":[{\"@type\":\"WebPage\",\"@id\":\"https:\/\/sport.luiss.it\/2011\/09\/16\/basket-al-via-la-nuova-stagione\/\",\"url\":\"https:\/\/sport.luiss.it\/2011\/09\/16\/basket-al-via-la-nuova-stagione\/\",\"name\":\"Basket: al via la nuova stagione - Luiss Sport - Luiss Guido Carli\",\"isPartOf\":{\"@id\":\"https:\/\/sport.luiss.it\/#website\"},\"primaryImageOfPage\":{\"@id\":\"https:\/\/sport.luiss.it\/2011\/09\/16\/basket-al-via-la-nuova-stagione\/#primaryimage\"},\"image\":{\"@id\":\"https:\/\/sport.luiss.it\/2011\/09\/16\/basket-al-via-la-nuova-stagione\/#primaryimage\"},\"thumbnailUrl\":\"\",\"datePublished\":\"2011-09-16T11:11:47+00:00\",\"author\":{\"@id\":\"\"},\"breadcrumb\":{\"@id\":\"https:\/\/sport.luiss.it\/2011\/09\/16\/basket-al-via-la-nuova-stagione\/#breadcrumb\"},\"inLanguage\":\"en-US\",\"potentialAction\":[{\"@type\":\"ReadAction\",\"target\":[\"https:\/\/sport.luiss.it\/2011\/09\/16\/basket-al-via-la-nuova-stagione\/\"]}]},{\"@type\":\"ImageObject\",\"inLanguage\":\"en-US\",\"@id\":\"https:\/\/sport.luiss.it\/2011\/09\/16\/basket-al-via-la-nuova-stagione\/#primaryimage\",\"url\":\"\",\"contentUrl\":\"\"},{\"@type\":\"BreadcrumbList\",\"@id\":\"https:\/\/sport.luiss.it\/2011\/09\/16\/basket-al-via-la-nuova-stagione\/#breadcrumb\",\"itemListElement\":[{\"@type\":\"ListItem\",\"position\":1,\"name\":\"Home\",\"item\":\"https:\/\/sport.luiss.it\/en\/\"},{\"@type\":\"ListItem\",\"position\":2,\"name\":\"Basket: al via la nuova stagione\"}]},{\"@type\":\"WebSite\",\"@id\":\"https:\/\/sport.luiss.it\/#website\",\"url\":\"https:\/\/sport.luiss.it\/\",\"name\":\"Luiss Sport - Luiss Guido Carli\",\"description\":\"Luiss Sport\",\"potentialAction\":[{\"@type\":\"SearchAction\",\"target\":{\"@type\":\"EntryPoint\",\"urlTemplate\":\"https:\/\/sport.luiss.it\/?s={search_term_string}\"},\"query-input\":{\"@type\":\"PropertyValueSpecification\",\"valueRequired\":true,\"valueName\":\"search_term_string\"}}],\"inLanguage\":\"en-US\"},{\"@type\":\"Person\",\"@id\":\"\"}]}<\/script>\n<!-- \/ Yoast SEO plugin. -->","yoast_head_json":{"title":"Basket: al via la nuova stagione - Luiss Sport - Luiss Guido Carli","robots":{"index":"index","follow":"follow","max-snippet":"max-snippet:-1","max-image-preview":"max-image-preview:large","max-video-preview":"max-video-preview:-1"},"canonical":"https:\/\/sport.luiss.it\/2011\/09\/16\/basket-al-via-la-nuova-stagione\/","og_locale":"en_US","og_type":"article","og_title":"Basket: al via la nuova stagione - Luiss Sport - Luiss Guido Carli","og_description":"E\u2019 pronta a ripartire l\u2019avventura dell\u2019AS LUISS di pallacanestro che prender\u00e0 parte alla quinta serie Nazionale, quest\u2019anno denominata Divisione Nazionale C (DNC). La formazione luissina arriva ai nastri di partenza [&hellip;]","og_url":"https:\/\/sport.luiss.it\/2011\/09\/16\/basket-al-via-la-nuova-stagione\/","og_site_name":"Luiss Sport - Luiss Guido Carli","article_publisher":"https:\/\/www.facebook.com\/sportluiss\/","article_published_time":"2011-09-16T11:11:47+00:00","twitter_card":"summary_large_image","twitter_misc":{"Written by":"","Est. reading time":"3 minutes"},"schema":{"@context":"https:\/\/schema.org","@graph":[{"@type":"WebPage","@id":"https:\/\/sport.luiss.it\/2011\/09\/16\/basket-al-via-la-nuova-stagione\/","url":"https:\/\/sport.luiss.it\/2011\/09\/16\/basket-al-via-la-nuova-stagione\/","name":"Basket: al via la nuova stagione - Luiss Sport - Luiss Guido Carli","isPartOf":{"@id":"https:\/\/sport.luiss.it\/#website"},"primaryImageOfPage":{"@id":"https:\/\/sport.luiss.it\/2011\/09\/16\/basket-al-via-la-nuova-stagione\/#primaryimage"},"image":{"@id":"https:\/\/sport.luiss.it\/2011\/09\/16\/basket-al-via-la-nuova-stagione\/#primaryimage"},"thumbnailUrl":"","datePublished":"2011-09-16T11:11:47+00:00","author":{"@id":""},"breadcrumb":{"@id":"https:\/\/sport.luiss.it\/2011\/09\/16\/basket-al-via-la-nuova-stagione\/#breadcrumb"},"inLanguage":"en-US","potentialAction":[{"@type":"ReadAction","target":["https:\/\/sport.luiss.it\/2011\/09\/16\/basket-al-via-la-nuova-stagione\/"]}]},{"@type":"ImageObject","inLanguage":"en-US","@id":"https:\/\/sport.luiss.it\/2011\/09\/16\/basket-al-via-la-nuova-stagione\/#primaryimage","url":"","contentUrl":""},{"@type":"BreadcrumbList","@id":"https:\/\/sport.luiss.it\/2011\/09\/16\/basket-al-via-la-nuova-stagione\/#breadcrumb","itemListElement":[{"@type":"ListItem","position":1,"name":"Home","item":"https:\/\/sport.luiss.it\/en\/"},{"@type":"ListItem","position":2,"name":"Basket: al via la nuova stagione"}]},{"@type":"WebSite","@id":"https:\/\/sport.luiss.it\/#website","url":"https:\/\/sport.luiss.it\/","name":"Luiss Sport - Luiss Guido Carli","description":"Luiss Sport","potentialAction":[{"@type":"SearchAction","target":{"@type":"EntryPoint","urlTemplate":"https:\/\/sport.luiss.it\/?s={search_term_string}"},"query-input":{"@type":"PropertyValueSpecification","valueRequired":true,"valueName":"search_term_string"}}],"inLanguage":"en-US"},{"@type":"Person","@id":""}]}},"_links":{"self":[{"href":"https:\/\/sport.luiss.it\/en\/wp-json\/wp\/v2\/posts\/2738","targetHints":{"allow":["GET"]}}],"collection":[{"href":"https:\/\/sport.luiss.it\/en\/wp-json\/wp\/v2\/posts"}],"about":[{"href":"https:\/\/sport.luiss.it\/en\/wp-json\/wp\/v2\/types\/post"}],"author":[{"embeddable":true,"href":"https:\/\/sport.luiss.it\/en\/wp-json\/wp\/v2\/users\/441"}],"replies":[{"embeddable":true,"href":"https:\/\/sport.luiss.it\/en\/wp-json\/wp\/v2\/comments?post=2738"}],"version-history":[{"count":0,"href":"https:\/\/sport.luiss.it\/en\/wp-json\/wp\/v2\/posts\/2738\/revisions"}],"wp:featuredmedia":[{"embeddable":true,"href":"https:\/\/sport.luiss.it\/en\/wp-json\/"}],"wp:attachment":[{"href":"https:\/\/sport.luiss.it\/en\/wp-json\/wp\/v2\/media?parent=2738"}],"wp:term":[{"taxonomy":"category","embeddable":true,"href":"https:\/\/sport.luiss.it\/en\/wp-json\/wp\/v2\/categories?post=2738"},{"taxonomy":"post_tag","embeddable":true,"href":"https:\/\/sport.luiss.it\/en\/wp-json\/wp\/v2\/tags?post=2738"}],"curies":[{"name":"wp","href":"https:\/\/api.w.org\/{rel}","templated":true}]}}