
{"id":28192,"date":"2021-02-05T12:32:33","date_gmt":"2021-02-05T11:32:33","guid":{"rendered":"https:\/\/sport.luiss.it\/?p=28192\/"},"modified":"2026-04-03T16:24:02","modified_gmt":"2026-04-03T14:24:02","slug":"maestrelli-carlo-federico-benedizione","status":"publish","type":"post","link":"https:\/\/sport.luiss.it\/en\/2021\/02\/05\/maestrelli-carlo-federico-benedizione\/","title":{"rendered":"Calcio Eccellenza, Capitan Maestrelli vince il \u201cPremio di Laurea Carlo Federico Benedizione\u201d"},"content":{"rendered":"<p class=\"Standard\"><span lang=\"DE\">Classe &#8217;95, <strong>Tommaso Maestrelli<\/strong> \u00e8 il capitano di <a href=\"https:\/\/sport.luiss.it\/calcio-eccellenza\/\">Calcio Eccellenza<\/a>, squadra per la quale gioca nel ruolo di centrocampista\u00a0dal 2017.<\/span> Nipote dell&#8217;omonimo allenatore Campione d&#8217;Italia con la Lazio nel &#8217;74, dal nonno ha ereditato la stoffa del campione. Si \u00e8, infatti, <strong>laureato in Economia e Commercio,<\/strong> conseguendo pochi giorni fa anche il \u201c<strong><a href=\"https:\/\/www.luiss.it\/evento\/2021\/02\/02\/premio-di-laurea-carlo-federico-benedizione\"><span lang=\"DE\">Premio di Laurea<\/span> Carlo Federico Benedizione<\/a><\/strong>\u201d. Carlo Federico Benedizione \u00e8 stato un brillante laureato Luiss in Giurisprudenza, grande appassionato di sport e profondo cultore dei valori di coraggio, dedizione e rispetto che esso comporta. La sua famiglia, composta da Alumni Luiss, ha voluto onorarne la memoria istituendo un riconoscimento\u00a0annuale da assegnare alle migliori tesi sullo sport in ambito economico, giuridico o politico sociale. <strong>Tommaso \u00e8 stato uno dei premiati<\/strong> grazie alla sua tesi dal titolo &#8220;<em>Football leagues and participating clubs: the research of the optimal balance between global competitiveness and individual profits&#8221;<\/em>.<\/p>\n<p class=\"Standard\"><b><span lang=\"DE\">Capitano di Calcio Eccellenza e tra i dottori che hanno ricevuto il premio di laurea: sfati il mito che si pu\u00f2 eccellere solo in un campo. Qual \u00e8 il tuo segreto?<\/span><\/b><\/p>\n<p class=\"Standard\"><span lang=\"DE\">Dal mio punto di vista \u00e8 assolutamente possibile eccellere in pi\u00f9 ambiti, soprattutto in un ambiente in cui questo che ti agevola a farlo.\u00a0La Luiss \u00e8 la prima Universit\u00e0 in Italia a dare importanza sia agli studi accademici che alle attivit\u00e0 sportive, promuovendo\u00a0la\u00a0Dual Career. In molti licei italiani purtroppo ci\u00f2 non avviene e i ragazzi si trovano a dover compiere una scelta. I professori, ad esempio, non capiscono gli sforzi che gli studenti sportivi compiono e i benefici che ne traggono. Certo \u00e8 che lo sport non deve annullare lo studio, ma devono andare di pari passo. Anzi, lo sport pu\u00f2 contribuire a migliorare l&#8217;apprendimento, dato che rappresenta un\u00a0<\/span><span lang=\"DE\">importante valvola di sfogo. \u00c8\u00a0sbagliato togliere qualcosa ad uno dei due ambiti a prescindere. <\/span><\/p>\n<p class=\"Standard\"><strong><span lang=\"DE\">In che modo ha inciso la Luiss nel tuo percorso?<\/span><\/strong><\/p>\n<p class=\"Standard\">Grazie alla Luiss e ad alcuni ragazzi che prima di me hanno fatto questa scelta, ho potuto ricevere preziosi consigli per conseguire risultati importanti. Ci sono voluti sacrificio, dedizione, duro lavoro e l&#8217;impegno a migliorare ogni giorno. In questo lo sport aiuta, perch\u00e9 \u00e8 uno stimolo a crescere. Devo, inoltre, ringraziare la mia famiglia, i miei genitori, gli amici e la mia ragazza che mi hanno insegnato questi valori e supportato nelle mie attivit\u00e0. \u00c8 fondamentale circondarsi di persone sempre pronte ad aiutarti in ogni momento. Il segreto \u00e8 credere in se stessi, nelle proprie capacit\u00e0 e cercare di migliorasi, limando i propri difetti.<\/p>\n<p class=\"Standard\"><b><span lang=\"DE\">L&#8217;allenatore e i tuoi compagni di squadra hanno contribuito al raggiungimento di questo traguardo?<\/span><\/b><\/p>\n<p class=\"Standard\"><span lang=\"DE\">I compagni di squadra, l&#8217;allenatore e la dirigenza sono stati di grande aiuto per la mia crescita. Con\u00a0loro ogni allenamento \u00e8 l&#8217;occasione per migliorarsi, ma \u00e8 anche l&#8217;opportunit\u00e0 per stare insieme. Oltre che compagni, si diventa amici e ci si pu\u00f2 confrontare e divagarsi dai problemi quotidiani. I ragazzi che hanno intrapreso questa carriera prima di me, mi hanno indicato la strada da percorrere, consigliandomi e facilitandomi.<\/span><\/p>\n<p class=\"Standard\"><b><span lang=\"DE\">Studente, calciatore e anche lavoratore. Ci racconti una tua giornata tipo? Come concili i tanti impegni?<\/span><\/b><\/p>\n<p class=\"Standard\"><span lang=\"DE\">In questo periodo di lockdown lavoro da casa e la sera vado agli allenamenti. Il momento pi\u00f9 complicato \u00e8 stato quello in cui mi sono trovato a preparare la tesi. Non \u00e8 facile, lo ammetto, ma con impegno, dedizione e sacrificio \u00e8 possibile riuscire a eccellere in ogni ambito.<\/span><\/p>\n<p class=\"Standard\"><b><span lang=\"DE\">Quale consiglio daresti a chi desidera intraprendere una carriera sportiva come la tua, senza trascurare gli studi?<\/span><\/b><\/p>\n<p class=\"Standard\"><span lang=\"DE\">Come dicevo, il consiglio che mi sento di dare \u00e8 credere nelle proprie capacit\u00e0, coltivarle ogni giorno e circondarsi di persone che ti vogliono bene. Se ci sono queste basi, sicuramente \u00e8 pi\u00f9 facile intraprendere questo tipo di scelte, superando difficolt\u00e0 che si possono incontrare nel percorso. Anche queste sono, per\u00f2, l&#8217;occasione per migliorarsi e crescere. Sono sempre fonte di riflessione e crescita.<\/span><\/p>\n<p class=\"Standard\"><b><span lang=\"DE\">Come ti immagini\u00a0tra dieci anni?<\/span><\/b><\/p>\n<p class=\"Standard\"><span lang=\"DE\">Non sono molto bravo a immaginare il mio futuro e ipotizzare cosa potrebbe accadere. Mi piace vivere alla giornata e affrontare tutto di volta in volta, dallo studio, allo sport ai rapporti interpersonali, con passione, in modo da non avere rimpianti. Sono sicuro che, se continuer\u00f2 a mettere tutto me stesso in ci\u00f2 che faccio, sar\u00f2 felice di quello che verr\u00e0. Tra dieci anni non so dove sar\u00f2, ma sicuramente avr\u00f2 la stessa passione di oggi per quello che faccio.<\/span><\/p>\n<p class=\"Standard\">Ringraziamo Tommaso, a cui facciamo i nostri complimenti per il premio ricevuto. Ad maiora!<\/p>\n","protected":false},"excerpt":{"rendered":"<p>Classe &#8217;95, Tommaso Maestrelli \u00e8 il capitano di Calcio Eccellenza, squadra per la quale gioca nel ruolo di centrocampista\u00a0dal 2017. Nipote dell&#8217;omonimo allenatore Campione d&#8217;Italia con la Lazio nel &#8217;74, [&hellip;]<\/p>\n","protected":false},"author":521,"featured_media":0,"comment_status":"closed","ping_status":"closed","sticky":false,"template":"","format":"standard","meta":{"_monsterinsights_skip_tracking":false,"_monsterinsights_sitenote_active":false,"_monsterinsights_sitenote_note":"","_monsterinsights_sitenote_category":0,"footnotes":""},"categories":[331,37,140],"tags":[],"class_list":["post-28192","post","type-post","status-publish","format-standard","hentry","category-calcio-eccellenza","category-news-squadre","category-primo-piano"],"yoast_head":"<!-- This site is optimized with the Yoast SEO plugin v26.5 - https:\/\/yoast.com\/wordpress\/plugins\/seo\/ -->\n<title>Calcio Eccellenza, Capitan Maestrelli vince il \u201cPremio di Laurea Carlo Federico Benedizione\u201d<\/title>\n<meta name=\"description\" content=\"Il capitano di Calcio Eccellenza Tommaso Maestrelli ha ricevuto il \u201cPremio di Laurea Carlo Federico Benedizione\u201d per la sua laurea in Economia e Commercio\" \/>\n<meta name=\"robots\" content=\"index, follow, max-snippet:-1, max-image-preview:large, max-video-preview:-1\" \/>\n<link rel=\"canonical\" href=\"https:\/\/sport.luiss.it\/2021\/02\/05\/maestrelli-carlo-federico-benedizione\/\" \/>\n<meta property=\"og:locale\" content=\"en_US\" \/>\n<meta property=\"og:type\" content=\"article\" \/>\n<meta property=\"og:title\" content=\"Calcio Eccellenza, Capitan Maestrelli vince il \u201cPremio di Laurea Carlo Federico Benedizione\u201d\" \/>\n<meta property=\"og:description\" content=\"Il capitano di Calcio Eccellenza Tommaso Maestrelli ha ricevuto il \u201cPremio di Laurea Carlo Federico Benedizione\u201d per la sua laurea in Economia e Commercio\" \/>\n<meta property=\"og:url\" content=\"https:\/\/sport.luiss.it\/2021\/02\/05\/maestrelli-carlo-federico-benedizione\/\" \/>\n<meta property=\"og:site_name\" content=\"Luiss Sport - Luiss Guido Carli\" \/>\n<meta property=\"article:publisher\" content=\"https:\/\/www.facebook.com\/sportluiss\/\" \/>\n<meta property=\"article:published_time\" content=\"2021-02-05T11:32:33+00:00\" \/>\n<meta property=\"article:modified_time\" content=\"2026-04-03T14:24:02+00:00\" \/>\n<meta name=\"author\" content=\"sportluiss\" \/>\n<meta name=\"twitter:card\" content=\"summary_large_image\" \/>\n<meta name=\"twitter:label1\" content=\"Written by\" \/>\n\t<meta name=\"twitter:data1\" content=\"sportluiss\" \/>\n\t<meta name=\"twitter:label2\" content=\"Est. reading time\" \/>\n\t<meta name=\"twitter:data2\" content=\"4 minutes\" \/>\n<script type=\"application\/ld+json\" class=\"yoast-schema-graph\">{\"@context\":\"https:\/\/schema.org\",\"@graph\":[{\"@type\":\"WebPage\",\"@id\":\"https:\/\/sport.luiss.it\/2021\/02\/05\/maestrelli-carlo-federico-benedizione\/\",\"url\":\"https:\/\/sport.luiss.it\/2021\/02\/05\/maestrelli-carlo-federico-benedizione\/\",\"name\":\"Calcio Eccellenza, Capitan Maestrelli vince il \u201cPremio di Laurea Carlo Federico Benedizione\u201d\",\"isPartOf\":{\"@id\":\"https:\/\/sport.luiss.it\/#website\"},\"datePublished\":\"2021-02-05T11:32:33+00:00\",\"dateModified\":\"2026-04-03T14:24:02+00:00\",\"author\":{\"@id\":\"https:\/\/sport.luiss.it\/#\/schema\/person\/cf8f862118e51eaa8a4d5a6c814398c1\"},\"description\":\"Il capitano di Calcio Eccellenza Tommaso Maestrelli ha ricevuto il \u201cPremio di Laurea Carlo Federico Benedizione\u201d per la sua laurea in Economia e Commercio\",\"breadcrumb\":{\"@id\":\"https:\/\/sport.luiss.it\/2021\/02\/05\/maestrelli-carlo-federico-benedizione\/#breadcrumb\"},\"inLanguage\":\"en-US\",\"potentialAction\":[{\"@type\":\"ReadAction\",\"target\":[\"https:\/\/sport.luiss.it\/2021\/02\/05\/maestrelli-carlo-federico-benedizione\/\"]}]},{\"@type\":\"BreadcrumbList\",\"@id\":\"https:\/\/sport.luiss.it\/2021\/02\/05\/maestrelli-carlo-federico-benedizione\/#breadcrumb\",\"itemListElement\":[{\"@type\":\"ListItem\",\"position\":1,\"name\":\"Home\",\"item\":\"https:\/\/sport.luiss.it\/en\/\"},{\"@type\":\"ListItem\",\"position\":2,\"name\":\"Calcio Eccellenza, Capitan Maestrelli vince il \u201cPremio di Laurea Carlo Federico Benedizione\u201d\"}]},{\"@type\":\"WebSite\",\"@id\":\"https:\/\/sport.luiss.it\/#website\",\"url\":\"https:\/\/sport.luiss.it\/\",\"name\":\"Luiss Sport - Luiss Guido Carli\",\"description\":\"Luiss Sport\",\"potentialAction\":[{\"@type\":\"SearchAction\",\"target\":{\"@type\":\"EntryPoint\",\"urlTemplate\":\"https:\/\/sport.luiss.it\/?s={search_term_string}\"},\"query-input\":{\"@type\":\"PropertyValueSpecification\",\"valueRequired\":true,\"valueName\":\"search_term_string\"}}],\"inLanguage\":\"en-US\"},{\"@type\":\"Person\",\"@id\":\"https:\/\/sport.luiss.it\/#\/schema\/person\/cf8f862118e51eaa8a4d5a6c814398c1\",\"name\":\"sportluiss\",\"image\":{\"@type\":\"ImageObject\",\"inLanguage\":\"en-US\",\"@id\":\"https:\/\/sport.luiss.it\/#\/schema\/person\/image\/\",\"url\":\"https:\/\/secure.gravatar.com\/avatar\/1be9cca21a056494284517b4865ee67405b54eff789d4c925013e7d4ef1368b0?s=96&d=mm&r=g\",\"contentUrl\":\"https:\/\/secure.gravatar.com\/avatar\/1be9cca21a056494284517b4865ee67405b54eff789d4c925013e7d4ef1368b0?s=96&d=mm&r=g\",\"caption\":\"sportluiss\"}}]}<\/script>\n<!-- \/ Yoast SEO plugin. -->","yoast_head_json":{"title":"Calcio Eccellenza, Capitan Maestrelli vince il \u201cPremio di Laurea Carlo Federico Benedizione\u201d","description":"Il capitano di Calcio Eccellenza Tommaso Maestrelli ha ricevuto il \u201cPremio di Laurea Carlo Federico Benedizione\u201d per la sua laurea in Economia e Commercio","robots":{"index":"index","follow":"follow","max-snippet":"max-snippet:-1","max-image-preview":"max-image-preview:large","max-video-preview":"max-video-preview:-1"},"canonical":"https:\/\/sport.luiss.it\/2021\/02\/05\/maestrelli-carlo-federico-benedizione\/","og_locale":"en_US","og_type":"article","og_title":"Calcio Eccellenza, Capitan Maestrelli vince il \u201cPremio di Laurea Carlo Federico Benedizione\u201d","og_description":"Il capitano di Calcio Eccellenza Tommaso Maestrelli ha ricevuto il \u201cPremio di Laurea Carlo Federico Benedizione\u201d per la sua laurea in Economia e Commercio","og_url":"https:\/\/sport.luiss.it\/2021\/02\/05\/maestrelli-carlo-federico-benedizione\/","og_site_name":"Luiss Sport - Luiss Guido Carli","article_publisher":"https:\/\/www.facebook.com\/sportluiss\/","article_published_time":"2021-02-05T11:32:33+00:00","article_modified_time":"2026-04-03T14:24:02+00:00","author":"sportluiss","twitter_card":"summary_large_image","twitter_misc":{"Written by":"sportluiss","Est. reading time":"4 minutes"},"schema":{"@context":"https:\/\/schema.org","@graph":[{"@type":"WebPage","@id":"https:\/\/sport.luiss.it\/2021\/02\/05\/maestrelli-carlo-federico-benedizione\/","url":"https:\/\/sport.luiss.it\/2021\/02\/05\/maestrelli-carlo-federico-benedizione\/","name":"Calcio Eccellenza, Capitan Maestrelli vince il \u201cPremio di Laurea Carlo Federico Benedizione\u201d","isPartOf":{"@id":"https:\/\/sport.luiss.it\/#website"},"datePublished":"2021-02-05T11:32:33+00:00","dateModified":"2026-04-03T14:24:02+00:00","author":{"@id":"https:\/\/sport.luiss.it\/#\/schema\/person\/cf8f862118e51eaa8a4d5a6c814398c1"},"description":"Il capitano di Calcio Eccellenza Tommaso Maestrelli ha ricevuto il \u201cPremio di Laurea Carlo Federico Benedizione\u201d per la sua laurea in Economia e Commercio","breadcrumb":{"@id":"https:\/\/sport.luiss.it\/2021\/02\/05\/maestrelli-carlo-federico-benedizione\/#breadcrumb"},"inLanguage":"en-US","potentialAction":[{"@type":"ReadAction","target":["https:\/\/sport.luiss.it\/2021\/02\/05\/maestrelli-carlo-federico-benedizione\/"]}]},{"@type":"BreadcrumbList","@id":"https:\/\/sport.luiss.it\/2021\/02\/05\/maestrelli-carlo-federico-benedizione\/#breadcrumb","itemListElement":[{"@type":"ListItem","position":1,"name":"Home","item":"https:\/\/sport.luiss.it\/en\/"},{"@type":"ListItem","position":2,"name":"Calcio Eccellenza, Capitan Maestrelli vince il \u201cPremio di Laurea Carlo Federico Benedizione\u201d"}]},{"@type":"WebSite","@id":"https:\/\/sport.luiss.it\/#website","url":"https:\/\/sport.luiss.it\/","name":"Luiss Sport - Luiss Guido Carli","description":"Luiss Sport","potentialAction":[{"@type":"SearchAction","target":{"@type":"EntryPoint","urlTemplate":"https:\/\/sport.luiss.it\/?s={search_term_string}"},"query-input":{"@type":"PropertyValueSpecification","valueRequired":true,"valueName":"search_term_string"}}],"inLanguage":"en-US"},{"@type":"Person","@id":"https:\/\/sport.luiss.it\/#\/schema\/person\/cf8f862118e51eaa8a4d5a6c814398c1","name":"sportluiss","image":{"@type":"ImageObject","inLanguage":"en-US","@id":"https:\/\/sport.luiss.it\/#\/schema\/person\/image\/","url":"https:\/\/secure.gravatar.com\/avatar\/1be9cca21a056494284517b4865ee67405b54eff789d4c925013e7d4ef1368b0?s=96&d=mm&r=g","contentUrl":"https:\/\/secure.gravatar.com\/avatar\/1be9cca21a056494284517b4865ee67405b54eff789d4c925013e7d4ef1368b0?s=96&d=mm&r=g","caption":"sportluiss"}}]}},"_links":{"self":[{"href":"https:\/\/sport.luiss.it\/en\/wp-json\/wp\/v2\/posts\/28192","targetHints":{"allow":["GET"]}}],"collection":[{"href":"https:\/\/sport.luiss.it\/en\/wp-json\/wp\/v2\/posts"}],"about":[{"href":"https:\/\/sport.luiss.it\/en\/wp-json\/wp\/v2\/types\/post"}],"author":[{"embeddable":true,"href":"https:\/\/sport.luiss.it\/en\/wp-json\/wp\/v2\/users\/521"}],"replies":[{"embeddable":true,"href":"https:\/\/sport.luiss.it\/en\/wp-json\/wp\/v2\/comments?post=28192"}],"version-history":[{"count":3,"href":"https:\/\/sport.luiss.it\/en\/wp-json\/wp\/v2\/posts\/28192\/revisions"}],"predecessor-version":[{"id":28202,"href":"https:\/\/sport.luiss.it\/en\/wp-json\/wp\/v2\/posts\/28192\/revisions\/28202"}],"wp:attachment":[{"href":"https:\/\/sport.luiss.it\/en\/wp-json\/wp\/v2\/media?parent=28192"}],"wp:term":[{"taxonomy":"category","embeddable":true,"href":"https:\/\/sport.luiss.it\/en\/wp-json\/wp\/v2\/categories?post=28192"},{"taxonomy":"post_tag","embeddable":true,"href":"https:\/\/sport.luiss.it\/en\/wp-json\/wp\/v2\/tags?post=28192"}],"curies":[{"name":"wp","href":"https:\/\/api.w.org\/{rel}","templated":true}]}}