
{"id":2993,"date":"2011-10-28T09:48:54","date_gmt":"2011-10-28T09:48:54","guid":{"rendered":"https:\/\/sport.luiss.it\/?p=2993"},"modified":"2011-10-28T09:48:54","modified_gmt":"2011-10-28T09:48:54","slug":"stella-azzurra-viterbo-luiss-presentazione","status":"publish","type":"post","link":"https:\/\/sport.luiss.it\/en\/2011\/10\/28\/stella-azzurra-viterbo-luiss-presentazione\/","title":{"rendered":"Stella Azzurra Viterbo-LUISS: presentazione"},"content":{"rendered":"<p><a href=\"https:\/\/sport.luiss.it\/wp-content\/uploads\/2011\/10\/vitlui1.jpg\"><img decoding=\"async\" class=\"alignleft size-full wp-image-2997\" title=\"vitlui\" src=\"https:\/\/sport.luiss.it\/wp-content\/uploads\/2011\/10\/vitlui1.jpg\" alt=\"\" \/><\/a>Dopo aver vissuto un\u2019altra settimana da capolista solitaria, con 4 punti di vantaggio sulle dirette inseguitrici, ben 8 che occupano la seconda posizione a quota 6 nel girone G della DNC, la LUISS Roma \u00e8 pronta ad affrontare la prima trasferta lontano da Roma e provincia. La squadra capitanata da Ruben Polselli, infatti, domenica 30 ottobre andr\u00e0 a far visita alla <strong>Stella Azzurra Viterbo<\/strong> per il match della sesta giornata di campionato.<\/p>\n<p>Una gara importante quella che si apprestano a giocare i ragazzi di Max Briscese che dovranno confermare quanto di buono fatto vedere in queste prime giornate, in cui sono riusciti a conquistare 10 punti sui 10 a disposizione, con vittorie ottenute anche con scarti consistenti come il +32 a Frascati, il +18 con Gaeta, il +27 in casa dell\u2019Eurobasket ed, infine, il +25 conseguito sabato scorso contro la Virtus Valmontone. Risultati che permettono alla LUISS di essere il terzo miglior attacco del campionato, alle spalle di Contigliano ed Aprilia, con 383 punti segnati, e la miglior difesa con appena 272 punti concessi alle cinque formazioni sinora affrontate. Numeri che, presi con le statistiche di ogni luissino, fanno ben sperare, ma che non devono portare i bianco blu a commettere il grave errore di sottovalutare i prossimi avversari. La Stella Azzurra Viterbo, infatti, \u00e8 una delle squadre appaiate a quota 6 punti, che ha gi\u00e0 conquistato vittorie importanti in questo campionato, come quella all\u2019esordio contro Valmontone o quella di due settimane fa ottenuta ai danni della quotata Contigliano. La compagine viterbese \u00e8 per\u00f2 reduce dalla cocente sconfitta rimediata contro la Minerva Roma nell\u2019ultimo turno, che ha lasciato tanto amaro in bocca ad Orchi e i suoi ragazzi, vogliosi di riscattare subito l\u2019ultima delusione, proprio come dichiarato da Andrea Cosentino, pivot classe \u201980, che alla ripresa degli allenamenti si \u00e8 fermato per un leggero infortunio, la cui entit\u00e0 sar\u00e0 valutata nei prossimi giorni, ma ha ammesso che contro la squadra universitaria servir\u00e0 un approccio diverso rispetto a quello avuto nella gara contro la Minerva, e che Viterbo dovr\u00e0 giocare con lo spirito combattivo per provare a battere la LUISS. Cosentino, con Pasqualini, Giganti e Lanfaloni forma il \u2018diamante\u2019 cui fa affidamento l\u2019allenatore Orchi, e domenica la truppa viterbese far\u00e0 di tutto per rifilare alla squadra romana la prima delusione di questa stagione.<\/p>\n<p>E\u2019 <strong>Massimiliano Briscese<\/strong> a presentare le insidie del match: \u201c<em>Sar\u00e0 una trasferta impegnativa perch\u00e9 andremo ad affrontare una squadra che in casa, quest\u2019anno, ha espresso la sua miglior pallacanestro. Viterbo ha giocatori che stanno insieme gi\u00e0 dal campionato di C2 dello scorso anno, che conosco bene per averli affrontati nella passata stagione, ai quali si sono aggiunti Toselli e Bizzarri, elementi di sicura affidabilit\u00e0 ed esperienza. Sar\u00e0 fondamentale per noi presentarci determinati e concentrati, anche perch\u00e9 la Stella Azzurra fa moto affidamento sul proprio pubblico, ed in casa trova energie che in trasferta non sempre riesce a far venir fuori. I nostri avversari sono reduci da una sconfitta probabilmente inaspettata, e questo render\u00e0 pi\u00f9 difficile il nostro lavoro, ma sarebbe stata una giornata insidiosa a prescindere, ed \u00e8 per questo che ci stiamo abituando ad affrontare tutte le partite, soprattutto quelle esterne, con un\u2019attenzione e una determinazione particolare. Sappiamo bene<\/em> \u2013 continua l\u2019allenatore bianco blu \u2013 <em>che per la LUISS ogni giornata sar\u00e0 una specie di \u2018esonero universitario\u2019, cio\u00e8 una parte di programma che per\u00f2 non \u00e8 la completezza dell\u2019intero esame, che concluderemo solo alla fine dei gironi d\u2019andata e di ritorno, e se avremmo avuto la brillantezza e la capacit\u00e0 necessaria in questi step che stiamo affrontando, la fase successiva ci dir\u00e0 realmente chi siamo e ci dar\u00e0 il risultato reale di quest\u2019annata. Non vogliamo assolutamente fermarci, calare di rendimento e interrompere quindi il nostro percorso, n\u00e9 adesso n\u00e9 nelle prossime giornate, perch\u00e9 deve diventare abitudine quest\u2019atteggiamento mentale, e sono certo che abbiamo gi\u00e0 intrapreso la giusta strada in questo senso<\/em>.\u201d<\/p>\n<p>Problemi influenzali per il team di Briscese, che non ha potuto allenarsi al completo in questa settimana, ma tutti i giocatori hanno recuperato e sono a disposizione del Coach per questa sesta giornata di campionato.<\/p>\n<p>La partita tra la Stella Azzurra Viterbo e la LUISS Roma si disputer\u00e0 <strong>domenica 30 ottobre alle ore 18.00 presso il Pala Mal\u00e8 di Viterbo<\/strong>, dove ad arbitrare sono chiamati i Signori Mirko Picchi di Ferentino (FR) e Gianluca Graziani di Fondi (LT).<\/p>\n<p><strong>Danila Di Biase<\/strong><\/p>\n","protected":false},"excerpt":{"rendered":"<p>Dopo aver vissuto un\u2019altra settimana da capolista solitaria, con 4 punti di vantaggio sulle dirette inseguitrici, ben 8 che occupano la seconda posizione a quota 6 nel girone G della [&hellip;]<\/p>\n","protected":false},"author":441,"featured_media":2997,"comment_status":"closed","ping_status":"closed","sticky":false,"template":"","format":"standard","meta":{"_monsterinsights_skip_tracking":false,"_monsterinsights_sitenote_active":false,"_monsterinsights_sitenote_note":"","_monsterinsights_sitenote_category":0,"footnotes":""},"categories":[114],"tags":[],"class_list":["post-2993","post","type-post","status-publish","format-standard","has-post-thumbnail","hentry","category-news-basket-c"],"yoast_head":"<!-- This site is optimized with the Yoast SEO plugin v26.5 - https:\/\/yoast.com\/wordpress\/plugins\/seo\/ -->\n<title>Stella Azzurra Viterbo-LUISS: presentazione - Luiss Sport - Luiss Guido Carli<\/title>\n<meta name=\"robots\" content=\"index, follow, max-snippet:-1, max-image-preview:large, max-video-preview:-1\" \/>\n<link rel=\"canonical\" href=\"https:\/\/sport.luiss.it\/2011\/10\/28\/stella-azzurra-viterbo-luiss-presentazione\/\" \/>\n<meta property=\"og:locale\" content=\"en_US\" \/>\n<meta property=\"og:type\" content=\"article\" \/>\n<meta property=\"og:title\" content=\"Stella Azzurra Viterbo-LUISS: presentazione - Luiss Sport - Luiss Guido Carli\" \/>\n<meta property=\"og:description\" content=\"Dopo aver vissuto un\u2019altra settimana da capolista solitaria, con 4 punti di vantaggio sulle dirette inseguitrici, ben 8 che occupano la seconda posizione a quota 6 nel girone G della [&hellip;]\" \/>\n<meta property=\"og:url\" content=\"https:\/\/sport.luiss.it\/2011\/10\/28\/stella-azzurra-viterbo-luiss-presentazione\/\" \/>\n<meta property=\"og:site_name\" content=\"Luiss Sport - Luiss Guido Carli\" \/>\n<meta property=\"article:publisher\" content=\"https:\/\/www.facebook.com\/sportluiss\/\" \/>\n<meta property=\"article:published_time\" content=\"2011-10-28T09:48:54+00:00\" \/>\n<meta name=\"twitter:card\" content=\"summary_large_image\" \/>\n<meta name=\"twitter:label1\" content=\"Written by\" \/>\n\t<meta name=\"twitter:data1\" content=\"\" \/>\n\t<meta name=\"twitter:label2\" content=\"Est. reading time\" \/>\n\t<meta name=\"twitter:data2\" content=\"4 minutes\" \/>\n<script type=\"application\/ld+json\" class=\"yoast-schema-graph\">{\"@context\":\"https:\/\/schema.org\",\"@graph\":[{\"@type\":\"WebPage\",\"@id\":\"https:\/\/sport.luiss.it\/2011\/10\/28\/stella-azzurra-viterbo-luiss-presentazione\/\",\"url\":\"https:\/\/sport.luiss.it\/2011\/10\/28\/stella-azzurra-viterbo-luiss-presentazione\/\",\"name\":\"Stella Azzurra Viterbo-LUISS: presentazione - Luiss Sport - Luiss Guido Carli\",\"isPartOf\":{\"@id\":\"https:\/\/sport.luiss.it\/#website\"},\"primaryImageOfPage\":{\"@id\":\"https:\/\/sport.luiss.it\/2011\/10\/28\/stella-azzurra-viterbo-luiss-presentazione\/#primaryimage\"},\"image\":{\"@id\":\"https:\/\/sport.luiss.it\/2011\/10\/28\/stella-azzurra-viterbo-luiss-presentazione\/#primaryimage\"},\"thumbnailUrl\":\"\",\"datePublished\":\"2011-10-28T09:48:54+00:00\",\"author\":{\"@id\":\"\"},\"breadcrumb\":{\"@id\":\"https:\/\/sport.luiss.it\/2011\/10\/28\/stella-azzurra-viterbo-luiss-presentazione\/#breadcrumb\"},\"inLanguage\":\"en-US\",\"potentialAction\":[{\"@type\":\"ReadAction\",\"target\":[\"https:\/\/sport.luiss.it\/2011\/10\/28\/stella-azzurra-viterbo-luiss-presentazione\/\"]}]},{\"@type\":\"ImageObject\",\"inLanguage\":\"en-US\",\"@id\":\"https:\/\/sport.luiss.it\/2011\/10\/28\/stella-azzurra-viterbo-luiss-presentazione\/#primaryimage\",\"url\":\"\",\"contentUrl\":\"\"},{\"@type\":\"BreadcrumbList\",\"@id\":\"https:\/\/sport.luiss.it\/2011\/10\/28\/stella-azzurra-viterbo-luiss-presentazione\/#breadcrumb\",\"itemListElement\":[{\"@type\":\"ListItem\",\"position\":1,\"name\":\"Home\",\"item\":\"https:\/\/sport.luiss.it\/en\/\"},{\"@type\":\"ListItem\",\"position\":2,\"name\":\"Stella Azzurra Viterbo-LUISS: presentazione\"}]},{\"@type\":\"WebSite\",\"@id\":\"https:\/\/sport.luiss.it\/#website\",\"url\":\"https:\/\/sport.luiss.it\/\",\"name\":\"Luiss Sport - Luiss Guido Carli\",\"description\":\"Luiss Sport\",\"potentialAction\":[{\"@type\":\"SearchAction\",\"target\":{\"@type\":\"EntryPoint\",\"urlTemplate\":\"https:\/\/sport.luiss.it\/?s={search_term_string}\"},\"query-input\":{\"@type\":\"PropertyValueSpecification\",\"valueRequired\":true,\"valueName\":\"search_term_string\"}}],\"inLanguage\":\"en-US\"},{\"@type\":\"Person\",\"@id\":\"\"}]}<\/script>\n<!-- \/ Yoast SEO plugin. -->","yoast_head_json":{"title":"Stella Azzurra Viterbo-LUISS: presentazione - Luiss Sport - Luiss Guido Carli","robots":{"index":"index","follow":"follow","max-snippet":"max-snippet:-1","max-image-preview":"max-image-preview:large","max-video-preview":"max-video-preview:-1"},"canonical":"https:\/\/sport.luiss.it\/2011\/10\/28\/stella-azzurra-viterbo-luiss-presentazione\/","og_locale":"en_US","og_type":"article","og_title":"Stella Azzurra Viterbo-LUISS: presentazione - Luiss Sport - Luiss Guido Carli","og_description":"Dopo aver vissuto un\u2019altra settimana da capolista solitaria, con 4 punti di vantaggio sulle dirette inseguitrici, ben 8 che occupano la seconda posizione a quota 6 nel girone G della [&hellip;]","og_url":"https:\/\/sport.luiss.it\/2011\/10\/28\/stella-azzurra-viterbo-luiss-presentazione\/","og_site_name":"Luiss Sport - Luiss Guido Carli","article_publisher":"https:\/\/www.facebook.com\/sportluiss\/","article_published_time":"2011-10-28T09:48:54+00:00","twitter_card":"summary_large_image","twitter_misc":{"Written by":"","Est. reading time":"4 minutes"},"schema":{"@context":"https:\/\/schema.org","@graph":[{"@type":"WebPage","@id":"https:\/\/sport.luiss.it\/2011\/10\/28\/stella-azzurra-viterbo-luiss-presentazione\/","url":"https:\/\/sport.luiss.it\/2011\/10\/28\/stella-azzurra-viterbo-luiss-presentazione\/","name":"Stella Azzurra Viterbo-LUISS: presentazione - Luiss Sport - Luiss Guido Carli","isPartOf":{"@id":"https:\/\/sport.luiss.it\/#website"},"primaryImageOfPage":{"@id":"https:\/\/sport.luiss.it\/2011\/10\/28\/stella-azzurra-viterbo-luiss-presentazione\/#primaryimage"},"image":{"@id":"https:\/\/sport.luiss.it\/2011\/10\/28\/stella-azzurra-viterbo-luiss-presentazione\/#primaryimage"},"thumbnailUrl":"","datePublished":"2011-10-28T09:48:54+00:00","author":{"@id":""},"breadcrumb":{"@id":"https:\/\/sport.luiss.it\/2011\/10\/28\/stella-azzurra-viterbo-luiss-presentazione\/#breadcrumb"},"inLanguage":"en-US","potentialAction":[{"@type":"ReadAction","target":["https:\/\/sport.luiss.it\/2011\/10\/28\/stella-azzurra-viterbo-luiss-presentazione\/"]}]},{"@type":"ImageObject","inLanguage":"en-US","@id":"https:\/\/sport.luiss.it\/2011\/10\/28\/stella-azzurra-viterbo-luiss-presentazione\/#primaryimage","url":"","contentUrl":""},{"@type":"BreadcrumbList","@id":"https:\/\/sport.luiss.it\/2011\/10\/28\/stella-azzurra-viterbo-luiss-presentazione\/#breadcrumb","itemListElement":[{"@type":"ListItem","position":1,"name":"Home","item":"https:\/\/sport.luiss.it\/en\/"},{"@type":"ListItem","position":2,"name":"Stella Azzurra Viterbo-LUISS: presentazione"}]},{"@type":"WebSite","@id":"https:\/\/sport.luiss.it\/#website","url":"https:\/\/sport.luiss.it\/","name":"Luiss Sport - Luiss Guido Carli","description":"Luiss Sport","potentialAction":[{"@type":"SearchAction","target":{"@type":"EntryPoint","urlTemplate":"https:\/\/sport.luiss.it\/?s={search_term_string}"},"query-input":{"@type":"PropertyValueSpecification","valueRequired":true,"valueName":"search_term_string"}}],"inLanguage":"en-US"},{"@type":"Person","@id":""}]}},"_links":{"self":[{"href":"https:\/\/sport.luiss.it\/en\/wp-json\/wp\/v2\/posts\/2993","targetHints":{"allow":["GET"]}}],"collection":[{"href":"https:\/\/sport.luiss.it\/en\/wp-json\/wp\/v2\/posts"}],"about":[{"href":"https:\/\/sport.luiss.it\/en\/wp-json\/wp\/v2\/types\/post"}],"author":[{"embeddable":true,"href":"https:\/\/sport.luiss.it\/en\/wp-json\/wp\/v2\/users\/441"}],"replies":[{"embeddable":true,"href":"https:\/\/sport.luiss.it\/en\/wp-json\/wp\/v2\/comments?post=2993"}],"version-history":[{"count":0,"href":"https:\/\/sport.luiss.it\/en\/wp-json\/wp\/v2\/posts\/2993\/revisions"}],"wp:featuredmedia":[{"embeddable":true,"href":"https:\/\/sport.luiss.it\/en\/wp-json\/"}],"wp:attachment":[{"href":"https:\/\/sport.luiss.it\/en\/wp-json\/wp\/v2\/media?parent=2993"}],"wp:term":[{"taxonomy":"category","embeddable":true,"href":"https:\/\/sport.luiss.it\/en\/wp-json\/wp\/v2\/categories?post=2993"},{"taxonomy":"post_tag","embeddable":true,"href":"https:\/\/sport.luiss.it\/en\/wp-json\/wp\/v2\/tags?post=2993"}],"curies":[{"name":"wp","href":"https:\/\/api.w.org\/{rel}","templated":true}]}}