
{"id":3045,"date":"2011-11-04T12:30:29","date_gmt":"2011-11-04T12:30:29","guid":{"rendered":"https:\/\/sport.luiss.it\/?p=3045"},"modified":"2011-11-04T12:30:29","modified_gmt":"2011-11-04T12:30:29","slug":"luiss-minerva-il-derby-della-settima-giornata","status":"publish","type":"post","link":"https:\/\/sport.luiss.it\/en\/2011\/11\/04\/luiss-minerva-il-derby-della-settima-giornata\/","title":{"rendered":"LUISS &#8211; Minerva: il derby della settima giornata"},"content":{"rendered":"<p><a href=\"https:\/\/sport.luiss.it\/wp-content\/uploads\/2011\/11\/basketball.jpg\"><img loading=\"lazy\" decoding=\"async\" class=\"alignleft size-full wp-image-3046\" title=\"basketball\" src=\"https:\/\/sport.luiss.it\/wp-content\/uploads\/2011\/11\/basketball.jpg\" alt=\"\" width=\"267\" height=\"200\" \/><\/a>E\u2019 pronta a scendere in campo per il 7\u00b0 turno di campionato la LUISS di Massimiliano Briscese che sabato ospiter\u00e0 la <strong>Minerva Roma<\/strong> in uno dei tanti derby stagionali previsti nel girone G della DNC.<br \/>\n\u00a0<br \/>\nCammini diametralmente opposti s\u2019incroceranno sabato 5 novembre al Pala LUISS, con i padroni di casa che hanno ottenuto 6 vittorie in altrettante gare disputate, mentre la <strong>Minerva<\/strong>, societ\u00e0 satellite della Stella Azzurra, si presenta a questo appuntamento con <strong>soli due punti conquistati<\/strong>.<br \/>\n\u00a0<br \/>\nI giovani stellini, infatti, hanno conquistato la loro unica vittoria due settimane fa contro Viterbo, mentre nelle restanti giornate hanno incassato sconfitte anche piuttosto consistenti. L\u2019ultima risale allo scorso sabato, quando i ragazzi di Barban hanno ceduto contro la Nuova Pall. Contigliano al Pala PostePay per 60-75. Sono tanti gli atleti impiegati in questa prima parte di stagione, alcuni dei quali si cimentano anche nel campionato DNB, cui prende parte la Stella Azzurra. <strong>D\u2019Auria<\/strong> e <strong>Fallucca,<\/strong> entrambi classe \u201993, sono i migliori marcatori della formazione di via Flaminia, a dimostrazione di quanto la societ\u00e0 neroazzurra voglia far crescere i giocatori del settore giovanile, facendo fare loro esperienze importanti in categorie \u2018senior\u2019.<br \/>\n\u00a0<br \/>\nLa LUISS, dal canto suo, si presenta a questo appuntamento dopo l\u2019importante vittoria conseguita al Pala Mal\u00e8 di Viterbo, dove Polselli&amp;Co. hanno inflitto la sconfitta ai padroni di casa della Stella Azzurra Viterbo per 78-66. Un match che ha dato importanti indicazioni a Max Briscese, con la squadra che per la prima volta in questa stagione ha sub\u00ecto le iniziative degli avversari per i primi 15\u2019, in cui \u00e8 stata in svantaggio anche di dieci lunghezze, prima di prendere il largo grazie ad un ispirato <strong>Raffaele<\/strong> (16), ben coadiuvato da Di Fabio (10), Baldrati (9) e Borsetti (11). Tutti arruolabili i giocatori bianco blu che hanno svolto una settimana di allenamenti senza accusare particolari problemi fisici, a parte un affaticamento di <strong>Di Fabio<\/strong> che sar\u00e0 valutato nell\u2019ultimo allenamento, e sono quindi pronti a scendere in campo per la settima giornata.<br \/>\n\u00a0<br \/>\nIl derby con la Minerva dovr\u00e0 servire per allungare ulteriormente in classifica, ma <strong>Coach Briscese<\/strong>, che ieri ha compiuto 40 anni, non si \u2018fida\u2019 della giovane et\u00e0 degli stellini e spiega come bisogna affrontare una gara del genere, i cui favori dei pronostici vertono tutti in favore del team universitario: \u201c<em>Il match di sabato potrebbe sembrare apparentemente facile, ma non lo sar\u00e0 assolutamente. Sar\u00e0 una partita pericolosa e, soprattutto in questo periodo, paradossalmente lo sforzo che si deve fare dal punto di vista mentale, durante gli allenamenti e di conseguenza nelle partite, \u00e8 molto pi\u00f9 grande rispetto all\u2019inizio del campionato, quando c\u2019\u00e8 sempre entusiasmo per il lavoro estivo effettuato, la curiosit\u00e0 di un nuovo inizio, insomma uno stato d\u2019animo che porta tutti pi\u00f9 facilmente al raggiungimento della concentrazione necessaria. Il fatto di aver ottenuto buoni risultati in queste prime sei giornate, deve quindi portarci a fare uno sforzo mentale come conviene ad una squadra matura, ed \u00e8 questo ci\u00f2 che diventa fondamentale per affrontare queste gare. Considerando<\/em> \u2013 continua l\u2019allenatore luissino \u2013 <em>che poi fino alla sosta natalizia arriveranno impegni importanti, contro alcune tra le formazioni pi\u00f9 quotate, non possiamo far altro che restare concentrati in qualsiasi occasione. Sabato affrontiamo la Minerva che probabilmente ci porter\u00e0 a fare una partita diversa dalle altre, dal punto di vista dei ritmi e della tipologia di gioco che una squadra cos\u00ec giovane riesce ad esprimere. Potrebbe sembrare anche una partita di livello giovanile, ed \u00e8 per questo che dovremo farci trovare pronti, consapevoli che scenderanno in campo con un\u2019energia particolare, saranno aggressivi, tutti temi che ci sono molto cari e che quindi dovremo saper fronteggiare in questa giornata. Loro sono ragazzi giovani<\/em> \u2013 conclude Briscese &#8211; <em>ma non inesperti, l\u2019importante sar\u00e0 ancora una volta la mentalit\u00e0, dopo aver disputato nel miglior modo le prime sei partite della stagione.\u201d<\/em><br \/>\n\u00a0<br \/>\nIl match tra LUISS e Minerva si giocher\u00e0 <strong>sabato 5 novembre alle ore 18 presso il Pala LUISS<\/strong> di via Martino Longhi di Roma, dove ad arbitrare sono chiamati i Signori Luca Ferri di Rieti e Emanuele Desideri di Viterbo.<br \/>\n\u00a0<br \/>\n<strong>Danila Di Biase<\/strong><\/p>\n","protected":false},"excerpt":{"rendered":"<p>E\u2019 pronta a scendere in campo per il 7\u00b0 turno di campionato la LUISS di Massimiliano Briscese che sabato ospiter\u00e0 la Minerva Roma in uno dei tanti derby stagionali previsti [&hellip;]<\/p>\n","protected":false},"author":441,"featured_media":3046,"comment_status":"closed","ping_status":"closed","sticky":false,"template":"","format":"standard","meta":{"_monsterinsights_skip_tracking":false,"_monsterinsights_sitenote_active":false,"_monsterinsights_sitenote_note":"","_monsterinsights_sitenote_category":0,"footnotes":""},"categories":[114],"tags":[],"class_list":["post-3045","post","type-post","status-publish","format-standard","has-post-thumbnail","hentry","category-news-basket-c"],"yoast_head":"<!-- This site is optimized with the Yoast SEO plugin v26.5 - https:\/\/yoast.com\/wordpress\/plugins\/seo\/ -->\n<title>LUISS - Minerva: il derby della settima giornata - Luiss Sport - Luiss Guido Carli<\/title>\n<meta name=\"robots\" content=\"index, follow, max-snippet:-1, max-image-preview:large, max-video-preview:-1\" \/>\n<link rel=\"canonical\" href=\"https:\/\/sport.luiss.it\/2011\/11\/04\/luiss-minerva-il-derby-della-settima-giornata\/\" \/>\n<meta property=\"og:locale\" content=\"en_US\" \/>\n<meta property=\"og:type\" content=\"article\" \/>\n<meta property=\"og:title\" content=\"LUISS - Minerva: il derby della settima giornata - Luiss Sport - Luiss Guido Carli\" \/>\n<meta property=\"og:description\" content=\"E\u2019 pronta a scendere in campo per il 7\u00b0 turno di campionato la LUISS di Massimiliano Briscese che sabato ospiter\u00e0 la Minerva Roma in uno dei tanti derby stagionali previsti [&hellip;]\" \/>\n<meta property=\"og:url\" content=\"https:\/\/sport.luiss.it\/2011\/11\/04\/luiss-minerva-il-derby-della-settima-giornata\/\" \/>\n<meta property=\"og:site_name\" content=\"Luiss Sport - Luiss Guido Carli\" \/>\n<meta property=\"article:publisher\" content=\"https:\/\/www.facebook.com\/sportluiss\/\" \/>\n<meta property=\"article:published_time\" content=\"2011-11-04T12:30:29+00:00\" \/>\n<meta name=\"twitter:card\" content=\"summary_large_image\" \/>\n<meta name=\"twitter:label1\" content=\"Written by\" \/>\n\t<meta name=\"twitter:data1\" content=\"\" \/>\n\t<meta name=\"twitter:label2\" content=\"Est. reading time\" \/>\n\t<meta name=\"twitter:data2\" content=\"3 minutes\" \/>\n<script type=\"application\/ld+json\" class=\"yoast-schema-graph\">{\"@context\":\"https:\/\/schema.org\",\"@graph\":[{\"@type\":\"WebPage\",\"@id\":\"https:\/\/sport.luiss.it\/2011\/11\/04\/luiss-minerva-il-derby-della-settima-giornata\/\",\"url\":\"https:\/\/sport.luiss.it\/2011\/11\/04\/luiss-minerva-il-derby-della-settima-giornata\/\",\"name\":\"LUISS - Minerva: il derby della settima giornata - Luiss Sport - Luiss Guido Carli\",\"isPartOf\":{\"@id\":\"https:\/\/sport.luiss.it\/#website\"},\"primaryImageOfPage\":{\"@id\":\"https:\/\/sport.luiss.it\/2011\/11\/04\/luiss-minerva-il-derby-della-settima-giornata\/#primaryimage\"},\"image\":{\"@id\":\"https:\/\/sport.luiss.it\/2011\/11\/04\/luiss-minerva-il-derby-della-settima-giornata\/#primaryimage\"},\"thumbnailUrl\":\"\",\"datePublished\":\"2011-11-04T12:30:29+00:00\",\"author\":{\"@id\":\"\"},\"breadcrumb\":{\"@id\":\"https:\/\/sport.luiss.it\/2011\/11\/04\/luiss-minerva-il-derby-della-settima-giornata\/#breadcrumb\"},\"inLanguage\":\"en-US\",\"potentialAction\":[{\"@type\":\"ReadAction\",\"target\":[\"https:\/\/sport.luiss.it\/2011\/11\/04\/luiss-minerva-il-derby-della-settima-giornata\/\"]}]},{\"@type\":\"ImageObject\",\"inLanguage\":\"en-US\",\"@id\":\"https:\/\/sport.luiss.it\/2011\/11\/04\/luiss-minerva-il-derby-della-settima-giornata\/#primaryimage\",\"url\":\"\",\"contentUrl\":\"\"},{\"@type\":\"BreadcrumbList\",\"@id\":\"https:\/\/sport.luiss.it\/2011\/11\/04\/luiss-minerva-il-derby-della-settima-giornata\/#breadcrumb\",\"itemListElement\":[{\"@type\":\"ListItem\",\"position\":1,\"name\":\"Home\",\"item\":\"https:\/\/sport.luiss.it\/en\/\"},{\"@type\":\"ListItem\",\"position\":2,\"name\":\"LUISS &#8211; Minerva: il derby della settima giornata\"}]},{\"@type\":\"WebSite\",\"@id\":\"https:\/\/sport.luiss.it\/#website\",\"url\":\"https:\/\/sport.luiss.it\/\",\"name\":\"Luiss Sport - Luiss Guido Carli\",\"description\":\"Luiss Sport\",\"potentialAction\":[{\"@type\":\"SearchAction\",\"target\":{\"@type\":\"EntryPoint\",\"urlTemplate\":\"https:\/\/sport.luiss.it\/?s={search_term_string}\"},\"query-input\":{\"@type\":\"PropertyValueSpecification\",\"valueRequired\":true,\"valueName\":\"search_term_string\"}}],\"inLanguage\":\"en-US\"},{\"@type\":\"Person\",\"@id\":\"\"}]}<\/script>\n<!-- \/ Yoast SEO plugin. -->","yoast_head_json":{"title":"LUISS - Minerva: il derby della settima giornata - Luiss Sport - Luiss Guido Carli","robots":{"index":"index","follow":"follow","max-snippet":"max-snippet:-1","max-image-preview":"max-image-preview:large","max-video-preview":"max-video-preview:-1"},"canonical":"https:\/\/sport.luiss.it\/2011\/11\/04\/luiss-minerva-il-derby-della-settima-giornata\/","og_locale":"en_US","og_type":"article","og_title":"LUISS - Minerva: il derby della settima giornata - Luiss Sport - Luiss Guido Carli","og_description":"E\u2019 pronta a scendere in campo per il 7\u00b0 turno di campionato la LUISS di Massimiliano Briscese che sabato ospiter\u00e0 la Minerva Roma in uno dei tanti derby stagionali previsti [&hellip;]","og_url":"https:\/\/sport.luiss.it\/2011\/11\/04\/luiss-minerva-il-derby-della-settima-giornata\/","og_site_name":"Luiss Sport - Luiss Guido Carli","article_publisher":"https:\/\/www.facebook.com\/sportluiss\/","article_published_time":"2011-11-04T12:30:29+00:00","twitter_card":"summary_large_image","twitter_misc":{"Written by":"","Est. reading time":"3 minutes"},"schema":{"@context":"https:\/\/schema.org","@graph":[{"@type":"WebPage","@id":"https:\/\/sport.luiss.it\/2011\/11\/04\/luiss-minerva-il-derby-della-settima-giornata\/","url":"https:\/\/sport.luiss.it\/2011\/11\/04\/luiss-minerva-il-derby-della-settima-giornata\/","name":"LUISS - Minerva: il derby della settima giornata - Luiss Sport - Luiss Guido Carli","isPartOf":{"@id":"https:\/\/sport.luiss.it\/#website"},"primaryImageOfPage":{"@id":"https:\/\/sport.luiss.it\/2011\/11\/04\/luiss-minerva-il-derby-della-settima-giornata\/#primaryimage"},"image":{"@id":"https:\/\/sport.luiss.it\/2011\/11\/04\/luiss-minerva-il-derby-della-settima-giornata\/#primaryimage"},"thumbnailUrl":"","datePublished":"2011-11-04T12:30:29+00:00","author":{"@id":""},"breadcrumb":{"@id":"https:\/\/sport.luiss.it\/2011\/11\/04\/luiss-minerva-il-derby-della-settima-giornata\/#breadcrumb"},"inLanguage":"en-US","potentialAction":[{"@type":"ReadAction","target":["https:\/\/sport.luiss.it\/2011\/11\/04\/luiss-minerva-il-derby-della-settima-giornata\/"]}]},{"@type":"ImageObject","inLanguage":"en-US","@id":"https:\/\/sport.luiss.it\/2011\/11\/04\/luiss-minerva-il-derby-della-settima-giornata\/#primaryimage","url":"","contentUrl":""},{"@type":"BreadcrumbList","@id":"https:\/\/sport.luiss.it\/2011\/11\/04\/luiss-minerva-il-derby-della-settima-giornata\/#breadcrumb","itemListElement":[{"@type":"ListItem","position":1,"name":"Home","item":"https:\/\/sport.luiss.it\/en\/"},{"@type":"ListItem","position":2,"name":"LUISS &#8211; Minerva: il derby della settima giornata"}]},{"@type":"WebSite","@id":"https:\/\/sport.luiss.it\/#website","url":"https:\/\/sport.luiss.it\/","name":"Luiss Sport - Luiss Guido Carli","description":"Luiss Sport","potentialAction":[{"@type":"SearchAction","target":{"@type":"EntryPoint","urlTemplate":"https:\/\/sport.luiss.it\/?s={search_term_string}"},"query-input":{"@type":"PropertyValueSpecification","valueRequired":true,"valueName":"search_term_string"}}],"inLanguage":"en-US"},{"@type":"Person","@id":""}]}},"_links":{"self":[{"href":"https:\/\/sport.luiss.it\/en\/wp-json\/wp\/v2\/posts\/3045","targetHints":{"allow":["GET"]}}],"collection":[{"href":"https:\/\/sport.luiss.it\/en\/wp-json\/wp\/v2\/posts"}],"about":[{"href":"https:\/\/sport.luiss.it\/en\/wp-json\/wp\/v2\/types\/post"}],"author":[{"embeddable":true,"href":"https:\/\/sport.luiss.it\/en\/wp-json\/wp\/v2\/users\/441"}],"replies":[{"embeddable":true,"href":"https:\/\/sport.luiss.it\/en\/wp-json\/wp\/v2\/comments?post=3045"}],"version-history":[{"count":0,"href":"https:\/\/sport.luiss.it\/en\/wp-json\/wp\/v2\/posts\/3045\/revisions"}],"wp:featuredmedia":[{"embeddable":true,"href":"https:\/\/sport.luiss.it\/en\/wp-json\/"}],"wp:attachment":[{"href":"https:\/\/sport.luiss.it\/en\/wp-json\/wp\/v2\/media?parent=3045"}],"wp:term":[{"taxonomy":"category","embeddable":true,"href":"https:\/\/sport.luiss.it\/en\/wp-json\/wp\/v2\/categories?post=3045"},{"taxonomy":"post_tag","embeddable":true,"href":"https:\/\/sport.luiss.it\/en\/wp-json\/wp\/v2\/tags?post=3045"}],"curies":[{"name":"wp","href":"https:\/\/api.w.org\/{rel}","templated":true}]}}