
{"id":34244,"date":"2022-11-17T13:01:25","date_gmt":"2022-11-17T12:01:25","guid":{"rendered":"https:\/\/sport.luiss.it\/?p=34244\/"},"modified":"2026-04-03T16:21:36","modified_gmt":"2026-04-03T14:21:36","slug":"eccellenza-lattaccante-ettore-mendicino-un-atleta-professionista-inizi-porti-domande-sul-futuro","status":"publish","type":"post","link":"https:\/\/sport.luiss.it\/en\/2022\/11\/17\/eccellenza-lattaccante-ettore-mendicino-un-atleta-professionista-inizi-porti-domande-sul-futuro\/","title":{"rendered":"Luiss Eccellenza, l&#8217;attaccante Ettore Mendicino: &#8220;Per me lo studio era una valvola di sfogo&#8221;"},"content":{"rendered":"<p>L\u2019attaccante della LUISS Ettore Mendicino si \u00e8 raccontato durante una breve intervista rilasciata a Radio Luiss, radio dell\u2019ateneo romano, durante il programma Uno contro Uno, incentrato sull\u2019esperienza da studenti-atleti dei ragazzi dell\u2019universit\u00e0 capitolina.<\/p>\n<p>L\u2019attaccante milanese, debuttante in Serie A nel 2009 a diciannove anni con la Lazio e che in carriera ha vestito le maglie, tra le altre, di Crotone, Ascoli, Salernitana, Como, Siena, Monza e Cosenza, si \u00e8 soffermato sulla scelta che l\u2019ha portato in estate a lasciare una squadra di alta classifica in Serie D come il Ravenna per accettare la proposta della LUISS, militante nel campionato di Eccellenza: \u201c<em>Quando sei un atleta professionista come me, che si affaccia verso la fine della carriera sportiva, ti inizi a porre qualche domanda sul tuo futuro. La mia carriera \u00e8 iniziata molto presto, quando ho realizzato il mio sogno di diventare un giocatore professionista esordendo, per fortuna e per merito, a diciotto anni in Serie A con la Lazio. All\u2019epoca le aspettative su di me erano alte, perch\u00e9 ero considerato una promessa. Poi, purtroppo, per varie vicissitudini, la mia carriera si \u00e8 sviluppata su livelli non altissimi ma medi, anche se comunque sono riuscito a vincere due campionati di Serie C e una Coppa Italia di Serie C, a disputare quattro campionati di Serie B e a giocare in grandi stadi e con giocatori che poi hanno fatto una grandissima carriera. Arrivi per\u00f2 a un punto dove ti guardi allo specchio: sono partito a diciotto anni con delle ambizioni ben precise, e ho passato gran parte della mia vita calcistica rincorrendo quel \u201cgrande calcio\u201d che per\u00f2 per tanti motivi, vuoi per gli infortuni, per qualche scelta sbagliata o per il mio rendimento, non tornava mai. Non lo dico per presunzione, ma il calcio italiano sta vivendo un momento nel quale le categorie inferiori alla B sono allo sbando sotto tanti punti di vista: dalla programmazione alle infrastrutture, passando per la gestione dei giovani, il sistema \u00e8 al collasso. Parallelamente cresceva in me l\u2019idea di fare qualcosa che mi desse una maggiore gratificazione rispetto a quella che mi stava dando il calcio, e qui \u00e8 entrata in gioco la LUISS, il cui progetto sportivo secondo me rappresenta qualcosa di unico in Italia, oltre che una cosa fantastica. Per questo ho deciso, quest\u2019estate, di trasferirmi a Roma per riprendere gli studi, visto che far\u00f2 un master in Sport Management alla Business School della LUISS, e giocare in Eccellenza con la squadra di calcio dell\u2019ateneo. A distanza di tre mesi posso dire che seguire questo progetto mi da molte pi\u00f9 emozioni e pi\u00f9 carica di quando giocavo in categorie superiori. L\u2019unica pecca \u00e8 che, purtroppo, essendo infortunato da un mese, non posso dare una mano ai miei compagni, e questo mi rammarica.\u201d<\/em><\/p>\n<p>La discussione \u00e8 poi passata sull\u2019esperienza da studente-atleta di Mendicino, visto che nel 2016, mentre lottava per la promozione in B con il Siena, si \u00e8 laureato in Comunicazione e Media: \u201c<em>Il doppio impegno atleta-studente \u00e8 al momento un tab\u00f9 da sfatare, secondo me. Stiamo lavorando con l\u2019AS LUISS per far riconoscere il fatto che sport e studio possano coesistere. Ci sono ricerche che dimostrano che la fascia d\u2019et\u00e0 che pratica meno sport \u00e8 quella tra i 18 e i 30 anni, questo perch\u00e9 i ragazzi di questa et\u00e0 spesso scelgono di focalizzarsi su un percorso di studio o si affacciano al mondo del lavoro. Credo che le due cose, sport e studio, non solo possano coesistere, ma che insieme possano dare un vantaggio anche per la vita. Per me non fu una scelta facile quella di intraprendere un percorso di laurea: all\u2019epoca, per motivi contrattuali, rimasi fuori rosa alla Lazio, e di conseguenza non potevo scendere in campo. Per trovare nuovi stimoli mi iscrissi al corso di studi in Scienze della Comunicazione, Media e Pubblicit\u00e0. Quando ripresi a giocare a gennaio non solo mi resi conto che riuscivo a far conciliare le due cose, ma anche che lo studio per me era una valvola di sfogo, visto che molto spesso, e chi fa sport ad alti livelli mi capir\u00e0, mi capitava di vivere in un costante dramma interiore. Sono pochi i veri momenti di gratificazione nello sport ad alti livelli: spesso capita che un allenamento non vada bene, che il gol non arrivi, che le partite vadano male. Lo studio e l\u2019universit\u00e0 mi hanno fatto capire che nella vita c\u2019\u00e8 altro e che il calcio non \u00e8 tutto. La LUISS ha iniziato questo percorso non solo con il calcio ma anche in altri sport come il basket. Dare l\u2019opportunit\u00e0 agli studenti LUISS di fare sport all\u2019interno dell\u2019ateneo \u00e8 una cosa meravigliosa. In questi anni ho visto come tanti ragazzi che hanno intrapreso un percorso di studi parallelo a quello sportivo oggi siano dei professionisti affermati. Fare entrambe le cose non \u00e8 dunque solo possibile, ma pu\u00f2 anche dare delle qualit\u00e0 e delle opportunit\u00e0 in pi\u00f9 una volta finito il percorso di laurea.\u201d<\/em><\/p>\n<p>Al termine dell\u2019intervista, c\u2019\u00e8 stato spazio per parlare anche del rapporto con l\u2019allenatore Stendardo e con i compagni: \u201c<em>Mister Stendardo \u00e8 una persona che stimo e ammiro, perch\u00e9 lui ha fatto prima di me quello che io sto facendo ora, e questo, anche per il tipo di carriera che ha avuto, gli fa sicuramente onore. Ci\u00f2 rappresenta la sua lungimiranza e capacit\u00e0 di creare nuovi stimoli per s\u00e9 stesso. Gi\u00e0 prima di venire qui avevo avuto il piacere di giocare e allenarmi con lui. Per questo mi trovo parecchio bene. L\u2019ambiente, inoltre, \u00e8 molto bello e stimolante. Il fatto che il percorso LUISS vada di pari passo con lo studio toglie parecchi aspetti negativi che influenzano il calcio in altre categorie: questo sport, secondo me, viene visto e vissuto in una maniera totalmente sbagliata, e il fatto che qui l\u2019obiettivo di campo coesista con quello di vita e di formazione fa si che il gioco venga vissuto con quel pizzico di leggerezza in pi\u00f9 che rende il momento speciale. Per quanto riguarda i compagni, devo ammettere che il loro spessore come persone \u00e8 importante. La qualit\u00e0 del tempo passato assieme, il rispetto delle regole, l\u2019educazione, sono tutte cose fondamentali per questo gruppo. Inoltre, la squadra, secondo me, \u00e8 molto valida, ed \u00e8 un peccato aver lasciato qualche punto per strada nelle ultime partite. Sono convinto che questo progetto possa avere importanti margini di crescita nel tempo, e questa cosa mi rende entusiasta della mia scelta<\/em><\/p>\n","protected":false},"excerpt":{"rendered":"<p>L\u2019attaccante della LUISS Ettore Mendicino si \u00e8 raccontato durante una breve intervista rilasciata a Radio Luiss, radio dell\u2019ateneo romano, durante il programma Uno contro Uno, incentrato sull\u2019esperienza da studenti-atleti dei [&hellip;]<\/p>\n","protected":false},"author":807,"featured_media":0,"comment_status":"closed","ping_status":"closed","sticky":false,"template":"","format":"standard","meta":{"_monsterinsights_skip_tracking":false,"_monsterinsights_sitenote_active":false,"_monsterinsights_sitenote_note":"","_monsterinsights_sitenote_category":0,"footnotes":""},"categories":[331],"tags":[390,391,382],"class_list":["post-34244","post","type-post","status-publish","format-standard","hentry","category-calcio-eccellenza","tag-eccellenza","tag-ettore-mendicino","tag-luiss"],"yoast_head":"<!-- This site is optimized with the Yoast SEO plugin v26.5 - https:\/\/yoast.com\/wordpress\/plugins\/seo\/ -->\n<title>Luiss Eccellenza, l&#039;attaccante Ettore Mendicino: &quot;Per me lo studio era una valvola di sfogo&quot; - Luiss Sport - Luiss Guido Carli<\/title>\n<meta name=\"description\" content=\"L\u2019attaccante della LUISS Ettore Mendicino si \u00e8 raccontato durante una breve intervista rilasciata a Radio Luiss sull\u2019esperienza da studenti-atleti\" \/>\n<meta name=\"robots\" content=\"index, follow, max-snippet:-1, max-image-preview:large, max-video-preview:-1\" \/>\n<link rel=\"canonical\" href=\"https:\/\/sport.luiss.it\/2022\/11\/17\/eccellenza-lattaccante-ettore-mendicino-un-atleta-professionista-inizi-porti-domande-sul-futuro\/\" \/>\n<meta property=\"og:locale\" content=\"en_US\" \/>\n<meta property=\"og:type\" content=\"article\" \/>\n<meta property=\"og:title\" content=\"Luiss Eccellenza, l&#039;attaccante Ettore Mendicino: &quot;Per me lo studio era una valvola di sfogo&quot; - Luiss Sport - Luiss Guido Carli\" \/>\n<meta property=\"og:description\" content=\"L\u2019attaccante della LUISS Ettore Mendicino si \u00e8 raccontato durante una breve intervista rilasciata a Radio Luiss sull\u2019esperienza da studenti-atleti\" \/>\n<meta property=\"og:url\" content=\"https:\/\/sport.luiss.it\/2022\/11\/17\/eccellenza-lattaccante-ettore-mendicino-un-atleta-professionista-inizi-porti-domande-sul-futuro\/\" \/>\n<meta property=\"og:site_name\" content=\"Luiss Sport - Luiss Guido Carli\" \/>\n<meta property=\"article:publisher\" content=\"https:\/\/www.facebook.com\/sportluiss\/\" \/>\n<meta property=\"article:published_time\" content=\"2022-11-17T12:01:25+00:00\" \/>\n<meta property=\"article:modified_time\" content=\"2026-04-03T14:21:36+00:00\" \/>\n<meta name=\"author\" content=\"gurciuoli\" \/>\n<meta name=\"twitter:card\" content=\"summary_large_image\" \/>\n<meta name=\"twitter:label1\" content=\"Written by\" \/>\n\t<meta name=\"twitter:data1\" content=\"gurciuoli\" \/>\n\t<meta name=\"twitter:label2\" content=\"Est. reading time\" \/>\n\t<meta name=\"twitter:data2\" content=\"5 minutes\" \/>\n<script type=\"application\/ld+json\" class=\"yoast-schema-graph\">{\"@context\":\"https:\/\/schema.org\",\"@graph\":[{\"@type\":\"WebPage\",\"@id\":\"https:\/\/sport.luiss.it\/2022\/11\/17\/eccellenza-lattaccante-ettore-mendicino-un-atleta-professionista-inizi-porti-domande-sul-futuro\/\",\"url\":\"https:\/\/sport.luiss.it\/2022\/11\/17\/eccellenza-lattaccante-ettore-mendicino-un-atleta-professionista-inizi-porti-domande-sul-futuro\/\",\"name\":\"Luiss Eccellenza, l'attaccante Ettore Mendicino: \\\"Per me lo studio era una valvola di sfogo\\\" - Luiss Sport - Luiss Guido Carli\",\"isPartOf\":{\"@id\":\"https:\/\/sport.luiss.it\/#website\"},\"datePublished\":\"2022-11-17T12:01:25+00:00\",\"dateModified\":\"2026-04-03T14:21:36+00:00\",\"author\":{\"@id\":\"https:\/\/sport.luiss.it\/#\/schema\/person\/50c706f873c22bfdd4d86c5ddb7e5ec1\"},\"description\":\"L\u2019attaccante della LUISS Ettore Mendicino si \u00e8 raccontato durante una breve intervista rilasciata a Radio Luiss sull\u2019esperienza da studenti-atleti\",\"breadcrumb\":{\"@id\":\"https:\/\/sport.luiss.it\/2022\/11\/17\/eccellenza-lattaccante-ettore-mendicino-un-atleta-professionista-inizi-porti-domande-sul-futuro\/#breadcrumb\"},\"inLanguage\":\"en-US\",\"potentialAction\":[{\"@type\":\"ReadAction\",\"target\":[\"https:\/\/sport.luiss.it\/2022\/11\/17\/eccellenza-lattaccante-ettore-mendicino-un-atleta-professionista-inizi-porti-domande-sul-futuro\/\"]}]},{\"@type\":\"BreadcrumbList\",\"@id\":\"https:\/\/sport.luiss.it\/2022\/11\/17\/eccellenza-lattaccante-ettore-mendicino-un-atleta-professionista-inizi-porti-domande-sul-futuro\/#breadcrumb\",\"itemListElement\":[{\"@type\":\"ListItem\",\"position\":1,\"name\":\"Home\",\"item\":\"https:\/\/sport.luiss.it\/en\/\"},{\"@type\":\"ListItem\",\"position\":2,\"name\":\"Luiss Eccellenza, l&#8217;attaccante Ettore Mendicino: &#8220;Per me lo studio era una valvola di sfogo&#8221;\"}]},{\"@type\":\"WebSite\",\"@id\":\"https:\/\/sport.luiss.it\/#website\",\"url\":\"https:\/\/sport.luiss.it\/\",\"name\":\"Luiss Sport - Luiss Guido Carli\",\"description\":\"Luiss Sport\",\"potentialAction\":[{\"@type\":\"SearchAction\",\"target\":{\"@type\":\"EntryPoint\",\"urlTemplate\":\"https:\/\/sport.luiss.it\/?s={search_term_string}\"},\"query-input\":{\"@type\":\"PropertyValueSpecification\",\"valueRequired\":true,\"valueName\":\"search_term_string\"}}],\"inLanguage\":\"en-US\"},{\"@type\":\"Person\",\"@id\":\"https:\/\/sport.luiss.it\/#\/schema\/person\/50c706f873c22bfdd4d86c5ddb7e5ec1\",\"name\":\"gurciuoli\",\"image\":{\"@type\":\"ImageObject\",\"inLanguage\":\"en-US\",\"@id\":\"https:\/\/sport.luiss.it\/#\/schema\/person\/image\/\",\"url\":\"https:\/\/secure.gravatar.com\/avatar\/c7ec6e5bb6306b56dcf5737d8d29d87e452ef0762fa08ffd0618ef524081e87f?s=96&d=mm&r=g\",\"contentUrl\":\"https:\/\/secure.gravatar.com\/avatar\/c7ec6e5bb6306b56dcf5737d8d29d87e452ef0762fa08ffd0618ef524081e87f?s=96&d=mm&r=g\",\"caption\":\"gurciuoli\"}}]}<\/script>\n<!-- \/ Yoast SEO plugin. -->","yoast_head_json":{"title":"Luiss Eccellenza, l'attaccante Ettore Mendicino: \"Per me lo studio era una valvola di sfogo\" - Luiss Sport - Luiss Guido Carli","description":"L\u2019attaccante della LUISS Ettore Mendicino si \u00e8 raccontato durante una breve intervista rilasciata a Radio Luiss sull\u2019esperienza da studenti-atleti","robots":{"index":"index","follow":"follow","max-snippet":"max-snippet:-1","max-image-preview":"max-image-preview:large","max-video-preview":"max-video-preview:-1"},"canonical":"https:\/\/sport.luiss.it\/2022\/11\/17\/eccellenza-lattaccante-ettore-mendicino-un-atleta-professionista-inizi-porti-domande-sul-futuro\/","og_locale":"en_US","og_type":"article","og_title":"Luiss Eccellenza, l'attaccante Ettore Mendicino: \"Per me lo studio era una valvola di sfogo\" - Luiss Sport - Luiss Guido Carli","og_description":"L\u2019attaccante della LUISS Ettore Mendicino si \u00e8 raccontato durante una breve intervista rilasciata a Radio Luiss sull\u2019esperienza da studenti-atleti","og_url":"https:\/\/sport.luiss.it\/2022\/11\/17\/eccellenza-lattaccante-ettore-mendicino-un-atleta-professionista-inizi-porti-domande-sul-futuro\/","og_site_name":"Luiss Sport - Luiss Guido Carli","article_publisher":"https:\/\/www.facebook.com\/sportluiss\/","article_published_time":"2022-11-17T12:01:25+00:00","article_modified_time":"2026-04-03T14:21:36+00:00","author":"gurciuoli","twitter_card":"summary_large_image","twitter_misc":{"Written by":"gurciuoli","Est. reading time":"5 minutes"},"schema":{"@context":"https:\/\/schema.org","@graph":[{"@type":"WebPage","@id":"https:\/\/sport.luiss.it\/2022\/11\/17\/eccellenza-lattaccante-ettore-mendicino-un-atleta-professionista-inizi-porti-domande-sul-futuro\/","url":"https:\/\/sport.luiss.it\/2022\/11\/17\/eccellenza-lattaccante-ettore-mendicino-un-atleta-professionista-inizi-porti-domande-sul-futuro\/","name":"Luiss Eccellenza, l'attaccante Ettore Mendicino: \"Per me lo studio era una valvola di sfogo\" - Luiss Sport - Luiss Guido Carli","isPartOf":{"@id":"https:\/\/sport.luiss.it\/#website"},"datePublished":"2022-11-17T12:01:25+00:00","dateModified":"2026-04-03T14:21:36+00:00","author":{"@id":"https:\/\/sport.luiss.it\/#\/schema\/person\/50c706f873c22bfdd4d86c5ddb7e5ec1"},"description":"L\u2019attaccante della LUISS Ettore Mendicino si \u00e8 raccontato durante una breve intervista rilasciata a Radio Luiss sull\u2019esperienza da studenti-atleti","breadcrumb":{"@id":"https:\/\/sport.luiss.it\/2022\/11\/17\/eccellenza-lattaccante-ettore-mendicino-un-atleta-professionista-inizi-porti-domande-sul-futuro\/#breadcrumb"},"inLanguage":"en-US","potentialAction":[{"@type":"ReadAction","target":["https:\/\/sport.luiss.it\/2022\/11\/17\/eccellenza-lattaccante-ettore-mendicino-un-atleta-professionista-inizi-porti-domande-sul-futuro\/"]}]},{"@type":"BreadcrumbList","@id":"https:\/\/sport.luiss.it\/2022\/11\/17\/eccellenza-lattaccante-ettore-mendicino-un-atleta-professionista-inizi-porti-domande-sul-futuro\/#breadcrumb","itemListElement":[{"@type":"ListItem","position":1,"name":"Home","item":"https:\/\/sport.luiss.it\/en\/"},{"@type":"ListItem","position":2,"name":"Luiss Eccellenza, l&#8217;attaccante Ettore Mendicino: &#8220;Per me lo studio era una valvola di sfogo&#8221;"}]},{"@type":"WebSite","@id":"https:\/\/sport.luiss.it\/#website","url":"https:\/\/sport.luiss.it\/","name":"Luiss Sport - Luiss Guido Carli","description":"Luiss Sport","potentialAction":[{"@type":"SearchAction","target":{"@type":"EntryPoint","urlTemplate":"https:\/\/sport.luiss.it\/?s={search_term_string}"},"query-input":{"@type":"PropertyValueSpecification","valueRequired":true,"valueName":"search_term_string"}}],"inLanguage":"en-US"},{"@type":"Person","@id":"https:\/\/sport.luiss.it\/#\/schema\/person\/50c706f873c22bfdd4d86c5ddb7e5ec1","name":"gurciuoli","image":{"@type":"ImageObject","inLanguage":"en-US","@id":"https:\/\/sport.luiss.it\/#\/schema\/person\/image\/","url":"https:\/\/secure.gravatar.com\/avatar\/c7ec6e5bb6306b56dcf5737d8d29d87e452ef0762fa08ffd0618ef524081e87f?s=96&d=mm&r=g","contentUrl":"https:\/\/secure.gravatar.com\/avatar\/c7ec6e5bb6306b56dcf5737d8d29d87e452ef0762fa08ffd0618ef524081e87f?s=96&d=mm&r=g","caption":"gurciuoli"}}]}},"_links":{"self":[{"href":"https:\/\/sport.luiss.it\/en\/wp-json\/wp\/v2\/posts\/34244","targetHints":{"allow":["GET"]}}],"collection":[{"href":"https:\/\/sport.luiss.it\/en\/wp-json\/wp\/v2\/posts"}],"about":[{"href":"https:\/\/sport.luiss.it\/en\/wp-json\/wp\/v2\/types\/post"}],"author":[{"embeddable":true,"href":"https:\/\/sport.luiss.it\/en\/wp-json\/wp\/v2\/users\/807"}],"replies":[{"embeddable":true,"href":"https:\/\/sport.luiss.it\/en\/wp-json\/wp\/v2\/comments?post=34244"}],"version-history":[{"count":1,"href":"https:\/\/sport.luiss.it\/en\/wp-json\/wp\/v2\/posts\/34244\/revisions"}],"predecessor-version":[{"id":34246,"href":"https:\/\/sport.luiss.it\/en\/wp-json\/wp\/v2\/posts\/34244\/revisions\/34246"}],"wp:attachment":[{"href":"https:\/\/sport.luiss.it\/en\/wp-json\/wp\/v2\/media?parent=34244"}],"wp:term":[{"taxonomy":"category","embeddable":true,"href":"https:\/\/sport.luiss.it\/en\/wp-json\/wp\/v2\/categories?post=34244"},{"taxonomy":"post_tag","embeddable":true,"href":"https:\/\/sport.luiss.it\/en\/wp-json\/wp\/v2\/tags?post=34244"}],"curies":[{"name":"wp","href":"https:\/\/api.w.org\/{rel}","templated":true}]}}