
{"id":3454,"date":"2011-12-19T00:00:17","date_gmt":"2011-12-19T00:00:17","guid":{"rendered":"https:\/\/sport.luiss.it\/?p=3454"},"modified":"2011-12-19T00:00:17","modified_gmt":"2011-12-19T00:00:17","slug":"la-luiss-si-conferma-capolista","status":"publish","type":"post","link":"https:\/\/sport.luiss.it\/en\/2011\/12\/19\/la-luiss-si-conferma-capolista\/","title":{"rendered":"La LUISS si conferma capolista&#8230;"},"content":{"rendered":"<p style=\"text-align: center\"><strong><a href=\"https:\/\/sport.luiss.it\/wp-content\/uploads\/2011\/12\/gabr6536.jpg\"><img loading=\"lazy\" decoding=\"async\" class=\"alignleft size-medium wp-image-3455\" title=\"gabr6536\" src=\"https:\/\/sport.luiss.it\/wp-content\/uploads\/2011\/12\/gabr6536-199x300.jpg\" alt=\"\" width=\"199\" height=\"300\" \/><\/a>SAM ROMA \u2013 LUISS ROMA 51-75<\/strong><\/p>\n<p><strong>Parziali<\/strong>: 8-16; 23-36; 36-52.<\/p>\n<p><strong>Sam Roma:<\/strong> Policari 7, Franzon M., Catasta 6, Ruggeri 3, Romanazzo 6, Malamov ne, Zampar 10, Felici 3, Piccolo 9, Moscovini 7. All: Castellano.<\/p>\n<p><strong>LUISS Roma:<\/strong> Migliaccio, Giambene 8, Di Pasquale 9, Barletta 3, Baldrati 4, Borsetti 6, Raffaele 18, Di Fabio 7, Italiano 10, Polselli 10. All: Briscese.<\/p>\n<p>Vince l\u2019undicesima gara dell\u2019anno la LUISS Roma che batte a domicilio la Sam Roma per <strong>75-51<\/strong>. Una partita che ha visto i luissini sempre in vantaggio, senza mai subire particolarmente le offensive dei padroni di casa, incapaci di reagire sotto i colpi di Raffaele e compagni. La formazione universitaria ha chiuso in vantaggio per 36-23 il primo tempo, con la Sam che al rientro in campo ha provato ad impensierire i luissini, senza riuscirci, e il terzo quarto \u00e8 andato in archivio sul 52-36 in favore della LUISS. Nell\u2019ultimo quarto gli universitari hanno ampliato il divario tra le due formazioni, e sono quindi riusciti a conquistare i due punti in palio chiudendo il match sul +24. Miglior marcatore della LUISS \u00e8 stato <strong>Luca Raffaele<\/strong>, autore di 18 punti, mentre 10 sono stati quelli messi a segno da Capitan Polselli ed Italiano. Sale cos\u00ec a quota 22 punti la squadra capitolina che resta in prima posizione in compagnia della Virtus Aprilia.<\/p>\n<p>Soddisfatto a fine gara <strong>Max Briscese<\/strong> che commenta cos\u00ec la prestazione dei suoi ragazzi: \u201c<em>Sono contento per come la squadra si \u00e8 approcciata al match, e da questo punto di vista \u00e8 stato fondamentale trarre insegnamento della sconfitta della scorsa settimana a Fondi. Siamo entrati in campo concentrati e determinati, e ci\u00f2 ci ha permesso di portare da subito la gara sui binari che volevamo, per questo siamo stati bravi a gestire la doppia cifra di vantaggio che ci ha accompagnati per questi tutta la partita, e che poi abbiamo incrementato nel finale. Sapevamo che sarebbe stata una gara difficile, perch\u00e9 la Sam \u00e8 una squadra che ha a disposizione giovani molto interessanti oltre che uomini di grande esperienza mai facili da battere, poi abbiamo giocato in casa loro e quindi eravamo consapevoli che avremmo incontrato varie insidie questa sera. Faccio i complimenti a tutti i miei giocatori, senza nessuna esclusione,\u00a0 perch\u00e9 ognuno di loro, quando chiamato in causa, ha risposto nel migliore dei modi e quindi portiamo a casa una vittoria importante e meritata, ma non scontata. Questo campionato \u00e8 molto equilibrato, come dimostrano anche vari risultati proprio di questo turno, e tutti possono incontrare difficolt\u00e0 in partite il cui esito appare gi\u00e0 scritto, e ci\u00f2 dimostra che solo il lavoro diventa fondamentale per riuscire a fare grandi cose. Chiudiamo il 2011 con un ottimo risultato, adesso staccheremo un po\u2019 la spina prima di ricominciare ad allenarci in vista del primo impegno di gennaio, che sar\u00e0 fondamentale ai fini della classifica, ma anche per definire la squadra che parteciper\u00e0 alla Coppa Italia, quindi affronteremo Ciampino con il massimo dell\u2019impegno come \u00e8 sempre stato finora.\u201d<\/em><\/p>\n<p>La LUISS torner\u00e0 ad allenarsi marted\u00ec, prima delle vacanze natalizie che inizieranno ufficialmente il 22 dicembre, con Polselli&amp;Co. che riprenderanno poi il 27 per prepararsi al meglio in vista del match contro la Nova Basket Ciampino in programma il <strong>5 gennaio 2012<\/strong>.<\/p>\n<p><strong>Danila Di Biase<\/strong><\/p>\n","protected":false},"excerpt":{"rendered":"<p>SAM ROMA \u2013 LUISS ROMA 51-75 Parziali: 8-16; 23-36; 36-52. Sam Roma: Policari 7, Franzon M., Catasta 6, Ruggeri 3, Romanazzo 6, Malamov ne, Zampar 10, Felici 3, Piccolo 9, [&hellip;]<\/p>\n","protected":false},"author":441,"featured_media":3455,"comment_status":"closed","ping_status":"closed","sticky":false,"template":"","format":"standard","meta":{"_monsterinsights_skip_tracking":false,"_monsterinsights_sitenote_active":false,"_monsterinsights_sitenote_note":"","_monsterinsights_sitenote_category":0,"footnotes":""},"categories":[114],"tags":[],"class_list":["post-3454","post","type-post","status-publish","format-standard","has-post-thumbnail","hentry","category-news-basket-c"],"yoast_head":"<!-- This site is optimized with the Yoast SEO plugin v26.5 - https:\/\/yoast.com\/wordpress\/plugins\/seo\/ -->\n<title>La LUISS si conferma capolista... - Luiss Sport - Luiss Guido Carli<\/title>\n<meta name=\"robots\" content=\"index, follow, max-snippet:-1, max-image-preview:large, max-video-preview:-1\" \/>\n<link rel=\"canonical\" href=\"https:\/\/sport.luiss.it\/2011\/12\/19\/la-luiss-si-conferma-capolista\/\" \/>\n<meta property=\"og:locale\" content=\"en_US\" \/>\n<meta property=\"og:type\" content=\"article\" \/>\n<meta property=\"og:title\" content=\"La LUISS si conferma capolista... - Luiss Sport - Luiss Guido Carli\" \/>\n<meta property=\"og:description\" content=\"SAM ROMA \u2013 LUISS ROMA 51-75 Parziali: 8-16; 23-36; 36-52. Sam Roma: Policari 7, Franzon M., Catasta 6, Ruggeri 3, Romanazzo 6, Malamov ne, Zampar 10, Felici 3, Piccolo 9, [&hellip;]\" \/>\n<meta property=\"og:url\" content=\"https:\/\/sport.luiss.it\/2011\/12\/19\/la-luiss-si-conferma-capolista\/\" \/>\n<meta property=\"og:site_name\" content=\"Luiss Sport - Luiss Guido Carli\" \/>\n<meta property=\"article:publisher\" content=\"https:\/\/www.facebook.com\/sportluiss\/\" \/>\n<meta property=\"article:published_time\" content=\"2011-12-19T00:00:17+00:00\" \/>\n<meta name=\"twitter:card\" content=\"summary_large_image\" \/>\n<meta name=\"twitter:label1\" content=\"Written by\" \/>\n\t<meta name=\"twitter:data1\" content=\"\" \/>\n\t<meta name=\"twitter:label2\" content=\"Est. reading time\" \/>\n\t<meta name=\"twitter:data2\" content=\"3 minutes\" \/>\n<script type=\"application\/ld+json\" class=\"yoast-schema-graph\">{\"@context\":\"https:\/\/schema.org\",\"@graph\":[{\"@type\":\"WebPage\",\"@id\":\"https:\/\/sport.luiss.it\/2011\/12\/19\/la-luiss-si-conferma-capolista\/\",\"url\":\"https:\/\/sport.luiss.it\/2011\/12\/19\/la-luiss-si-conferma-capolista\/\",\"name\":\"La LUISS si conferma capolista... - Luiss Sport - Luiss Guido Carli\",\"isPartOf\":{\"@id\":\"https:\/\/sport.luiss.it\/#website\"},\"primaryImageOfPage\":{\"@id\":\"https:\/\/sport.luiss.it\/2011\/12\/19\/la-luiss-si-conferma-capolista\/#primaryimage\"},\"image\":{\"@id\":\"https:\/\/sport.luiss.it\/2011\/12\/19\/la-luiss-si-conferma-capolista\/#primaryimage\"},\"thumbnailUrl\":\"\",\"datePublished\":\"2011-12-19T00:00:17+00:00\",\"author\":{\"@id\":\"\"},\"breadcrumb\":{\"@id\":\"https:\/\/sport.luiss.it\/2011\/12\/19\/la-luiss-si-conferma-capolista\/#breadcrumb\"},\"inLanguage\":\"en-US\",\"potentialAction\":[{\"@type\":\"ReadAction\",\"target\":[\"https:\/\/sport.luiss.it\/2011\/12\/19\/la-luiss-si-conferma-capolista\/\"]}]},{\"@type\":\"ImageObject\",\"inLanguage\":\"en-US\",\"@id\":\"https:\/\/sport.luiss.it\/2011\/12\/19\/la-luiss-si-conferma-capolista\/#primaryimage\",\"url\":\"\",\"contentUrl\":\"\"},{\"@type\":\"BreadcrumbList\",\"@id\":\"https:\/\/sport.luiss.it\/2011\/12\/19\/la-luiss-si-conferma-capolista\/#breadcrumb\",\"itemListElement\":[{\"@type\":\"ListItem\",\"position\":1,\"name\":\"Home\",\"item\":\"https:\/\/sport.luiss.it\/en\/\"},{\"@type\":\"ListItem\",\"position\":2,\"name\":\"La LUISS si conferma capolista&#8230;\"}]},{\"@type\":\"WebSite\",\"@id\":\"https:\/\/sport.luiss.it\/#website\",\"url\":\"https:\/\/sport.luiss.it\/\",\"name\":\"Luiss Sport - Luiss Guido Carli\",\"description\":\"Luiss Sport\",\"potentialAction\":[{\"@type\":\"SearchAction\",\"target\":{\"@type\":\"EntryPoint\",\"urlTemplate\":\"https:\/\/sport.luiss.it\/?s={search_term_string}\"},\"query-input\":{\"@type\":\"PropertyValueSpecification\",\"valueRequired\":true,\"valueName\":\"search_term_string\"}}],\"inLanguage\":\"en-US\"},{\"@type\":\"Person\",\"@id\":\"\"}]}<\/script>\n<!-- \/ Yoast SEO plugin. -->","yoast_head_json":{"title":"La LUISS si conferma capolista... - Luiss Sport - Luiss Guido Carli","robots":{"index":"index","follow":"follow","max-snippet":"max-snippet:-1","max-image-preview":"max-image-preview:large","max-video-preview":"max-video-preview:-1"},"canonical":"https:\/\/sport.luiss.it\/2011\/12\/19\/la-luiss-si-conferma-capolista\/","og_locale":"en_US","og_type":"article","og_title":"La LUISS si conferma capolista... - Luiss Sport - Luiss Guido Carli","og_description":"SAM ROMA \u2013 LUISS ROMA 51-75 Parziali: 8-16; 23-36; 36-52. Sam Roma: Policari 7, Franzon M., Catasta 6, Ruggeri 3, Romanazzo 6, Malamov ne, Zampar 10, Felici 3, Piccolo 9, [&hellip;]","og_url":"https:\/\/sport.luiss.it\/2011\/12\/19\/la-luiss-si-conferma-capolista\/","og_site_name":"Luiss Sport - Luiss Guido Carli","article_publisher":"https:\/\/www.facebook.com\/sportluiss\/","article_published_time":"2011-12-19T00:00:17+00:00","twitter_card":"summary_large_image","twitter_misc":{"Written by":"","Est. reading time":"3 minutes"},"schema":{"@context":"https:\/\/schema.org","@graph":[{"@type":"WebPage","@id":"https:\/\/sport.luiss.it\/2011\/12\/19\/la-luiss-si-conferma-capolista\/","url":"https:\/\/sport.luiss.it\/2011\/12\/19\/la-luiss-si-conferma-capolista\/","name":"La LUISS si conferma capolista... - Luiss Sport - Luiss Guido Carli","isPartOf":{"@id":"https:\/\/sport.luiss.it\/#website"},"primaryImageOfPage":{"@id":"https:\/\/sport.luiss.it\/2011\/12\/19\/la-luiss-si-conferma-capolista\/#primaryimage"},"image":{"@id":"https:\/\/sport.luiss.it\/2011\/12\/19\/la-luiss-si-conferma-capolista\/#primaryimage"},"thumbnailUrl":"","datePublished":"2011-12-19T00:00:17+00:00","author":{"@id":""},"breadcrumb":{"@id":"https:\/\/sport.luiss.it\/2011\/12\/19\/la-luiss-si-conferma-capolista\/#breadcrumb"},"inLanguage":"en-US","potentialAction":[{"@type":"ReadAction","target":["https:\/\/sport.luiss.it\/2011\/12\/19\/la-luiss-si-conferma-capolista\/"]}]},{"@type":"ImageObject","inLanguage":"en-US","@id":"https:\/\/sport.luiss.it\/2011\/12\/19\/la-luiss-si-conferma-capolista\/#primaryimage","url":"","contentUrl":""},{"@type":"BreadcrumbList","@id":"https:\/\/sport.luiss.it\/2011\/12\/19\/la-luiss-si-conferma-capolista\/#breadcrumb","itemListElement":[{"@type":"ListItem","position":1,"name":"Home","item":"https:\/\/sport.luiss.it\/en\/"},{"@type":"ListItem","position":2,"name":"La LUISS si conferma capolista&#8230;"}]},{"@type":"WebSite","@id":"https:\/\/sport.luiss.it\/#website","url":"https:\/\/sport.luiss.it\/","name":"Luiss Sport - Luiss Guido Carli","description":"Luiss Sport","potentialAction":[{"@type":"SearchAction","target":{"@type":"EntryPoint","urlTemplate":"https:\/\/sport.luiss.it\/?s={search_term_string}"},"query-input":{"@type":"PropertyValueSpecification","valueRequired":true,"valueName":"search_term_string"}}],"inLanguage":"en-US"},{"@type":"Person","@id":""}]}},"_links":{"self":[{"href":"https:\/\/sport.luiss.it\/en\/wp-json\/wp\/v2\/posts\/3454","targetHints":{"allow":["GET"]}}],"collection":[{"href":"https:\/\/sport.luiss.it\/en\/wp-json\/wp\/v2\/posts"}],"about":[{"href":"https:\/\/sport.luiss.it\/en\/wp-json\/wp\/v2\/types\/post"}],"author":[{"embeddable":true,"href":"https:\/\/sport.luiss.it\/en\/wp-json\/wp\/v2\/users\/441"}],"replies":[{"embeddable":true,"href":"https:\/\/sport.luiss.it\/en\/wp-json\/wp\/v2\/comments?post=3454"}],"version-history":[{"count":0,"href":"https:\/\/sport.luiss.it\/en\/wp-json\/wp\/v2\/posts\/3454\/revisions"}],"wp:featuredmedia":[{"embeddable":true,"href":"https:\/\/sport.luiss.it\/en\/wp-json\/"}],"wp:attachment":[{"href":"https:\/\/sport.luiss.it\/en\/wp-json\/wp\/v2\/media?parent=3454"}],"wp:term":[{"taxonomy":"category","embeddable":true,"href":"https:\/\/sport.luiss.it\/en\/wp-json\/wp\/v2\/categories?post=3454"},{"taxonomy":"post_tag","embeddable":true,"href":"https:\/\/sport.luiss.it\/en\/wp-json\/wp\/v2\/tags?post=3454"}],"curies":[{"name":"wp","href":"https:\/\/api.w.org\/{rel}","templated":true}]}}