
{"id":3467,"date":"2011-12-27T23:09:28","date_gmt":"2011-12-27T23:09:28","guid":{"rendered":"https:\/\/sport.luiss.it\/?p=3467"},"modified":"2011-12-27T23:09:28","modified_gmt":"2011-12-27T23:09:28","slug":"la-luiss-tra-sport-e-solidarieta","status":"publish","type":"post","link":"https:\/\/sport.luiss.it\/en\/2011\/12\/27\/la-luiss-tra-sport-e-solidarieta\/","title":{"rendered":"La LUISS tra &#8216;Sport e Solidariet\u00e0&#8217;"},"content":{"rendered":"<p><a href=\"https:\/\/sport.luiss.it\/wp-content\/uploads\/2011\/12\/locandina2.png\"><img loading=\"lazy\" decoding=\"async\" class=\"alignleft size-medium wp-image-3471\" title=\"locandina\" src=\"https:\/\/sport.luiss.it\/wp-content\/uploads\/2011\/12\/locandina2-214x300.png\" alt=\"\" width=\"214\" height=\"300\" \/><\/a>L\u2019A.S. LUISS \u00e8 lieta di comunicare che <strong>gioved\u00ec 29 dicembre alle ore 16<\/strong>, presso il <strong>Pala Tarquini di Ciampino<\/strong>, si svolger\u00e0 una partita amichevole, tra i padroni di casa della Nova Basket e la formazione universitaria, organizzata dall\u2019<strong>Associazione<\/strong> <strong>Oncologica Assistenza e Ricerca \u2013 Onlus<\/strong> del Dottor Vincenzo Bianco, in occasione della manifestazione<em> \u2018Sport e Solidariet\u00e0\u2019<\/em>.<\/p>\n<p>L\u2019evento, a <strong>scopo benefico<\/strong>, nasce dalla sensibilit\u00e0 mostrata dai Comuni di Roma e Ciampino, dall\u2019Associazione Sportiva Acqua Acetosa \u2018Elio Orsini\u2019, A.S. LUISS Roma, A.S. Basket Ciampino, \u2018Happy Time Animazione\u2019 di Ciampino, \u2018Il Gabbiano\u2019 di Santa Maria delle Mole, Ass. Calcio a 5f di Ciampino e dall\u2019Associazione GDA, per aiutare i bambini sottoposti a trattamenti chemioterapici che hanno disagi uditivi, con l\u2019idea di porre attenzione su questo problema attraverso lo sport, che ancora una volta dovr\u00e0 mostrare la sua capacit\u00e0 di impegno sociale anche verso i pi\u00f9 bisognosi.<\/p>\n<p><strong>Massimiliano Briscese<\/strong>, coach luissino, spiega quanto sia grande la gratificazione nel prendere parte ad una manifestazione importante dal punto di vista umano: \u201c<em>Siamo felici di poter partecipare ad un evento di beneficenza che ha alla base la salute dei bambini, da sempre la parte migliore della nostra vita. Sar\u00e0 una manifestazione che quindi onoreremo impegnandoci al massimo, com\u2019\u00e8 giusto che sia, ricordandoci che quelli che possiamo considerare \u2018problemi\u2019 dopo una sconfitta o una brutta partita sono in realt\u00e0 nulli di fronte a quello che bimbi sottoposti a chemioterapie e quant\u2019altro devono affrontare quotidianamente. Ci ricorderemo di essere persone fortunate e proveremo a regalare un sorriso a chi ne ha tanto bisogno, soprattutto in questi giorni di festa<\/em>.\u201d<\/p>\n<p>Si invitano tutti gli appassionati a partecipare ad una giornata di festa costruita per regalare un sorriso a bambini che hanno bisogno di affetto e sostegno da parte di ognuno di noi.<\/p>\n<p><strong>Danila Di Biase<\/strong><\/p>\n","protected":false},"excerpt":{"rendered":"<p>L\u2019A.S. LUISS \u00e8 lieta di comunicare che gioved\u00ec 29 dicembre alle ore 16, presso il Pala Tarquini di Ciampino, si svolger\u00e0 una partita amichevole, tra i padroni di casa della [&hellip;]<\/p>\n","protected":false},"author":441,"featured_media":3471,"comment_status":"closed","ping_status":"closed","sticky":false,"template":"","format":"standard","meta":{"_monsterinsights_skip_tracking":false,"_monsterinsights_sitenote_active":false,"_monsterinsights_sitenote_note":"","_monsterinsights_sitenote_category":0,"footnotes":""},"categories":[114],"tags":[],"class_list":["post-3467","post","type-post","status-publish","format-standard","has-post-thumbnail","hentry","category-news-basket-c"],"yoast_head":"<!-- This site is optimized with the Yoast SEO plugin v26.5 - https:\/\/yoast.com\/wordpress\/plugins\/seo\/ -->\n<title>La LUISS tra &#039;Sport e Solidariet\u00e0&#039; - Luiss Sport - Luiss Guido Carli<\/title>\n<meta name=\"robots\" content=\"index, follow, max-snippet:-1, max-image-preview:large, max-video-preview:-1\" \/>\n<link rel=\"canonical\" href=\"https:\/\/sport.luiss.it\/2011\/12\/27\/la-luiss-tra-sport-e-solidarieta\/\" \/>\n<meta property=\"og:locale\" content=\"en_US\" \/>\n<meta property=\"og:type\" content=\"article\" \/>\n<meta property=\"og:title\" content=\"La LUISS tra &#039;Sport e Solidariet\u00e0&#039; - Luiss Sport - Luiss Guido Carli\" \/>\n<meta property=\"og:description\" content=\"L\u2019A.S. LUISS \u00e8 lieta di comunicare che gioved\u00ec 29 dicembre alle ore 16, presso il Pala Tarquini di Ciampino, si svolger\u00e0 una partita amichevole, tra i padroni di casa della [&hellip;]\" \/>\n<meta property=\"og:url\" content=\"https:\/\/sport.luiss.it\/2011\/12\/27\/la-luiss-tra-sport-e-solidarieta\/\" \/>\n<meta property=\"og:site_name\" content=\"Luiss Sport - Luiss Guido Carli\" \/>\n<meta property=\"article:publisher\" content=\"https:\/\/www.facebook.com\/sportluiss\/\" \/>\n<meta property=\"article:published_time\" content=\"2011-12-27T23:09:28+00:00\" \/>\n<meta name=\"twitter:card\" content=\"summary_large_image\" \/>\n<meta name=\"twitter:label1\" content=\"Written by\" \/>\n\t<meta name=\"twitter:data1\" content=\"\" \/>\n\t<meta name=\"twitter:label2\" content=\"Est. reading time\" \/>\n\t<meta name=\"twitter:data2\" content=\"2 minutes\" \/>\n<script type=\"application\/ld+json\" class=\"yoast-schema-graph\">{\"@context\":\"https:\/\/schema.org\",\"@graph\":[{\"@type\":\"WebPage\",\"@id\":\"https:\/\/sport.luiss.it\/2011\/12\/27\/la-luiss-tra-sport-e-solidarieta\/\",\"url\":\"https:\/\/sport.luiss.it\/2011\/12\/27\/la-luiss-tra-sport-e-solidarieta\/\",\"name\":\"La LUISS tra 'Sport e Solidariet\u00e0' - Luiss Sport - Luiss Guido Carli\",\"isPartOf\":{\"@id\":\"https:\/\/sport.luiss.it\/#website\"},\"primaryImageOfPage\":{\"@id\":\"https:\/\/sport.luiss.it\/2011\/12\/27\/la-luiss-tra-sport-e-solidarieta\/#primaryimage\"},\"image\":{\"@id\":\"https:\/\/sport.luiss.it\/2011\/12\/27\/la-luiss-tra-sport-e-solidarieta\/#primaryimage\"},\"thumbnailUrl\":\"\",\"datePublished\":\"2011-12-27T23:09:28+00:00\",\"author\":{\"@id\":\"\"},\"breadcrumb\":{\"@id\":\"https:\/\/sport.luiss.it\/2011\/12\/27\/la-luiss-tra-sport-e-solidarieta\/#breadcrumb\"},\"inLanguage\":\"en-US\",\"potentialAction\":[{\"@type\":\"ReadAction\",\"target\":[\"https:\/\/sport.luiss.it\/2011\/12\/27\/la-luiss-tra-sport-e-solidarieta\/\"]}]},{\"@type\":\"ImageObject\",\"inLanguage\":\"en-US\",\"@id\":\"https:\/\/sport.luiss.it\/2011\/12\/27\/la-luiss-tra-sport-e-solidarieta\/#primaryimage\",\"url\":\"\",\"contentUrl\":\"\"},{\"@type\":\"BreadcrumbList\",\"@id\":\"https:\/\/sport.luiss.it\/2011\/12\/27\/la-luiss-tra-sport-e-solidarieta\/#breadcrumb\",\"itemListElement\":[{\"@type\":\"ListItem\",\"position\":1,\"name\":\"Home\",\"item\":\"https:\/\/sport.luiss.it\/en\/\"},{\"@type\":\"ListItem\",\"position\":2,\"name\":\"La LUISS tra &#8216;Sport e Solidariet\u00e0&#8217;\"}]},{\"@type\":\"WebSite\",\"@id\":\"https:\/\/sport.luiss.it\/#website\",\"url\":\"https:\/\/sport.luiss.it\/\",\"name\":\"Luiss Sport - Luiss Guido Carli\",\"description\":\"Luiss Sport\",\"potentialAction\":[{\"@type\":\"SearchAction\",\"target\":{\"@type\":\"EntryPoint\",\"urlTemplate\":\"https:\/\/sport.luiss.it\/?s={search_term_string}\"},\"query-input\":{\"@type\":\"PropertyValueSpecification\",\"valueRequired\":true,\"valueName\":\"search_term_string\"}}],\"inLanguage\":\"en-US\"},{\"@type\":\"Person\",\"@id\":\"\"}]}<\/script>\n<!-- \/ Yoast SEO plugin. -->","yoast_head_json":{"title":"La LUISS tra 'Sport e Solidariet\u00e0' - Luiss Sport - Luiss Guido Carli","robots":{"index":"index","follow":"follow","max-snippet":"max-snippet:-1","max-image-preview":"max-image-preview:large","max-video-preview":"max-video-preview:-1"},"canonical":"https:\/\/sport.luiss.it\/2011\/12\/27\/la-luiss-tra-sport-e-solidarieta\/","og_locale":"en_US","og_type":"article","og_title":"La LUISS tra 'Sport e Solidariet\u00e0' - Luiss Sport - Luiss Guido Carli","og_description":"L\u2019A.S. LUISS \u00e8 lieta di comunicare che gioved\u00ec 29 dicembre alle ore 16, presso il Pala Tarquini di Ciampino, si svolger\u00e0 una partita amichevole, tra i padroni di casa della [&hellip;]","og_url":"https:\/\/sport.luiss.it\/2011\/12\/27\/la-luiss-tra-sport-e-solidarieta\/","og_site_name":"Luiss Sport - Luiss Guido Carli","article_publisher":"https:\/\/www.facebook.com\/sportluiss\/","article_published_time":"2011-12-27T23:09:28+00:00","twitter_card":"summary_large_image","twitter_misc":{"Written by":"","Est. reading time":"2 minutes"},"schema":{"@context":"https:\/\/schema.org","@graph":[{"@type":"WebPage","@id":"https:\/\/sport.luiss.it\/2011\/12\/27\/la-luiss-tra-sport-e-solidarieta\/","url":"https:\/\/sport.luiss.it\/2011\/12\/27\/la-luiss-tra-sport-e-solidarieta\/","name":"La LUISS tra 'Sport e Solidariet\u00e0' - Luiss Sport - Luiss Guido Carli","isPartOf":{"@id":"https:\/\/sport.luiss.it\/#website"},"primaryImageOfPage":{"@id":"https:\/\/sport.luiss.it\/2011\/12\/27\/la-luiss-tra-sport-e-solidarieta\/#primaryimage"},"image":{"@id":"https:\/\/sport.luiss.it\/2011\/12\/27\/la-luiss-tra-sport-e-solidarieta\/#primaryimage"},"thumbnailUrl":"","datePublished":"2011-12-27T23:09:28+00:00","author":{"@id":""},"breadcrumb":{"@id":"https:\/\/sport.luiss.it\/2011\/12\/27\/la-luiss-tra-sport-e-solidarieta\/#breadcrumb"},"inLanguage":"en-US","potentialAction":[{"@type":"ReadAction","target":["https:\/\/sport.luiss.it\/2011\/12\/27\/la-luiss-tra-sport-e-solidarieta\/"]}]},{"@type":"ImageObject","inLanguage":"en-US","@id":"https:\/\/sport.luiss.it\/2011\/12\/27\/la-luiss-tra-sport-e-solidarieta\/#primaryimage","url":"","contentUrl":""},{"@type":"BreadcrumbList","@id":"https:\/\/sport.luiss.it\/2011\/12\/27\/la-luiss-tra-sport-e-solidarieta\/#breadcrumb","itemListElement":[{"@type":"ListItem","position":1,"name":"Home","item":"https:\/\/sport.luiss.it\/en\/"},{"@type":"ListItem","position":2,"name":"La LUISS tra &#8216;Sport e Solidariet\u00e0&#8217;"}]},{"@type":"WebSite","@id":"https:\/\/sport.luiss.it\/#website","url":"https:\/\/sport.luiss.it\/","name":"Luiss Sport - Luiss Guido Carli","description":"Luiss Sport","potentialAction":[{"@type":"SearchAction","target":{"@type":"EntryPoint","urlTemplate":"https:\/\/sport.luiss.it\/?s={search_term_string}"},"query-input":{"@type":"PropertyValueSpecification","valueRequired":true,"valueName":"search_term_string"}}],"inLanguage":"en-US"},{"@type":"Person","@id":""}]}},"_links":{"self":[{"href":"https:\/\/sport.luiss.it\/en\/wp-json\/wp\/v2\/posts\/3467","targetHints":{"allow":["GET"]}}],"collection":[{"href":"https:\/\/sport.luiss.it\/en\/wp-json\/wp\/v2\/posts"}],"about":[{"href":"https:\/\/sport.luiss.it\/en\/wp-json\/wp\/v2\/types\/post"}],"author":[{"embeddable":true,"href":"https:\/\/sport.luiss.it\/en\/wp-json\/wp\/v2\/users\/441"}],"replies":[{"embeddable":true,"href":"https:\/\/sport.luiss.it\/en\/wp-json\/wp\/v2\/comments?post=3467"}],"version-history":[{"count":0,"href":"https:\/\/sport.luiss.it\/en\/wp-json\/wp\/v2\/posts\/3467\/revisions"}],"wp:featuredmedia":[{"embeddable":true,"href":"https:\/\/sport.luiss.it\/en\/wp-json\/"}],"wp:attachment":[{"href":"https:\/\/sport.luiss.it\/en\/wp-json\/wp\/v2\/media?parent=3467"}],"wp:term":[{"taxonomy":"category","embeddable":true,"href":"https:\/\/sport.luiss.it\/en\/wp-json\/wp\/v2\/categories?post=3467"},{"taxonomy":"post_tag","embeddable":true,"href":"https:\/\/sport.luiss.it\/en\/wp-json\/wp\/v2\/tags?post=3467"}],"curies":[{"name":"wp","href":"https:\/\/api.w.org\/{rel}","templated":true}]}}