
{"id":36174,"date":"2023-09-19T11:02:08","date_gmt":"2023-09-19T09:02:08","guid":{"rendered":"https:\/\/sport.luiss.it\/?p=36174\/"},"modified":"2026-04-03T16:20:48","modified_gmt":"2026-04-03T14:20:48","slug":"ix-edizione-asluiss-tennis-tournament","status":"publish","type":"post","link":"https:\/\/sport.luiss.it\/en\/2023\/09\/19\/ix-edizione-asluiss-tennis-tournament\/","title":{"rendered":"Al via la IX Edizione dell&#8217;AS Luiss Tennis Tournament"},"content":{"rendered":"<div>\n<p>Si avvicina finalmente la\u00a0<strong>IX Edizione dell\u2019AS Luiss Tennis Tournament<\/strong>, il torneo di Tennis e Padel targato AS Luiss.<\/p>\n<p>Il torneo si terr\u00e0\u00a0<strong>dal 23 al 29 settembre 2023<\/strong>\u00a0nella splendida cornice del Centro Carabinieri Tevere, in Via dei Campi Sportivi 15 e, per quanto riguarda il Padel, presso il PalaLuiss, in Via Martino Longhi 2.<\/p>\n<p>Vi ricordiamo che per partecipare al Torneo \u00e8 necessario il certificato medico agonistico oppure quello non agonistico.<\/p>\n<p>Il torneo sar\u00e0 costituito da cinque momenti cos\u00ec suddivisi:<\/p>\n<\/div>\n<ul>\n<li>Torneo Long Tiebreak: sabato 23 e domenica 24 settembre, presso il Centro Carabinieri Tevere. Gli incontri si terranno dalle ore 11:00.<\/li>\n<li>Torneo Rodeo: da luned\u00ec 25 a gioved\u00ec 28 settembre, presso Centro Carabinieri Tevere. Gli incontri si terranno dalle ore 18:00 alle 22:00.<\/li>\n<li>Torneo di Padel: luned\u00ec 25, marted\u00ec 26 e gioved\u00ec 28 settembre, presso il PalaLuiss. Gli incontri si terranno dalle ore 19:00 alle 23:00.<\/li>\n<li>Friendly Match AS Luiss SFC Confindustria: venerd\u00ec 29 settembre, presso il Centro Carabinieri Tevere, dalle ore 17:30.<\/li>\n<li>Torneo Racchetta Solidale Capital Advisory: mercoled\u00ec 27 settembre, presso il Centro Carabinieri Tevere. Gli incontri si terranno a partire dalle ore 17:30.<\/li>\n<\/ul>\n<div>Gli\u00a0<strong>Studenti Luiss<\/strong>\u00a0possono iscrivervi\u00a0<strong>GRATUITAMENTE<\/strong>\u00a0ai tornei Rodeo e di Padel. Ma affrettatevi, i posti sono limitati! Le iscrizioni chiudono il\u00a0<strong>20 settembre alle 12:00<\/strong>.<\/div>\n<div>Iscriviti al Torneo Rodeo &#x1f449;\u00a0<a class=\"autolinked\" href=\"https:\/\/tally.so\/r\/31d59L\" target=\"_blank\" rel=\"noreferrer\" data-behavior=\"truncate\">https:\/\/tally.so\/r\/31d59L<\/a><br \/>\nIscriviti al Torneo di Padel &#x1f449;\u00a0<a class=\"autolinked\" href=\"https:\/\/tally.so\/r\/wkexNj\" target=\"_blank\" rel=\"noreferrer\" data-behavior=\"truncate\">https:\/\/tally.so\/r\/wkexNj<\/a><\/div>\n<div>\n<p>Non \u00e8 possibile partecipare a entrambi i tornei, quindi scegli in anticipo quale preferisci.<\/p>\n<\/div>\n<div>\n<p>Se ti iscrivi, presto riceverai ulteriori dettagli e istruzioni. Assicurati anche di leggere attentamente il regolamento del torneo al quale intendi partecipare:<\/p>\n<\/div>\n<div>&#x1f4dc;\u00a0<a href=\"https:\/\/luiss-my.sharepoint.com\/personal\/sport_luiss_it\/_layouts\/15\/onedrive.aspx?id=%2Fpersonal%2Fsport%5Fluiss%5Fit%2FDocuments%2FUfficio%20Sport%2F2023%2D2024%2F05%2E%20Eventi%2FAS%20Luiss%20Tennis%20Tournament%2FRegolamenti%2FRegolamenti%20PDF%2FRegolamento%20Torneo%20Rodeo%5F2023%20%281%29%2Epdf&amp;parent=%2Fpersonal%2Fsport%5Fluiss%5Fit%2FDocuments%2FUfficio%20Sport%2F2023%2D2024%2F05%2E%20Eventi%2FAS%20Luiss%20Tennis%20Tournament%2FRegolamenti%2FRegolamenti%20PDF&amp;ga=1\" target=\"_blank\" rel=\"noreferrer\">Regolamento Torneo Rodeo<\/a><br \/>\n&#x1f4dc;\u00a0<a href=\"https:\/\/luiss-my.sharepoint.com\/personal\/sport_luiss_it\/_layouts\/15\/onedrive.aspx?id=%2Fpersonal%2Fsport%5Fluiss%5Fit%2FDocuments%2FUfficio%20Sport%2F2023%2D2024%2F05%2E%20Eventi%2FAS%20Luiss%20Tennis%20Tournament%2FRegolamenti%2FRegolamenti%20PDF%2FRegolamento%20Torneo%20Padel%5F2023%20%284%29%2Epdf&amp;parent=%2Fpersonal%2Fsport%5Fluiss%5Fit%2FDocuments%2FUfficio%20Sport%2F2023%2D2024%2F05%2E%20Eventi%2FAS%20Luiss%20Tennis%20Tournament%2FRegolamenti%2FRegolamenti%20PDF&amp;ga=1\" target=\"_blank\" rel=\"noreferrer\">Regolamento Torneo di Padel<\/a><\/div>\n<div>\n<p>Hai domande o necessiti di assistenza? Non esitare a contattare l&#8217;Ufficio Sport Luiss al numero\u00a0<strong>0685225400<\/strong>\u00a0o via email a\u00a0<a href=\"mailto:sport@luiss.it\" target=\"_blank\" rel=\"noreferrer\"><strong>sport@luiss.it<\/strong><\/a>.<\/p>\n<\/div>\n<div>Non vediamo l&#8217;ora di vedervi in campo!<\/div>\n","protected":false},"excerpt":{"rendered":"<p>Si avvicina finalmente la\u00a0IX Edizione dell\u2019AS Luiss Tennis Tournament, il torneo di Tennis e Padel targato AS Luiss. Il torneo si terr\u00e0\u00a0dal 23 al 29 settembre 2023\u00a0nella splendida cornice del [&hellip;]<\/p>\n","protected":false},"author":807,"featured_media":0,"comment_status":"closed","ping_status":"closed","sticky":false,"template":"","format":"standard","meta":{"_monsterinsights_skip_tracking":false,"_monsterinsights_sitenote_active":false,"_monsterinsights_sitenote_note":"","_monsterinsights_sitenote_category":0,"footnotes":""},"categories":[186,140,302,104],"tags":[],"class_list":["post-36174","post","type-post","status-publish","format-standard","hentry","category-news-eventi","category-primo-piano","category-sponsor-e-partner","category-news-tennis"],"yoast_head":"<!-- This site is optimized with the Yoast SEO plugin v26.5 - https:\/\/yoast.com\/wordpress\/plugins\/seo\/ -->\n<title>Al via la IX Edizione dell&#039;AS Luiss Tennis Tournament<\/title>\n<meta name=\"description\" content=\"Si avvicina finalmente la IX Edizione dell\u2019AS Luiss Tennis Tournament, il torneo di Tennis e Padel targato AS Luiss dal 23 al 29 settembre 2023.\" \/>\n<meta name=\"robots\" content=\"index, follow, max-snippet:-1, max-image-preview:large, max-video-preview:-1\" \/>\n<link rel=\"canonical\" href=\"https:\/\/sport.luiss.it\/2023\/09\/19\/ix-edizione-asluiss-tennis-tournament\/\" \/>\n<meta property=\"og:locale\" content=\"en_US\" \/>\n<meta property=\"og:type\" content=\"article\" \/>\n<meta property=\"og:title\" content=\"Al via la IX Edizione dell&#039;AS Luiss Tennis Tournament\" \/>\n<meta property=\"og:description\" content=\"Si avvicina finalmente la IX Edizione dell\u2019AS Luiss Tennis Tournament, il torneo di Tennis e Padel targato AS Luiss dal 23 al 29 settembre 2023.\" \/>\n<meta property=\"og:url\" content=\"https:\/\/sport.luiss.it\/2023\/09\/19\/ix-edizione-asluiss-tennis-tournament\/\" \/>\n<meta property=\"og:site_name\" content=\"Luiss Sport - Luiss Guido Carli\" \/>\n<meta property=\"article:publisher\" content=\"https:\/\/www.facebook.com\/sportluiss\/\" \/>\n<meta property=\"article:published_time\" content=\"2023-09-19T09:02:08+00:00\" \/>\n<meta property=\"article:modified_time\" content=\"2026-04-03T14:20:48+00:00\" \/>\n<meta name=\"author\" content=\"gurciuoli\" \/>\n<meta name=\"twitter:card\" content=\"summary_large_image\" \/>\n<meta name=\"twitter:label1\" content=\"Written by\" \/>\n\t<meta name=\"twitter:data1\" content=\"gurciuoli\" \/>\n\t<meta name=\"twitter:label2\" content=\"Est. reading time\" \/>\n\t<meta name=\"twitter:data2\" content=\"1 minute\" \/>\n<script type=\"application\/ld+json\" class=\"yoast-schema-graph\">{\"@context\":\"https:\/\/schema.org\",\"@graph\":[{\"@type\":\"WebPage\",\"@id\":\"https:\/\/sport.luiss.it\/2023\/09\/19\/ix-edizione-asluiss-tennis-tournament\/\",\"url\":\"https:\/\/sport.luiss.it\/2023\/09\/19\/ix-edizione-asluiss-tennis-tournament\/\",\"name\":\"Al via la IX Edizione dell'AS Luiss Tennis Tournament\",\"isPartOf\":{\"@id\":\"https:\/\/sport.luiss.it\/#website\"},\"datePublished\":\"2023-09-19T09:02:08+00:00\",\"dateModified\":\"2026-04-03T14:20:48+00:00\",\"author\":{\"@id\":\"https:\/\/sport.luiss.it\/#\/schema\/person\/50c706f873c22bfdd4d86c5ddb7e5ec1\"},\"description\":\"Si avvicina finalmente la IX Edizione dell\u2019AS Luiss Tennis Tournament, il torneo di Tennis e Padel targato AS Luiss dal 23 al 29 settembre 2023.\",\"breadcrumb\":{\"@id\":\"https:\/\/sport.luiss.it\/2023\/09\/19\/ix-edizione-asluiss-tennis-tournament\/#breadcrumb\"},\"inLanguage\":\"en-US\",\"potentialAction\":[{\"@type\":\"ReadAction\",\"target\":[\"https:\/\/sport.luiss.it\/2023\/09\/19\/ix-edizione-asluiss-tennis-tournament\/\"]}]},{\"@type\":\"BreadcrumbList\",\"@id\":\"https:\/\/sport.luiss.it\/2023\/09\/19\/ix-edizione-asluiss-tennis-tournament\/#breadcrumb\",\"itemListElement\":[{\"@type\":\"ListItem\",\"position\":1,\"name\":\"Home\",\"item\":\"https:\/\/sport.luiss.it\/en\/\"},{\"@type\":\"ListItem\",\"position\":2,\"name\":\"Al via la IX Edizione dell&#8217;AS Luiss Tennis Tournament\"}]},{\"@type\":\"WebSite\",\"@id\":\"https:\/\/sport.luiss.it\/#website\",\"url\":\"https:\/\/sport.luiss.it\/\",\"name\":\"Luiss Sport - Luiss Guido Carli\",\"description\":\"Luiss Sport\",\"potentialAction\":[{\"@type\":\"SearchAction\",\"target\":{\"@type\":\"EntryPoint\",\"urlTemplate\":\"https:\/\/sport.luiss.it\/?s={search_term_string}\"},\"query-input\":{\"@type\":\"PropertyValueSpecification\",\"valueRequired\":true,\"valueName\":\"search_term_string\"}}],\"inLanguage\":\"en-US\"},{\"@type\":\"Person\",\"@id\":\"https:\/\/sport.luiss.it\/#\/schema\/person\/50c706f873c22bfdd4d86c5ddb7e5ec1\",\"name\":\"gurciuoli\",\"image\":{\"@type\":\"ImageObject\",\"inLanguage\":\"en-US\",\"@id\":\"https:\/\/sport.luiss.it\/#\/schema\/person\/image\/\",\"url\":\"https:\/\/secure.gravatar.com\/avatar\/c7ec6e5bb6306b56dcf5737d8d29d87e452ef0762fa08ffd0618ef524081e87f?s=96&d=mm&r=g\",\"contentUrl\":\"https:\/\/secure.gravatar.com\/avatar\/c7ec6e5bb6306b56dcf5737d8d29d87e452ef0762fa08ffd0618ef524081e87f?s=96&d=mm&r=g\",\"caption\":\"gurciuoli\"}}]}<\/script>\n<!-- \/ Yoast SEO plugin. -->","yoast_head_json":{"title":"Al via la IX Edizione dell'AS Luiss Tennis Tournament","description":"Si avvicina finalmente la IX Edizione dell\u2019AS Luiss Tennis Tournament, il torneo di Tennis e Padel targato AS Luiss dal 23 al 29 settembre 2023.","robots":{"index":"index","follow":"follow","max-snippet":"max-snippet:-1","max-image-preview":"max-image-preview:large","max-video-preview":"max-video-preview:-1"},"canonical":"https:\/\/sport.luiss.it\/2023\/09\/19\/ix-edizione-asluiss-tennis-tournament\/","og_locale":"en_US","og_type":"article","og_title":"Al via la IX Edizione dell'AS Luiss Tennis Tournament","og_description":"Si avvicina finalmente la IX Edizione dell\u2019AS Luiss Tennis Tournament, il torneo di Tennis e Padel targato AS Luiss dal 23 al 29 settembre 2023.","og_url":"https:\/\/sport.luiss.it\/2023\/09\/19\/ix-edizione-asluiss-tennis-tournament\/","og_site_name":"Luiss Sport - Luiss Guido Carli","article_publisher":"https:\/\/www.facebook.com\/sportluiss\/","article_published_time":"2023-09-19T09:02:08+00:00","article_modified_time":"2026-04-03T14:20:48+00:00","author":"gurciuoli","twitter_card":"summary_large_image","twitter_misc":{"Written by":"gurciuoli","Est. reading time":"1 minute"},"schema":{"@context":"https:\/\/schema.org","@graph":[{"@type":"WebPage","@id":"https:\/\/sport.luiss.it\/2023\/09\/19\/ix-edizione-asluiss-tennis-tournament\/","url":"https:\/\/sport.luiss.it\/2023\/09\/19\/ix-edizione-asluiss-tennis-tournament\/","name":"Al via la IX Edizione dell'AS Luiss Tennis Tournament","isPartOf":{"@id":"https:\/\/sport.luiss.it\/#website"},"datePublished":"2023-09-19T09:02:08+00:00","dateModified":"2026-04-03T14:20:48+00:00","author":{"@id":"https:\/\/sport.luiss.it\/#\/schema\/person\/50c706f873c22bfdd4d86c5ddb7e5ec1"},"description":"Si avvicina finalmente la IX Edizione dell\u2019AS Luiss Tennis Tournament, il torneo di Tennis e Padel targato AS Luiss dal 23 al 29 settembre 2023.","breadcrumb":{"@id":"https:\/\/sport.luiss.it\/2023\/09\/19\/ix-edizione-asluiss-tennis-tournament\/#breadcrumb"},"inLanguage":"en-US","potentialAction":[{"@type":"ReadAction","target":["https:\/\/sport.luiss.it\/2023\/09\/19\/ix-edizione-asluiss-tennis-tournament\/"]}]},{"@type":"BreadcrumbList","@id":"https:\/\/sport.luiss.it\/2023\/09\/19\/ix-edizione-asluiss-tennis-tournament\/#breadcrumb","itemListElement":[{"@type":"ListItem","position":1,"name":"Home","item":"https:\/\/sport.luiss.it\/en\/"},{"@type":"ListItem","position":2,"name":"Al via la IX Edizione dell&#8217;AS Luiss Tennis Tournament"}]},{"@type":"WebSite","@id":"https:\/\/sport.luiss.it\/#website","url":"https:\/\/sport.luiss.it\/","name":"Luiss Sport - Luiss Guido Carli","description":"Luiss Sport","potentialAction":[{"@type":"SearchAction","target":{"@type":"EntryPoint","urlTemplate":"https:\/\/sport.luiss.it\/?s={search_term_string}"},"query-input":{"@type":"PropertyValueSpecification","valueRequired":true,"valueName":"search_term_string"}}],"inLanguage":"en-US"},{"@type":"Person","@id":"https:\/\/sport.luiss.it\/#\/schema\/person\/50c706f873c22bfdd4d86c5ddb7e5ec1","name":"gurciuoli","image":{"@type":"ImageObject","inLanguage":"en-US","@id":"https:\/\/sport.luiss.it\/#\/schema\/person\/image\/","url":"https:\/\/secure.gravatar.com\/avatar\/c7ec6e5bb6306b56dcf5737d8d29d87e452ef0762fa08ffd0618ef524081e87f?s=96&d=mm&r=g","contentUrl":"https:\/\/secure.gravatar.com\/avatar\/c7ec6e5bb6306b56dcf5737d8d29d87e452ef0762fa08ffd0618ef524081e87f?s=96&d=mm&r=g","caption":"gurciuoli"}}]}},"_links":{"self":[{"href":"https:\/\/sport.luiss.it\/en\/wp-json\/wp\/v2\/posts\/36174","targetHints":{"allow":["GET"]}}],"collection":[{"href":"https:\/\/sport.luiss.it\/en\/wp-json\/wp\/v2\/posts"}],"about":[{"href":"https:\/\/sport.luiss.it\/en\/wp-json\/wp\/v2\/types\/post"}],"author":[{"embeddable":true,"href":"https:\/\/sport.luiss.it\/en\/wp-json\/wp\/v2\/users\/807"}],"replies":[{"embeddable":true,"href":"https:\/\/sport.luiss.it\/en\/wp-json\/wp\/v2\/comments?post=36174"}],"version-history":[{"count":2,"href":"https:\/\/sport.luiss.it\/en\/wp-json\/wp\/v2\/posts\/36174\/revisions"}],"predecessor-version":[{"id":36177,"href":"https:\/\/sport.luiss.it\/en\/wp-json\/wp\/v2\/posts\/36174\/revisions\/36177"}],"wp:attachment":[{"href":"https:\/\/sport.luiss.it\/en\/wp-json\/wp\/v2\/media?parent=36174"}],"wp:term":[{"taxonomy":"category","embeddable":true,"href":"https:\/\/sport.luiss.it\/en\/wp-json\/wp\/v2\/categories?post=36174"},{"taxonomy":"post_tag","embeddable":true,"href":"https:\/\/sport.luiss.it\/en\/wp-json\/wp\/v2\/tags?post=36174"}],"curies":[{"name":"wp","href":"https:\/\/api.w.org\/{rel}","templated":true}]}}