
{"id":42227,"date":"2026-02-13T17:26:27","date_gmt":"2026-02-13T16:26:27","guid":{"rendered":"https:\/\/sport.luiss.it\/?p=42227"},"modified":"2026-04-03T16:15:30","modified_gmt":"2026-04-03T14:15:30","slug":"la-luiss-basket-d-brilla-a-ladispoli-e-resta-in-vetta-al-campionato","status":"publish","type":"post","link":"https:\/\/sport.luiss.it\/en\/2026\/02\/13\/la-luiss-basket-d-brilla-a-ladispoli-e-resta-in-vetta-al-campionato\/","title":{"rendered":"La Luiss Basket D brilla a Ladispoli e resta in vetta al campionato"},"content":{"rendered":"<div class=\"flex flex-col text-sm pb-25\">\n<article class=\"text-token-text-primary w-full focus:outline-none [--shadow-height:45px] has-data-writing-block:pointer-events-none has-data-writing-block:-mt-(--shadow-height) has-data-writing-block:pt-(--shadow-height) [&amp;:has([data-writing-block])&gt;*]:pointer-events-auto scroll-mt-[calc(var(--header-height)+min(200px,max(70px,20svh)))]\" dir=\"auto\" tabindex=\"-1\" data-turn-id=\"request-691f3499-8800-8327-b50a-b060ad1b1090-2\" data-testid=\"conversation-turn-275\" data-scroll-anchor=\"true\" data-turn=\"assistant\">\n<div class=\"text-base my-auto mx-auto pb-10 [--thread-content-margin:--spacing(4)] @w-sm\/main:[--thread-content-margin:--spacing(6)] @w-lg\/main:[--thread-content-margin:--spacing(16)] px-(--thread-content-margin)\">\n<div class=\"[--thread-content-max-width:40rem] @w-lg\/main:[--thread-content-max-width:48rem] mx-auto max-w-(--thread-content-max-width) flex-1 group\/turn-messages focus-visible:outline-hidden relative flex w-full min-w-0 flex-col agent-turn\" tabindex=\"-1\">\n<div class=\"flex max-w-full flex-col grow\">\n<div class=\"min-h-8 text-message relative flex w-full flex-col items-end gap-2 text-start break-words whitespace-normal [.text-message+&amp;]:mt-1\" dir=\"auto\" data-message-author-role=\"assistant\" data-message-id=\"1ba98556-0f95-4a33-b2ef-127077ef1105\" data-message-model-slug=\"gpt-5-2\">\n<div class=\"flex w-full flex-col gap-1 empty:hidden first:pt-[1px]\">\n<div class=\"markdown prose dark:prose-invert w-full wrap-break-word light markdown-new-styling\">\n<p data-start=\"50\" data-end=\"286\">Prestazione autoritaria del <strong>Team Luiss Basket Serie D<\/strong>, che nella quarta giornata di ritorno <strong>supera<\/strong> in trasferta la <strong>Fruttilandia Dinamo Ladispoli con un netto 57-100<\/strong>, confermando il primo posto in classifica a pari punti con La Romana.<\/p>\n<p data-start=\"288\" data-end=\"674\">Fin dalle prime battute i ragazzi di <strong>coach Casadio<\/strong> impongono ritmo e intensit\u00e0, prendendo il controllo del punteggio e del campo senza concedere spazio alla reazione avversaria. La squadra mostra solidit\u00e0 su entrambi i lati del parquet: difesa attenta, transizioni veloci e una manovra offensiva fluida permettono ai biancobl\u00f9 di allungare progressivamente fino al largo divario finale.<\/p>\n<p data-start=\"676\" data-end=\"1005\">La partita diventa anche l\u2019occasione per ruotare tutto il roster, con ogni giocatore pronto a dare il proprio contributo e a dimostrare il valore del gruppo. Protagonisti assoluti <strong>Ruggero Renella<\/strong>, autore di 32 punti, e <strong>Simone Rocchi<\/strong> con 24, determinanti nell\u2019indirizzare definitivamente la gara e nel costruire il +43 conclusivo.<\/p>\n<p data-start=\"1007\" data-end=\"1293\">Una vittoria convincente, frutto di coesione e mentalit\u00e0, che conferma la crescita del gruppo e consolida la posizione di vertice in classifica. La Luiss Basket D continua cos\u00ec il proprio percorso con fiducia e ambizione, consapevole della forza del collettivo e della qualit\u00e0 espressa in campo.<\/p>\n<\/div>\n<\/div>\n<\/div>\n<\/div>\n<div class=\"z-0 flex min-h-[46px] justify-start\"><\/div>\n<div class=\"mt-3 w-full empty:hidden\">\n<div class=\"text-center\"><\/div>\n<\/div>\n<\/div>\n<\/div>\n<\/article>\n<\/div>\n<div class=\"pointer-events-none h-px w-px absolute bottom-0\" aria-hidden=\"true\" data-edge=\"true\"><\/div>\n","protected":false},"excerpt":{"rendered":"<p>Prestazione autoritaria del Team Luiss Basket Serie D, che nella quarta giornata di ritorno supera in trasferta la Fruttilandia Dinamo Ladispoli con un netto 57-100, confermando il primo posto in [&hellip;]<\/p>\n","protected":false},"author":857,"featured_media":42228,"comment_status":"closed","ping_status":"open","sticky":false,"template":"","format":"standard","meta":{"_monsterinsights_skip_tracking":false,"_monsterinsights_sitenote_active":false,"_monsterinsights_sitenote_note":"","_monsterinsights_sitenote_category":0,"footnotes":""},"categories":[285,37,140],"tags":[],"class_list":["post-42227","post","type-post","status-publish","format-standard","has-post-thumbnail","hentry","category-basket-serie-d-news","category-news-squadre","category-primo-piano"],"yoast_head":"<!-- This site is optimized with the Yoast SEO plugin v26.5 - https:\/\/yoast.com\/wordpress\/plugins\/seo\/ -->\n<title>La Luiss Basket D brilla a Ladispoli e resta in vetta al campionato - Luiss Sport - Luiss Guido Carli<\/title>\n<meta name=\"robots\" content=\"index, follow, max-snippet:-1, max-image-preview:large, max-video-preview:-1\" \/>\n<link rel=\"canonical\" href=\"https:\/\/sport.luiss.it\/2026\/02\/13\/la-luiss-basket-d-brilla-a-ladispoli-e-resta-in-vetta-al-campionato\/\" \/>\n<meta property=\"og:locale\" content=\"en_US\" \/>\n<meta property=\"og:type\" content=\"article\" \/>\n<meta property=\"og:title\" content=\"La Luiss Basket D brilla a Ladispoli e resta in vetta al campionato - Luiss Sport - Luiss Guido Carli\" \/>\n<meta property=\"og:description\" content=\"Prestazione autoritaria del Team Luiss Basket Serie D, che nella quarta giornata di ritorno supera in trasferta la Fruttilandia Dinamo Ladispoli con un netto 57-100, confermando il primo posto in [&hellip;]\" \/>\n<meta property=\"og:url\" content=\"https:\/\/sport.luiss.it\/2026\/02\/13\/la-luiss-basket-d-brilla-a-ladispoli-e-resta-in-vetta-al-campionato\/\" \/>\n<meta property=\"og:site_name\" content=\"Luiss Sport - Luiss Guido Carli\" \/>\n<meta property=\"article:publisher\" content=\"https:\/\/www.facebook.com\/sportluiss\/\" \/>\n<meta property=\"article:published_time\" content=\"2026-02-13T16:26:27+00:00\" \/>\n<meta property=\"article:modified_time\" content=\"2026-04-03T14:15:30+00:00\" \/>\n<meta property=\"og:image\" content=\"https:\/\/sport.luiss.it\/wp-content\/uploads\/2026\/02\/037A3036-1.png\" \/>\n\t<meta property=\"og:image:width\" content=\"1536\" \/>\n\t<meta property=\"og:image:height\" content=\"724\" \/>\n\t<meta property=\"og:image:type\" content=\"image\/png\" \/>\n<meta name=\"author\" content=\"finozzif\" \/>\n<meta name=\"twitter:card\" content=\"summary_large_image\" \/>\n<meta name=\"twitter:label1\" content=\"Written by\" \/>\n\t<meta name=\"twitter:data1\" content=\"finozzif\" \/>\n\t<meta name=\"twitter:label2\" content=\"Est. reading time\" \/>\n\t<meta name=\"twitter:data2\" content=\"1 minute\" \/>\n<script type=\"application\/ld+json\" class=\"yoast-schema-graph\">{\"@context\":\"https:\/\/schema.org\",\"@graph\":[{\"@type\":\"WebPage\",\"@id\":\"https:\/\/sport.luiss.it\/2026\/02\/13\/la-luiss-basket-d-brilla-a-ladispoli-e-resta-in-vetta-al-campionato\/\",\"url\":\"https:\/\/sport.luiss.it\/2026\/02\/13\/la-luiss-basket-d-brilla-a-ladispoli-e-resta-in-vetta-al-campionato\/\",\"name\":\"La Luiss Basket D brilla a Ladispoli e resta in vetta al campionato - Luiss Sport - Luiss Guido Carli\",\"isPartOf\":{\"@id\":\"https:\/\/sport.luiss.it\/#website\"},\"primaryImageOfPage\":{\"@id\":\"https:\/\/sport.luiss.it\/2026\/02\/13\/la-luiss-basket-d-brilla-a-ladispoli-e-resta-in-vetta-al-campionato\/#primaryimage\"},\"image\":{\"@id\":\"https:\/\/sport.luiss.it\/2026\/02\/13\/la-luiss-basket-d-brilla-a-ladispoli-e-resta-in-vetta-al-campionato\/#primaryimage\"},\"thumbnailUrl\":\"https:\/\/sport.luiss.it\/wp-content\/uploads\/2026\/02\/037A3036-1.png\",\"datePublished\":\"2026-02-13T16:26:27+00:00\",\"dateModified\":\"2026-04-03T14:15:30+00:00\",\"author\":{\"@id\":\"https:\/\/sport.luiss.it\/#\/schema\/person\/15b85e584f5e640e55d6ba4c7ad8e22e\"},\"breadcrumb\":{\"@id\":\"https:\/\/sport.luiss.it\/2026\/02\/13\/la-luiss-basket-d-brilla-a-ladispoli-e-resta-in-vetta-al-campionato\/#breadcrumb\"},\"inLanguage\":\"en-US\",\"potentialAction\":[{\"@type\":\"ReadAction\",\"target\":[\"https:\/\/sport.luiss.it\/2026\/02\/13\/la-luiss-basket-d-brilla-a-ladispoli-e-resta-in-vetta-al-campionato\/\"]}]},{\"@type\":\"ImageObject\",\"inLanguage\":\"en-US\",\"@id\":\"https:\/\/sport.luiss.it\/2026\/02\/13\/la-luiss-basket-d-brilla-a-ladispoli-e-resta-in-vetta-al-campionato\/#primaryimage\",\"url\":\"https:\/\/sport.luiss.it\/wp-content\/uploads\/2026\/02\/037A3036-1.png\",\"contentUrl\":\"https:\/\/sport.luiss.it\/wp-content\/uploads\/2026\/02\/037A3036-1.png\",\"width\":1536,\"height\":724},{\"@type\":\"BreadcrumbList\",\"@id\":\"https:\/\/sport.luiss.it\/2026\/02\/13\/la-luiss-basket-d-brilla-a-ladispoli-e-resta-in-vetta-al-campionato\/#breadcrumb\",\"itemListElement\":[{\"@type\":\"ListItem\",\"position\":1,\"name\":\"Home\",\"item\":\"https:\/\/sport.luiss.it\/en\/\"},{\"@type\":\"ListItem\",\"position\":2,\"name\":\"La Luiss Basket D brilla a Ladispoli e resta in vetta al campionato\"}]},{\"@type\":\"WebSite\",\"@id\":\"https:\/\/sport.luiss.it\/#website\",\"url\":\"https:\/\/sport.luiss.it\/\",\"name\":\"Luiss Sport - Luiss Guido Carli\",\"description\":\"Luiss Sport\",\"potentialAction\":[{\"@type\":\"SearchAction\",\"target\":{\"@type\":\"EntryPoint\",\"urlTemplate\":\"https:\/\/sport.luiss.it\/?s={search_term_string}\"},\"query-input\":{\"@type\":\"PropertyValueSpecification\",\"valueRequired\":true,\"valueName\":\"search_term_string\"}}],\"inLanguage\":\"en-US\"},{\"@type\":\"Person\",\"@id\":\"https:\/\/sport.luiss.it\/#\/schema\/person\/15b85e584f5e640e55d6ba4c7ad8e22e\",\"name\":\"finozzif\",\"image\":{\"@type\":\"ImageObject\",\"inLanguage\":\"en-US\",\"@id\":\"https:\/\/sport.luiss.it\/#\/schema\/person\/image\/\",\"url\":\"https:\/\/secure.gravatar.com\/avatar\/062fb1f3c45f03617d1211ad699338592b881c6cf71885645e88bc6dc9a4bfbc?s=96&d=mm&r=g\",\"contentUrl\":\"https:\/\/secure.gravatar.com\/avatar\/062fb1f3c45f03617d1211ad699338592b881c6cf71885645e88bc6dc9a4bfbc?s=96&d=mm&r=g\",\"caption\":\"finozzif\"}}]}<\/script>\n<!-- \/ Yoast SEO plugin. -->","yoast_head_json":{"title":"La Luiss Basket D brilla a Ladispoli e resta in vetta al campionato - Luiss Sport - Luiss Guido Carli","robots":{"index":"index","follow":"follow","max-snippet":"max-snippet:-1","max-image-preview":"max-image-preview:large","max-video-preview":"max-video-preview:-1"},"canonical":"https:\/\/sport.luiss.it\/2026\/02\/13\/la-luiss-basket-d-brilla-a-ladispoli-e-resta-in-vetta-al-campionato\/","og_locale":"en_US","og_type":"article","og_title":"La Luiss Basket D brilla a Ladispoli e resta in vetta al campionato - Luiss Sport - Luiss Guido Carli","og_description":"Prestazione autoritaria del Team Luiss Basket Serie D, che nella quarta giornata di ritorno supera in trasferta la Fruttilandia Dinamo Ladispoli con un netto 57-100, confermando il primo posto in [&hellip;]","og_url":"https:\/\/sport.luiss.it\/2026\/02\/13\/la-luiss-basket-d-brilla-a-ladispoli-e-resta-in-vetta-al-campionato\/","og_site_name":"Luiss Sport - Luiss Guido Carli","article_publisher":"https:\/\/www.facebook.com\/sportluiss\/","article_published_time":"2026-02-13T16:26:27+00:00","article_modified_time":"2026-04-03T14:15:30+00:00","og_image":[{"width":1536,"height":724,"url":"https:\/\/sport.luiss.it\/wp-content\/uploads\/2026\/02\/037A3036-1.png","type":"image\/png"}],"author":"finozzif","twitter_card":"summary_large_image","twitter_misc":{"Written by":"finozzif","Est. reading time":"1 minute"},"schema":{"@context":"https:\/\/schema.org","@graph":[{"@type":"WebPage","@id":"https:\/\/sport.luiss.it\/2026\/02\/13\/la-luiss-basket-d-brilla-a-ladispoli-e-resta-in-vetta-al-campionato\/","url":"https:\/\/sport.luiss.it\/2026\/02\/13\/la-luiss-basket-d-brilla-a-ladispoli-e-resta-in-vetta-al-campionato\/","name":"La Luiss Basket D brilla a Ladispoli e resta in vetta al campionato - Luiss Sport - Luiss Guido Carli","isPartOf":{"@id":"https:\/\/sport.luiss.it\/#website"},"primaryImageOfPage":{"@id":"https:\/\/sport.luiss.it\/2026\/02\/13\/la-luiss-basket-d-brilla-a-ladispoli-e-resta-in-vetta-al-campionato\/#primaryimage"},"image":{"@id":"https:\/\/sport.luiss.it\/2026\/02\/13\/la-luiss-basket-d-brilla-a-ladispoli-e-resta-in-vetta-al-campionato\/#primaryimage"},"thumbnailUrl":"https:\/\/sport.luiss.it\/wp-content\/uploads\/2026\/02\/037A3036-1.png","datePublished":"2026-02-13T16:26:27+00:00","dateModified":"2026-04-03T14:15:30+00:00","author":{"@id":"https:\/\/sport.luiss.it\/#\/schema\/person\/15b85e584f5e640e55d6ba4c7ad8e22e"},"breadcrumb":{"@id":"https:\/\/sport.luiss.it\/2026\/02\/13\/la-luiss-basket-d-brilla-a-ladispoli-e-resta-in-vetta-al-campionato\/#breadcrumb"},"inLanguage":"en-US","potentialAction":[{"@type":"ReadAction","target":["https:\/\/sport.luiss.it\/2026\/02\/13\/la-luiss-basket-d-brilla-a-ladispoli-e-resta-in-vetta-al-campionato\/"]}]},{"@type":"ImageObject","inLanguage":"en-US","@id":"https:\/\/sport.luiss.it\/2026\/02\/13\/la-luiss-basket-d-brilla-a-ladispoli-e-resta-in-vetta-al-campionato\/#primaryimage","url":"https:\/\/sport.luiss.it\/wp-content\/uploads\/2026\/02\/037A3036-1.png","contentUrl":"https:\/\/sport.luiss.it\/wp-content\/uploads\/2026\/02\/037A3036-1.png","width":1536,"height":724},{"@type":"BreadcrumbList","@id":"https:\/\/sport.luiss.it\/2026\/02\/13\/la-luiss-basket-d-brilla-a-ladispoli-e-resta-in-vetta-al-campionato\/#breadcrumb","itemListElement":[{"@type":"ListItem","position":1,"name":"Home","item":"https:\/\/sport.luiss.it\/en\/"},{"@type":"ListItem","position":2,"name":"La Luiss Basket D brilla a Ladispoli e resta in vetta al campionato"}]},{"@type":"WebSite","@id":"https:\/\/sport.luiss.it\/#website","url":"https:\/\/sport.luiss.it\/","name":"Luiss Sport - Luiss Guido Carli","description":"Luiss Sport","potentialAction":[{"@type":"SearchAction","target":{"@type":"EntryPoint","urlTemplate":"https:\/\/sport.luiss.it\/?s={search_term_string}"},"query-input":{"@type":"PropertyValueSpecification","valueRequired":true,"valueName":"search_term_string"}}],"inLanguage":"en-US"},{"@type":"Person","@id":"https:\/\/sport.luiss.it\/#\/schema\/person\/15b85e584f5e640e55d6ba4c7ad8e22e","name":"finozzif","image":{"@type":"ImageObject","inLanguage":"en-US","@id":"https:\/\/sport.luiss.it\/#\/schema\/person\/image\/","url":"https:\/\/secure.gravatar.com\/avatar\/062fb1f3c45f03617d1211ad699338592b881c6cf71885645e88bc6dc9a4bfbc?s=96&d=mm&r=g","contentUrl":"https:\/\/secure.gravatar.com\/avatar\/062fb1f3c45f03617d1211ad699338592b881c6cf71885645e88bc6dc9a4bfbc?s=96&d=mm&r=g","caption":"finozzif"}}]}},"_links":{"self":[{"href":"https:\/\/sport.luiss.it\/en\/wp-json\/wp\/v2\/posts\/42227","targetHints":{"allow":["GET"]}}],"collection":[{"href":"https:\/\/sport.luiss.it\/en\/wp-json\/wp\/v2\/posts"}],"about":[{"href":"https:\/\/sport.luiss.it\/en\/wp-json\/wp\/v2\/types\/post"}],"author":[{"embeddable":true,"href":"https:\/\/sport.luiss.it\/en\/wp-json\/wp\/v2\/users\/857"}],"replies":[{"embeddable":true,"href":"https:\/\/sport.luiss.it\/en\/wp-json\/wp\/v2\/comments?post=42227"}],"version-history":[{"count":3,"href":"https:\/\/sport.luiss.it\/en\/wp-json\/wp\/v2\/posts\/42227\/revisions"}],"predecessor-version":[{"id":42232,"href":"https:\/\/sport.luiss.it\/en\/wp-json\/wp\/v2\/posts\/42227\/revisions\/42232"}],"wp:featuredmedia":[{"embeddable":true,"href":"https:\/\/sport.luiss.it\/en\/wp-json\/wp\/v2\/media\/42228"}],"wp:attachment":[{"href":"https:\/\/sport.luiss.it\/en\/wp-json\/wp\/v2\/media?parent=42227"}],"wp:term":[{"taxonomy":"category","embeddable":true,"href":"https:\/\/sport.luiss.it\/en\/wp-json\/wp\/v2\/categories?post=42227"},{"taxonomy":"post_tag","embeddable":true,"href":"https:\/\/sport.luiss.it\/en\/wp-json\/wp\/v2\/tags?post=42227"}],"curies":[{"name":"wp","href":"https:\/\/api.w.org\/{rel}","templated":true}]}}