
{"id":42630,"date":"2026-03-03T17:02:48","date_gmt":"2026-03-03T16:02:48","guid":{"rendered":"https:\/\/sport.luiss.it\/?p=42630"},"modified":"2026-04-03T16:15:28","modified_gmt":"2026-04-03T14:15:28","slug":"al-via-la-xiii-edizione-del-corso-da-team-manager-luiss-tra-visione-strategica-e-grandi-testimonianze","status":"publish","type":"post","link":"https:\/\/sport.luiss.it\/en\/2026\/03\/03\/al-via-la-xiii-edizione-del-corso-da-team-manager-luiss-tra-visione-strategica-e-grandi-testimonianze\/","title":{"rendered":"Al via la XIII edizione del Corso da Team Manager Luiss tra visione strategica e grandi testimonianze"},"content":{"rendered":"<p data-start=\"107\" data-end=\"607\">Ha preso ufficialmente il via venerd\u00ec 27 febbraio 2026, presso l\u2019Aula The Dome 2 del Campus Luiss di Viale Romania, la<strong> XIII edizione del Corso da Team Manager AS Luiss<\/strong>, appuntamento ormai consolidato nel panorama della formazione sportiva universitaria italiana. Un percorso che negli anni si \u00e8 affermato come laboratorio di eccellenza per la crescita di nuove professionalit\u00e0 nel management sportivo, capace di coniugare visione accademica, competenze operative e testimonianze di altissimo livello.<\/p>\n<p data-start=\"609\" data-end=\"1162\">Il <strong>corso<\/strong>, rivolto agli studenti dei corsi di laurea triennali Luiss, nasce con l\u2019<strong>obiettivo di formare la figura del Team Manager<\/strong>, professionista chiave nel coordinamento tra societ\u00e0, staff tecnico e atleti. Un ruolo sempre pi\u00f9 centrale nello sport contemporaneo, che richiede capacit\u00e0 organizzative, leadership relazionale e competenze gestionali avanzate. Il percorso didattico approfondisce infatti le dinamiche interne al gruppo-squadra, fornendo strumenti concreti per affrontare le complessit\u00e0 operative e strategiche delle organizzazioni sportive.<\/p>\n<p data-start=\"1164\" data-end=\"1716\">Ad aprire la giornata inaugurale \u00e8 stato il giornalista sportivo <strong>Alessandro Antinelli<\/strong>, che ha introdotto contenuti e finalit\u00e0 del corso, evidenziando il valore strategico della figura del Team Manager in un sistema sportivo in continua evoluzione. A seguire, i saluti istituzionali del Presidente di AS Luiss,<strong> Luigi Abete<\/strong>, che ha ribadito l\u2019importanza di investire nella formazione manageriale come leva di sviluppo per lo sport e per il Paese, sottolineando il ruolo dell\u2019Universit\u00e0 quale incubatore di competenze, leadership e visione internazionale.<\/p>\n<p data-start=\"1718\" data-end=\"2024\">Il Direttore Sportivo Luiss,<strong> Paolo Del Bene<\/strong>, ha poi illustrato nel dettaglio la struttura del percorso formativo, le modalit\u00e0 di selezione e le prospettive professionali offerte agli studenti, confermando l\u2019impegno di AS Luiss nel creare opportunit\u00e0 concrete di crescita e inserimento nel settore sportivo.<\/p>\n<p data-start=\"2026\" data-end=\"2508\">Momento centrale della giornata \u00e8 stato l\u2019intervento dell\u2019<strong>Amministratore Delegato di Sport e Salute, Diego Nepi Molineris<\/strong>, che ha approfondito le prospettive di sviluppo dello sport italiano e la crescente rilevanza delle competenze manageriali nella governance delle organizzazioni sportive. Il confronto con gli studenti, culminato in una partecipata sessione di domande e risposte, ha testimoniato l\u2019interesse e la maturit\u00e0 di una platea pronta a raccogliere le sfide del futuro.<\/p>\n<p data-start=\"2510\" data-end=\"2735\">A chiudere la prima giornata sono state le conclusioni di Paolo Del Bene e l\u2019avvio ufficiale delle attivit\u00e0 didattiche con la prima docenza dell\u2019<strong>avvocato Guglielmo Stendardo<\/strong>, segnando l\u2019inizio concreto del percorso formativo.<\/p>\n<p data-start=\"2737\" data-end=\"3252\">Il giorno successivo, il corso ha vissuto un ulteriore momento di grande valore con la testimonianza di <strong>Frederic Massara<\/strong>, Direttore Sportivo dell\u2019AS Roma, che ha condiviso con gli studenti la propria esperienza ai vertici del calcio professionistico. Un intervento capace di offrire uno sguardo diretto sulle dinamiche decisionali, sulla costruzione dei progetti sportivi e sulla gestione delle relazioni all\u2019interno di club di alto livello, rafforzando il ponte tra formazione universitaria e realt\u00e0 professionale.<\/p>\n<p data-start=\"3254\" data-end=\"3730\" data-is-last-node=\"\" data-is-only-node=\"\">La XIII edizione del Corso da Team Manager AS Luiss si conferma cos\u00ec un percorso distintivo nel panorama accademico italiano: un ambiente in cui teoria e pratica si intrecciano, dove gli studenti possono confrontarsi con protagonisti del sistema sportivo e costruire le basi per diventare i Team Manager di domani.<\/p>\n<p data-start=\"3254\" data-end=\"3730\" data-is-last-node=\"\" data-is-only-node=\"\">Un investimento sul talento e sulla competenza che consolida ulteriormente il ruolo di AS Luiss come punto di riferimento nella formazione sportiva d\u2019eccellenza.<\/p>\n","protected":false},"excerpt":{"rendered":"<p>Ha preso ufficialmente il via venerd\u00ec 27 febbraio 2026, presso l\u2019Aula The Dome 2 del Campus Luiss di Viale Romania, la XIII edizione del Corso da Team Manager AS Luiss, [&hellip;]<\/p>\n","protected":false},"author":857,"featured_media":42631,"comment_status":"closed","ping_status":"open","sticky":false,"template":"","format":"standard","meta":{"_monsterinsights_skip_tracking":false,"_monsterinsights_sitenote_active":false,"_monsterinsights_sitenote_note":"","_monsterinsights_sitenote_category":0,"footnotes":""},"categories":[186,140],"tags":[],"class_list":["post-42630","post","type-post","status-publish","format-standard","has-post-thumbnail","hentry","category-news-eventi","category-primo-piano"],"yoast_head":"<!-- This site is optimized with the Yoast SEO plugin v26.5 - https:\/\/yoast.com\/wordpress\/plugins\/seo\/ -->\n<title>Al via la XIII edizione del Corso da Team Manager Luiss tra visione strategica e grandi testimonianze - Luiss Sport - Luiss Guido Carli<\/title>\n<meta name=\"robots\" content=\"index, follow, max-snippet:-1, max-image-preview:large, max-video-preview:-1\" \/>\n<link rel=\"canonical\" href=\"https:\/\/sport.luiss.it\/2026\/03\/03\/al-via-la-xiii-edizione-del-corso-da-team-manager-luiss-tra-visione-strategica-e-grandi-testimonianze\/\" \/>\n<meta property=\"og:locale\" content=\"en_US\" \/>\n<meta property=\"og:type\" content=\"article\" \/>\n<meta property=\"og:title\" content=\"Al via la XIII edizione del Corso da Team Manager Luiss tra visione strategica e grandi testimonianze - Luiss Sport - Luiss Guido Carli\" \/>\n<meta property=\"og:description\" content=\"Ha preso ufficialmente il via venerd\u00ec 27 febbraio 2026, presso l\u2019Aula The Dome 2 del Campus Luiss di Viale Romania, la XIII edizione del Corso da Team Manager AS Luiss, [&hellip;]\" \/>\n<meta property=\"og:url\" content=\"https:\/\/sport.luiss.it\/2026\/03\/03\/al-via-la-xiii-edizione-del-corso-da-team-manager-luiss-tra-visione-strategica-e-grandi-testimonianze\/\" \/>\n<meta property=\"og:site_name\" content=\"Luiss Sport - Luiss Guido Carli\" \/>\n<meta property=\"article:publisher\" content=\"https:\/\/www.facebook.com\/sportluiss\/\" \/>\n<meta property=\"article:published_time\" content=\"2026-03-03T16:02:48+00:00\" \/>\n<meta property=\"article:modified_time\" content=\"2026-04-03T14:15:28+00:00\" \/>\n<meta property=\"og:image\" content=\"https:\/\/sport.luiss.it\/wp-content\/uploads\/2026\/03\/037A7049-1-1024x458.png\" \/>\n\t<meta property=\"og:image:width\" content=\"1024\" \/>\n\t<meta property=\"og:image:height\" content=\"458\" \/>\n\t<meta property=\"og:image:type\" content=\"image\/png\" \/>\n<meta name=\"author\" content=\"finozzif\" \/>\n<meta name=\"twitter:card\" content=\"summary_large_image\" \/>\n<meta name=\"twitter:label1\" content=\"Written by\" \/>\n\t<meta name=\"twitter:data1\" content=\"finozzif\" \/>\n\t<meta name=\"twitter:label2\" content=\"Est. reading time\" \/>\n\t<meta name=\"twitter:data2\" content=\"3 minutes\" \/>\n<script type=\"application\/ld+json\" class=\"yoast-schema-graph\">{\"@context\":\"https:\/\/schema.org\",\"@graph\":[{\"@type\":\"WebPage\",\"@id\":\"https:\/\/sport.luiss.it\/2026\/03\/03\/al-via-la-xiii-edizione-del-corso-da-team-manager-luiss-tra-visione-strategica-e-grandi-testimonianze\/\",\"url\":\"https:\/\/sport.luiss.it\/2026\/03\/03\/al-via-la-xiii-edizione-del-corso-da-team-manager-luiss-tra-visione-strategica-e-grandi-testimonianze\/\",\"name\":\"Al via la XIII edizione del Corso da Team Manager Luiss tra visione strategica e grandi testimonianze - Luiss Sport - Luiss Guido Carli\",\"isPartOf\":{\"@id\":\"https:\/\/sport.luiss.it\/#website\"},\"primaryImageOfPage\":{\"@id\":\"https:\/\/sport.luiss.it\/2026\/03\/03\/al-via-la-xiii-edizione-del-corso-da-team-manager-luiss-tra-visione-strategica-e-grandi-testimonianze\/#primaryimage\"},\"image\":{\"@id\":\"https:\/\/sport.luiss.it\/2026\/03\/03\/al-via-la-xiii-edizione-del-corso-da-team-manager-luiss-tra-visione-strategica-e-grandi-testimonianze\/#primaryimage\"},\"thumbnailUrl\":\"https:\/\/sport.luiss.it\/wp-content\/uploads\/2026\/03\/037A7049-1.png\",\"datePublished\":\"2026-03-03T16:02:48+00:00\",\"dateModified\":\"2026-04-03T14:15:28+00:00\",\"author\":{\"@id\":\"https:\/\/sport.luiss.it\/#\/schema\/person\/15b85e584f5e640e55d6ba4c7ad8e22e\"},\"breadcrumb\":{\"@id\":\"https:\/\/sport.luiss.it\/2026\/03\/03\/al-via-la-xiii-edizione-del-corso-da-team-manager-luiss-tra-visione-strategica-e-grandi-testimonianze\/#breadcrumb\"},\"inLanguage\":\"en-US\",\"potentialAction\":[{\"@type\":\"ReadAction\",\"target\":[\"https:\/\/sport.luiss.it\/2026\/03\/03\/al-via-la-xiii-edizione-del-corso-da-team-manager-luiss-tra-visione-strategica-e-grandi-testimonianze\/\"]}]},{\"@type\":\"ImageObject\",\"inLanguage\":\"en-US\",\"@id\":\"https:\/\/sport.luiss.it\/2026\/03\/03\/al-via-la-xiii-edizione-del-corso-da-team-manager-luiss-tra-visione-strategica-e-grandi-testimonianze\/#primaryimage\",\"url\":\"https:\/\/sport.luiss.it\/wp-content\/uploads\/2026\/03\/037A7049-1.png\",\"contentUrl\":\"https:\/\/sport.luiss.it\/wp-content\/uploads\/2026\/03\/037A7049-1.png\",\"width\":1536,\"height\":687},{\"@type\":\"BreadcrumbList\",\"@id\":\"https:\/\/sport.luiss.it\/2026\/03\/03\/al-via-la-xiii-edizione-del-corso-da-team-manager-luiss-tra-visione-strategica-e-grandi-testimonianze\/#breadcrumb\",\"itemListElement\":[{\"@type\":\"ListItem\",\"position\":1,\"name\":\"Home\",\"item\":\"https:\/\/sport.luiss.it\/en\/\"},{\"@type\":\"ListItem\",\"position\":2,\"name\":\"Al via la XIII edizione del Corso da Team Manager Luiss tra visione strategica e grandi testimonianze\"}]},{\"@type\":\"WebSite\",\"@id\":\"https:\/\/sport.luiss.it\/#website\",\"url\":\"https:\/\/sport.luiss.it\/\",\"name\":\"Luiss Sport - Luiss Guido Carli\",\"description\":\"Luiss Sport\",\"potentialAction\":[{\"@type\":\"SearchAction\",\"target\":{\"@type\":\"EntryPoint\",\"urlTemplate\":\"https:\/\/sport.luiss.it\/?s={search_term_string}\"},\"query-input\":{\"@type\":\"PropertyValueSpecification\",\"valueRequired\":true,\"valueName\":\"search_term_string\"}}],\"inLanguage\":\"en-US\"},{\"@type\":\"Person\",\"@id\":\"https:\/\/sport.luiss.it\/#\/schema\/person\/15b85e584f5e640e55d6ba4c7ad8e22e\",\"name\":\"finozzif\",\"image\":{\"@type\":\"ImageObject\",\"inLanguage\":\"en-US\",\"@id\":\"https:\/\/sport.luiss.it\/#\/schema\/person\/image\/\",\"url\":\"https:\/\/secure.gravatar.com\/avatar\/062fb1f3c45f03617d1211ad699338592b881c6cf71885645e88bc6dc9a4bfbc?s=96&d=mm&r=g\",\"contentUrl\":\"https:\/\/secure.gravatar.com\/avatar\/062fb1f3c45f03617d1211ad699338592b881c6cf71885645e88bc6dc9a4bfbc?s=96&d=mm&r=g\",\"caption\":\"finozzif\"}}]}<\/script>\n<!-- \/ Yoast SEO plugin. -->","yoast_head_json":{"title":"Al via la XIII edizione del Corso da Team Manager Luiss tra visione strategica e grandi testimonianze - Luiss Sport - Luiss Guido Carli","robots":{"index":"index","follow":"follow","max-snippet":"max-snippet:-1","max-image-preview":"max-image-preview:large","max-video-preview":"max-video-preview:-1"},"canonical":"https:\/\/sport.luiss.it\/2026\/03\/03\/al-via-la-xiii-edizione-del-corso-da-team-manager-luiss-tra-visione-strategica-e-grandi-testimonianze\/","og_locale":"en_US","og_type":"article","og_title":"Al via la XIII edizione del Corso da Team Manager Luiss tra visione strategica e grandi testimonianze - Luiss Sport - Luiss Guido Carli","og_description":"Ha preso ufficialmente il via venerd\u00ec 27 febbraio 2026, presso l\u2019Aula The Dome 2 del Campus Luiss di Viale Romania, la XIII edizione del Corso da Team Manager AS Luiss, [&hellip;]","og_url":"https:\/\/sport.luiss.it\/2026\/03\/03\/al-via-la-xiii-edizione-del-corso-da-team-manager-luiss-tra-visione-strategica-e-grandi-testimonianze\/","og_site_name":"Luiss Sport - Luiss Guido Carli","article_publisher":"https:\/\/www.facebook.com\/sportluiss\/","article_published_time":"2026-03-03T16:02:48+00:00","article_modified_time":"2026-04-03T14:15:28+00:00","og_image":[{"width":1024,"height":458,"url":"https:\/\/sport.luiss.it\/wp-content\/uploads\/2026\/03\/037A7049-1-1024x458.png","type":"image\/png"}],"author":"finozzif","twitter_card":"summary_large_image","twitter_misc":{"Written by":"finozzif","Est. reading time":"3 minutes"},"schema":{"@context":"https:\/\/schema.org","@graph":[{"@type":"WebPage","@id":"https:\/\/sport.luiss.it\/2026\/03\/03\/al-via-la-xiii-edizione-del-corso-da-team-manager-luiss-tra-visione-strategica-e-grandi-testimonianze\/","url":"https:\/\/sport.luiss.it\/2026\/03\/03\/al-via-la-xiii-edizione-del-corso-da-team-manager-luiss-tra-visione-strategica-e-grandi-testimonianze\/","name":"Al via la XIII edizione del Corso da Team Manager Luiss tra visione strategica e grandi testimonianze - Luiss Sport - Luiss Guido Carli","isPartOf":{"@id":"https:\/\/sport.luiss.it\/#website"},"primaryImageOfPage":{"@id":"https:\/\/sport.luiss.it\/2026\/03\/03\/al-via-la-xiii-edizione-del-corso-da-team-manager-luiss-tra-visione-strategica-e-grandi-testimonianze\/#primaryimage"},"image":{"@id":"https:\/\/sport.luiss.it\/2026\/03\/03\/al-via-la-xiii-edizione-del-corso-da-team-manager-luiss-tra-visione-strategica-e-grandi-testimonianze\/#primaryimage"},"thumbnailUrl":"https:\/\/sport.luiss.it\/wp-content\/uploads\/2026\/03\/037A7049-1.png","datePublished":"2026-03-03T16:02:48+00:00","dateModified":"2026-04-03T14:15:28+00:00","author":{"@id":"https:\/\/sport.luiss.it\/#\/schema\/person\/15b85e584f5e640e55d6ba4c7ad8e22e"},"breadcrumb":{"@id":"https:\/\/sport.luiss.it\/2026\/03\/03\/al-via-la-xiii-edizione-del-corso-da-team-manager-luiss-tra-visione-strategica-e-grandi-testimonianze\/#breadcrumb"},"inLanguage":"en-US","potentialAction":[{"@type":"ReadAction","target":["https:\/\/sport.luiss.it\/2026\/03\/03\/al-via-la-xiii-edizione-del-corso-da-team-manager-luiss-tra-visione-strategica-e-grandi-testimonianze\/"]}]},{"@type":"ImageObject","inLanguage":"en-US","@id":"https:\/\/sport.luiss.it\/2026\/03\/03\/al-via-la-xiii-edizione-del-corso-da-team-manager-luiss-tra-visione-strategica-e-grandi-testimonianze\/#primaryimage","url":"https:\/\/sport.luiss.it\/wp-content\/uploads\/2026\/03\/037A7049-1.png","contentUrl":"https:\/\/sport.luiss.it\/wp-content\/uploads\/2026\/03\/037A7049-1.png","width":1536,"height":687},{"@type":"BreadcrumbList","@id":"https:\/\/sport.luiss.it\/2026\/03\/03\/al-via-la-xiii-edizione-del-corso-da-team-manager-luiss-tra-visione-strategica-e-grandi-testimonianze\/#breadcrumb","itemListElement":[{"@type":"ListItem","position":1,"name":"Home","item":"https:\/\/sport.luiss.it\/en\/"},{"@type":"ListItem","position":2,"name":"Al via la XIII edizione del Corso da Team Manager Luiss tra visione strategica e grandi testimonianze"}]},{"@type":"WebSite","@id":"https:\/\/sport.luiss.it\/#website","url":"https:\/\/sport.luiss.it\/","name":"Luiss Sport - Luiss Guido Carli","description":"Luiss Sport","potentialAction":[{"@type":"SearchAction","target":{"@type":"EntryPoint","urlTemplate":"https:\/\/sport.luiss.it\/?s={search_term_string}"},"query-input":{"@type":"PropertyValueSpecification","valueRequired":true,"valueName":"search_term_string"}}],"inLanguage":"en-US"},{"@type":"Person","@id":"https:\/\/sport.luiss.it\/#\/schema\/person\/15b85e584f5e640e55d6ba4c7ad8e22e","name":"finozzif","image":{"@type":"ImageObject","inLanguage":"en-US","@id":"https:\/\/sport.luiss.it\/#\/schema\/person\/image\/","url":"https:\/\/secure.gravatar.com\/avatar\/062fb1f3c45f03617d1211ad699338592b881c6cf71885645e88bc6dc9a4bfbc?s=96&d=mm&r=g","contentUrl":"https:\/\/secure.gravatar.com\/avatar\/062fb1f3c45f03617d1211ad699338592b881c6cf71885645e88bc6dc9a4bfbc?s=96&d=mm&r=g","caption":"finozzif"}}]}},"_links":{"self":[{"href":"https:\/\/sport.luiss.it\/en\/wp-json\/wp\/v2\/posts\/42630","targetHints":{"allow":["GET"]}}],"collection":[{"href":"https:\/\/sport.luiss.it\/en\/wp-json\/wp\/v2\/posts"}],"about":[{"href":"https:\/\/sport.luiss.it\/en\/wp-json\/wp\/v2\/types\/post"}],"author":[{"embeddable":true,"href":"https:\/\/sport.luiss.it\/en\/wp-json\/wp\/v2\/users\/857"}],"replies":[{"embeddable":true,"href":"https:\/\/sport.luiss.it\/en\/wp-json\/wp\/v2\/comments?post=42630"}],"version-history":[{"count":1,"href":"https:\/\/sport.luiss.it\/en\/wp-json\/wp\/v2\/posts\/42630\/revisions"}],"predecessor-version":[{"id":42633,"href":"https:\/\/sport.luiss.it\/en\/wp-json\/wp\/v2\/posts\/42630\/revisions\/42633"}],"wp:featuredmedia":[{"embeddable":true,"href":"https:\/\/sport.luiss.it\/en\/wp-json\/wp\/v2\/media\/42631"}],"wp:attachment":[{"href":"https:\/\/sport.luiss.it\/en\/wp-json\/wp\/v2\/media?parent=42630"}],"wp:term":[{"taxonomy":"category","embeddable":true,"href":"https:\/\/sport.luiss.it\/en\/wp-json\/wp\/v2\/categories?post=42630"},{"taxonomy":"post_tag","embeddable":true,"href":"https:\/\/sport.luiss.it\/en\/wp-json\/wp\/v2\/tags?post=42630"}],"curies":[{"name":"wp","href":"https:\/\/api.w.org\/{rel}","templated":true}]}}