
{"id":42634,"date":"2026-03-03T17:45:15","date_gmt":"2026-03-03T16:45:15","guid":{"rendered":"https:\/\/sport.luiss.it\/?p=42634"},"modified":"2026-04-03T16:15:28","modified_gmt":"2026-04-03T14:15:28","slug":"luiss-cup-2026-sport-solidarieta-e-visione-sulle-piste-di-courmayeur","status":"publish","type":"post","link":"https:\/\/sport.luiss.it\/en\/2026\/03\/03\/luiss-cup-2026-sport-solidarieta-e-visione-sulle-piste-di-courmayeur\/","title":{"rendered":"Luiss Cup 2026: sport, solidariet\u00e0 e visione sulle piste di Courmayeur"},"content":{"rendered":"<p data-start=\"74\" data-end=\"316\">La <strong>Luiss Cup 2026<\/strong> non \u00e8 soltanto una competizione sciistica universitaria. \u00c8 un progetto che unisce performance, identit\u00e0 e responsabilit\u00e0 sociale, trasformando l\u2019energia della gara in un gesto concreto: sostenere la ricerca contro il cancro.<\/p>\n<p data-start=\"318\" data-end=\"564\">Il<strong> 5 e 6 marzo 2026, a Courmayeur<\/strong>, il <strong>Team Luiss Sci SSG<\/strong> scender\u00e0 in pista per la prima edizione della<strong> Luiss Cup<\/strong>, in un evento che rappresenta un nuovo tassello della crescita sportiva di AS Luiss. Ma questa volta la sfida va oltre il cronometro.<\/p>\n<p data-start=\"566\" data-end=\"898\">Ogni discesa, ogni curva, ogni secondo guadagnato sulla pista Federica Brignone diventa simbolicamente un contributo alla ricerca, <strong>grazie alla raccolta fondi promossa in collaborazione con AIRC.<\/strong><\/p>\n<p data-start=\"900\" data-end=\"1140\">Ogni donazione supporta il lavoro dei ricercatori AIRC e si traduce in un aiuto reale per chi affronta la malattia ogni giorno. <strong>\u00c8 questo il cuore della Luiss Cup: correre per un traguardo che va oltre lo sport, costruire qualcosa che resta.<\/strong><\/p>\n<p data-start=\"1142\" data-end=\"1521\">Il programma dell\u2019evento prevede l\u2019arrivo delle delegazioni universitarie il 5 marzo a Courmayeur, con check-in presso lo Chalet De l&#8217;Ange e l\u2019inizio dell\u2019evento di apertura alle ore 17:30. La serata proseguir\u00e0 con la consegna dei pettorali e un aperitivo di benvenuto, momento di condivisione e community.<\/p>\n<p data-start=\"1523\" data-end=\"1824\">Il giorno successivo, 6 marzo, le delegazioni si ritroveranno alle ore 9:00 presso l\u2019arrivo della parte bassa della pista Federica Brignone. Alle 10:15 prender\u00e0 il via la gara di Slalom Gigante sulla parte bassa del tracciato, seguita dalla cerimonia di premiazione alle 12:30 e dal pranzo conclusivo di gruppo.<\/p>\n<p data-start=\"1826\" data-end=\"2134\">La scelta della pista intitolata a Federica Brignone non \u00e8 casuale: rappresenta eccellenza, determinazione e capacit\u00e0 di competere ai massimi livelli, valori che AS Luiss porta avanti nel proprio modello sportivo. Un modello che coniuga formazione accademica, performance agonistica e responsabilit\u00e0 sociale.<\/p>\n<p data-start=\"2136\" data-end=\"2379\">La <strong>partnership con SSG<\/strong>, Official Partner AS Luiss e Partner Ufficiale della Sezione Sci, rafforza ulteriormente la dimensione progettuale dell\u2019evento, dimostrando come il dialogo tra universit\u00e0, impresa e sport possa generare valore condiviso.<\/p>\n<p data-start=\"2381\" data-end=\"2613\">La Luiss Cup 2026 diventa cos\u00ec un manifesto di identit\u00e0: una competizione che celebra il talento universitario, promuove lo spirito di squadra e allo stesso tempo mobilita la comunit\u00e0 studentesca in favore della ricerca scientifica.<\/p>\n<p data-start=\"2381\" data-end=\"2613\">\u00c8 la dimostrazione che lo sport, quando \u00e8 guidato da visione e responsabilit\u00e0, pu\u00f2 lasciare un segno che va ben oltre la linea del traguardo.<\/p>\n","protected":false},"excerpt":{"rendered":"<p>La Luiss Cup 2026 non \u00e8 soltanto una competizione sciistica universitaria. \u00c8 un progetto che unisce performance, identit\u00e0 e responsabilit\u00e0 sociale, trasformando l\u2019energia della gara in un gesto concreto: sostenere [&hellip;]<\/p>\n","protected":false},"author":857,"featured_media":42635,"comment_status":"closed","ping_status":"open","sticky":false,"template":"","format":"standard","meta":{"_monsterinsights_skip_tracking":false,"_monsterinsights_sitenote_active":false,"_monsterinsights_sitenote_note":"","_monsterinsights_sitenote_category":0,"footnotes":""},"categories":[186,140,88],"tags":[],"class_list":["post-42634","post","type-post","status-publish","format-standard","has-post-thumbnail","hentry","category-news-eventi","category-primo-piano","category-news-sci"],"yoast_head":"<!-- This site is optimized with the Yoast SEO plugin v26.5 - https:\/\/yoast.com\/wordpress\/plugins\/seo\/ -->\n<title>Luiss Cup 2026: sport, solidariet\u00e0 e visione sulle piste di Courmayeur - Luiss Sport - Luiss Guido Carli<\/title>\n<meta name=\"robots\" content=\"index, follow, max-snippet:-1, max-image-preview:large, max-video-preview:-1\" \/>\n<link rel=\"canonical\" href=\"https:\/\/sport.luiss.it\/2026\/03\/03\/luiss-cup-2026-sport-solidarieta-e-visione-sulle-piste-di-courmayeur\/\" \/>\n<meta property=\"og:locale\" content=\"en_US\" \/>\n<meta property=\"og:type\" content=\"article\" \/>\n<meta property=\"og:title\" content=\"Luiss Cup 2026: sport, solidariet\u00e0 e visione sulle piste di Courmayeur - Luiss Sport - Luiss Guido Carli\" \/>\n<meta property=\"og:description\" content=\"La Luiss Cup 2026 non \u00e8 soltanto una competizione sciistica universitaria. \u00c8 un progetto che unisce performance, identit\u00e0 e responsabilit\u00e0 sociale, trasformando l\u2019energia della gara in un gesto concreto: sostenere [&hellip;]\" \/>\n<meta property=\"og:url\" content=\"https:\/\/sport.luiss.it\/2026\/03\/03\/luiss-cup-2026-sport-solidarieta-e-visione-sulle-piste-di-courmayeur\/\" \/>\n<meta property=\"og:site_name\" content=\"Luiss Sport - Luiss Guido Carli\" \/>\n<meta property=\"article:publisher\" content=\"https:\/\/www.facebook.com\/sportluiss\/\" \/>\n<meta property=\"article:published_time\" content=\"2026-03-03T16:45:15+00:00\" \/>\n<meta property=\"article:modified_time\" content=\"2026-04-03T14:15:28+00:00\" \/>\n<meta property=\"og:image\" content=\"https:\/\/sport.luiss.it\/wp-content\/uploads\/2026\/03\/Luiss-Cup-2026-Sci-IG-Story-1920-x-1080-px-copy-1-1.png\" \/>\n\t<meta property=\"og:image:width\" content=\"1536\" \/>\n\t<meta property=\"og:image:height\" content=\"780\" \/>\n\t<meta property=\"og:image:type\" content=\"image\/png\" \/>\n<meta name=\"author\" content=\"finozzif\" \/>\n<meta name=\"twitter:card\" content=\"summary_large_image\" \/>\n<meta name=\"twitter:label1\" content=\"Written by\" \/>\n\t<meta name=\"twitter:data1\" content=\"finozzif\" \/>\n\t<meta name=\"twitter:label2\" content=\"Est. reading time\" \/>\n\t<meta name=\"twitter:data2\" content=\"2 minutes\" \/>\n<script type=\"application\/ld+json\" class=\"yoast-schema-graph\">{\"@context\":\"https:\/\/schema.org\",\"@graph\":[{\"@type\":\"WebPage\",\"@id\":\"https:\/\/sport.luiss.it\/2026\/03\/03\/luiss-cup-2026-sport-solidarieta-e-visione-sulle-piste-di-courmayeur\/\",\"url\":\"https:\/\/sport.luiss.it\/2026\/03\/03\/luiss-cup-2026-sport-solidarieta-e-visione-sulle-piste-di-courmayeur\/\",\"name\":\"Luiss Cup 2026: sport, solidariet\u00e0 e visione sulle piste di Courmayeur - Luiss Sport - Luiss Guido Carli\",\"isPartOf\":{\"@id\":\"https:\/\/sport.luiss.it\/#website\"},\"primaryImageOfPage\":{\"@id\":\"https:\/\/sport.luiss.it\/2026\/03\/03\/luiss-cup-2026-sport-solidarieta-e-visione-sulle-piste-di-courmayeur\/#primaryimage\"},\"image\":{\"@id\":\"https:\/\/sport.luiss.it\/2026\/03\/03\/luiss-cup-2026-sport-solidarieta-e-visione-sulle-piste-di-courmayeur\/#primaryimage\"},\"thumbnailUrl\":\"https:\/\/sport.luiss.it\/wp-content\/uploads\/2026\/03\/Luiss-Cup-2026-Sci-IG-Story-1920-x-1080-px-copy-1-1.png\",\"datePublished\":\"2026-03-03T16:45:15+00:00\",\"dateModified\":\"2026-04-03T14:15:28+00:00\",\"author\":{\"@id\":\"https:\/\/sport.luiss.it\/#\/schema\/person\/15b85e584f5e640e55d6ba4c7ad8e22e\"},\"breadcrumb\":{\"@id\":\"https:\/\/sport.luiss.it\/2026\/03\/03\/luiss-cup-2026-sport-solidarieta-e-visione-sulle-piste-di-courmayeur\/#breadcrumb\"},\"inLanguage\":\"en-US\",\"potentialAction\":[{\"@type\":\"ReadAction\",\"target\":[\"https:\/\/sport.luiss.it\/2026\/03\/03\/luiss-cup-2026-sport-solidarieta-e-visione-sulle-piste-di-courmayeur\/\"]}]},{\"@type\":\"ImageObject\",\"inLanguage\":\"en-US\",\"@id\":\"https:\/\/sport.luiss.it\/2026\/03\/03\/luiss-cup-2026-sport-solidarieta-e-visione-sulle-piste-di-courmayeur\/#primaryimage\",\"url\":\"https:\/\/sport.luiss.it\/wp-content\/uploads\/2026\/03\/Luiss-Cup-2026-Sci-IG-Story-1920-x-1080-px-copy-1-1.png\",\"contentUrl\":\"https:\/\/sport.luiss.it\/wp-content\/uploads\/2026\/03\/Luiss-Cup-2026-Sci-IG-Story-1920-x-1080-px-copy-1-1.png\",\"width\":1536,\"height\":780},{\"@type\":\"BreadcrumbList\",\"@id\":\"https:\/\/sport.luiss.it\/2026\/03\/03\/luiss-cup-2026-sport-solidarieta-e-visione-sulle-piste-di-courmayeur\/#breadcrumb\",\"itemListElement\":[{\"@type\":\"ListItem\",\"position\":1,\"name\":\"Home\",\"item\":\"https:\/\/sport.luiss.it\/en\/\"},{\"@type\":\"ListItem\",\"position\":2,\"name\":\"Luiss Cup 2026: sport, solidariet\u00e0 e visione sulle piste di Courmayeur\"}]},{\"@type\":\"WebSite\",\"@id\":\"https:\/\/sport.luiss.it\/#website\",\"url\":\"https:\/\/sport.luiss.it\/\",\"name\":\"Luiss Sport - Luiss Guido Carli\",\"description\":\"Luiss Sport\",\"potentialAction\":[{\"@type\":\"SearchAction\",\"target\":{\"@type\":\"EntryPoint\",\"urlTemplate\":\"https:\/\/sport.luiss.it\/?s={search_term_string}\"},\"query-input\":{\"@type\":\"PropertyValueSpecification\",\"valueRequired\":true,\"valueName\":\"search_term_string\"}}],\"inLanguage\":\"en-US\"},{\"@type\":\"Person\",\"@id\":\"https:\/\/sport.luiss.it\/#\/schema\/person\/15b85e584f5e640e55d6ba4c7ad8e22e\",\"name\":\"finozzif\",\"image\":{\"@type\":\"ImageObject\",\"inLanguage\":\"en-US\",\"@id\":\"https:\/\/sport.luiss.it\/#\/schema\/person\/image\/\",\"url\":\"https:\/\/secure.gravatar.com\/avatar\/062fb1f3c45f03617d1211ad699338592b881c6cf71885645e88bc6dc9a4bfbc?s=96&d=mm&r=g\",\"contentUrl\":\"https:\/\/secure.gravatar.com\/avatar\/062fb1f3c45f03617d1211ad699338592b881c6cf71885645e88bc6dc9a4bfbc?s=96&d=mm&r=g\",\"caption\":\"finozzif\"}}]}<\/script>\n<!-- \/ Yoast SEO plugin. -->","yoast_head_json":{"title":"Luiss Cup 2026: sport, solidariet\u00e0 e visione sulle piste di Courmayeur - Luiss Sport - Luiss Guido Carli","robots":{"index":"index","follow":"follow","max-snippet":"max-snippet:-1","max-image-preview":"max-image-preview:large","max-video-preview":"max-video-preview:-1"},"canonical":"https:\/\/sport.luiss.it\/2026\/03\/03\/luiss-cup-2026-sport-solidarieta-e-visione-sulle-piste-di-courmayeur\/","og_locale":"en_US","og_type":"article","og_title":"Luiss Cup 2026: sport, solidariet\u00e0 e visione sulle piste di Courmayeur - Luiss Sport - Luiss Guido Carli","og_description":"La Luiss Cup 2026 non \u00e8 soltanto una competizione sciistica universitaria. \u00c8 un progetto che unisce performance, identit\u00e0 e responsabilit\u00e0 sociale, trasformando l\u2019energia della gara in un gesto concreto: sostenere [&hellip;]","og_url":"https:\/\/sport.luiss.it\/2026\/03\/03\/luiss-cup-2026-sport-solidarieta-e-visione-sulle-piste-di-courmayeur\/","og_site_name":"Luiss Sport - Luiss Guido Carli","article_publisher":"https:\/\/www.facebook.com\/sportluiss\/","article_published_time":"2026-03-03T16:45:15+00:00","article_modified_time":"2026-04-03T14:15:28+00:00","og_image":[{"width":1536,"height":780,"url":"https:\/\/sport.luiss.it\/wp-content\/uploads\/2026\/03\/Luiss-Cup-2026-Sci-IG-Story-1920-x-1080-px-copy-1-1.png","type":"image\/png"}],"author":"finozzif","twitter_card":"summary_large_image","twitter_misc":{"Written by":"finozzif","Est. reading time":"2 minutes"},"schema":{"@context":"https:\/\/schema.org","@graph":[{"@type":"WebPage","@id":"https:\/\/sport.luiss.it\/2026\/03\/03\/luiss-cup-2026-sport-solidarieta-e-visione-sulle-piste-di-courmayeur\/","url":"https:\/\/sport.luiss.it\/2026\/03\/03\/luiss-cup-2026-sport-solidarieta-e-visione-sulle-piste-di-courmayeur\/","name":"Luiss Cup 2026: sport, solidariet\u00e0 e visione sulle piste di Courmayeur - Luiss Sport - Luiss Guido Carli","isPartOf":{"@id":"https:\/\/sport.luiss.it\/#website"},"primaryImageOfPage":{"@id":"https:\/\/sport.luiss.it\/2026\/03\/03\/luiss-cup-2026-sport-solidarieta-e-visione-sulle-piste-di-courmayeur\/#primaryimage"},"image":{"@id":"https:\/\/sport.luiss.it\/2026\/03\/03\/luiss-cup-2026-sport-solidarieta-e-visione-sulle-piste-di-courmayeur\/#primaryimage"},"thumbnailUrl":"https:\/\/sport.luiss.it\/wp-content\/uploads\/2026\/03\/Luiss-Cup-2026-Sci-IG-Story-1920-x-1080-px-copy-1-1.png","datePublished":"2026-03-03T16:45:15+00:00","dateModified":"2026-04-03T14:15:28+00:00","author":{"@id":"https:\/\/sport.luiss.it\/#\/schema\/person\/15b85e584f5e640e55d6ba4c7ad8e22e"},"breadcrumb":{"@id":"https:\/\/sport.luiss.it\/2026\/03\/03\/luiss-cup-2026-sport-solidarieta-e-visione-sulle-piste-di-courmayeur\/#breadcrumb"},"inLanguage":"en-US","potentialAction":[{"@type":"ReadAction","target":["https:\/\/sport.luiss.it\/2026\/03\/03\/luiss-cup-2026-sport-solidarieta-e-visione-sulle-piste-di-courmayeur\/"]}]},{"@type":"ImageObject","inLanguage":"en-US","@id":"https:\/\/sport.luiss.it\/2026\/03\/03\/luiss-cup-2026-sport-solidarieta-e-visione-sulle-piste-di-courmayeur\/#primaryimage","url":"https:\/\/sport.luiss.it\/wp-content\/uploads\/2026\/03\/Luiss-Cup-2026-Sci-IG-Story-1920-x-1080-px-copy-1-1.png","contentUrl":"https:\/\/sport.luiss.it\/wp-content\/uploads\/2026\/03\/Luiss-Cup-2026-Sci-IG-Story-1920-x-1080-px-copy-1-1.png","width":1536,"height":780},{"@type":"BreadcrumbList","@id":"https:\/\/sport.luiss.it\/2026\/03\/03\/luiss-cup-2026-sport-solidarieta-e-visione-sulle-piste-di-courmayeur\/#breadcrumb","itemListElement":[{"@type":"ListItem","position":1,"name":"Home","item":"https:\/\/sport.luiss.it\/en\/"},{"@type":"ListItem","position":2,"name":"Luiss Cup 2026: sport, solidariet\u00e0 e visione sulle piste di Courmayeur"}]},{"@type":"WebSite","@id":"https:\/\/sport.luiss.it\/#website","url":"https:\/\/sport.luiss.it\/","name":"Luiss Sport - Luiss Guido Carli","description":"Luiss Sport","potentialAction":[{"@type":"SearchAction","target":{"@type":"EntryPoint","urlTemplate":"https:\/\/sport.luiss.it\/?s={search_term_string}"},"query-input":{"@type":"PropertyValueSpecification","valueRequired":true,"valueName":"search_term_string"}}],"inLanguage":"en-US"},{"@type":"Person","@id":"https:\/\/sport.luiss.it\/#\/schema\/person\/15b85e584f5e640e55d6ba4c7ad8e22e","name":"finozzif","image":{"@type":"ImageObject","inLanguage":"en-US","@id":"https:\/\/sport.luiss.it\/#\/schema\/person\/image\/","url":"https:\/\/secure.gravatar.com\/avatar\/062fb1f3c45f03617d1211ad699338592b881c6cf71885645e88bc6dc9a4bfbc?s=96&d=mm&r=g","contentUrl":"https:\/\/secure.gravatar.com\/avatar\/062fb1f3c45f03617d1211ad699338592b881c6cf71885645e88bc6dc9a4bfbc?s=96&d=mm&r=g","caption":"finozzif"}}]}},"_links":{"self":[{"href":"https:\/\/sport.luiss.it\/en\/wp-json\/wp\/v2\/posts\/42634","targetHints":{"allow":["GET"]}}],"collection":[{"href":"https:\/\/sport.luiss.it\/en\/wp-json\/wp\/v2\/posts"}],"about":[{"href":"https:\/\/sport.luiss.it\/en\/wp-json\/wp\/v2\/types\/post"}],"author":[{"embeddable":true,"href":"https:\/\/sport.luiss.it\/en\/wp-json\/wp\/v2\/users\/857"}],"replies":[{"embeddable":true,"href":"https:\/\/sport.luiss.it\/en\/wp-json\/wp\/v2\/comments?post=42634"}],"version-history":[{"count":1,"href":"https:\/\/sport.luiss.it\/en\/wp-json\/wp\/v2\/posts\/42634\/revisions"}],"predecessor-version":[{"id":42637,"href":"https:\/\/sport.luiss.it\/en\/wp-json\/wp\/v2\/posts\/42634\/revisions\/42637"}],"wp:featuredmedia":[{"embeddable":true,"href":"https:\/\/sport.luiss.it\/en\/wp-json\/wp\/v2\/media\/42635"}],"wp:attachment":[{"href":"https:\/\/sport.luiss.it\/en\/wp-json\/wp\/v2\/media?parent=42634"}],"wp:term":[{"taxonomy":"category","embeddable":true,"href":"https:\/\/sport.luiss.it\/en\/wp-json\/wp\/v2\/categories?post=42634"},{"taxonomy":"post_tag","embeddable":true,"href":"https:\/\/sport.luiss.it\/en\/wp-json\/wp\/v2\/tags?post=42634"}],"curies":[{"name":"wp","href":"https:\/\/api.w.org\/{rel}","templated":true}]}}