
{"id":42822,"date":"2026-04-02T12:39:15","date_gmt":"2026-04-02T10:39:15","guid":{"rendered":"https:\/\/sport.luiss.it\/?p=42822"},"modified":"2026-04-03T16:15:27","modified_gmt":"2026-04-03T14:15:27","slug":"academie-des-sportives-un-ponte-tra-sport-formazione-e-futuro-professionale","status":"publish","type":"post","link":"https:\/\/sport.luiss.it\/en\/2026\/04\/02\/academie-des-sportives-un-ponte-tra-sport-formazione-e-futuro-professionale\/","title":{"rendered":"Acad\u00e9mie des Sportives: un ponte tra sport, formazione e futuro professionale"},"content":{"rendered":"<p data-start=\"86\" data-end=\"386\">Capbreton, sulla costa atlantica francese, si conferma ancora una volta il cuore pulsante dell\u2019innovazione sportiva al femminile con l\u2019ottava edizione dell\u2019<strong data-start=\"242\" data-end=\"268\">Acad\u00e9mie des Sportives<\/strong>, un progetto internazionale che unisce formazione, performance e crescita personale per giovani atlete universitarie.<\/p>\n<p data-start=\"388\" data-end=\"904\">All\u2019interno di questo contesto altamente qualificato, anche <strong data-start=\"448\" data-end=\"460\">AS Luiss<\/strong> \u00e8 protagonista con una delegazione di studentesse-atlete che incarnano pienamente il <strong>modello della Dual Career promosso dalla Luiss Sport Academy<\/strong>. A rappresentare l\u2019Ateneo sono <strong data-start=\"603\" data-end=\"622\">Alessia Bisegna<\/strong> e <strong data-start=\"625\" data-end=\"647\">Kateryna Vasylieva<\/strong> del Team Luiss Volley Femminile Capital Advisory, entrambe Luiss Top Athletes, insieme a <strong data-start=\"737\" data-end=\"755\">Sofia D\u2019Arpino<\/strong> (Team Luiss Tennis BMW Roma), <strong data-start=\"786\" data-end=\"805\">Angelica Erpini<\/strong> (canottaggio e Luiss Top Athlete), <strong data-start=\"821\" data-end=\"841\">Sofia Collinelli<\/strong> (ciclismo e Luiss Top Athlete) e <strong data-start=\"855\" data-end=\"877\">Giorgia Piccolella<\/strong> (Atletica Leggera Unipol).<\/p>\n<p data-start=\"906\" data-end=\"1052\">Un gruppo eterogeneo per discipline e percorsi, ma unito da un obiettivo comune: crescere non solo come atlete, ma come professioniste del futuro.<\/p>\n<h3 data-section-id=\"11zfpeq\" data-start=\"1059\" data-end=\"1124\"><span role=\"text\"><strong data-start=\"1063\" data-end=\"1124\">Un programma immersivo tra sport, formazione e networking<\/strong><\/span><\/h3>\n<p data-start=\"1126\" data-end=\"1355\">Il progetto si sviluppa attraverso un programma intensivo e multidisciplinare, ospitato presso il <strong data-start=\"1224\" data-end=\"1276\">CERS \u2013 Centre Europ\u00e9en de R\u00e9\u00e9ducation du Sportif<\/strong>, punto di riferimento europeo per la riabilitazione e la performance sportiva.<\/p>\n<p data-start=\"1357\" data-end=\"1563\">Le giornate sono scandite da un equilibrio perfetto tra allenamento, formazione e momenti esperienziali. Come evidenziato dal planning ufficiale , le attivit\u00e0 includono:<\/p>\n<ul data-start=\"1565\" data-end=\"2169\">\n<li data-section-id=\"19d5gol\" data-start=\"1565\" data-end=\"1664\"><strong data-start=\"1567\" data-end=\"1599\">Workshop professionalizzanti<\/strong> su LinkedIn, social media, media relations e personal branding<\/li>\n<li data-section-id=\"1c6bd69\" data-start=\"1665\" data-end=\"1781\"><strong data-start=\"1667\" data-end=\"1693\">Formazione trasversale<\/strong> su public speaking, preparazione mentale e costruzione di dossier di sponsorizzazione<\/li>\n<li data-section-id=\"1j7lztc\" data-start=\"1782\" data-end=\"1877\"><strong data-start=\"1784\" data-end=\"1816\">Tavole rotonde sport-azienda<\/strong>, fondamentali per avvicinare le atlete al mondo del lavoro<\/li>\n<li data-section-id=\"1h127vc\" data-start=\"1878\" data-end=\"1964\"><strong data-start=\"1880\" data-end=\"1923\">Allenamenti sportivi e attivit\u00e0 outdoor<\/strong>, tra cui surf, yoga e sessioni al CERS<\/li>\n<li data-section-id=\"12w96av\" data-start=\"1965\" data-end=\"2077\"><strong data-start=\"1967\" data-end=\"2000\">Produzione di contenuti reali<\/strong> (shooting e creazioni media), utili per sviluppare competenze comunicative<\/li>\n<li data-section-id=\"13zy9dl\" data-start=\"2078\" data-end=\"2169\"><strong data-start=\"2080\" data-end=\"2135\">Esperienze culturali e di networking internazionale<\/strong>, tra atlete italiane e francesi<\/li>\n<\/ul>\n<p data-start=\"2171\" data-end=\"2306\">Un format innovativo che va oltre la dimensione sportiva, offrendo strumenti concreti per affrontare le sfide del futuro professionale.<\/p>\n<p data-start=\"2349\" data-end=\"2528\">L\u2019Acad\u00e9mie des Sportives si inserisce in una visione pi\u00f9 ampia: accompagnare le studentesse-atlete nel delicato passaggio tra carriera sportiva e inserimento nel mondo del lavoro.<\/p>\n<p data-start=\"2530\" data-end=\"2573\">Gli obiettivi principali del progetto sono:<\/p>\n<ul data-start=\"2575\" data-end=\"2898\">\n<li data-section-id=\"1po293z\" data-start=\"2575\" data-end=\"2644\"><strong data-start=\"2577\" data-end=\"2616\">Sviluppare competenze professionali<\/strong> spendibili oltre lo sport<\/li>\n<li data-section-id=\"1u7uv66\" data-start=\"2645\" data-end=\"2707\"><strong data-start=\"2647\" data-end=\"2705\">Rafforzare l\u2019identit\u00e0 personale e il personal branding<\/strong><\/li>\n<li data-section-id=\"108n1sr\" data-start=\"2708\" data-end=\"2787\"><strong data-start=\"2710\" data-end=\"2751\">Favorire il networking internazionale<\/strong> tra atlete, aziende e stakeholder<\/li>\n<li data-section-id=\"11fkpvs\" data-start=\"2788\" data-end=\"2842\"><strong data-start=\"2790\" data-end=\"2840\">Promuovere la leadership femminile nello sport<\/strong><\/li>\n<li data-section-id=\"1m7r8j6\" data-start=\"2843\" data-end=\"2898\"><strong data-start=\"2845\" data-end=\"2896\">Supportare concretamente il modello Dual Career<\/strong><\/li>\n<\/ul>\n<p data-start=\"2900\" data-end=\"3101\">In questo senso, la partecipazione delle studentesse-atlete Luiss rappresenta un ulteriore passo nel consolidamento di un percorso che integra formazione accademica, crescita sportiva e sviluppo umano.<\/p>\n<h3 data-section-id=\"3jm3gg\" data-start=\"3108\" data-end=\"3170\"><span role=\"text\"><strong data-start=\"3112\" data-end=\"3170\">Luiss tra eccellenza sportiva e visione internazionale<\/strong><\/span><\/h3>\n<p data-start=\"3172\" data-end=\"3439\">La presenza di AS Luiss all\u2019interno dell\u2019Acad\u00e9mie des Sportives testimonia ancora una volta la capacit\u00e0 dell\u2019Ateneo di inserirsi in contesti internazionali di alto livello, valorizzando il talento delle proprie atlete e offrendo loro opportunit\u00e0 concrete di crescita.<\/p>\n<p data-start=\"3441\" data-end=\"3657\">Un\u2019esperienza che non si esaurisce nei giorni trascorsi a Capbreton, ma che lascia un\u2019impronta duratura nel percorso personale e professionale delle partecipanti, rafforzando il legame tra sport, formazione e futuro.<\/p>\n","protected":false},"excerpt":{"rendered":"<p>Capbreton, sulla costa atlantica francese, si conferma ancora una volta il cuore pulsante dell\u2019innovazione sportiva al femminile con l\u2019ottava edizione dell\u2019Acad\u00e9mie des Sportives, un progetto internazionale che unisce formazione, performance [&hellip;]<\/p>\n","protected":false},"author":857,"featured_media":42823,"comment_status":"closed","ping_status":"open","sticky":false,"template":"","format":"standard","meta":{"_monsterinsights_skip_tracking":false,"_monsterinsights_sitenote_active":false,"_monsterinsights_sitenote_note":"","_monsterinsights_sitenote_category":0,"footnotes":""},"categories":[186,37,140,273],"tags":[],"class_list":["post-42822","post","type-post","status-publish","format-standard","has-post-thumbnail","hentry","category-news-eventi","category-news-squadre","category-primo-piano","category-top-athletes-news"],"yoast_head":"<!-- This site is optimized with the Yoast SEO plugin v26.5 - https:\/\/yoast.com\/wordpress\/plugins\/seo\/ -->\n<title>Acad\u00e9mie des Sportives: un ponte tra sport, formazione e futuro professionale - Luiss Sport - Luiss Guido Carli<\/title>\n<meta name=\"robots\" content=\"index, follow, max-snippet:-1, max-image-preview:large, max-video-preview:-1\" \/>\n<link rel=\"canonical\" href=\"https:\/\/sport.luiss.it\/2026\/04\/02\/academie-des-sportives-un-ponte-tra-sport-formazione-e-futuro-professionale\/\" \/>\n<meta property=\"og:locale\" content=\"en_US\" \/>\n<meta property=\"og:type\" content=\"article\" \/>\n<meta property=\"og:title\" content=\"Acad\u00e9mie des Sportives: un ponte tra sport, formazione e futuro professionale - Luiss Sport - Luiss Guido Carli\" \/>\n<meta property=\"og:description\" content=\"Capbreton, sulla costa atlantica francese, si conferma ancora una volta il cuore pulsante dell\u2019innovazione sportiva al femminile con l\u2019ottava edizione dell\u2019Acad\u00e9mie des Sportives, un progetto internazionale che unisce formazione, performance [&hellip;]\" \/>\n<meta property=\"og:url\" content=\"https:\/\/sport.luiss.it\/2026\/04\/02\/academie-des-sportives-un-ponte-tra-sport-formazione-e-futuro-professionale\/\" \/>\n<meta property=\"og:site_name\" content=\"Luiss Sport - Luiss Guido Carli\" \/>\n<meta property=\"article:publisher\" content=\"https:\/\/www.facebook.com\/sportluiss\/\" \/>\n<meta property=\"article:published_time\" content=\"2026-04-02T10:39:15+00:00\" \/>\n<meta property=\"article:modified_time\" content=\"2026-04-03T14:15:27+00:00\" \/>\n<meta property=\"og:image\" content=\"https:\/\/sport.luiss.it\/wp-content\/uploads\/2026\/04\/037A5494-1-1024x400.png\" \/>\n\t<meta property=\"og:image:width\" content=\"1024\" \/>\n\t<meta property=\"og:image:height\" content=\"400\" \/>\n\t<meta property=\"og:image:type\" content=\"image\/png\" \/>\n<meta name=\"author\" content=\"finozzif\" \/>\n<meta name=\"twitter:card\" content=\"summary_large_image\" \/>\n<meta name=\"twitter:label1\" content=\"Written by\" \/>\n\t<meta name=\"twitter:data1\" content=\"finozzif\" \/>\n\t<meta name=\"twitter:label2\" content=\"Est. reading time\" \/>\n\t<meta name=\"twitter:data2\" content=\"2 minutes\" \/>\n<script type=\"application\/ld+json\" class=\"yoast-schema-graph\">{\"@context\":\"https:\/\/schema.org\",\"@graph\":[{\"@type\":\"WebPage\",\"@id\":\"https:\/\/sport.luiss.it\/2026\/04\/02\/academie-des-sportives-un-ponte-tra-sport-formazione-e-futuro-professionale\/\",\"url\":\"https:\/\/sport.luiss.it\/2026\/04\/02\/academie-des-sportives-un-ponte-tra-sport-formazione-e-futuro-professionale\/\",\"name\":\"Acad\u00e9mie des Sportives: un ponte tra sport, formazione e futuro professionale - Luiss Sport - Luiss Guido Carli\",\"isPartOf\":{\"@id\":\"https:\/\/sport.luiss.it\/#website\"},\"primaryImageOfPage\":{\"@id\":\"https:\/\/sport.luiss.it\/2026\/04\/02\/academie-des-sportives-un-ponte-tra-sport-formazione-e-futuro-professionale\/#primaryimage\"},\"image\":{\"@id\":\"https:\/\/sport.luiss.it\/2026\/04\/02\/academie-des-sportives-un-ponte-tra-sport-formazione-e-futuro-professionale\/#primaryimage\"},\"thumbnailUrl\":\"https:\/\/sport.luiss.it\/wp-content\/uploads\/2026\/04\/037A5494-1.png\",\"datePublished\":\"2026-04-02T10:39:15+00:00\",\"dateModified\":\"2026-04-03T14:15:27+00:00\",\"author\":{\"@id\":\"https:\/\/sport.luiss.it\/#\/schema\/person\/15b85e584f5e640e55d6ba4c7ad8e22e\"},\"breadcrumb\":{\"@id\":\"https:\/\/sport.luiss.it\/2026\/04\/02\/academie-des-sportives-un-ponte-tra-sport-formazione-e-futuro-professionale\/#breadcrumb\"},\"inLanguage\":\"en-US\",\"potentialAction\":[{\"@type\":\"ReadAction\",\"target\":[\"https:\/\/sport.luiss.it\/2026\/04\/02\/academie-des-sportives-un-ponte-tra-sport-formazione-e-futuro-professionale\/\"]}]},{\"@type\":\"ImageObject\",\"inLanguage\":\"en-US\",\"@id\":\"https:\/\/sport.luiss.it\/2026\/04\/02\/academie-des-sportives-un-ponte-tra-sport-formazione-e-futuro-professionale\/#primaryimage\",\"url\":\"https:\/\/sport.luiss.it\/wp-content\/uploads\/2026\/04\/037A5494-1.png\",\"contentUrl\":\"https:\/\/sport.luiss.it\/wp-content\/uploads\/2026\/04\/037A5494-1.png\",\"width\":1536,\"height\":600},{\"@type\":\"BreadcrumbList\",\"@id\":\"https:\/\/sport.luiss.it\/2026\/04\/02\/academie-des-sportives-un-ponte-tra-sport-formazione-e-futuro-professionale\/#breadcrumb\",\"itemListElement\":[{\"@type\":\"ListItem\",\"position\":1,\"name\":\"Home\",\"item\":\"https:\/\/sport.luiss.it\/en\/\"},{\"@type\":\"ListItem\",\"position\":2,\"name\":\"Acad\u00e9mie des Sportives: un ponte tra sport, formazione e futuro professionale\"}]},{\"@type\":\"WebSite\",\"@id\":\"https:\/\/sport.luiss.it\/#website\",\"url\":\"https:\/\/sport.luiss.it\/\",\"name\":\"Luiss Sport - Luiss Guido Carli\",\"description\":\"Luiss Sport\",\"potentialAction\":[{\"@type\":\"SearchAction\",\"target\":{\"@type\":\"EntryPoint\",\"urlTemplate\":\"https:\/\/sport.luiss.it\/?s={search_term_string}\"},\"query-input\":{\"@type\":\"PropertyValueSpecification\",\"valueRequired\":true,\"valueName\":\"search_term_string\"}}],\"inLanguage\":\"en-US\"},{\"@type\":\"Person\",\"@id\":\"https:\/\/sport.luiss.it\/#\/schema\/person\/15b85e584f5e640e55d6ba4c7ad8e22e\",\"name\":\"finozzif\",\"image\":{\"@type\":\"ImageObject\",\"inLanguage\":\"en-US\",\"@id\":\"https:\/\/sport.luiss.it\/#\/schema\/person\/image\/\",\"url\":\"https:\/\/secure.gravatar.com\/avatar\/062fb1f3c45f03617d1211ad699338592b881c6cf71885645e88bc6dc9a4bfbc?s=96&d=mm&r=g\",\"contentUrl\":\"https:\/\/secure.gravatar.com\/avatar\/062fb1f3c45f03617d1211ad699338592b881c6cf71885645e88bc6dc9a4bfbc?s=96&d=mm&r=g\",\"caption\":\"finozzif\"}}]}<\/script>\n<!-- \/ Yoast SEO plugin. -->","yoast_head_json":{"title":"Acad\u00e9mie des Sportives: un ponte tra sport, formazione e futuro professionale - Luiss Sport - Luiss Guido Carli","robots":{"index":"index","follow":"follow","max-snippet":"max-snippet:-1","max-image-preview":"max-image-preview:large","max-video-preview":"max-video-preview:-1"},"canonical":"https:\/\/sport.luiss.it\/2026\/04\/02\/academie-des-sportives-un-ponte-tra-sport-formazione-e-futuro-professionale\/","og_locale":"en_US","og_type":"article","og_title":"Acad\u00e9mie des Sportives: un ponte tra sport, formazione e futuro professionale - Luiss Sport - Luiss Guido Carli","og_description":"Capbreton, sulla costa atlantica francese, si conferma ancora una volta il cuore pulsante dell\u2019innovazione sportiva al femminile con l\u2019ottava edizione dell\u2019Acad\u00e9mie des Sportives, un progetto internazionale che unisce formazione, performance [&hellip;]","og_url":"https:\/\/sport.luiss.it\/2026\/04\/02\/academie-des-sportives-un-ponte-tra-sport-formazione-e-futuro-professionale\/","og_site_name":"Luiss Sport - Luiss Guido Carli","article_publisher":"https:\/\/www.facebook.com\/sportluiss\/","article_published_time":"2026-04-02T10:39:15+00:00","article_modified_time":"2026-04-03T14:15:27+00:00","og_image":[{"width":1024,"height":400,"url":"https:\/\/sport.luiss.it\/wp-content\/uploads\/2026\/04\/037A5494-1-1024x400.png","type":"image\/png"}],"author":"finozzif","twitter_card":"summary_large_image","twitter_misc":{"Written by":"finozzif","Est. reading time":"2 minutes"},"schema":{"@context":"https:\/\/schema.org","@graph":[{"@type":"WebPage","@id":"https:\/\/sport.luiss.it\/2026\/04\/02\/academie-des-sportives-un-ponte-tra-sport-formazione-e-futuro-professionale\/","url":"https:\/\/sport.luiss.it\/2026\/04\/02\/academie-des-sportives-un-ponte-tra-sport-formazione-e-futuro-professionale\/","name":"Acad\u00e9mie des Sportives: un ponte tra sport, formazione e futuro professionale - Luiss Sport - Luiss Guido Carli","isPartOf":{"@id":"https:\/\/sport.luiss.it\/#website"},"primaryImageOfPage":{"@id":"https:\/\/sport.luiss.it\/2026\/04\/02\/academie-des-sportives-un-ponte-tra-sport-formazione-e-futuro-professionale\/#primaryimage"},"image":{"@id":"https:\/\/sport.luiss.it\/2026\/04\/02\/academie-des-sportives-un-ponte-tra-sport-formazione-e-futuro-professionale\/#primaryimage"},"thumbnailUrl":"https:\/\/sport.luiss.it\/wp-content\/uploads\/2026\/04\/037A5494-1.png","datePublished":"2026-04-02T10:39:15+00:00","dateModified":"2026-04-03T14:15:27+00:00","author":{"@id":"https:\/\/sport.luiss.it\/#\/schema\/person\/15b85e584f5e640e55d6ba4c7ad8e22e"},"breadcrumb":{"@id":"https:\/\/sport.luiss.it\/2026\/04\/02\/academie-des-sportives-un-ponte-tra-sport-formazione-e-futuro-professionale\/#breadcrumb"},"inLanguage":"en-US","potentialAction":[{"@type":"ReadAction","target":["https:\/\/sport.luiss.it\/2026\/04\/02\/academie-des-sportives-un-ponte-tra-sport-formazione-e-futuro-professionale\/"]}]},{"@type":"ImageObject","inLanguage":"en-US","@id":"https:\/\/sport.luiss.it\/2026\/04\/02\/academie-des-sportives-un-ponte-tra-sport-formazione-e-futuro-professionale\/#primaryimage","url":"https:\/\/sport.luiss.it\/wp-content\/uploads\/2026\/04\/037A5494-1.png","contentUrl":"https:\/\/sport.luiss.it\/wp-content\/uploads\/2026\/04\/037A5494-1.png","width":1536,"height":600},{"@type":"BreadcrumbList","@id":"https:\/\/sport.luiss.it\/2026\/04\/02\/academie-des-sportives-un-ponte-tra-sport-formazione-e-futuro-professionale\/#breadcrumb","itemListElement":[{"@type":"ListItem","position":1,"name":"Home","item":"https:\/\/sport.luiss.it\/en\/"},{"@type":"ListItem","position":2,"name":"Acad\u00e9mie des Sportives: un ponte tra sport, formazione e futuro professionale"}]},{"@type":"WebSite","@id":"https:\/\/sport.luiss.it\/#website","url":"https:\/\/sport.luiss.it\/","name":"Luiss Sport - Luiss Guido Carli","description":"Luiss Sport","potentialAction":[{"@type":"SearchAction","target":{"@type":"EntryPoint","urlTemplate":"https:\/\/sport.luiss.it\/?s={search_term_string}"},"query-input":{"@type":"PropertyValueSpecification","valueRequired":true,"valueName":"search_term_string"}}],"inLanguage":"en-US"},{"@type":"Person","@id":"https:\/\/sport.luiss.it\/#\/schema\/person\/15b85e584f5e640e55d6ba4c7ad8e22e","name":"finozzif","image":{"@type":"ImageObject","inLanguage":"en-US","@id":"https:\/\/sport.luiss.it\/#\/schema\/person\/image\/","url":"https:\/\/secure.gravatar.com\/avatar\/062fb1f3c45f03617d1211ad699338592b881c6cf71885645e88bc6dc9a4bfbc?s=96&d=mm&r=g","contentUrl":"https:\/\/secure.gravatar.com\/avatar\/062fb1f3c45f03617d1211ad699338592b881c6cf71885645e88bc6dc9a4bfbc?s=96&d=mm&r=g","caption":"finozzif"}}]}},"_links":{"self":[{"href":"https:\/\/sport.luiss.it\/en\/wp-json\/wp\/v2\/posts\/42822","targetHints":{"allow":["GET"]}}],"collection":[{"href":"https:\/\/sport.luiss.it\/en\/wp-json\/wp\/v2\/posts"}],"about":[{"href":"https:\/\/sport.luiss.it\/en\/wp-json\/wp\/v2\/types\/post"}],"author":[{"embeddable":true,"href":"https:\/\/sport.luiss.it\/en\/wp-json\/wp\/v2\/users\/857"}],"replies":[{"embeddable":true,"href":"https:\/\/sport.luiss.it\/en\/wp-json\/wp\/v2\/comments?post=42822"}],"version-history":[{"count":1,"href":"https:\/\/sport.luiss.it\/en\/wp-json\/wp\/v2\/posts\/42822\/revisions"}],"predecessor-version":[{"id":42825,"href":"https:\/\/sport.luiss.it\/en\/wp-json\/wp\/v2\/posts\/42822\/revisions\/42825"}],"wp:featuredmedia":[{"embeddable":true,"href":"https:\/\/sport.luiss.it\/en\/wp-json\/wp\/v2\/media\/42823"}],"wp:attachment":[{"href":"https:\/\/sport.luiss.it\/en\/wp-json\/wp\/v2\/media?parent=42822"}],"wp:term":[{"taxonomy":"category","embeddable":true,"href":"https:\/\/sport.luiss.it\/en\/wp-json\/wp\/v2\/categories?post=42822"},{"taxonomy":"post_tag","embeddable":true,"href":"https:\/\/sport.luiss.it\/en\/wp-json\/wp\/v2\/tags?post=42822"}],"curies":[{"name":"wp","href":"https:\/\/api.w.org\/{rel}","templated":true}]}}