
{"id":43053,"date":"2026-04-27T09:41:27","date_gmt":"2026-04-27T07:41:27","guid":{"rendered":"https:\/\/sport.luiss.it\/?p=43053"},"modified":"2026-04-27T09:41:27","modified_gmt":"2026-04-27T07:41:27","slug":"luiss-basket-sguardo-ai-playoff-a-jesi-una-tappa-di-crescita-prima-della-fase-decisiva","status":"publish","type":"post","link":"https:\/\/sport.luiss.it\/en\/2026\/04\/27\/luiss-basket-sguardo-ai-playoff-a-jesi-una-tappa-di-crescita-prima-della-fase-decisiva\/","title":{"rendered":"Luiss Basket, sguardo ai playoff: a Jesi una tappa di crescita prima della fase decisiva"},"content":{"rendered":"<p data-start=\"94\" data-end=\"453\">Ultimo atto della regular season per la <strong data-start=\"137\" data-end=\"153\">Luiss Basket<\/strong>, gi\u00e0 certa del <strong data-start=\"169\" data-end=\"218\">sesto posto nel girone B di Serie B Nazionale<\/strong> e con la testa proiettata verso i playoff. Sul campo della <strong>General Contractor Jesi<\/strong> arriva una <strong>sconfitta per 82-58<\/strong>, ma il risultato non scalfisce il percorso di crescita di un gruppo che ha gi\u00e0 centrato il proprio obiettivo stagionale.<\/p>\n<p data-start=\"455\" data-end=\"779\">In una gara affrontata senza <strong data-start=\"484\" data-end=\"504\">Fallucca e Sylla<\/strong>, <strong>coach Righetti<\/strong> sceglie di dare spazio e responsabilit\u00e0 a rotazioni pi\u00f9 ampie, trovando risposte importanti soprattutto dai pi\u00f9 giovani. L\u2019avvio \u00e8 complicato, con Jesi che impone ritmo e fisicit\u00e0, ma la Luiss non si disunisce e prova a rientrare con ordine e determinazione.<\/p>\n<p data-start=\"781\" data-end=\"1104\">A emergere \u00e8 ancora una volta lo spirito del gruppo. <strong data-start=\"834\" data-end=\"862\">Salvioni, Cucci e Atamah<\/strong> guidano la reazione capitolina, riducendo progressivamente il divario e riportando la squadra fino al <strong data-start=\"965\" data-end=\"997\">-10 nel terzo quarto (55-45)<\/strong>, segnale evidente della capacit\u00e0 della Luiss di restare dentro la partita anche nei momenti pi\u00f9 complessi.<\/p>\n<p data-start=\"1106\" data-end=\"1398\">\u00c8 proprio questa la chiave di lettura della gara: non il risultato finale, ma la tenuta mentale, la qualit\u00e0 delle rotazioni e la crescita individuale all\u2019interno del sistema di squadra. La Luiss continua a costruire identit\u00e0, coinvolgendo tutto il roster e valorizzando ogni singolo elemento.<\/p>\n<p data-start=\"1400\" data-end=\"1704\">Nel finale, Jesi riesce a prendere definitivamente il largo, ma il match lascia indicazioni chiare in vista della fase pi\u00f9 importante della stagione. La squadra di <strong>Righetti<\/strong> ha dimostrato, ancora una volta, di saper reagire, di avere profondit\u00e0 e soprattutto di possedere una base solida su cui costruire.<\/p>\n<p data-start=\"1706\" data-end=\"1858\">Ora l\u2019attenzione si sposta completamente sui <strong data-start=\"1751\" data-end=\"1762\">playoff<\/strong>, dove la Luiss arriver\u00e0 con entusiasmo, consapevolezza e la voglia di continuare a sorprendere.<\/p>\n<p data-start=\"1860\" data-end=\"1971\" data-is-last-node=\"\" data-is-only-node=\"\">Perch\u00e9 questa squadra ha gi\u00e0 dimostrato di saper crescere nei momenti decisivi. E il meglio deve ancora venire.<\/p>\n","protected":false},"excerpt":{"rendered":"<p>Ultimo atto della regular season per la Luiss Basket, gi\u00e0 certa del sesto posto nel girone B di Serie B Nazionale e con la testa proiettata verso i playoff. Sul [&hellip;]<\/p>\n","protected":false},"author":857,"featured_media":43054,"comment_status":"closed","ping_status":"open","sticky":false,"template":"","format":"standard","meta":{"_monsterinsights_skip_tracking":false,"_monsterinsights_sitenote_active":false,"_monsterinsights_sitenote_note":"","_monsterinsights_sitenote_category":0,"footnotes":""},"categories":[47,37,140],"tags":[],"class_list":["post-43053","post","type-post","status-publish","format-standard","has-post-thumbnail","hentry","category-news-basket-serie-b","category-news-squadre","category-primo-piano"],"yoast_head":"<!-- This site is optimized with the Yoast SEO plugin v26.5 - https:\/\/yoast.com\/wordpress\/plugins\/seo\/ -->\n<title>Luiss Basket, sguardo ai playoff: a Jesi una tappa di crescita prima della fase decisiva - Luiss Sport - Luiss Guido Carli<\/title>\n<meta name=\"robots\" content=\"index, follow, max-snippet:-1, max-image-preview:large, max-video-preview:-1\" \/>\n<link rel=\"canonical\" href=\"https:\/\/sport.luiss.it\/2026\/04\/27\/luiss-basket-sguardo-ai-playoff-a-jesi-una-tappa-di-crescita-prima-della-fase-decisiva\/\" \/>\n<meta property=\"og:locale\" content=\"en_US\" \/>\n<meta property=\"og:type\" content=\"article\" \/>\n<meta property=\"og:title\" content=\"Luiss Basket, sguardo ai playoff: a Jesi una tappa di crescita prima della fase decisiva - Luiss Sport - Luiss Guido Carli\" \/>\n<meta property=\"og:description\" content=\"Ultimo atto della regular season per la Luiss Basket, gi\u00e0 certa del sesto posto nel girone B di Serie B Nazionale e con la testa proiettata verso i playoff. Sul [&hellip;]\" \/>\n<meta property=\"og:url\" content=\"https:\/\/sport.luiss.it\/2026\/04\/27\/luiss-basket-sguardo-ai-playoff-a-jesi-una-tappa-di-crescita-prima-della-fase-decisiva\/\" \/>\n<meta property=\"og:site_name\" content=\"Luiss Sport - Luiss Guido Carli\" \/>\n<meta property=\"article:publisher\" content=\"https:\/\/www.facebook.com\/sportluiss\/\" \/>\n<meta property=\"article:published_time\" content=\"2026-04-27T07:41:27+00:00\" \/>\n<meta property=\"og:image\" content=\"https:\/\/sport.luiss.it\/wp-content\/uploads\/2026\/04\/Frame-994.png\" \/>\n\t<meta property=\"og:image:width\" content=\"1536\" \/>\n\t<meta property=\"og:image:height\" content=\"655\" \/>\n\t<meta property=\"og:image:type\" content=\"image\/png\" \/>\n<meta name=\"author\" content=\"finozzif\" \/>\n<meta name=\"twitter:card\" content=\"summary_large_image\" \/>\n<meta name=\"twitter:label1\" content=\"Written by\" \/>\n\t<meta name=\"twitter:data1\" content=\"finozzif\" \/>\n\t<meta name=\"twitter:label2\" content=\"Est. reading time\" \/>\n\t<meta name=\"twitter:data2\" content=\"1 minute\" \/>\n<script type=\"application\/ld+json\" class=\"yoast-schema-graph\">{\"@context\":\"https:\/\/schema.org\",\"@graph\":[{\"@type\":\"WebPage\",\"@id\":\"https:\/\/sport.luiss.it\/2026\/04\/27\/luiss-basket-sguardo-ai-playoff-a-jesi-una-tappa-di-crescita-prima-della-fase-decisiva\/\",\"url\":\"https:\/\/sport.luiss.it\/2026\/04\/27\/luiss-basket-sguardo-ai-playoff-a-jesi-una-tappa-di-crescita-prima-della-fase-decisiva\/\",\"name\":\"Luiss Basket, sguardo ai playoff: a Jesi una tappa di crescita prima della fase decisiva - Luiss Sport - Luiss Guido Carli\",\"isPartOf\":{\"@id\":\"https:\/\/sport.luiss.it\/#website\"},\"primaryImageOfPage\":{\"@id\":\"https:\/\/sport.luiss.it\/2026\/04\/27\/luiss-basket-sguardo-ai-playoff-a-jesi-una-tappa-di-crescita-prima-della-fase-decisiva\/#primaryimage\"},\"image\":{\"@id\":\"https:\/\/sport.luiss.it\/2026\/04\/27\/luiss-basket-sguardo-ai-playoff-a-jesi-una-tappa-di-crescita-prima-della-fase-decisiva\/#primaryimage\"},\"thumbnailUrl\":\"https:\/\/sport.luiss.it\/wp-content\/uploads\/2026\/04\/Frame-994.png\",\"datePublished\":\"2026-04-27T07:41:27+00:00\",\"author\":{\"@id\":\"https:\/\/sport.luiss.it\/#\/schema\/person\/15b85e584f5e640e55d6ba4c7ad8e22e\"},\"breadcrumb\":{\"@id\":\"https:\/\/sport.luiss.it\/2026\/04\/27\/luiss-basket-sguardo-ai-playoff-a-jesi-una-tappa-di-crescita-prima-della-fase-decisiva\/#breadcrumb\"},\"inLanguage\":\"en-US\",\"potentialAction\":[{\"@type\":\"ReadAction\",\"target\":[\"https:\/\/sport.luiss.it\/2026\/04\/27\/luiss-basket-sguardo-ai-playoff-a-jesi-una-tappa-di-crescita-prima-della-fase-decisiva\/\"]}]},{\"@type\":\"ImageObject\",\"inLanguage\":\"en-US\",\"@id\":\"https:\/\/sport.luiss.it\/2026\/04\/27\/luiss-basket-sguardo-ai-playoff-a-jesi-una-tappa-di-crescita-prima-della-fase-decisiva\/#primaryimage\",\"url\":\"https:\/\/sport.luiss.it\/wp-content\/uploads\/2026\/04\/Frame-994.png\",\"contentUrl\":\"https:\/\/sport.luiss.it\/wp-content\/uploads\/2026\/04\/Frame-994.png\",\"width\":1536,\"height\":655},{\"@type\":\"BreadcrumbList\",\"@id\":\"https:\/\/sport.luiss.it\/2026\/04\/27\/luiss-basket-sguardo-ai-playoff-a-jesi-una-tappa-di-crescita-prima-della-fase-decisiva\/#breadcrumb\",\"itemListElement\":[{\"@type\":\"ListItem\",\"position\":1,\"name\":\"Home\",\"item\":\"https:\/\/sport.luiss.it\/en\/\"},{\"@type\":\"ListItem\",\"position\":2,\"name\":\"Luiss Basket, sguardo ai playoff: a Jesi una tappa di crescita prima della fase decisiva\"}]},{\"@type\":\"WebSite\",\"@id\":\"https:\/\/sport.luiss.it\/#website\",\"url\":\"https:\/\/sport.luiss.it\/\",\"name\":\"Luiss Sport - Luiss Guido Carli\",\"description\":\"Luiss Sport\",\"potentialAction\":[{\"@type\":\"SearchAction\",\"target\":{\"@type\":\"EntryPoint\",\"urlTemplate\":\"https:\/\/sport.luiss.it\/?s={search_term_string}\"},\"query-input\":{\"@type\":\"PropertyValueSpecification\",\"valueRequired\":true,\"valueName\":\"search_term_string\"}}],\"inLanguage\":\"en-US\"},{\"@type\":\"Person\",\"@id\":\"https:\/\/sport.luiss.it\/#\/schema\/person\/15b85e584f5e640e55d6ba4c7ad8e22e\",\"name\":\"finozzif\",\"image\":{\"@type\":\"ImageObject\",\"inLanguage\":\"en-US\",\"@id\":\"https:\/\/sport.luiss.it\/#\/schema\/person\/image\/\",\"url\":\"https:\/\/secure.gravatar.com\/avatar\/062fb1f3c45f03617d1211ad699338592b881c6cf71885645e88bc6dc9a4bfbc?s=96&d=mm&r=g\",\"contentUrl\":\"https:\/\/secure.gravatar.com\/avatar\/062fb1f3c45f03617d1211ad699338592b881c6cf71885645e88bc6dc9a4bfbc?s=96&d=mm&r=g\",\"caption\":\"finozzif\"}}]}<\/script>\n<!-- \/ Yoast SEO plugin. -->","yoast_head_json":{"title":"Luiss Basket, sguardo ai playoff: a Jesi una tappa di crescita prima della fase decisiva - Luiss Sport - Luiss Guido Carli","robots":{"index":"index","follow":"follow","max-snippet":"max-snippet:-1","max-image-preview":"max-image-preview:large","max-video-preview":"max-video-preview:-1"},"canonical":"https:\/\/sport.luiss.it\/2026\/04\/27\/luiss-basket-sguardo-ai-playoff-a-jesi-una-tappa-di-crescita-prima-della-fase-decisiva\/","og_locale":"en_US","og_type":"article","og_title":"Luiss Basket, sguardo ai playoff: a Jesi una tappa di crescita prima della fase decisiva - Luiss Sport - Luiss Guido Carli","og_description":"Ultimo atto della regular season per la Luiss Basket, gi\u00e0 certa del sesto posto nel girone B di Serie B Nazionale e con la testa proiettata verso i playoff. Sul [&hellip;]","og_url":"https:\/\/sport.luiss.it\/2026\/04\/27\/luiss-basket-sguardo-ai-playoff-a-jesi-una-tappa-di-crescita-prima-della-fase-decisiva\/","og_site_name":"Luiss Sport - Luiss Guido Carli","article_publisher":"https:\/\/www.facebook.com\/sportluiss\/","article_published_time":"2026-04-27T07:41:27+00:00","og_image":[{"width":1536,"height":655,"url":"https:\/\/sport.luiss.it\/wp-content\/uploads\/2026\/04\/Frame-994.png","type":"image\/png"}],"author":"finozzif","twitter_card":"summary_large_image","twitter_misc":{"Written by":"finozzif","Est. reading time":"1 minute"},"schema":{"@context":"https:\/\/schema.org","@graph":[{"@type":"WebPage","@id":"https:\/\/sport.luiss.it\/2026\/04\/27\/luiss-basket-sguardo-ai-playoff-a-jesi-una-tappa-di-crescita-prima-della-fase-decisiva\/","url":"https:\/\/sport.luiss.it\/2026\/04\/27\/luiss-basket-sguardo-ai-playoff-a-jesi-una-tappa-di-crescita-prima-della-fase-decisiva\/","name":"Luiss Basket, sguardo ai playoff: a Jesi una tappa di crescita prima della fase decisiva - Luiss Sport - Luiss Guido Carli","isPartOf":{"@id":"https:\/\/sport.luiss.it\/#website"},"primaryImageOfPage":{"@id":"https:\/\/sport.luiss.it\/2026\/04\/27\/luiss-basket-sguardo-ai-playoff-a-jesi-una-tappa-di-crescita-prima-della-fase-decisiva\/#primaryimage"},"image":{"@id":"https:\/\/sport.luiss.it\/2026\/04\/27\/luiss-basket-sguardo-ai-playoff-a-jesi-una-tappa-di-crescita-prima-della-fase-decisiva\/#primaryimage"},"thumbnailUrl":"https:\/\/sport.luiss.it\/wp-content\/uploads\/2026\/04\/Frame-994.png","datePublished":"2026-04-27T07:41:27+00:00","author":{"@id":"https:\/\/sport.luiss.it\/#\/schema\/person\/15b85e584f5e640e55d6ba4c7ad8e22e"},"breadcrumb":{"@id":"https:\/\/sport.luiss.it\/2026\/04\/27\/luiss-basket-sguardo-ai-playoff-a-jesi-una-tappa-di-crescita-prima-della-fase-decisiva\/#breadcrumb"},"inLanguage":"en-US","potentialAction":[{"@type":"ReadAction","target":["https:\/\/sport.luiss.it\/2026\/04\/27\/luiss-basket-sguardo-ai-playoff-a-jesi-una-tappa-di-crescita-prima-della-fase-decisiva\/"]}]},{"@type":"ImageObject","inLanguage":"en-US","@id":"https:\/\/sport.luiss.it\/2026\/04\/27\/luiss-basket-sguardo-ai-playoff-a-jesi-una-tappa-di-crescita-prima-della-fase-decisiva\/#primaryimage","url":"https:\/\/sport.luiss.it\/wp-content\/uploads\/2026\/04\/Frame-994.png","contentUrl":"https:\/\/sport.luiss.it\/wp-content\/uploads\/2026\/04\/Frame-994.png","width":1536,"height":655},{"@type":"BreadcrumbList","@id":"https:\/\/sport.luiss.it\/2026\/04\/27\/luiss-basket-sguardo-ai-playoff-a-jesi-una-tappa-di-crescita-prima-della-fase-decisiva\/#breadcrumb","itemListElement":[{"@type":"ListItem","position":1,"name":"Home","item":"https:\/\/sport.luiss.it\/en\/"},{"@type":"ListItem","position":2,"name":"Luiss Basket, sguardo ai playoff: a Jesi una tappa di crescita prima della fase decisiva"}]},{"@type":"WebSite","@id":"https:\/\/sport.luiss.it\/#website","url":"https:\/\/sport.luiss.it\/","name":"Luiss Sport - Luiss Guido Carli","description":"Luiss Sport","potentialAction":[{"@type":"SearchAction","target":{"@type":"EntryPoint","urlTemplate":"https:\/\/sport.luiss.it\/?s={search_term_string}"},"query-input":{"@type":"PropertyValueSpecification","valueRequired":true,"valueName":"search_term_string"}}],"inLanguage":"en-US"},{"@type":"Person","@id":"https:\/\/sport.luiss.it\/#\/schema\/person\/15b85e584f5e640e55d6ba4c7ad8e22e","name":"finozzif","image":{"@type":"ImageObject","inLanguage":"en-US","@id":"https:\/\/sport.luiss.it\/#\/schema\/person\/image\/","url":"https:\/\/secure.gravatar.com\/avatar\/062fb1f3c45f03617d1211ad699338592b881c6cf71885645e88bc6dc9a4bfbc?s=96&d=mm&r=g","contentUrl":"https:\/\/secure.gravatar.com\/avatar\/062fb1f3c45f03617d1211ad699338592b881c6cf71885645e88bc6dc9a4bfbc?s=96&d=mm&r=g","caption":"finozzif"}}]}},"_links":{"self":[{"href":"https:\/\/sport.luiss.it\/en\/wp-json\/wp\/v2\/posts\/43053","targetHints":{"allow":["GET"]}}],"collection":[{"href":"https:\/\/sport.luiss.it\/en\/wp-json\/wp\/v2\/posts"}],"about":[{"href":"https:\/\/sport.luiss.it\/en\/wp-json\/wp\/v2\/types\/post"}],"author":[{"embeddable":true,"href":"https:\/\/sport.luiss.it\/en\/wp-json\/wp\/v2\/users\/857"}],"replies":[{"embeddable":true,"href":"https:\/\/sport.luiss.it\/en\/wp-json\/wp\/v2\/comments?post=43053"}],"version-history":[{"count":1,"href":"https:\/\/sport.luiss.it\/en\/wp-json\/wp\/v2\/posts\/43053\/revisions"}],"predecessor-version":[{"id":43056,"href":"https:\/\/sport.luiss.it\/en\/wp-json\/wp\/v2\/posts\/43053\/revisions\/43056"}],"wp:featuredmedia":[{"embeddable":true,"href":"https:\/\/sport.luiss.it\/en\/wp-json\/wp\/v2\/media\/43054"}],"wp:attachment":[{"href":"https:\/\/sport.luiss.it\/en\/wp-json\/wp\/v2\/media?parent=43053"}],"wp:term":[{"taxonomy":"category","embeddable":true,"href":"https:\/\/sport.luiss.it\/en\/wp-json\/wp\/v2\/categories?post=43053"},{"taxonomy":"post_tag","embeddable":true,"href":"https:\/\/sport.luiss.it\/en\/wp-json\/wp\/v2\/tags?post=43053"}],"curies":[{"name":"wp","href":"https:\/\/api.w.org\/{rel}","templated":true}]}}