
{"id":43057,"date":"2026-04-27T11:07:06","date_gmt":"2026-04-27T09:07:06","guid":{"rendered":"https:\/\/sport.luiss.it\/?p=43057"},"modified":"2026-04-27T11:07:06","modified_gmt":"2026-04-27T09:07:06","slug":"team-luiss-atletica-leggera-unipol-crescita-e-qualita-al-trofeo-della-liberazione","status":"publish","type":"post","link":"https:\/\/sport.luiss.it\/en\/2026\/04\/27\/team-luiss-atletica-leggera-unipol-crescita-e-qualita-al-trofeo-della-liberazione\/","title":{"rendered":"Team Luiss Atletica Leggera Unipol, crescita e qualit\u00e0 al Trofeo della Liberazione"},"content":{"rendered":"<p data-start=\"88\" data-end=\"391\">In uno dei contesti pi\u00f9 simbolici e competitivi del calendario nazionale, lo <strong data-start=\"165\" data-end=\"186\">stadio Paolo Rosi<\/strong> ha fatto da palcoscenico alle ottime prestazioni della <strong data-start=\"242\" data-end=\"280\">Team Luiss Atletica Leggera Unipol<\/strong>, protagonista al <strong data-start=\"298\" data-end=\"326\">Trofeo della Liberazione<\/strong> con risultati che confermano il percorso di crescita del gruppo.<\/p>\n<p data-start=\"393\" data-end=\"643\">In una manifestazione caratterizzata da alto livello tecnico e ampia partecipazione, gli atleti e le atlete del <strong data-start=\"242\" data-end=\"280\">Team Luiss Atletica Leggera Unipol<\/strong> hanno dimostrato determinazione, solidit\u00e0 e progressi evidenti, mettendo in luce il valore di un progetto che continua a svilupparsi con continuit\u00e0.<\/p>\n<p data-start=\"645\" data-end=\"1030\">A distinguersi sugli <strong data-start=\"666\" data-end=\"679\">800 metri<\/strong> \u00e8 stata <strong data-start=\"688\" data-end=\"710\">Giorgia Piccolella<\/strong>, autrice di una prova intelligente e ben gestita sul piano tattico. Il tempo di <strong data-start=\"791\" data-end=\"802\">2:36.84<\/strong> le \u00e8 valso il secondo posto nella propria batteria, oltre a un piazzamento competitivo nella classifica generale, segnale di una crescita costante e di margini ancora ampi di miglioramento.<\/p>\n<p data-start=\"1032\" data-end=\"1373\">Grande prova anche nei <strong data-start=\"1055\" data-end=\"1068\">400 metri<\/strong> per <strong data-start=\"1073\" data-end=\"1091\">Orfeo Sirianni<\/strong>, capace di imporsi nella propria serie con un eccellente <strong data-start=\"1149\" data-end=\"1158\">53.64<\/strong>, conquistando il primo posto in batteria. Una prestazione che evidenzia qualit\u00e0 tecniche e capacit\u00e0 di gestione della gara, elementi fondamentali per competere ad alto livello.<\/p>\n<p data-start=\"1375\" data-end=\"1761\">Sui <strong data-start=\"1379\" data-end=\"1393\">1500 metri<\/strong>, <strong data-start=\"1395\" data-end=\"1421\">Mattia Francesco Dursi<\/strong> ha confermato la solidit\u00e0 del lavoro svolto in allenamento, chiudendo con un ottimo <strong data-start=\"1506\" data-end=\"1517\">4:37.10<\/strong> e conquistando il quinto posto nella propria batteria, oltre a un piazzamento di rilievo nella classifica generale. Una gara costruita con ritmo e resistenza, che testimonia la maturit\u00e0 atletica raggiunta.<\/p>\n<p data-start=\"1763\" data-end=\"2019\">Impegno e determinazione anche nei <strong data-start=\"1798\" data-end=\"1811\">200 metri<\/strong>, dove <strong data-start=\"1818\" data-end=\"1838\">Giorgio Martella<\/strong> ha affrontato una competizione particolarmente affollata e di alto livello, portando a termine la propria prova con grande spirito agonistico .<\/p>\n<p data-start=\"2021\" data-end=\"2416\">Al di l\u00e0 dei singoli risultati, ci\u00f2 che emerge con forza \u00e8 la crescita complessiva della squadra. Dietro ogni prestazione c\u2019\u00e8 un lavoro quotidiano fatto di programmazione, attenzione ai dettagli e passione, guidato dallo staff tecnico composto da <strong data-start=\"2268\" data-end=\"2312\">Coach Casimiro Sciscione e Chiara Crippa<\/strong>, con il supporto dei team manager <strong data-start=\"2347\" data-end=\"2377\">Luca Cianci e Giulia Sorci<\/strong> .<\/p>\n<p data-start=\"2418\" data-end=\"2648\">La partecipazione al Trofeo della Liberazione si traduce cos\u00ec in un bilancio ampiamente positivo per il <strong data-start=\"2522\" data-end=\"2560\">Team Luiss Atletica Leggera Unipol<\/strong>: risultati concreti, segnali incoraggianti e un gruppo sempre pi\u00f9 solido e competitivo.<\/p>\n<p data-start=\"2650\" data-end=\"2832\" data-is-last-node=\"\" data-is-only-node=\"\">Un percorso in continua evoluzione, che conferma come la strada intrapresa sia quella giusta, con l\u2019obiettivo di continuare a crescere e a raggiungere traguardi sempre pi\u00f9 ambiziosi.<\/p>\n","protected":false},"excerpt":{"rendered":"<p>In uno dei contesti pi\u00f9 simbolici e competitivi del calendario nazionale, lo stadio Paolo Rosi ha fatto da palcoscenico alle ottime prestazioni della Team Luiss Atletica Leggera Unipol, protagonista al [&hellip;]<\/p>\n","protected":false},"author":857,"featured_media":43058,"comment_status":"closed","ping_status":"open","sticky":false,"template":"","format":"standard","meta":{"_monsterinsights_skip_tracking":false,"_monsterinsights_sitenote_active":false,"_monsterinsights_sitenote_note":"","_monsterinsights_sitenote_category":0,"footnotes":""},"categories":[175,37,140],"tags":[],"class_list":["post-43057","post","type-post","status-publish","format-standard","has-post-thumbnail","hentry","category-news-atletica-leggera","category-news-squadre","category-primo-piano"],"yoast_head":"<!-- This site is optimized with the Yoast SEO plugin v26.5 - https:\/\/yoast.com\/wordpress\/plugins\/seo\/ -->\n<title>Team Luiss Atletica Leggera Unipol, crescita e qualit\u00e0 al Trofeo della Liberazione - Luiss Sport - Luiss Guido Carli<\/title>\n<meta name=\"robots\" content=\"index, follow, max-snippet:-1, max-image-preview:large, max-video-preview:-1\" \/>\n<link rel=\"canonical\" href=\"https:\/\/sport.luiss.it\/2026\/04\/27\/team-luiss-atletica-leggera-unipol-crescita-e-qualita-al-trofeo-della-liberazione\/\" \/>\n<meta property=\"og:locale\" content=\"en_US\" \/>\n<meta property=\"og:type\" content=\"article\" \/>\n<meta property=\"og:title\" content=\"Team Luiss Atletica Leggera Unipol, crescita e qualit\u00e0 al Trofeo della Liberazione - Luiss Sport - Luiss Guido Carli\" \/>\n<meta property=\"og:description\" content=\"In uno dei contesti pi\u00f9 simbolici e competitivi del calendario nazionale, lo stadio Paolo Rosi ha fatto da palcoscenico alle ottime prestazioni della Team Luiss Atletica Leggera Unipol, protagonista al [&hellip;]\" \/>\n<meta property=\"og:url\" content=\"https:\/\/sport.luiss.it\/2026\/04\/27\/team-luiss-atletica-leggera-unipol-crescita-e-qualita-al-trofeo-della-liberazione\/\" \/>\n<meta property=\"og:site_name\" content=\"Luiss Sport - Luiss Guido Carli\" \/>\n<meta property=\"article:publisher\" content=\"https:\/\/www.facebook.com\/sportluiss\/\" \/>\n<meta property=\"article:published_time\" content=\"2026-04-27T09:07:06+00:00\" \/>\n<meta property=\"og:image\" content=\"https:\/\/sport.luiss.it\/wp-content\/uploads\/2026\/04\/Frame-995.png\" \/>\n\t<meta property=\"og:image:width\" content=\"1536\" \/>\n\t<meta property=\"og:image:height\" content=\"962\" \/>\n\t<meta property=\"og:image:type\" content=\"image\/png\" \/>\n<meta name=\"author\" content=\"finozzif\" \/>\n<meta name=\"twitter:card\" content=\"summary_large_image\" \/>\n<meta name=\"twitter:label1\" content=\"Written by\" \/>\n\t<meta name=\"twitter:data1\" content=\"finozzif\" \/>\n\t<meta name=\"twitter:label2\" content=\"Est. reading time\" \/>\n\t<meta name=\"twitter:data2\" content=\"2 minutes\" \/>\n<script type=\"application\/ld+json\" class=\"yoast-schema-graph\">{\"@context\":\"https:\/\/schema.org\",\"@graph\":[{\"@type\":\"WebPage\",\"@id\":\"https:\/\/sport.luiss.it\/2026\/04\/27\/team-luiss-atletica-leggera-unipol-crescita-e-qualita-al-trofeo-della-liberazione\/\",\"url\":\"https:\/\/sport.luiss.it\/2026\/04\/27\/team-luiss-atletica-leggera-unipol-crescita-e-qualita-al-trofeo-della-liberazione\/\",\"name\":\"Team Luiss Atletica Leggera Unipol, crescita e qualit\u00e0 al Trofeo della Liberazione - Luiss Sport - Luiss Guido Carli\",\"isPartOf\":{\"@id\":\"https:\/\/sport.luiss.it\/#website\"},\"primaryImageOfPage\":{\"@id\":\"https:\/\/sport.luiss.it\/2026\/04\/27\/team-luiss-atletica-leggera-unipol-crescita-e-qualita-al-trofeo-della-liberazione\/#primaryimage\"},\"image\":{\"@id\":\"https:\/\/sport.luiss.it\/2026\/04\/27\/team-luiss-atletica-leggera-unipol-crescita-e-qualita-al-trofeo-della-liberazione\/#primaryimage\"},\"thumbnailUrl\":\"https:\/\/sport.luiss.it\/wp-content\/uploads\/2026\/04\/Frame-995.png\",\"datePublished\":\"2026-04-27T09:07:06+00:00\",\"author\":{\"@id\":\"https:\/\/sport.luiss.it\/#\/schema\/person\/15b85e584f5e640e55d6ba4c7ad8e22e\"},\"breadcrumb\":{\"@id\":\"https:\/\/sport.luiss.it\/2026\/04\/27\/team-luiss-atletica-leggera-unipol-crescita-e-qualita-al-trofeo-della-liberazione\/#breadcrumb\"},\"inLanguage\":\"en-US\",\"potentialAction\":[{\"@type\":\"ReadAction\",\"target\":[\"https:\/\/sport.luiss.it\/2026\/04\/27\/team-luiss-atletica-leggera-unipol-crescita-e-qualita-al-trofeo-della-liberazione\/\"]}]},{\"@type\":\"ImageObject\",\"inLanguage\":\"en-US\",\"@id\":\"https:\/\/sport.luiss.it\/2026\/04\/27\/team-luiss-atletica-leggera-unipol-crescita-e-qualita-al-trofeo-della-liberazione\/#primaryimage\",\"url\":\"https:\/\/sport.luiss.it\/wp-content\/uploads\/2026\/04\/Frame-995.png\",\"contentUrl\":\"https:\/\/sport.luiss.it\/wp-content\/uploads\/2026\/04\/Frame-995.png\",\"width\":1536,\"height\":962},{\"@type\":\"BreadcrumbList\",\"@id\":\"https:\/\/sport.luiss.it\/2026\/04\/27\/team-luiss-atletica-leggera-unipol-crescita-e-qualita-al-trofeo-della-liberazione\/#breadcrumb\",\"itemListElement\":[{\"@type\":\"ListItem\",\"position\":1,\"name\":\"Home\",\"item\":\"https:\/\/sport.luiss.it\/en\/\"},{\"@type\":\"ListItem\",\"position\":2,\"name\":\"Team Luiss Atletica Leggera Unipol, crescita e qualit\u00e0 al Trofeo della Liberazione\"}]},{\"@type\":\"WebSite\",\"@id\":\"https:\/\/sport.luiss.it\/#website\",\"url\":\"https:\/\/sport.luiss.it\/\",\"name\":\"Luiss Sport - Luiss Guido Carli\",\"description\":\"Luiss Sport\",\"potentialAction\":[{\"@type\":\"SearchAction\",\"target\":{\"@type\":\"EntryPoint\",\"urlTemplate\":\"https:\/\/sport.luiss.it\/?s={search_term_string}\"},\"query-input\":{\"@type\":\"PropertyValueSpecification\",\"valueRequired\":true,\"valueName\":\"search_term_string\"}}],\"inLanguage\":\"en-US\"},{\"@type\":\"Person\",\"@id\":\"https:\/\/sport.luiss.it\/#\/schema\/person\/15b85e584f5e640e55d6ba4c7ad8e22e\",\"name\":\"finozzif\",\"image\":{\"@type\":\"ImageObject\",\"inLanguage\":\"en-US\",\"@id\":\"https:\/\/sport.luiss.it\/#\/schema\/person\/image\/\",\"url\":\"https:\/\/secure.gravatar.com\/avatar\/062fb1f3c45f03617d1211ad699338592b881c6cf71885645e88bc6dc9a4bfbc?s=96&d=mm&r=g\",\"contentUrl\":\"https:\/\/secure.gravatar.com\/avatar\/062fb1f3c45f03617d1211ad699338592b881c6cf71885645e88bc6dc9a4bfbc?s=96&d=mm&r=g\",\"caption\":\"finozzif\"}}]}<\/script>\n<!-- \/ Yoast SEO plugin. -->","yoast_head_json":{"title":"Team Luiss Atletica Leggera Unipol, crescita e qualit\u00e0 al Trofeo della Liberazione - Luiss Sport - Luiss Guido Carli","robots":{"index":"index","follow":"follow","max-snippet":"max-snippet:-1","max-image-preview":"max-image-preview:large","max-video-preview":"max-video-preview:-1"},"canonical":"https:\/\/sport.luiss.it\/2026\/04\/27\/team-luiss-atletica-leggera-unipol-crescita-e-qualita-al-trofeo-della-liberazione\/","og_locale":"en_US","og_type":"article","og_title":"Team Luiss Atletica Leggera Unipol, crescita e qualit\u00e0 al Trofeo della Liberazione - Luiss Sport - Luiss Guido Carli","og_description":"In uno dei contesti pi\u00f9 simbolici e competitivi del calendario nazionale, lo stadio Paolo Rosi ha fatto da palcoscenico alle ottime prestazioni della Team Luiss Atletica Leggera Unipol, protagonista al [&hellip;]","og_url":"https:\/\/sport.luiss.it\/2026\/04\/27\/team-luiss-atletica-leggera-unipol-crescita-e-qualita-al-trofeo-della-liberazione\/","og_site_name":"Luiss Sport - Luiss Guido Carli","article_publisher":"https:\/\/www.facebook.com\/sportluiss\/","article_published_time":"2026-04-27T09:07:06+00:00","og_image":[{"width":1536,"height":962,"url":"https:\/\/sport.luiss.it\/wp-content\/uploads\/2026\/04\/Frame-995.png","type":"image\/png"}],"author":"finozzif","twitter_card":"summary_large_image","twitter_misc":{"Written by":"finozzif","Est. reading time":"2 minutes"},"schema":{"@context":"https:\/\/schema.org","@graph":[{"@type":"WebPage","@id":"https:\/\/sport.luiss.it\/2026\/04\/27\/team-luiss-atletica-leggera-unipol-crescita-e-qualita-al-trofeo-della-liberazione\/","url":"https:\/\/sport.luiss.it\/2026\/04\/27\/team-luiss-atletica-leggera-unipol-crescita-e-qualita-al-trofeo-della-liberazione\/","name":"Team Luiss Atletica Leggera Unipol, crescita e qualit\u00e0 al Trofeo della Liberazione - Luiss Sport - Luiss Guido Carli","isPartOf":{"@id":"https:\/\/sport.luiss.it\/#website"},"primaryImageOfPage":{"@id":"https:\/\/sport.luiss.it\/2026\/04\/27\/team-luiss-atletica-leggera-unipol-crescita-e-qualita-al-trofeo-della-liberazione\/#primaryimage"},"image":{"@id":"https:\/\/sport.luiss.it\/2026\/04\/27\/team-luiss-atletica-leggera-unipol-crescita-e-qualita-al-trofeo-della-liberazione\/#primaryimage"},"thumbnailUrl":"https:\/\/sport.luiss.it\/wp-content\/uploads\/2026\/04\/Frame-995.png","datePublished":"2026-04-27T09:07:06+00:00","author":{"@id":"https:\/\/sport.luiss.it\/#\/schema\/person\/15b85e584f5e640e55d6ba4c7ad8e22e"},"breadcrumb":{"@id":"https:\/\/sport.luiss.it\/2026\/04\/27\/team-luiss-atletica-leggera-unipol-crescita-e-qualita-al-trofeo-della-liberazione\/#breadcrumb"},"inLanguage":"en-US","potentialAction":[{"@type":"ReadAction","target":["https:\/\/sport.luiss.it\/2026\/04\/27\/team-luiss-atletica-leggera-unipol-crescita-e-qualita-al-trofeo-della-liberazione\/"]}]},{"@type":"ImageObject","inLanguage":"en-US","@id":"https:\/\/sport.luiss.it\/2026\/04\/27\/team-luiss-atletica-leggera-unipol-crescita-e-qualita-al-trofeo-della-liberazione\/#primaryimage","url":"https:\/\/sport.luiss.it\/wp-content\/uploads\/2026\/04\/Frame-995.png","contentUrl":"https:\/\/sport.luiss.it\/wp-content\/uploads\/2026\/04\/Frame-995.png","width":1536,"height":962},{"@type":"BreadcrumbList","@id":"https:\/\/sport.luiss.it\/2026\/04\/27\/team-luiss-atletica-leggera-unipol-crescita-e-qualita-al-trofeo-della-liberazione\/#breadcrumb","itemListElement":[{"@type":"ListItem","position":1,"name":"Home","item":"https:\/\/sport.luiss.it\/en\/"},{"@type":"ListItem","position":2,"name":"Team Luiss Atletica Leggera Unipol, crescita e qualit\u00e0 al Trofeo della Liberazione"}]},{"@type":"WebSite","@id":"https:\/\/sport.luiss.it\/#website","url":"https:\/\/sport.luiss.it\/","name":"Luiss Sport - Luiss Guido Carli","description":"Luiss Sport","potentialAction":[{"@type":"SearchAction","target":{"@type":"EntryPoint","urlTemplate":"https:\/\/sport.luiss.it\/?s={search_term_string}"},"query-input":{"@type":"PropertyValueSpecification","valueRequired":true,"valueName":"search_term_string"}}],"inLanguage":"en-US"},{"@type":"Person","@id":"https:\/\/sport.luiss.it\/#\/schema\/person\/15b85e584f5e640e55d6ba4c7ad8e22e","name":"finozzif","image":{"@type":"ImageObject","inLanguage":"en-US","@id":"https:\/\/sport.luiss.it\/#\/schema\/person\/image\/","url":"https:\/\/secure.gravatar.com\/avatar\/062fb1f3c45f03617d1211ad699338592b881c6cf71885645e88bc6dc9a4bfbc?s=96&d=mm&r=g","contentUrl":"https:\/\/secure.gravatar.com\/avatar\/062fb1f3c45f03617d1211ad699338592b881c6cf71885645e88bc6dc9a4bfbc?s=96&d=mm&r=g","caption":"finozzif"}}]}},"_links":{"self":[{"href":"https:\/\/sport.luiss.it\/en\/wp-json\/wp\/v2\/posts\/43057","targetHints":{"allow":["GET"]}}],"collection":[{"href":"https:\/\/sport.luiss.it\/en\/wp-json\/wp\/v2\/posts"}],"about":[{"href":"https:\/\/sport.luiss.it\/en\/wp-json\/wp\/v2\/types\/post"}],"author":[{"embeddable":true,"href":"https:\/\/sport.luiss.it\/en\/wp-json\/wp\/v2\/users\/857"}],"replies":[{"embeddable":true,"href":"https:\/\/sport.luiss.it\/en\/wp-json\/wp\/v2\/comments?post=43057"}],"version-history":[{"count":1,"href":"https:\/\/sport.luiss.it\/en\/wp-json\/wp\/v2\/posts\/43057\/revisions"}],"predecessor-version":[{"id":43060,"href":"https:\/\/sport.luiss.it\/en\/wp-json\/wp\/v2\/posts\/43057\/revisions\/43060"}],"wp:featuredmedia":[{"embeddable":true,"href":"https:\/\/sport.luiss.it\/en\/wp-json\/wp\/v2\/media\/43058"}],"wp:attachment":[{"href":"https:\/\/sport.luiss.it\/en\/wp-json\/wp\/v2\/media?parent=43057"}],"wp:term":[{"taxonomy":"category","embeddable":true,"href":"https:\/\/sport.luiss.it\/en\/wp-json\/wp\/v2\/categories?post=43057"},{"taxonomy":"post_tag","embeddable":true,"href":"https:\/\/sport.luiss.it\/en\/wp-json\/wp\/v2\/tags?post=43057"}],"curies":[{"name":"wp","href":"https:\/\/api.w.org\/{rel}","templated":true}]}}