
{"id":43065,"date":"2026-04-28T17:08:38","date_gmt":"2026-04-28T15:08:38","guid":{"rendered":"https:\/\/sport.luiss.it\/?p=43065"},"modified":"2026-04-28T17:08:38","modified_gmt":"2026-04-28T15:08:38","slug":"il-team-luiss-ciclismo-hitachi-vantara-ssg-affronta-la-79a-edizione-del-gran-premio-della-liberazione","status":"publish","type":"post","link":"https:\/\/sport.luiss.it\/en\/2026\/04\/28\/il-team-luiss-ciclismo-hitachi-vantara-ssg-affronta-la-79a-edizione-del-gran-premio-della-liberazione\/","title":{"rendered":"Il Team Luiss Ciclismo Hitachi Vantara \u2013 SSG affronta la 79\u00aa edizione del Gran Premio della Liberazione"},"content":{"rendered":"<p data-start=\"99\" data-end=\"450\">Un\u2019esperienza che va oltre il risultato. Un banco di prova vero, nel cuore di Roma, su uno dei palcoscenici pi\u00f9 iconici del ciclismo internazionale. Il <strong data-start=\"251\" data-end=\"296\">Team Luiss Ciclismo Hitachi Vantara \u2013 SSG<\/strong> ha preso parte alla <strong data-start=\"317\" data-end=\"367\">79\u00aa edizione del Gran Premio della Liberazione<\/strong>, confermandosi protagonista di una gara di altissimo livello tecnico e agonistico.<\/p>\n<p data-start=\"452\" data-end=\"771\">Inserita nel calendario <strong data-start=\"476\" data-end=\"483\">UCI<\/strong> e <strong data-start=\"486\" data-end=\"493\">FCI<\/strong>, la storica corsa del 25 aprile \u2013 conosciuta come il \u201cMondiale di Primavera\u201d \u2013 ha riportato oltre <strong data-start=\"592\" data-end=\"626\">mille atleti da tutto il mondo<\/strong> sulle strade dello spettacolare circuito delle <strong data-start=\"674\" data-end=\"696\">Terme di Caracalla<\/strong>, in un contesto unico per tradizione, pubblico e qualit\u00e0 dei partecipanti.<\/p>\n<p data-start=\"773\" data-end=\"1237\">Correre in casa, davanti al proprio pubblico, ha rappresentato per gli atleti del <strong data-start=\"251\" data-end=\"296\">Team Luiss Ciclismo Hitachi Vantara \u2013 SSG <\/strong>un\u2019opportunit\u00e0 speciale, vissuta con orgoglio e determinazione. Il team ha affrontato una gara completamente diversa dalle classiche Granfondo: nove giri a <strong>ritmi altissimi<\/strong>, con una media di circa <strong data-start=\"1053\" data-end=\"1064\">40 km\/h<\/strong>, su un <strong>percorso estremamente tecnico<\/strong>, fatto di curve strette, cambi di direzione continui e tratti in salita e discesa capaci di fare selezione ad ogni passaggio.<\/p>\n<p data-start=\"1239\" data-end=\"1700\">Sin dalle fasi iniziali, \u00e8 emersa la maturit\u00e0 tattica della squadra. La strategia era chiara: <strong data-start=\"1333\" data-end=\"1417\">stare davanti, evitare le retrovie e interpretare al meglio ogni fase della gara<\/strong>, in un contesto dove ogni errore si paga caro. Un lavoro di squadra preciso, in cui il team e il compagno di squadra<strong> Federico Forestieri<\/strong> hanno supportato al meglio <strong data-start=\"126\" data-end=\"143\">Antonio Span\u00f2<\/strong>, accompagnandolo nella lettura della corsa e nell\u2019individuazione degli avversari chiave da seguire.<\/p>\n<p data-start=\"1702\" data-end=\"1985\">E la risposta \u00e8 stata all\u2019altezza della sfida. Antonio ha dimostrato solidit\u00e0, resistenza e capacit\u00e0 di stare nel gruppo giusto, tenendo il ritmo di una gara intensa e selettiva. Un risultato che, al di l\u00e0 della classifica, rappresenta un motivo di grande orgoglio per tutto il team.<\/p>\n<p data-start=\"1987\" data-end=\"2249\">In un contesto di questo livello, contro alcuni tra i migliori ciclisti italiani e internazionali, la prestazione della squadra Luiss assume un valore ancora pi\u00f9 significativo: <strong data-start=\"2164\" data-end=\"2213\">competere, resistere e restare dentro la gara<\/strong> \u00e8 gi\u00e0 un segnale forte di crescita.<\/p>\n<p data-start=\"2251\" data-end=\"2543\">Ma oltre alla componente tecnica, resta l\u2019emozione. Quella di correre tra ali di pubblico, di sentire il tifo lungo ogni tratto del circuito, di vivere da protagonisti un evento che \u00e8 storia dello sport. \u00c8 l\u00ec che si ritrova il senso di ogni sacrificio, di ogni allenamento, di ogni obiettivo.<\/p>\n<p data-start=\"2545\" data-end=\"2735\">Il <strong data-start=\"2548\" data-end=\"2593\">Team Luiss Ciclismo Hitachi Vantara \u2013 SSG<\/strong> torna da questa esperienza con maggiore consapevolezza, spirito di squadra e la certezza di poter competere in contesti sempre pi\u00f9 ambiziosi.<\/p>\n","protected":false},"excerpt":{"rendered":"<p>Un\u2019esperienza che va oltre il risultato. Un banco di prova vero, nel cuore di Roma, su uno dei palcoscenici pi\u00f9 iconici del ciclismo internazionale. Il Team Luiss Ciclismo Hitachi Vantara [&hellip;]<\/p>\n","protected":false},"author":857,"featured_media":43066,"comment_status":"closed","ping_status":"open","sticky":false,"template":"","format":"standard","meta":{"_monsterinsights_skip_tracking":false,"_monsterinsights_sitenote_active":false,"_monsterinsights_sitenote_note":"","_monsterinsights_sitenote_category":0,"footnotes":""},"categories":[100,37,140],"tags":[],"class_list":["post-43065","post","type-post","status-publish","format-standard","has-post-thumbnail","hentry","category-news-ciclismo","category-news-squadre","category-primo-piano"],"yoast_head":"<!-- This site is optimized with the Yoast SEO plugin v26.5 - https:\/\/yoast.com\/wordpress\/plugins\/seo\/ -->\n<title>Il Team Luiss Ciclismo Hitachi Vantara \u2013 SSG affronta la 79\u00aa edizione del Gran Premio della Liberazione - Luiss Sport - Luiss Guido Carli<\/title>\n<meta name=\"robots\" content=\"index, follow, max-snippet:-1, max-image-preview:large, max-video-preview:-1\" \/>\n<link rel=\"canonical\" href=\"https:\/\/sport.luiss.it\/2026\/04\/28\/il-team-luiss-ciclismo-hitachi-vantara-ssg-affronta-la-79a-edizione-del-gran-premio-della-liberazione\/\" \/>\n<meta property=\"og:locale\" content=\"en_US\" \/>\n<meta property=\"og:type\" content=\"article\" \/>\n<meta property=\"og:title\" content=\"Il Team Luiss Ciclismo Hitachi Vantara \u2013 SSG affronta la 79\u00aa edizione del Gran Premio della Liberazione - Luiss Sport - Luiss Guido Carli\" \/>\n<meta property=\"og:description\" content=\"Un\u2019esperienza che va oltre il risultato. Un banco di prova vero, nel cuore di Roma, su uno dei palcoscenici pi\u00f9 iconici del ciclismo internazionale. Il Team Luiss Ciclismo Hitachi Vantara [&hellip;]\" \/>\n<meta property=\"og:url\" content=\"https:\/\/sport.luiss.it\/2026\/04\/28\/il-team-luiss-ciclismo-hitachi-vantara-ssg-affronta-la-79a-edizione-del-gran-premio-della-liberazione\/\" \/>\n<meta property=\"og:site_name\" content=\"Luiss Sport - Luiss Guido Carli\" \/>\n<meta property=\"article:publisher\" content=\"https:\/\/www.facebook.com\/sportluiss\/\" \/>\n<meta property=\"article:published_time\" content=\"2026-04-28T15:08:38+00:00\" \/>\n<meta property=\"og:image\" content=\"https:\/\/sport.luiss.it\/wp-content\/uploads\/2026\/04\/Frame-997-1024x522.png\" \/>\n\t<meta property=\"og:image:width\" content=\"1024\" \/>\n\t<meta property=\"og:image:height\" content=\"522\" \/>\n\t<meta property=\"og:image:type\" content=\"image\/png\" \/>\n<meta name=\"author\" content=\"finozzif\" \/>\n<meta name=\"twitter:card\" content=\"summary_large_image\" \/>\n<meta name=\"twitter:label1\" content=\"Written by\" \/>\n\t<meta name=\"twitter:data1\" content=\"finozzif\" \/>\n\t<meta name=\"twitter:label2\" content=\"Est. reading time\" \/>\n\t<meta name=\"twitter:data2\" content=\"2 minutes\" \/>\n<script type=\"application\/ld+json\" class=\"yoast-schema-graph\">{\"@context\":\"https:\/\/schema.org\",\"@graph\":[{\"@type\":\"WebPage\",\"@id\":\"https:\/\/sport.luiss.it\/2026\/04\/28\/il-team-luiss-ciclismo-hitachi-vantara-ssg-affronta-la-79a-edizione-del-gran-premio-della-liberazione\/\",\"url\":\"https:\/\/sport.luiss.it\/2026\/04\/28\/il-team-luiss-ciclismo-hitachi-vantara-ssg-affronta-la-79a-edizione-del-gran-premio-della-liberazione\/\",\"name\":\"Il Team Luiss Ciclismo Hitachi Vantara \u2013 SSG affronta la 79\u00aa edizione del Gran Premio della Liberazione - Luiss Sport - Luiss Guido Carli\",\"isPartOf\":{\"@id\":\"https:\/\/sport.luiss.it\/#website\"},\"primaryImageOfPage\":{\"@id\":\"https:\/\/sport.luiss.it\/2026\/04\/28\/il-team-luiss-ciclismo-hitachi-vantara-ssg-affronta-la-79a-edizione-del-gran-premio-della-liberazione\/#primaryimage\"},\"image\":{\"@id\":\"https:\/\/sport.luiss.it\/2026\/04\/28\/il-team-luiss-ciclismo-hitachi-vantara-ssg-affronta-la-79a-edizione-del-gran-premio-della-liberazione\/#primaryimage\"},\"thumbnailUrl\":\"https:\/\/sport.luiss.it\/wp-content\/uploads\/2026\/04\/Frame-997.png\",\"datePublished\":\"2026-04-28T15:08:38+00:00\",\"author\":{\"@id\":\"https:\/\/sport.luiss.it\/#\/schema\/person\/15b85e584f5e640e55d6ba4c7ad8e22e\"},\"breadcrumb\":{\"@id\":\"https:\/\/sport.luiss.it\/2026\/04\/28\/il-team-luiss-ciclismo-hitachi-vantara-ssg-affronta-la-79a-edizione-del-gran-premio-della-liberazione\/#breadcrumb\"},\"inLanguage\":\"en-US\",\"potentialAction\":[{\"@type\":\"ReadAction\",\"target\":[\"https:\/\/sport.luiss.it\/2026\/04\/28\/il-team-luiss-ciclismo-hitachi-vantara-ssg-affronta-la-79a-edizione-del-gran-premio-della-liberazione\/\"]}]},{\"@type\":\"ImageObject\",\"inLanguage\":\"en-US\",\"@id\":\"https:\/\/sport.luiss.it\/2026\/04\/28\/il-team-luiss-ciclismo-hitachi-vantara-ssg-affronta-la-79a-edizione-del-gran-premio-della-liberazione\/#primaryimage\",\"url\":\"https:\/\/sport.luiss.it\/wp-content\/uploads\/2026\/04\/Frame-997.png\",\"contentUrl\":\"https:\/\/sport.luiss.it\/wp-content\/uploads\/2026\/04\/Frame-997.png\",\"width\":1536,\"height\":783},{\"@type\":\"BreadcrumbList\",\"@id\":\"https:\/\/sport.luiss.it\/2026\/04\/28\/il-team-luiss-ciclismo-hitachi-vantara-ssg-affronta-la-79a-edizione-del-gran-premio-della-liberazione\/#breadcrumb\",\"itemListElement\":[{\"@type\":\"ListItem\",\"position\":1,\"name\":\"Home\",\"item\":\"https:\/\/sport.luiss.it\/en\/\"},{\"@type\":\"ListItem\",\"position\":2,\"name\":\"Il Team Luiss Ciclismo Hitachi Vantara \u2013 SSG affronta la 79\u00aa edizione del Gran Premio della Liberazione\"}]},{\"@type\":\"WebSite\",\"@id\":\"https:\/\/sport.luiss.it\/#website\",\"url\":\"https:\/\/sport.luiss.it\/\",\"name\":\"Luiss Sport - Luiss Guido Carli\",\"description\":\"Luiss Sport\",\"potentialAction\":[{\"@type\":\"SearchAction\",\"target\":{\"@type\":\"EntryPoint\",\"urlTemplate\":\"https:\/\/sport.luiss.it\/?s={search_term_string}\"},\"query-input\":{\"@type\":\"PropertyValueSpecification\",\"valueRequired\":true,\"valueName\":\"search_term_string\"}}],\"inLanguage\":\"en-US\"},{\"@type\":\"Person\",\"@id\":\"https:\/\/sport.luiss.it\/#\/schema\/person\/15b85e584f5e640e55d6ba4c7ad8e22e\",\"name\":\"finozzif\",\"image\":{\"@type\":\"ImageObject\",\"inLanguage\":\"en-US\",\"@id\":\"https:\/\/sport.luiss.it\/#\/schema\/person\/image\/\",\"url\":\"https:\/\/secure.gravatar.com\/avatar\/062fb1f3c45f03617d1211ad699338592b881c6cf71885645e88bc6dc9a4bfbc?s=96&d=mm&r=g\",\"contentUrl\":\"https:\/\/secure.gravatar.com\/avatar\/062fb1f3c45f03617d1211ad699338592b881c6cf71885645e88bc6dc9a4bfbc?s=96&d=mm&r=g\",\"caption\":\"finozzif\"}}]}<\/script>\n<!-- \/ Yoast SEO plugin. -->","yoast_head_json":{"title":"Il Team Luiss Ciclismo Hitachi Vantara \u2013 SSG affronta la 79\u00aa edizione del Gran Premio della Liberazione - Luiss Sport - Luiss Guido Carli","robots":{"index":"index","follow":"follow","max-snippet":"max-snippet:-1","max-image-preview":"max-image-preview:large","max-video-preview":"max-video-preview:-1"},"canonical":"https:\/\/sport.luiss.it\/2026\/04\/28\/il-team-luiss-ciclismo-hitachi-vantara-ssg-affronta-la-79a-edizione-del-gran-premio-della-liberazione\/","og_locale":"en_US","og_type":"article","og_title":"Il Team Luiss Ciclismo Hitachi Vantara \u2013 SSG affronta la 79\u00aa edizione del Gran Premio della Liberazione - Luiss Sport - Luiss Guido Carli","og_description":"Un\u2019esperienza che va oltre il risultato. Un banco di prova vero, nel cuore di Roma, su uno dei palcoscenici pi\u00f9 iconici del ciclismo internazionale. Il Team Luiss Ciclismo Hitachi Vantara [&hellip;]","og_url":"https:\/\/sport.luiss.it\/2026\/04\/28\/il-team-luiss-ciclismo-hitachi-vantara-ssg-affronta-la-79a-edizione-del-gran-premio-della-liberazione\/","og_site_name":"Luiss Sport - Luiss Guido Carli","article_publisher":"https:\/\/www.facebook.com\/sportluiss\/","article_published_time":"2026-04-28T15:08:38+00:00","og_image":[{"width":1024,"height":522,"url":"https:\/\/sport.luiss.it\/wp-content\/uploads\/2026\/04\/Frame-997-1024x522.png","type":"image\/png"}],"author":"finozzif","twitter_card":"summary_large_image","twitter_misc":{"Written by":"finozzif","Est. reading time":"2 minutes"},"schema":{"@context":"https:\/\/schema.org","@graph":[{"@type":"WebPage","@id":"https:\/\/sport.luiss.it\/2026\/04\/28\/il-team-luiss-ciclismo-hitachi-vantara-ssg-affronta-la-79a-edizione-del-gran-premio-della-liberazione\/","url":"https:\/\/sport.luiss.it\/2026\/04\/28\/il-team-luiss-ciclismo-hitachi-vantara-ssg-affronta-la-79a-edizione-del-gran-premio-della-liberazione\/","name":"Il Team Luiss Ciclismo Hitachi Vantara \u2013 SSG affronta la 79\u00aa edizione del Gran Premio della Liberazione - Luiss Sport - Luiss Guido Carli","isPartOf":{"@id":"https:\/\/sport.luiss.it\/#website"},"primaryImageOfPage":{"@id":"https:\/\/sport.luiss.it\/2026\/04\/28\/il-team-luiss-ciclismo-hitachi-vantara-ssg-affronta-la-79a-edizione-del-gran-premio-della-liberazione\/#primaryimage"},"image":{"@id":"https:\/\/sport.luiss.it\/2026\/04\/28\/il-team-luiss-ciclismo-hitachi-vantara-ssg-affronta-la-79a-edizione-del-gran-premio-della-liberazione\/#primaryimage"},"thumbnailUrl":"https:\/\/sport.luiss.it\/wp-content\/uploads\/2026\/04\/Frame-997.png","datePublished":"2026-04-28T15:08:38+00:00","author":{"@id":"https:\/\/sport.luiss.it\/#\/schema\/person\/15b85e584f5e640e55d6ba4c7ad8e22e"},"breadcrumb":{"@id":"https:\/\/sport.luiss.it\/2026\/04\/28\/il-team-luiss-ciclismo-hitachi-vantara-ssg-affronta-la-79a-edizione-del-gran-premio-della-liberazione\/#breadcrumb"},"inLanguage":"en-US","potentialAction":[{"@type":"ReadAction","target":["https:\/\/sport.luiss.it\/2026\/04\/28\/il-team-luiss-ciclismo-hitachi-vantara-ssg-affronta-la-79a-edizione-del-gran-premio-della-liberazione\/"]}]},{"@type":"ImageObject","inLanguage":"en-US","@id":"https:\/\/sport.luiss.it\/2026\/04\/28\/il-team-luiss-ciclismo-hitachi-vantara-ssg-affronta-la-79a-edizione-del-gran-premio-della-liberazione\/#primaryimage","url":"https:\/\/sport.luiss.it\/wp-content\/uploads\/2026\/04\/Frame-997.png","contentUrl":"https:\/\/sport.luiss.it\/wp-content\/uploads\/2026\/04\/Frame-997.png","width":1536,"height":783},{"@type":"BreadcrumbList","@id":"https:\/\/sport.luiss.it\/2026\/04\/28\/il-team-luiss-ciclismo-hitachi-vantara-ssg-affronta-la-79a-edizione-del-gran-premio-della-liberazione\/#breadcrumb","itemListElement":[{"@type":"ListItem","position":1,"name":"Home","item":"https:\/\/sport.luiss.it\/en\/"},{"@type":"ListItem","position":2,"name":"Il Team Luiss Ciclismo Hitachi Vantara \u2013 SSG affronta la 79\u00aa edizione del Gran Premio della Liberazione"}]},{"@type":"WebSite","@id":"https:\/\/sport.luiss.it\/#website","url":"https:\/\/sport.luiss.it\/","name":"Luiss Sport - Luiss Guido Carli","description":"Luiss Sport","potentialAction":[{"@type":"SearchAction","target":{"@type":"EntryPoint","urlTemplate":"https:\/\/sport.luiss.it\/?s={search_term_string}"},"query-input":{"@type":"PropertyValueSpecification","valueRequired":true,"valueName":"search_term_string"}}],"inLanguage":"en-US"},{"@type":"Person","@id":"https:\/\/sport.luiss.it\/#\/schema\/person\/15b85e584f5e640e55d6ba4c7ad8e22e","name":"finozzif","image":{"@type":"ImageObject","inLanguage":"en-US","@id":"https:\/\/sport.luiss.it\/#\/schema\/person\/image\/","url":"https:\/\/secure.gravatar.com\/avatar\/062fb1f3c45f03617d1211ad699338592b881c6cf71885645e88bc6dc9a4bfbc?s=96&d=mm&r=g","contentUrl":"https:\/\/secure.gravatar.com\/avatar\/062fb1f3c45f03617d1211ad699338592b881c6cf71885645e88bc6dc9a4bfbc?s=96&d=mm&r=g","caption":"finozzif"}}]}},"_links":{"self":[{"href":"https:\/\/sport.luiss.it\/en\/wp-json\/wp\/v2\/posts\/43065","targetHints":{"allow":["GET"]}}],"collection":[{"href":"https:\/\/sport.luiss.it\/en\/wp-json\/wp\/v2\/posts"}],"about":[{"href":"https:\/\/sport.luiss.it\/en\/wp-json\/wp\/v2\/types\/post"}],"author":[{"embeddable":true,"href":"https:\/\/sport.luiss.it\/en\/wp-json\/wp\/v2\/users\/857"}],"replies":[{"embeddable":true,"href":"https:\/\/sport.luiss.it\/en\/wp-json\/wp\/v2\/comments?post=43065"}],"version-history":[{"count":1,"href":"https:\/\/sport.luiss.it\/en\/wp-json\/wp\/v2\/posts\/43065\/revisions"}],"predecessor-version":[{"id":43068,"href":"https:\/\/sport.luiss.it\/en\/wp-json\/wp\/v2\/posts\/43065\/revisions\/43068"}],"wp:featuredmedia":[{"embeddable":true,"href":"https:\/\/sport.luiss.it\/en\/wp-json\/wp\/v2\/media\/43066"}],"wp:attachment":[{"href":"https:\/\/sport.luiss.it\/en\/wp-json\/wp\/v2\/media?parent=43065"}],"wp:term":[{"taxonomy":"category","embeddable":true,"href":"https:\/\/sport.luiss.it\/en\/wp-json\/wp\/v2\/categories?post=43065"},{"taxonomy":"post_tag","embeddable":true,"href":"https:\/\/sport.luiss.it\/en\/wp-json\/wp\/v2\/tags?post=43065"}],"curies":[{"name":"wp","href":"https:\/\/api.w.org\/{rel}","templated":true}]}}