
{"id":4326,"date":"2012-02-21T11:54:57","date_gmt":"2012-02-21T11:54:57","guid":{"rendered":"https:\/\/sport.luiss.it\/?p=4326"},"modified":"2012-02-21T11:54:57","modified_gmt":"2012-02-21T11:54:57","slug":"luiss-oggi-lappuntamento-con-la-storia","status":"publish","type":"post","link":"https:\/\/sport.luiss.it\/en\/2012\/02\/21\/luiss-oggi-lappuntamento-con-la-storia\/","title":{"rendered":"LUISS: oggi l&#8217;appuntamento con la storia!!!"},"content":{"rendered":"<p><a href=\"https:\/\/sport.luiss.it\/wp-content\/uploads\/2012\/02\/Luiss-Roma1.png\"><img loading=\"lazy\" decoding=\"async\" class=\"alignleft size-full wp-image-4329\" title=\"Luiss-Roma\" src=\"https:\/\/sport.luiss.it\/wp-content\/uploads\/2012\/02\/Luiss-Roma1.png\" alt=\"\" width=\"243\" height=\"300\" \/><\/a>E\u2019 arrivato l\u2019appuntamento con la storia per la LUISS Roma che oggi, <strong>21 febbraio<\/strong>, affronter\u00e0 alla Palestra Comunale di Porano (TR) il <strong>Costone Siena<\/strong> in occasione dello spareggio valevole per la qualificazione alle Final Eight di Coppa Italia.<\/p>\n<p>La gara si disputer\u00e0 dopo il rinvio di due settimane fa del match inizialmente previsto a Perugia, posticipato a causa della neve che ha colpito tutta l\u2019Italia rendendo impossibile gli spostamenti delle squadre. Successivamente la Lega Nazionale Pallacanestro ha incontrato delle difficolt\u00e0 nel trovare un campo adatto alla manifestazione, e quindi la scelta della data giusta per disputare la gara si \u00e8 protratta fino alla scorsa settimana, quando si \u00e8 deciso che Porano fosse il luogo adatto ed equidistante sia per i capitolini che per la squadra della citt\u00e0 del Palio.<\/p>\n<p>Il team Universitario, che ha chiuso il girone d\u2019andata al primo posto in classifica, si trover\u00e0 di fronte la capolista del girone E della DNC, che pu\u00f2 vantare nel suo roster giocatori di assoluto livello come <strong>Andrea Cessel<\/strong>, che ha calcato per anni i parquet pi\u00f9 nobili della pallacanestro italiana indossando le maglie della Virtus Roma, della Fortitudo Bologna, della Fulgor Libertas Forl\u00ec, di Napoli e Livorno e che \u00e8 quindi l\u2019elemento di spicco della formazione senese. Il miglior marcatore, per\u00f2, della squadra allenata da Marco Collini \u00e8 Luigi Bruttini, seguito da Gambelli, Franceschini e Solfrizzi.<\/p>\n<p>I luissini si presentano a Porano con la consapevolezza di affrontare un\u2019ottima squadra, ma anche con le giuste motivazioni ed una grande carica per riuscire a concretizzare la qualificazione alla fase finale della Coppa Italia, proprio come dichiara <strong>Max Briscese<\/strong>, allenatore bianco blu: \u201c<em>Siamo motivati e vogliosi di fare una grande partita per raggiungere un traguardo cos\u00ec prestigioso. Siena \u00e8 una formazione forte ma noi scenderemo in campo per vincere e regalarci la grande soddisfazione di arrivare a disputare le Final Eight di Legnano<\/em>.\u201d<\/p>\n<p>Il match tra Costone Siena e LUISS Roma andr\u00e0 in scena oggi alle <strong>ore 19 presso la Palestra Comunale di Porano (TR)<\/strong> dove ad arbitrare sono chiamati i Signori Antonio Errico di Perugia e Guido Giovannetti di Terni (TR).<\/p>\n<p><strong>Danila Di Biase<\/strong><\/p>\n","protected":false},"excerpt":{"rendered":"<p>E\u2019 arrivato l\u2019appuntamento con la storia per la LUISS Roma che oggi, 21 febbraio, affronter\u00e0 alla Palestra Comunale di Porano (TR) il Costone Siena in occasione dello spareggio valevole per [&hellip;]<\/p>\n","protected":false},"author":441,"featured_media":4329,"comment_status":"closed","ping_status":"closed","sticky":false,"template":"","format":"standard","meta":{"_monsterinsights_skip_tracking":false,"_monsterinsights_sitenote_active":false,"_monsterinsights_sitenote_note":"","_monsterinsights_sitenote_category":0,"footnotes":""},"categories":[114],"tags":[],"class_list":["post-4326","post","type-post","status-publish","format-standard","has-post-thumbnail","hentry","category-news-basket-c"],"yoast_head":"<!-- This site is optimized with the Yoast SEO plugin v26.5 - https:\/\/yoast.com\/wordpress\/plugins\/seo\/ -->\n<title>LUISS: oggi l&#039;appuntamento con la storia!!! - Luiss Sport - Luiss Guido Carli<\/title>\n<meta name=\"robots\" content=\"index, follow, max-snippet:-1, max-image-preview:large, max-video-preview:-1\" \/>\n<link rel=\"canonical\" href=\"https:\/\/sport.luiss.it\/2012\/02\/21\/luiss-oggi-lappuntamento-con-la-storia\/\" \/>\n<meta property=\"og:locale\" content=\"en_US\" \/>\n<meta property=\"og:type\" content=\"article\" \/>\n<meta property=\"og:title\" content=\"LUISS: oggi l&#039;appuntamento con la storia!!! - Luiss Sport - Luiss Guido Carli\" \/>\n<meta property=\"og:description\" content=\"E\u2019 arrivato l\u2019appuntamento con la storia per la LUISS Roma che oggi, 21 febbraio, affronter\u00e0 alla Palestra Comunale di Porano (TR) il Costone Siena in occasione dello spareggio valevole per [&hellip;]\" \/>\n<meta property=\"og:url\" content=\"https:\/\/sport.luiss.it\/2012\/02\/21\/luiss-oggi-lappuntamento-con-la-storia\/\" \/>\n<meta property=\"og:site_name\" content=\"Luiss Sport - Luiss Guido Carli\" \/>\n<meta property=\"article:publisher\" content=\"https:\/\/www.facebook.com\/sportluiss\/\" \/>\n<meta property=\"article:published_time\" content=\"2012-02-21T11:54:57+00:00\" \/>\n<meta name=\"twitter:card\" content=\"summary_large_image\" \/>\n<meta name=\"twitter:label1\" content=\"Written by\" \/>\n\t<meta name=\"twitter:data1\" content=\"\" \/>\n\t<meta name=\"twitter:label2\" content=\"Est. reading time\" \/>\n\t<meta name=\"twitter:data2\" content=\"2 minutes\" \/>\n<script type=\"application\/ld+json\" class=\"yoast-schema-graph\">{\"@context\":\"https:\/\/schema.org\",\"@graph\":[{\"@type\":\"WebPage\",\"@id\":\"https:\/\/sport.luiss.it\/2012\/02\/21\/luiss-oggi-lappuntamento-con-la-storia\/\",\"url\":\"https:\/\/sport.luiss.it\/2012\/02\/21\/luiss-oggi-lappuntamento-con-la-storia\/\",\"name\":\"LUISS: oggi l'appuntamento con la storia!!! - Luiss Sport - Luiss Guido Carli\",\"isPartOf\":{\"@id\":\"https:\/\/sport.luiss.it\/#website\"},\"primaryImageOfPage\":{\"@id\":\"https:\/\/sport.luiss.it\/2012\/02\/21\/luiss-oggi-lappuntamento-con-la-storia\/#primaryimage\"},\"image\":{\"@id\":\"https:\/\/sport.luiss.it\/2012\/02\/21\/luiss-oggi-lappuntamento-con-la-storia\/#primaryimage\"},\"thumbnailUrl\":\"\",\"datePublished\":\"2012-02-21T11:54:57+00:00\",\"author\":{\"@id\":\"\"},\"breadcrumb\":{\"@id\":\"https:\/\/sport.luiss.it\/2012\/02\/21\/luiss-oggi-lappuntamento-con-la-storia\/#breadcrumb\"},\"inLanguage\":\"en-US\",\"potentialAction\":[{\"@type\":\"ReadAction\",\"target\":[\"https:\/\/sport.luiss.it\/2012\/02\/21\/luiss-oggi-lappuntamento-con-la-storia\/\"]}]},{\"@type\":\"ImageObject\",\"inLanguage\":\"en-US\",\"@id\":\"https:\/\/sport.luiss.it\/2012\/02\/21\/luiss-oggi-lappuntamento-con-la-storia\/#primaryimage\",\"url\":\"\",\"contentUrl\":\"\"},{\"@type\":\"BreadcrumbList\",\"@id\":\"https:\/\/sport.luiss.it\/2012\/02\/21\/luiss-oggi-lappuntamento-con-la-storia\/#breadcrumb\",\"itemListElement\":[{\"@type\":\"ListItem\",\"position\":1,\"name\":\"Home\",\"item\":\"https:\/\/sport.luiss.it\/en\/\"},{\"@type\":\"ListItem\",\"position\":2,\"name\":\"LUISS: oggi l&#8217;appuntamento con la storia!!!\"}]},{\"@type\":\"WebSite\",\"@id\":\"https:\/\/sport.luiss.it\/#website\",\"url\":\"https:\/\/sport.luiss.it\/\",\"name\":\"Luiss Sport - Luiss Guido Carli\",\"description\":\"Luiss Sport\",\"potentialAction\":[{\"@type\":\"SearchAction\",\"target\":{\"@type\":\"EntryPoint\",\"urlTemplate\":\"https:\/\/sport.luiss.it\/?s={search_term_string}\"},\"query-input\":{\"@type\":\"PropertyValueSpecification\",\"valueRequired\":true,\"valueName\":\"search_term_string\"}}],\"inLanguage\":\"en-US\"},{\"@type\":\"Person\",\"@id\":\"\"}]}<\/script>\n<!-- \/ Yoast SEO plugin. -->","yoast_head_json":{"title":"LUISS: oggi l'appuntamento con la storia!!! - Luiss Sport - Luiss Guido Carli","robots":{"index":"index","follow":"follow","max-snippet":"max-snippet:-1","max-image-preview":"max-image-preview:large","max-video-preview":"max-video-preview:-1"},"canonical":"https:\/\/sport.luiss.it\/2012\/02\/21\/luiss-oggi-lappuntamento-con-la-storia\/","og_locale":"en_US","og_type":"article","og_title":"LUISS: oggi l'appuntamento con la storia!!! - Luiss Sport - Luiss Guido Carli","og_description":"E\u2019 arrivato l\u2019appuntamento con la storia per la LUISS Roma che oggi, 21 febbraio, affronter\u00e0 alla Palestra Comunale di Porano (TR) il Costone Siena in occasione dello spareggio valevole per [&hellip;]","og_url":"https:\/\/sport.luiss.it\/2012\/02\/21\/luiss-oggi-lappuntamento-con-la-storia\/","og_site_name":"Luiss Sport - Luiss Guido Carli","article_publisher":"https:\/\/www.facebook.com\/sportluiss\/","article_published_time":"2012-02-21T11:54:57+00:00","twitter_card":"summary_large_image","twitter_misc":{"Written by":"","Est. reading time":"2 minutes"},"schema":{"@context":"https:\/\/schema.org","@graph":[{"@type":"WebPage","@id":"https:\/\/sport.luiss.it\/2012\/02\/21\/luiss-oggi-lappuntamento-con-la-storia\/","url":"https:\/\/sport.luiss.it\/2012\/02\/21\/luiss-oggi-lappuntamento-con-la-storia\/","name":"LUISS: oggi l'appuntamento con la storia!!! - Luiss Sport - Luiss Guido Carli","isPartOf":{"@id":"https:\/\/sport.luiss.it\/#website"},"primaryImageOfPage":{"@id":"https:\/\/sport.luiss.it\/2012\/02\/21\/luiss-oggi-lappuntamento-con-la-storia\/#primaryimage"},"image":{"@id":"https:\/\/sport.luiss.it\/2012\/02\/21\/luiss-oggi-lappuntamento-con-la-storia\/#primaryimage"},"thumbnailUrl":"","datePublished":"2012-02-21T11:54:57+00:00","author":{"@id":""},"breadcrumb":{"@id":"https:\/\/sport.luiss.it\/2012\/02\/21\/luiss-oggi-lappuntamento-con-la-storia\/#breadcrumb"},"inLanguage":"en-US","potentialAction":[{"@type":"ReadAction","target":["https:\/\/sport.luiss.it\/2012\/02\/21\/luiss-oggi-lappuntamento-con-la-storia\/"]}]},{"@type":"ImageObject","inLanguage":"en-US","@id":"https:\/\/sport.luiss.it\/2012\/02\/21\/luiss-oggi-lappuntamento-con-la-storia\/#primaryimage","url":"","contentUrl":""},{"@type":"BreadcrumbList","@id":"https:\/\/sport.luiss.it\/2012\/02\/21\/luiss-oggi-lappuntamento-con-la-storia\/#breadcrumb","itemListElement":[{"@type":"ListItem","position":1,"name":"Home","item":"https:\/\/sport.luiss.it\/en\/"},{"@type":"ListItem","position":2,"name":"LUISS: oggi l&#8217;appuntamento con la storia!!!"}]},{"@type":"WebSite","@id":"https:\/\/sport.luiss.it\/#website","url":"https:\/\/sport.luiss.it\/","name":"Luiss Sport - Luiss Guido Carli","description":"Luiss Sport","potentialAction":[{"@type":"SearchAction","target":{"@type":"EntryPoint","urlTemplate":"https:\/\/sport.luiss.it\/?s={search_term_string}"},"query-input":{"@type":"PropertyValueSpecification","valueRequired":true,"valueName":"search_term_string"}}],"inLanguage":"en-US"},{"@type":"Person","@id":""}]}},"_links":{"self":[{"href":"https:\/\/sport.luiss.it\/en\/wp-json\/wp\/v2\/posts\/4326","targetHints":{"allow":["GET"]}}],"collection":[{"href":"https:\/\/sport.luiss.it\/en\/wp-json\/wp\/v2\/posts"}],"about":[{"href":"https:\/\/sport.luiss.it\/en\/wp-json\/wp\/v2\/types\/post"}],"author":[{"embeddable":true,"href":"https:\/\/sport.luiss.it\/en\/wp-json\/wp\/v2\/users\/441"}],"replies":[{"embeddable":true,"href":"https:\/\/sport.luiss.it\/en\/wp-json\/wp\/v2\/comments?post=4326"}],"version-history":[{"count":0,"href":"https:\/\/sport.luiss.it\/en\/wp-json\/wp\/v2\/posts\/4326\/revisions"}],"wp:featuredmedia":[{"embeddable":true,"href":"https:\/\/sport.luiss.it\/en\/wp-json\/"}],"wp:attachment":[{"href":"https:\/\/sport.luiss.it\/en\/wp-json\/wp\/v2\/media?parent=4326"}],"wp:term":[{"taxonomy":"category","embeddable":true,"href":"https:\/\/sport.luiss.it\/en\/wp-json\/wp\/v2\/categories?post=4326"},{"taxonomy":"post_tag","embeddable":true,"href":"https:\/\/sport.luiss.it\/en\/wp-json\/wp\/v2\/tags?post=4326"}],"curies":[{"name":"wp","href":"https:\/\/api.w.org\/{rel}","templated":true}]}}