
{"id":4462,"date":"2012-02-24T09:40:44","date_gmt":"2012-02-24T09:40:44","guid":{"rendered":"https:\/\/sport.luiss.it\/?p=4462"},"modified":"2012-02-24T09:40:44","modified_gmt":"2012-02-24T09:40:44","slug":"luiss-con-contigliano-per-il-riscatto","status":"publish","type":"post","link":"https:\/\/sport.luiss.it\/en\/2012\/02\/24\/luiss-con-contigliano-per-il-riscatto\/","title":{"rendered":"LUISS, con Contigliano per il riscatto"},"content":{"rendered":"<p><a href=\"https:\/\/sport.luiss.it\/wp-content\/uploads\/2012\/02\/MaxBriscese.png\"><img loading=\"lazy\" decoding=\"async\" class=\"alignleft size-medium wp-image-4463\" title=\"MaxBriscese\" src=\"https:\/\/sport.luiss.it\/wp-content\/uploads\/2012\/02\/MaxBriscese-300x176.png\" alt=\"\" width=\"300\" height=\"176\" \/><\/a>Incassata la terza sconfitta consecutiva fuori casa e l\u2019eliminazione dalla Coppa Italia, c\u2019\u00e8 voglia di riscatto per la LUISS Roma che sabato 25 febbraio ospiter\u00e0 tra le mura amiche la <strong>Nuova Pallacanestro Contigliano<\/strong> nel match valevole per il 23\u00b0 turno (<em>due sono le partite da recuperare, nda<\/em>) del campionato DNC.<br \/>\n\u00a0<br \/>\nIl big-match di questo turno ha un valore particolare, in quanto le due squadre sono attualmente appaiate a quota 28 punti e chi vincer\u00e0 la sfida riuscir\u00e0 a confermarsi tra le prime 4 del girone G, in attesa delle due partite che entrambe le formazioni devono recuperare. La Nuova Pall. Contigliano \u00e8 reduce da 6 vittorie consecutive e verr\u00e0 quindi a Roma per fare bottino pieno e riscattare la sconfitte del girone d\u2019andata, in cui la <strong>LUISS s\u2019impose in terra sabina per 77-74<\/strong>. Da quel momento, la squadra allenata da Matteucci, che non aveva iniziato nel migliore dei modi il campionato, \u00e8 riuscita a risalire la china e a portarsi in prossimit\u00e0 delle prime posizioni della classifica. La formazione Universitaria, dal canto suo, dopo un girone d\u2019andata quasi perfetto con 12 vittorie in 15 partite, ha accusato in questo inizio 2012 un pronosticabile calo fisiologico dovuto alla giovane et\u00e0 della truppa di Briscese e ad impegni ostici come le trasferte a Cassino, Gaeta e in casa della sorprendente Minerva. L\u2019obiettivo della squadra luissina, che marted\u00ec ha visto svanire il sogno di prendere parte alla fase finale della Coppa Italia perdendo lo spareggio contro il Costone Siena, \u00e8 quello di ritornare alla vittoria dopo un periodo non troppo felice, complici anche i rinvii dei match con Valmontone e Viterbo.<\/p>\n<p>E\u2019 <strong>Massimiliano Briscese<\/strong> ad esprimersi sul momento del suo team: \u201c<em>Siamo molto soddisfatti dell\u2019esperienza che stiamo vivendo, perch\u00e9 fare uno spareggio di Coppa Italia ha aggiunto una partita importante utile per la crescita dei ragazzi, sia individuale che di squadra che, sommata alle gare impegnative giocate in campionato, contribuisce in modo decisivo all\u2019arricchimento dal punto di vista dell\u2019esperienza, che risulter\u00e0 molto utile nei momenti in cui dovremo giocare di nuovo partite del genere. Aldil\u00e0 del rammarico di perdere un match, giunto in un momento non proprio brillante dopo un inizio molto positivo, stiamo vivendo un periodo di calo che qualsiasi squadra pu\u00f2 avere durante l\u2019anno, ma noi dobbiamo cercare di capitalizzare l\u2019esperienza fatta sinora, ed essere contenti di quanto abbiamo fatto fino a questo momento. Il percorso che stiamo intraprendendo \u00e8 in linea con quello che ci aspettavamo, anche perch\u00e8 questo gruppo vive in modo molto intenso questo campionato per la prima volta e abbiamo continuato a lavorare con impegno sia quando i risultati ci hanno visto vincitori sia quando ci sono stati momenti difficili. Sappiamo che l\u2019anno sportivo \u00e8 ancora lungo, la brillantezza dei diversi periodi dipende dalle energie a disposizione, e nel nostro caso a questo va aggiungersi anche un impegno universitario molto difficile che coinvolge i ragazzi nella maniera pi\u00f9 totale. Credo<\/em> \u2013 continua l\u2019allenatore bianco blu \u2013 <em>che guardare solo ai risultati nel contesto di una squadra cos\u00ec giovane sia limitante, perch\u00e9 comunque \u00e8 normale che i ragazzi vivano momenti personali e di gruppo difficili, ma l\u2019impegno che ognuno di loro mette in campo quotidianamente mi fa essere ottimista, e sono certo che capitalizzeremo tutto quello che abbiamo vissuto e stiamo vivendo. Ci mettiamo sempre in condizione di essere migliori, di incrementare il nostro bagaglio di esperienza e quindi di essere pronti ad affrontare le partite difficili che ci aspettano, consapevoli di aver gi\u00e0 dato dimostrazione di essere in grado di farlo. In questo periodo magari la buona sorte non ci ha aiutato, ma stiamo superando questo momento difficile, e tutti abbiamo voglia di riscattarci sotto il profilo sportivo<\/em>\u201d.<\/p>\n<p>Per quanto riguarda l\u2019impegno contro Contigliano, Briscese non usa troppi giri di parole: \u201c<em>I nostri avversari non hanno bisogno di presentazioni, nel senso che i nomi dei giocatori che compongono il roster di Contigliano li conosciamo tutti, sono esperti e navigati, e questo ci porta quindi ad affrontare una squadra dura che sta facendo molto bene. Ma allo stesso tempo penso che le partite dure per noi stiano diventando qualcosa a cui aspiriamo, per far s\u00ec che l\u2019esperienza di cui parlavo prima possa permetterci di affrontarle nel modo migliore. Queste sono le gare che aspettiamo, per far vedere che siamo cresciuti, anche se sono sicuro che serviranno ovviamente altre partite per poterci definire una squadra esperta. Il periodo che ci aspetta \u00e8 molto intenso, perch\u00e9 <strong>il calendario ci mette di fronte a partite estremamente impegnative<\/strong>, oltretutto da giocare fuori casa, e questo se da un certo punto di vista pu\u00f2 sembrare difficile contemporaneamente per noi \u00e8 una progressione di possibilit\u00e0 che possono aiutarci a crescere sempre di pi\u00f9. Le gare giocate sinora sono state propedeutiche affinch\u00e9 adesso possiamo essere in grado di affrontare quelle future con un bagaglio di esperienza superiore, che per noi \u00e8 fondamentale<\/em>\u201d.<\/p>\n<p>Per questa gara la LUISS torner\u00e0 a fare affidamento su <strong>Andrea Italiano<\/strong>, assente nelle ultime due partite per problemi personali: \u201c<em>Siamo contenti di recuperare Andrea<\/em> \u2013 conclude Briscese &#8211; <em>che \u00e8 un giocatore importante nell\u2019economia della squadra e sono certo che torner\u00e0 a darci l\u2019apporto importante che ha sempre dato in questi mesi<\/em>.\u201d<\/p>\n<p>Il match tra LUISS Roma e Nuova Pall. Contigliano andr\u00e0 in scena <strong>sabato 25 febbraio alle 18 presso il Pala LUISS<\/strong> di via Martino Longhi di Roma, dove ad arbitrare sono chiamate le Signore Cristina Teresa Luca e Stefania Perrone, entrambe provenienti da Catania.<br \/>\n\u00a0<br \/>\n<strong>Danila Di Biase<\/strong><\/p>\n","protected":false},"excerpt":{"rendered":"<p>Incassata la terza sconfitta consecutiva fuori casa e l\u2019eliminazione dalla Coppa Italia, c\u2019\u00e8 voglia di riscatto per la LUISS Roma che sabato 25 febbraio ospiter\u00e0 tra le mura amiche la [&hellip;]<\/p>\n","protected":false},"author":441,"featured_media":4463,"comment_status":"closed","ping_status":"closed","sticky":false,"template":"","format":"standard","meta":{"_monsterinsights_skip_tracking":false,"_monsterinsights_sitenote_active":false,"_monsterinsights_sitenote_note":"","_monsterinsights_sitenote_category":0,"footnotes":""},"categories":[114],"tags":[],"class_list":["post-4462","post","type-post","status-publish","format-standard","has-post-thumbnail","hentry","category-news-basket-c"],"yoast_head":"<!-- This site is optimized with the Yoast SEO plugin v26.5 - https:\/\/yoast.com\/wordpress\/plugins\/seo\/ -->\n<title>LUISS, con Contigliano per il riscatto - Luiss Sport - Luiss Guido Carli<\/title>\n<meta name=\"robots\" content=\"index, follow, max-snippet:-1, max-image-preview:large, max-video-preview:-1\" \/>\n<link rel=\"canonical\" href=\"https:\/\/sport.luiss.it\/2012\/02\/24\/luiss-con-contigliano-per-il-riscatto\/\" \/>\n<meta property=\"og:locale\" content=\"en_US\" \/>\n<meta property=\"og:type\" content=\"article\" \/>\n<meta property=\"og:title\" content=\"LUISS, con Contigliano per il riscatto - Luiss Sport - Luiss Guido Carli\" \/>\n<meta property=\"og:description\" content=\"Incassata la terza sconfitta consecutiva fuori casa e l\u2019eliminazione dalla Coppa Italia, c\u2019\u00e8 voglia di riscatto per la LUISS Roma che sabato 25 febbraio ospiter\u00e0 tra le mura amiche la [&hellip;]\" \/>\n<meta property=\"og:url\" content=\"https:\/\/sport.luiss.it\/2012\/02\/24\/luiss-con-contigliano-per-il-riscatto\/\" \/>\n<meta property=\"og:site_name\" content=\"Luiss Sport - Luiss Guido Carli\" \/>\n<meta property=\"article:publisher\" content=\"https:\/\/www.facebook.com\/sportluiss\/\" \/>\n<meta property=\"article:published_time\" content=\"2012-02-24T09:40:44+00:00\" \/>\n<meta name=\"twitter:card\" content=\"summary_large_image\" \/>\n<meta name=\"twitter:label1\" content=\"Written by\" \/>\n\t<meta name=\"twitter:data1\" content=\"\" \/>\n\t<meta name=\"twitter:label2\" content=\"Est. reading time\" \/>\n\t<meta name=\"twitter:data2\" content=\"5 minutes\" \/>\n<script type=\"application\/ld+json\" class=\"yoast-schema-graph\">{\"@context\":\"https:\/\/schema.org\",\"@graph\":[{\"@type\":\"WebPage\",\"@id\":\"https:\/\/sport.luiss.it\/2012\/02\/24\/luiss-con-contigliano-per-il-riscatto\/\",\"url\":\"https:\/\/sport.luiss.it\/2012\/02\/24\/luiss-con-contigliano-per-il-riscatto\/\",\"name\":\"LUISS, con Contigliano per il riscatto - Luiss Sport - Luiss Guido Carli\",\"isPartOf\":{\"@id\":\"https:\/\/sport.luiss.it\/#website\"},\"primaryImageOfPage\":{\"@id\":\"https:\/\/sport.luiss.it\/2012\/02\/24\/luiss-con-contigliano-per-il-riscatto\/#primaryimage\"},\"image\":{\"@id\":\"https:\/\/sport.luiss.it\/2012\/02\/24\/luiss-con-contigliano-per-il-riscatto\/#primaryimage\"},\"thumbnailUrl\":\"\",\"datePublished\":\"2012-02-24T09:40:44+00:00\",\"author\":{\"@id\":\"\"},\"breadcrumb\":{\"@id\":\"https:\/\/sport.luiss.it\/2012\/02\/24\/luiss-con-contigliano-per-il-riscatto\/#breadcrumb\"},\"inLanguage\":\"en-US\",\"potentialAction\":[{\"@type\":\"ReadAction\",\"target\":[\"https:\/\/sport.luiss.it\/2012\/02\/24\/luiss-con-contigliano-per-il-riscatto\/\"]}]},{\"@type\":\"ImageObject\",\"inLanguage\":\"en-US\",\"@id\":\"https:\/\/sport.luiss.it\/2012\/02\/24\/luiss-con-contigliano-per-il-riscatto\/#primaryimage\",\"url\":\"\",\"contentUrl\":\"\"},{\"@type\":\"BreadcrumbList\",\"@id\":\"https:\/\/sport.luiss.it\/2012\/02\/24\/luiss-con-contigliano-per-il-riscatto\/#breadcrumb\",\"itemListElement\":[{\"@type\":\"ListItem\",\"position\":1,\"name\":\"Home\",\"item\":\"https:\/\/sport.luiss.it\/en\/\"},{\"@type\":\"ListItem\",\"position\":2,\"name\":\"LUISS, con Contigliano per il riscatto\"}]},{\"@type\":\"WebSite\",\"@id\":\"https:\/\/sport.luiss.it\/#website\",\"url\":\"https:\/\/sport.luiss.it\/\",\"name\":\"Luiss Sport - Luiss Guido Carli\",\"description\":\"Luiss Sport\",\"potentialAction\":[{\"@type\":\"SearchAction\",\"target\":{\"@type\":\"EntryPoint\",\"urlTemplate\":\"https:\/\/sport.luiss.it\/?s={search_term_string}\"},\"query-input\":{\"@type\":\"PropertyValueSpecification\",\"valueRequired\":true,\"valueName\":\"search_term_string\"}}],\"inLanguage\":\"en-US\"},{\"@type\":\"Person\",\"@id\":\"\"}]}<\/script>\n<!-- \/ Yoast SEO plugin. -->","yoast_head_json":{"title":"LUISS, con Contigliano per il riscatto - Luiss Sport - Luiss Guido Carli","robots":{"index":"index","follow":"follow","max-snippet":"max-snippet:-1","max-image-preview":"max-image-preview:large","max-video-preview":"max-video-preview:-1"},"canonical":"https:\/\/sport.luiss.it\/2012\/02\/24\/luiss-con-contigliano-per-il-riscatto\/","og_locale":"en_US","og_type":"article","og_title":"LUISS, con Contigliano per il riscatto - Luiss Sport - Luiss Guido Carli","og_description":"Incassata la terza sconfitta consecutiva fuori casa e l\u2019eliminazione dalla Coppa Italia, c\u2019\u00e8 voglia di riscatto per la LUISS Roma che sabato 25 febbraio ospiter\u00e0 tra le mura amiche la [&hellip;]","og_url":"https:\/\/sport.luiss.it\/2012\/02\/24\/luiss-con-contigliano-per-il-riscatto\/","og_site_name":"Luiss Sport - Luiss Guido Carli","article_publisher":"https:\/\/www.facebook.com\/sportluiss\/","article_published_time":"2012-02-24T09:40:44+00:00","twitter_card":"summary_large_image","twitter_misc":{"Written by":"","Est. reading time":"5 minutes"},"schema":{"@context":"https:\/\/schema.org","@graph":[{"@type":"WebPage","@id":"https:\/\/sport.luiss.it\/2012\/02\/24\/luiss-con-contigliano-per-il-riscatto\/","url":"https:\/\/sport.luiss.it\/2012\/02\/24\/luiss-con-contigliano-per-il-riscatto\/","name":"LUISS, con Contigliano per il riscatto - Luiss Sport - Luiss Guido Carli","isPartOf":{"@id":"https:\/\/sport.luiss.it\/#website"},"primaryImageOfPage":{"@id":"https:\/\/sport.luiss.it\/2012\/02\/24\/luiss-con-contigliano-per-il-riscatto\/#primaryimage"},"image":{"@id":"https:\/\/sport.luiss.it\/2012\/02\/24\/luiss-con-contigliano-per-il-riscatto\/#primaryimage"},"thumbnailUrl":"","datePublished":"2012-02-24T09:40:44+00:00","author":{"@id":""},"breadcrumb":{"@id":"https:\/\/sport.luiss.it\/2012\/02\/24\/luiss-con-contigliano-per-il-riscatto\/#breadcrumb"},"inLanguage":"en-US","potentialAction":[{"@type":"ReadAction","target":["https:\/\/sport.luiss.it\/2012\/02\/24\/luiss-con-contigliano-per-il-riscatto\/"]}]},{"@type":"ImageObject","inLanguage":"en-US","@id":"https:\/\/sport.luiss.it\/2012\/02\/24\/luiss-con-contigliano-per-il-riscatto\/#primaryimage","url":"","contentUrl":""},{"@type":"BreadcrumbList","@id":"https:\/\/sport.luiss.it\/2012\/02\/24\/luiss-con-contigliano-per-il-riscatto\/#breadcrumb","itemListElement":[{"@type":"ListItem","position":1,"name":"Home","item":"https:\/\/sport.luiss.it\/en\/"},{"@type":"ListItem","position":2,"name":"LUISS, con Contigliano per il riscatto"}]},{"@type":"WebSite","@id":"https:\/\/sport.luiss.it\/#website","url":"https:\/\/sport.luiss.it\/","name":"Luiss Sport - Luiss Guido Carli","description":"Luiss Sport","potentialAction":[{"@type":"SearchAction","target":{"@type":"EntryPoint","urlTemplate":"https:\/\/sport.luiss.it\/?s={search_term_string}"},"query-input":{"@type":"PropertyValueSpecification","valueRequired":true,"valueName":"search_term_string"}}],"inLanguage":"en-US"},{"@type":"Person","@id":""}]}},"_links":{"self":[{"href":"https:\/\/sport.luiss.it\/en\/wp-json\/wp\/v2\/posts\/4462","targetHints":{"allow":["GET"]}}],"collection":[{"href":"https:\/\/sport.luiss.it\/en\/wp-json\/wp\/v2\/posts"}],"about":[{"href":"https:\/\/sport.luiss.it\/en\/wp-json\/wp\/v2\/types\/post"}],"author":[{"embeddable":true,"href":"https:\/\/sport.luiss.it\/en\/wp-json\/wp\/v2\/users\/441"}],"replies":[{"embeddable":true,"href":"https:\/\/sport.luiss.it\/en\/wp-json\/wp\/v2\/comments?post=4462"}],"version-history":[{"count":0,"href":"https:\/\/sport.luiss.it\/en\/wp-json\/wp\/v2\/posts\/4462\/revisions"}],"wp:featuredmedia":[{"embeddable":true,"href":"https:\/\/sport.luiss.it\/en\/wp-json\/"}],"wp:attachment":[{"href":"https:\/\/sport.luiss.it\/en\/wp-json\/wp\/v2\/media?parent=4462"}],"wp:term":[{"taxonomy":"category","embeddable":true,"href":"https:\/\/sport.luiss.it\/en\/wp-json\/wp\/v2\/categories?post=4462"},{"taxonomy":"post_tag","embeddable":true,"href":"https:\/\/sport.luiss.it\/en\/wp-json\/wp\/v2\/tags?post=4462"}],"curies":[{"name":"wp","href":"https:\/\/api.w.org\/{rel}","templated":true}]}}