
{"id":4592,"date":"2012-03-12T16:29:26","date_gmt":"2012-03-12T16:29:26","guid":{"rendered":"https:\/\/sport.luiss.it\/?p=4592"},"modified":"2012-03-12T16:29:26","modified_gmt":"2012-03-12T16:29:26","slug":"luiss-domani-recupero-a-valmontone","status":"publish","type":"post","link":"https:\/\/sport.luiss.it\/en\/2012\/03\/12\/luiss-domani-recupero-a-valmontone\/","title":{"rendered":"LUISS, domani recupero a Valmontone"},"content":{"rendered":"<p><a href=\"https:\/\/sport.luiss.it\/wp-content\/uploads\/2012\/03\/Gianluca-Baldrati.jpg\"><img loading=\"lazy\" decoding=\"async\" class=\"alignleft size-medium wp-image-4593\" title=\"Gianluca Baldrati\" src=\"https:\/\/sport.luiss.it\/wp-content\/uploads\/2012\/03\/Gianluca-Baldrati-200x300.jpg\" alt=\"\" width=\"200\" height=\"300\" \/><\/a>Tutto pronto per il recupero della ventesima giornata del campionato DNC che vedr\u00e0 impegnata la LUISS Roma in quel di <strong>Valmontone<\/strong>, ospite dei padroni di casa della Virtus, marted\u00ec 13 marzo dopo che la partita, originariamente prevista per il 5 febbraio, \u00e8 stata rinviata a causa del maltempo abbattutosi su Roma e provincia quel weekend.<br \/>\n\u00a0<br \/>\nMatch impegnativo quello che affronteranno Giambene e compagni, chiamati ad una vittoria che li confermerebbe tra i piani pi\u00f9 alti di una classifica che attualmente vede le prime 4 formazioni racchiuse in 6 punti. La squadra luissina \u00e8, infatti, terza con 32 punti conquistati (a pari merito con Marino, Tiber e Contigliano), preceduta da Gaeta (38) e Aprilia (34) con quest\u2019ultima che ha giocato due partite in pi\u00f9. Sar\u00e0 quindi fondamentale per i ragazzi di Briscese riuscire ad espugnare Valmontone, anche se la squadra guidata da Bernabei \u00e8 reduce da un periodo in cui, dopo sei sconfitte consecutive \u00e8 tornata alla vittoria battendo Ciampino (79-50) ma negli ultimi due turni disputati ha perso di una lunghezza con Gaeta e di 8 a Marino (51-59). I bianconeri hanno in Simone e Matteo Rischia (figli dell\u2019ex-coach, nda) Andrea Moscianese e Paolo Graziani i punti di forza. La formazione cara al Presidente D\u2019Ascenzo fa molto affidamento anche su <strong>Donatello Viggiano<\/strong>, studente della LUISS \u2018Guido Carli\u2019, che dopo un lungo infortunio \u00e8 tornato ad essere molto importante per la Virtus, e alla vigilia del match contro la squadra della sua Universit\u00e0 dichiara: \u201c<em>Giocare contro la formazione della LUISS rappresenta sicuramente uno stimolo maggiore per me, perch\u00e9 mi trover\u00f2 di fronte ragazzi che vedo tutti i giorni a lezione, con cui mi sono allenato quest\u2019estate e che non mi hanno fatto mancare il loro sostegno quando mi sono infortunato ad ottobre, quindi sar\u00e0 particolare affrontarli ma ci tengo a far bene. La squadra di Briscese sta facendo un ottimo lavoro e a loro vanno i miei complimenti, perch\u00e9 so quanto sia difficile conciliare studio con l\u2019impegno del campionato, ma si stanno esprimendo al meglio e questo mi fa piacere perch\u00e9, come gi\u00e0 detto, conosco sia il Coach che i giocatori e meritano tutto quello che stanno ottenendo<\/em>.\u201d<br \/>\n\u00a0<br \/>\nLa squadra capitolina, per\u00f2, vuole continuare a vincere\u00a0 dopo i successi ottenuti con Aprilia e Lazio Riano, arrivate alla fine di un periodo difficile per gli universitari. <strong>Gianluca Baldrati<\/strong>, uno dei \u2018veterani\u2019 della squadra nonostante gli appena 23 anni, si esprime cos\u00ec sul prossimo impegno e sugli obiettivi del prossimo futuro: \u201c<em>Affronteremo una squadra che avr\u00e0 sicuramente voglia di riscattarsi dopo un momento non felice, ma noi siamo preparati e sappiamo a cosa andiamo incontro domani sera. Valmontone arriver\u00e0 a questa gara sicuramente con grandi motivazioni, poi hanno giocatori come i Rischia e Moscianese che sono da temere, ma questo sar\u00e0 uno stimolo anche per noi, che vogliamo vincere per poi affrontare al massimo anche l\u2019altro recupero di sabato con Viterbo e tornare in seconda posizione. Saranno giorni duri<\/em> \u2013 conclude l\u2019ala romana \u2013\u00a0<em> ma la voglia di vincere \u00e8 tanta e sono certo che ci faremo trovare pronti sia marted\u00ec che sabato<\/em>.\u201d<br \/>\n\u00a0<br \/>\nAnche <strong>Massimiliano Briscese<\/strong> predica concentrazione e determinazione in vista di una gara cos\u00ec impegnativa: \u201c<em>La Virtus Valmontone<\/em> \u2013 continua l\u2019allenatore luissino \u2013 <em>viene da una vittoria negli ultimi undici turni, ha cambiato la guida tecnica, e affrontarli in casa loro non sar\u00e0 semplice, perch\u00e9 le migliori prestazioni le hanno confezionate tra le mura amiche. Inoltre, il fatto di giocare tre partite in una settimana fa s\u00ec che questi giorni siano decisamente importanti, ed \u00e8 per questo che mi aspetto una voglia ed un\u2019energia particolare in queste due partite, anche se \u00e8 inutile dire che dobbiamo pensare ad una gara per volta, e tutta la nostra concentrazione adesso \u00e8 rivolta a marted\u00ec sera, e al renderci protagonisti di un\u2019ottima prestazione che c\u2019interessa molto, oltre ovviamente al risultato da<\/em> ottenere.\u201d<br \/>\n\u00a0<br \/>\nLa partita tra Virtus Valmontone e LUISS Roma si disputer\u00e0 <strong>marted\u00ec 13 marzo alle 21<\/strong> presso la Tensostruttura di via Gramsci di Valmontone (RM) e sar\u00e0 diretta dai Signori Cosimo Schena di Castellana Grotte (BA) e Pasquale Pellegrini di Ruvo di Puglia (BA).<br \/>\n\u00a0<br \/>\n<strong>Danila Di Biase<\/strong><\/p>\n","protected":false},"excerpt":{"rendered":"<p>Tutto pronto per il recupero della ventesima giornata del campionato DNC che vedr\u00e0 impegnata la LUISS Roma in quel di Valmontone, ospite dei padroni di casa della Virtus, marted\u00ec 13 [&hellip;]<\/p>\n","protected":false},"author":441,"featured_media":4593,"comment_status":"closed","ping_status":"closed","sticky":false,"template":"","format":"standard","meta":{"_monsterinsights_skip_tracking":false,"_monsterinsights_sitenote_active":false,"_monsterinsights_sitenote_note":"","_monsterinsights_sitenote_category":0,"footnotes":""},"categories":[114],"tags":[],"class_list":["post-4592","post","type-post","status-publish","format-standard","has-post-thumbnail","hentry","category-news-basket-c"],"yoast_head":"<!-- This site is optimized with the Yoast SEO plugin v26.5 - https:\/\/yoast.com\/wordpress\/plugins\/seo\/ -->\n<title>LUISS, domani recupero a Valmontone - Luiss Sport - Luiss Guido Carli<\/title>\n<meta name=\"robots\" content=\"index, follow, max-snippet:-1, max-image-preview:large, max-video-preview:-1\" \/>\n<link rel=\"canonical\" href=\"https:\/\/sport.luiss.it\/2012\/03\/12\/luiss-domani-recupero-a-valmontone\/\" \/>\n<meta property=\"og:locale\" content=\"en_US\" \/>\n<meta property=\"og:type\" content=\"article\" \/>\n<meta property=\"og:title\" content=\"LUISS, domani recupero a Valmontone - Luiss Sport - Luiss Guido Carli\" \/>\n<meta property=\"og:description\" content=\"Tutto pronto per il recupero della ventesima giornata del campionato DNC che vedr\u00e0 impegnata la LUISS Roma in quel di Valmontone, ospite dei padroni di casa della Virtus, marted\u00ec 13 [&hellip;]\" \/>\n<meta property=\"og:url\" content=\"https:\/\/sport.luiss.it\/2012\/03\/12\/luiss-domani-recupero-a-valmontone\/\" \/>\n<meta property=\"og:site_name\" content=\"Luiss Sport - Luiss Guido Carli\" \/>\n<meta property=\"article:publisher\" content=\"https:\/\/www.facebook.com\/sportluiss\/\" \/>\n<meta property=\"article:published_time\" content=\"2012-03-12T16:29:26+00:00\" \/>\n<meta name=\"twitter:card\" content=\"summary_large_image\" \/>\n<meta name=\"twitter:label1\" content=\"Written by\" \/>\n\t<meta name=\"twitter:data1\" content=\"\" \/>\n\t<meta name=\"twitter:label2\" content=\"Est. reading time\" \/>\n\t<meta name=\"twitter:data2\" content=\"3 minutes\" \/>\n<script type=\"application\/ld+json\" class=\"yoast-schema-graph\">{\"@context\":\"https:\/\/schema.org\",\"@graph\":[{\"@type\":\"WebPage\",\"@id\":\"https:\/\/sport.luiss.it\/2012\/03\/12\/luiss-domani-recupero-a-valmontone\/\",\"url\":\"https:\/\/sport.luiss.it\/2012\/03\/12\/luiss-domani-recupero-a-valmontone\/\",\"name\":\"LUISS, domani recupero a Valmontone - Luiss Sport - Luiss Guido Carli\",\"isPartOf\":{\"@id\":\"https:\/\/sport.luiss.it\/#website\"},\"primaryImageOfPage\":{\"@id\":\"https:\/\/sport.luiss.it\/2012\/03\/12\/luiss-domani-recupero-a-valmontone\/#primaryimage\"},\"image\":{\"@id\":\"https:\/\/sport.luiss.it\/2012\/03\/12\/luiss-domani-recupero-a-valmontone\/#primaryimage\"},\"thumbnailUrl\":\"\",\"datePublished\":\"2012-03-12T16:29:26+00:00\",\"author\":{\"@id\":\"\"},\"breadcrumb\":{\"@id\":\"https:\/\/sport.luiss.it\/2012\/03\/12\/luiss-domani-recupero-a-valmontone\/#breadcrumb\"},\"inLanguage\":\"en-US\",\"potentialAction\":[{\"@type\":\"ReadAction\",\"target\":[\"https:\/\/sport.luiss.it\/2012\/03\/12\/luiss-domani-recupero-a-valmontone\/\"]}]},{\"@type\":\"ImageObject\",\"inLanguage\":\"en-US\",\"@id\":\"https:\/\/sport.luiss.it\/2012\/03\/12\/luiss-domani-recupero-a-valmontone\/#primaryimage\",\"url\":\"\",\"contentUrl\":\"\"},{\"@type\":\"BreadcrumbList\",\"@id\":\"https:\/\/sport.luiss.it\/2012\/03\/12\/luiss-domani-recupero-a-valmontone\/#breadcrumb\",\"itemListElement\":[{\"@type\":\"ListItem\",\"position\":1,\"name\":\"Home\",\"item\":\"https:\/\/sport.luiss.it\/en\/\"},{\"@type\":\"ListItem\",\"position\":2,\"name\":\"LUISS, domani recupero a Valmontone\"}]},{\"@type\":\"WebSite\",\"@id\":\"https:\/\/sport.luiss.it\/#website\",\"url\":\"https:\/\/sport.luiss.it\/\",\"name\":\"Luiss Sport - Luiss Guido Carli\",\"description\":\"Luiss Sport\",\"potentialAction\":[{\"@type\":\"SearchAction\",\"target\":{\"@type\":\"EntryPoint\",\"urlTemplate\":\"https:\/\/sport.luiss.it\/?s={search_term_string}\"},\"query-input\":{\"@type\":\"PropertyValueSpecification\",\"valueRequired\":true,\"valueName\":\"search_term_string\"}}],\"inLanguage\":\"en-US\"},{\"@type\":\"Person\",\"@id\":\"\"}]}<\/script>\n<!-- \/ Yoast SEO plugin. -->","yoast_head_json":{"title":"LUISS, domani recupero a Valmontone - Luiss Sport - Luiss Guido Carli","robots":{"index":"index","follow":"follow","max-snippet":"max-snippet:-1","max-image-preview":"max-image-preview:large","max-video-preview":"max-video-preview:-1"},"canonical":"https:\/\/sport.luiss.it\/2012\/03\/12\/luiss-domani-recupero-a-valmontone\/","og_locale":"en_US","og_type":"article","og_title":"LUISS, domani recupero a Valmontone - Luiss Sport - Luiss Guido Carli","og_description":"Tutto pronto per il recupero della ventesima giornata del campionato DNC che vedr\u00e0 impegnata la LUISS Roma in quel di Valmontone, ospite dei padroni di casa della Virtus, marted\u00ec 13 [&hellip;]","og_url":"https:\/\/sport.luiss.it\/2012\/03\/12\/luiss-domani-recupero-a-valmontone\/","og_site_name":"Luiss Sport - Luiss Guido Carli","article_publisher":"https:\/\/www.facebook.com\/sportluiss\/","article_published_time":"2012-03-12T16:29:26+00:00","twitter_card":"summary_large_image","twitter_misc":{"Written by":"","Est. reading time":"3 minutes"},"schema":{"@context":"https:\/\/schema.org","@graph":[{"@type":"WebPage","@id":"https:\/\/sport.luiss.it\/2012\/03\/12\/luiss-domani-recupero-a-valmontone\/","url":"https:\/\/sport.luiss.it\/2012\/03\/12\/luiss-domani-recupero-a-valmontone\/","name":"LUISS, domani recupero a Valmontone - Luiss Sport - Luiss Guido Carli","isPartOf":{"@id":"https:\/\/sport.luiss.it\/#website"},"primaryImageOfPage":{"@id":"https:\/\/sport.luiss.it\/2012\/03\/12\/luiss-domani-recupero-a-valmontone\/#primaryimage"},"image":{"@id":"https:\/\/sport.luiss.it\/2012\/03\/12\/luiss-domani-recupero-a-valmontone\/#primaryimage"},"thumbnailUrl":"","datePublished":"2012-03-12T16:29:26+00:00","author":{"@id":""},"breadcrumb":{"@id":"https:\/\/sport.luiss.it\/2012\/03\/12\/luiss-domani-recupero-a-valmontone\/#breadcrumb"},"inLanguage":"en-US","potentialAction":[{"@type":"ReadAction","target":["https:\/\/sport.luiss.it\/2012\/03\/12\/luiss-domani-recupero-a-valmontone\/"]}]},{"@type":"ImageObject","inLanguage":"en-US","@id":"https:\/\/sport.luiss.it\/2012\/03\/12\/luiss-domani-recupero-a-valmontone\/#primaryimage","url":"","contentUrl":""},{"@type":"BreadcrumbList","@id":"https:\/\/sport.luiss.it\/2012\/03\/12\/luiss-domani-recupero-a-valmontone\/#breadcrumb","itemListElement":[{"@type":"ListItem","position":1,"name":"Home","item":"https:\/\/sport.luiss.it\/en\/"},{"@type":"ListItem","position":2,"name":"LUISS, domani recupero a Valmontone"}]},{"@type":"WebSite","@id":"https:\/\/sport.luiss.it\/#website","url":"https:\/\/sport.luiss.it\/","name":"Luiss Sport - Luiss Guido Carli","description":"Luiss Sport","potentialAction":[{"@type":"SearchAction","target":{"@type":"EntryPoint","urlTemplate":"https:\/\/sport.luiss.it\/?s={search_term_string}"},"query-input":{"@type":"PropertyValueSpecification","valueRequired":true,"valueName":"search_term_string"}}],"inLanguage":"en-US"},{"@type":"Person","@id":""}]}},"_links":{"self":[{"href":"https:\/\/sport.luiss.it\/en\/wp-json\/wp\/v2\/posts\/4592","targetHints":{"allow":["GET"]}}],"collection":[{"href":"https:\/\/sport.luiss.it\/en\/wp-json\/wp\/v2\/posts"}],"about":[{"href":"https:\/\/sport.luiss.it\/en\/wp-json\/wp\/v2\/types\/post"}],"author":[{"embeddable":true,"href":"https:\/\/sport.luiss.it\/en\/wp-json\/wp\/v2\/users\/441"}],"replies":[{"embeddable":true,"href":"https:\/\/sport.luiss.it\/en\/wp-json\/wp\/v2\/comments?post=4592"}],"version-history":[{"count":0,"href":"https:\/\/sport.luiss.it\/en\/wp-json\/wp\/v2\/posts\/4592\/revisions"}],"wp:featuredmedia":[{"embeddable":true,"href":"https:\/\/sport.luiss.it\/en\/wp-json\/"}],"wp:attachment":[{"href":"https:\/\/sport.luiss.it\/en\/wp-json\/wp\/v2\/media?parent=4592"}],"wp:term":[{"taxonomy":"category","embeddable":true,"href":"https:\/\/sport.luiss.it\/en\/wp-json\/wp\/v2\/categories?post=4592"},{"taxonomy":"post_tag","embeddable":true,"href":"https:\/\/sport.luiss.it\/en\/wp-json\/wp\/v2\/tags?post=4592"}],"curies":[{"name":"wp","href":"https:\/\/api.w.org\/{rel}","templated":true}]}}