
{"id":4627,"date":"2012-03-17T00:00:50","date_gmt":"2012-03-17T00:00:50","guid":{"rendered":"https:\/\/sport.luiss.it\/?p=4627"},"modified":"2012-03-17T00:00:50","modified_gmt":"2012-03-17T00:00:50","slug":"sabato-la-luiss-ospita-viterbo","status":"publish","type":"post","link":"https:\/\/sport.luiss.it\/en\/2012\/03\/17\/sabato-la-luiss-ospita-viterbo\/","title":{"rendered":"Sabato la LUISS ospita Viterbo"},"content":{"rendered":"<p><a href=\"https:\/\/sport.luiss.it\/wp-content\/uploads\/2012\/03\/Ale-Di-Pasquale.jpg\"><img loading=\"lazy\" decoding=\"async\" class=\"alignleft size-medium wp-image-4628\" title=\"Ale Di Pasquale\" src=\"https:\/\/sport.luiss.it\/wp-content\/uploads\/2012\/03\/Ale-Di-Pasquale-200x300.jpg\" alt=\"\" width=\"200\" height=\"300\" \/><\/a>E\u2019 pronta ad affrontare la terza partita in sette giorni la LUISS Roma di Max Briscese che sabato 17 marzo ospiter\u00e0 la <strong>Stella Azzurra Viterbo<\/strong> per il recupero della 21^ giornata del campionato DNC.<\/p>\n<p>La squadra luissina, reduce dal successo nell\u2019altro recupero contro la Virtus Valmontone , affronter\u00e0 anche questa partita senza Ruben Polselli, ancora fermo per infortunio. Contro la squadra bianconera, per\u00f2, gli universitari hanno dato ancora dimostrazione di forza e determinazione, battendo un avversario agguerrito che a 4\u2019 dal termine del match era passato addirittura in vantaggio prima di cedere, sotto i colpi di Borsetti e Di Fabio, per 74-84. La LUISS per\u00f2 vuole continuare a vincere e ad allungare la sua striscia positiva che vede la squadra di Briscese a quota 3 successi consecutivi. Sar\u00e0 fondamentale, quindi, battere la Stella Azzurra Viterbo che \u00e8 reduce da una importantissima vittoria ottenuta sul campo dell\u2019Eurobasket Roma, dove Giganti e compagni si sono imposti per 70-69. La squadra guidata da Orlando Orchi verr\u00e0 a Roma per ottenere una vittoria che proietterebbe i viterbesi in zona play-off, distante ora soli due punti: la Ilco infatti \u00e8 a quota 24, preceduta proprio dall\u2019Eurobasket che ne ha sinora conquistati 26. Nel match del girone d\u2019andata tra Stella Azzurra e LUISS, la compagine capitolina si era imposta per 78-66, ma da allora i bianco blu hanno dovuto far fronte ad alcune novit\u00e0, come l\u2019addio ad inizio gennaio di Dario Lanfaloni, approdato alla corte di Pennacchia nel Gruppo Amida Marino. Giganti, Bizzarri e Zena sono le \u2018bocche di fuoco\u2019 della formazione cara alla Presidentessa Mirella Toni, seguiti da Pasqualini, Cosentino e Toselli che rendono la squadra di Viterbo di assoluto spessore.<\/p>\n<p><strong>Alessandro Di Pasquale<\/strong>, guardia al suo 1\u00b0 anno in maglia luissina, spiega l\u2019importanza di questa partita: \u201c<em>E\u2019 una gara molto impegnativa che affrontiamo in un momento per noi positivo perch\u00e9 veniamo da tre vittorie consecutive. Loro si vorranno \u2018vendicare\u2019 del match dell\u2019andata dove ci hanno messo in difficolt\u00e0, infatti ricordo che fu una partita molto combattuta che riuscimmo comunque a vincere con un buon margine. Hanno giocatori importanti come Giganti, Bizzarri e Zena che sono di sicuro livello, ma noi vogliamo fare un\u2019ottima prestazione e proseguire ad allungare questa striscia di vittorie<\/em>\u201d. Alessandro, ex-Virtus Roma al suo primo anno in DNC, dopo le esperienze importanti in Serie A e con le giovanili virtussine, si esprime cos\u00ec su questi primi 8 mesi da \u2018senior\u2019: \u201c<em>Mi sto trovando molto bene sia con il coach che con i compagni, molto pi\u00f9 di quanto mi aspettassi, e di questo sono molto contento. E\u2019 la mia prima stagione in questo campionato che \u00e8 molto impegnativo, con molte squadre sullo stesso livello che se la giocheranno fino alla fine. Noi<\/em> \u2013 conclude il numero 7 biancoblu \u2013 <em>dobbiamo solo dare il massimo in ogni occasione, in allenamento come in partita dovremo provare ad entrare in campo e dare il 110% come gi\u00e0 successo finora<\/em>.\u201d<\/p>\n<p>Il Coach bianco blu Massimiliano Briscese si esprime cos\u00ec sul momento della formazione universitaria: \u201c<em>Siamo reduci dall\u2019ottima prestazione di Valmontone dove siamo stati messi a dura da una squadra che ha delle grandi qualit\u00e0 e fa del proprio campo una roccaforte difficile da espugnare. E\u2019 stata una partita difficile, intensa e molto combattuta perch\u00e9 come ho gi\u00e0 detto i loro giocatori hanno grande esperienza e talento, e quindi non \u00e8 stato semplice conquistare la vittoria. Ci tengo a fare un appunto per quanto riguarda l\u2019argomento \u2018assenze\u2019, noi \u00e8 da inizio anno che accusiamo l\u2019assenza di giocatori, ma la cosa che mi fa pi\u00f9 piacere \u00e8 che nei momenti in cui abbiamo ottenuto successi e disputato grandi partite, abbiamo sempre evidenziato le prestazioni dei 10 scesi in campo, e non abbiamo mai cercato scusanti per certe assenze importanti, perch\u00e9 non ci \u00e8 mai piaciuto n\u00e9 ci piacer\u00e0 in futuro trovare alibi per eventuali cattive performance. Per quanto riguarda Viterbo \u2013 continua l\u2019allenatore luissino- sappiamo che affronteremo un match impegnativo contro una squadra reduce da un\u2019importante vittoria in casa dell\u2019Eurobasket. Anche loro devono far fronte all\u2019assenza di alcuni elementi importanti, ma questa situazione \u00e8 comune a tutte le compagini, e credo che \u00e8 proprio in questi casi che dev\u2019esserci capacit\u00e0 di reazione e superamento delle difficolt\u00e0. Penso che alla fine anche affrontare gare senza giocatori di un certo rilievo sia un elemento di valutazione della forza del gruppo e della squadra, e noi anche a questa difficolt\u00e0 stiamo rispondendo con ottimi risultati grazie all\u2019apporto di tutti i componenti del gruppo che hanno lavorato duramente durante l\u2019anno per farsi trovare pronti quando necessario.\u201d<\/em><\/p>\n<p>Il match tra LUISS Roma e Stella Azzurra Viterbo andr\u00e0 in scena <strong>sabato 17 marzo alle 18<\/strong> presso il Pala LUISS di via Martino Longhi, dove ad arbitrare l\u2019incontro sono chiamati i Signori Mattia Volgarino di Castellana Grotte (BA) e Innocente Desposati di Casamassima (BA).<\/p>\n<p><strong>Danila Di Biase<\/strong><\/p>\n","protected":false},"excerpt":{"rendered":"<p>E\u2019 pronta ad affrontare la terza partita in sette giorni la LUISS Roma di Max Briscese che sabato 17 marzo ospiter\u00e0 la Stella Azzurra Viterbo per il recupero della 21^ [&hellip;]<\/p>\n","protected":false},"author":441,"featured_media":4628,"comment_status":"closed","ping_status":"closed","sticky":false,"template":"","format":"standard","meta":{"_monsterinsights_skip_tracking":false,"_monsterinsights_sitenote_active":false,"_monsterinsights_sitenote_note":"","_monsterinsights_sitenote_category":0,"footnotes":""},"categories":[114],"tags":[],"class_list":["post-4627","post","type-post","status-publish","format-standard","has-post-thumbnail","hentry","category-news-basket-c"],"yoast_head":"<!-- This site is optimized with the Yoast SEO plugin v26.5 - https:\/\/yoast.com\/wordpress\/plugins\/seo\/ -->\n<title>Sabato la LUISS ospita Viterbo - Luiss Sport - Luiss Guido Carli<\/title>\n<meta name=\"robots\" content=\"index, follow, max-snippet:-1, max-image-preview:large, max-video-preview:-1\" \/>\n<link rel=\"canonical\" href=\"https:\/\/sport.luiss.it\/2012\/03\/17\/sabato-la-luiss-ospita-viterbo\/\" \/>\n<meta property=\"og:locale\" content=\"en_US\" \/>\n<meta property=\"og:type\" content=\"article\" \/>\n<meta property=\"og:title\" content=\"Sabato la LUISS ospita Viterbo - Luiss Sport - Luiss Guido Carli\" \/>\n<meta property=\"og:description\" content=\"E\u2019 pronta ad affrontare la terza partita in sette giorni la LUISS Roma di Max Briscese che sabato 17 marzo ospiter\u00e0 la Stella Azzurra Viterbo per il recupero della 21^ [&hellip;]\" \/>\n<meta property=\"og:url\" content=\"https:\/\/sport.luiss.it\/2012\/03\/17\/sabato-la-luiss-ospita-viterbo\/\" \/>\n<meta property=\"og:site_name\" content=\"Luiss Sport - Luiss Guido Carli\" \/>\n<meta property=\"article:publisher\" content=\"https:\/\/www.facebook.com\/sportluiss\/\" \/>\n<meta property=\"article:published_time\" content=\"2012-03-17T00:00:50+00:00\" \/>\n<meta name=\"twitter:card\" content=\"summary_large_image\" \/>\n<meta name=\"twitter:label1\" content=\"Written by\" \/>\n\t<meta name=\"twitter:data1\" content=\"\" \/>\n\t<meta name=\"twitter:label2\" content=\"Est. reading time\" \/>\n\t<meta name=\"twitter:data2\" content=\"4 minutes\" \/>\n<script type=\"application\/ld+json\" class=\"yoast-schema-graph\">{\"@context\":\"https:\/\/schema.org\",\"@graph\":[{\"@type\":\"WebPage\",\"@id\":\"https:\/\/sport.luiss.it\/2012\/03\/17\/sabato-la-luiss-ospita-viterbo\/\",\"url\":\"https:\/\/sport.luiss.it\/2012\/03\/17\/sabato-la-luiss-ospita-viterbo\/\",\"name\":\"Sabato la LUISS ospita Viterbo - Luiss Sport - Luiss Guido Carli\",\"isPartOf\":{\"@id\":\"https:\/\/sport.luiss.it\/#website\"},\"primaryImageOfPage\":{\"@id\":\"https:\/\/sport.luiss.it\/2012\/03\/17\/sabato-la-luiss-ospita-viterbo\/#primaryimage\"},\"image\":{\"@id\":\"https:\/\/sport.luiss.it\/2012\/03\/17\/sabato-la-luiss-ospita-viterbo\/#primaryimage\"},\"thumbnailUrl\":\"\",\"datePublished\":\"2012-03-17T00:00:50+00:00\",\"author\":{\"@id\":\"\"},\"breadcrumb\":{\"@id\":\"https:\/\/sport.luiss.it\/2012\/03\/17\/sabato-la-luiss-ospita-viterbo\/#breadcrumb\"},\"inLanguage\":\"en-US\",\"potentialAction\":[{\"@type\":\"ReadAction\",\"target\":[\"https:\/\/sport.luiss.it\/2012\/03\/17\/sabato-la-luiss-ospita-viterbo\/\"]}]},{\"@type\":\"ImageObject\",\"inLanguage\":\"en-US\",\"@id\":\"https:\/\/sport.luiss.it\/2012\/03\/17\/sabato-la-luiss-ospita-viterbo\/#primaryimage\",\"url\":\"\",\"contentUrl\":\"\"},{\"@type\":\"BreadcrumbList\",\"@id\":\"https:\/\/sport.luiss.it\/2012\/03\/17\/sabato-la-luiss-ospita-viterbo\/#breadcrumb\",\"itemListElement\":[{\"@type\":\"ListItem\",\"position\":1,\"name\":\"Home\",\"item\":\"https:\/\/sport.luiss.it\/en\/\"},{\"@type\":\"ListItem\",\"position\":2,\"name\":\"Sabato la LUISS ospita Viterbo\"}]},{\"@type\":\"WebSite\",\"@id\":\"https:\/\/sport.luiss.it\/#website\",\"url\":\"https:\/\/sport.luiss.it\/\",\"name\":\"Luiss Sport - Luiss Guido Carli\",\"description\":\"Luiss Sport\",\"potentialAction\":[{\"@type\":\"SearchAction\",\"target\":{\"@type\":\"EntryPoint\",\"urlTemplate\":\"https:\/\/sport.luiss.it\/?s={search_term_string}\"},\"query-input\":{\"@type\":\"PropertyValueSpecification\",\"valueRequired\":true,\"valueName\":\"search_term_string\"}}],\"inLanguage\":\"en-US\"},{\"@type\":\"Person\",\"@id\":\"\"}]}<\/script>\n<!-- \/ Yoast SEO plugin. -->","yoast_head_json":{"title":"Sabato la LUISS ospita Viterbo - Luiss Sport - Luiss Guido Carli","robots":{"index":"index","follow":"follow","max-snippet":"max-snippet:-1","max-image-preview":"max-image-preview:large","max-video-preview":"max-video-preview:-1"},"canonical":"https:\/\/sport.luiss.it\/2012\/03\/17\/sabato-la-luiss-ospita-viterbo\/","og_locale":"en_US","og_type":"article","og_title":"Sabato la LUISS ospita Viterbo - Luiss Sport - Luiss Guido Carli","og_description":"E\u2019 pronta ad affrontare la terza partita in sette giorni la LUISS Roma di Max Briscese che sabato 17 marzo ospiter\u00e0 la Stella Azzurra Viterbo per il recupero della 21^ [&hellip;]","og_url":"https:\/\/sport.luiss.it\/2012\/03\/17\/sabato-la-luiss-ospita-viterbo\/","og_site_name":"Luiss Sport - Luiss Guido Carli","article_publisher":"https:\/\/www.facebook.com\/sportluiss\/","article_published_time":"2012-03-17T00:00:50+00:00","twitter_card":"summary_large_image","twitter_misc":{"Written by":"","Est. reading time":"4 minutes"},"schema":{"@context":"https:\/\/schema.org","@graph":[{"@type":"WebPage","@id":"https:\/\/sport.luiss.it\/2012\/03\/17\/sabato-la-luiss-ospita-viterbo\/","url":"https:\/\/sport.luiss.it\/2012\/03\/17\/sabato-la-luiss-ospita-viterbo\/","name":"Sabato la LUISS ospita Viterbo - Luiss Sport - Luiss Guido Carli","isPartOf":{"@id":"https:\/\/sport.luiss.it\/#website"},"primaryImageOfPage":{"@id":"https:\/\/sport.luiss.it\/2012\/03\/17\/sabato-la-luiss-ospita-viterbo\/#primaryimage"},"image":{"@id":"https:\/\/sport.luiss.it\/2012\/03\/17\/sabato-la-luiss-ospita-viterbo\/#primaryimage"},"thumbnailUrl":"","datePublished":"2012-03-17T00:00:50+00:00","author":{"@id":""},"breadcrumb":{"@id":"https:\/\/sport.luiss.it\/2012\/03\/17\/sabato-la-luiss-ospita-viterbo\/#breadcrumb"},"inLanguage":"en-US","potentialAction":[{"@type":"ReadAction","target":["https:\/\/sport.luiss.it\/2012\/03\/17\/sabato-la-luiss-ospita-viterbo\/"]}]},{"@type":"ImageObject","inLanguage":"en-US","@id":"https:\/\/sport.luiss.it\/2012\/03\/17\/sabato-la-luiss-ospita-viterbo\/#primaryimage","url":"","contentUrl":""},{"@type":"BreadcrumbList","@id":"https:\/\/sport.luiss.it\/2012\/03\/17\/sabato-la-luiss-ospita-viterbo\/#breadcrumb","itemListElement":[{"@type":"ListItem","position":1,"name":"Home","item":"https:\/\/sport.luiss.it\/en\/"},{"@type":"ListItem","position":2,"name":"Sabato la LUISS ospita Viterbo"}]},{"@type":"WebSite","@id":"https:\/\/sport.luiss.it\/#website","url":"https:\/\/sport.luiss.it\/","name":"Luiss Sport - Luiss Guido Carli","description":"Luiss Sport","potentialAction":[{"@type":"SearchAction","target":{"@type":"EntryPoint","urlTemplate":"https:\/\/sport.luiss.it\/?s={search_term_string}"},"query-input":{"@type":"PropertyValueSpecification","valueRequired":true,"valueName":"search_term_string"}}],"inLanguage":"en-US"},{"@type":"Person","@id":""}]}},"_links":{"self":[{"href":"https:\/\/sport.luiss.it\/en\/wp-json\/wp\/v2\/posts\/4627","targetHints":{"allow":["GET"]}}],"collection":[{"href":"https:\/\/sport.luiss.it\/en\/wp-json\/wp\/v2\/posts"}],"about":[{"href":"https:\/\/sport.luiss.it\/en\/wp-json\/wp\/v2\/types\/post"}],"author":[{"embeddable":true,"href":"https:\/\/sport.luiss.it\/en\/wp-json\/wp\/v2\/users\/441"}],"replies":[{"embeddable":true,"href":"https:\/\/sport.luiss.it\/en\/wp-json\/wp\/v2\/comments?post=4627"}],"version-history":[{"count":0,"href":"https:\/\/sport.luiss.it\/en\/wp-json\/wp\/v2\/posts\/4627\/revisions"}],"wp:featuredmedia":[{"embeddable":true,"href":"https:\/\/sport.luiss.it\/en\/wp-json\/"}],"wp:attachment":[{"href":"https:\/\/sport.luiss.it\/en\/wp-json\/wp\/v2\/media?parent=4627"}],"wp:term":[{"taxonomy":"category","embeddable":true,"href":"https:\/\/sport.luiss.it\/en\/wp-json\/wp\/v2\/categories?post=4627"},{"taxonomy":"post_tag","embeddable":true,"href":"https:\/\/sport.luiss.it\/en\/wp-json\/wp\/v2\/tags?post=4627"}],"curies":[{"name":"wp","href":"https:\/\/api.w.org\/{rel}","templated":true}]}}