
{"id":5092,"date":"2012-08-28T08:09:47","date_gmt":"2012-08-28T08:09:47","guid":{"rendered":"https:\/\/sport.luiss.it\/?p=5092"},"modified":"2012-08-28T08:09:47","modified_gmt":"2012-08-28T08:09:47","slug":"luiss-ricominciamo","status":"publish","type":"post","link":"https:\/\/sport.luiss.it\/en\/2012\/08\/28\/luiss-ricominciamo\/","title":{"rendered":"LUISS: Ricominciamo!!!"},"content":{"rendered":"<p><a href=\"https:\/\/sport.luiss.it\/wp-content\/uploads\/2012\/08\/Max-Briscese.jpg\"><img loading=\"lazy\" decoding=\"async\" class=\"alignleft size-medium wp-image-5093\" title=\"Max Briscese\" src=\"https:\/\/sport.luiss.it\/wp-content\/uploads\/2012\/08\/Max-Briscese-300x198.jpg\" alt=\"\" width=\"300\" height=\"198\" \/><\/a>E\u2019 partita con il piede sull\u2019acceleratore l\u2019ASD LUISS di Max Briscese che mercoled\u00ec 22 agosto ha iniziato la preparazione, con doppie sedute quotidiane, <strong>in vista del campionato DNC che prender\u00e0 il via il 13 ottobre<\/strong>.<\/p>\n<p>Sono tanti gli atleti agli ordini dell\u2019allenatore luissino che nelle prossime settimane (<em>il 7 settembre ci sar\u00e0 l\u2019ultimo test, nda<\/em>) sceglier\u00e0 coloro i quali faranno parte del roster per la nuova stagione che inizier\u00e0 ufficialmente con il derby tutto capitolino tra la formazione luissina e l\u2019Eurobasket Roma. Registrati gli addii di Claudio Giambene, Gianluca Baldrati e Aspidi, laureatisi, e quello di Andrea Italiano, Marco Forlingieri e Luca Chiarucci per motivi personali, adesso Coach Briscese \u00e8 a lavoro per trovare i degni sostituti di giocatori che sono stati tra i protagonisti della passata stagione, chiusa al quarto posto nella regular season. Sono rimasti in maglia luissina, invece, <strong>Capitan Ruben Polselli<\/strong>, Francesco Borsetti, Luca Raffaele, Giovanni Mori, Luca Migliaccio, Giulio Di Fabio, Alessandro Di Pasquale e Marco Barletta, che formeranno la spina dorsale della nuova squadra che in questo pre-campionato prender\u00e0 parte ad alcune amichevoli ancora da definire. Tra gli addii c\u2019\u00e8 da registrare anche quello di Giancarlo Oliva, che ha lasciato il ruolo di assistant coach ed \u00e8 stato sostituito da <strong>Andrea Fulgaro<\/strong> e <strong>Pino Corbellini<\/strong>, che quindi affiancheranno l\u2019allenatore luissino nella stagione 2012\/2013.<br \/>\n\u00a0<br \/>\nE\u2019 proprio <strong>Massimiliano Briscese<\/strong>, al suo secondo anno sulla panchina bianco blu, ad esprimere le prime considerazioni su quest\u2019inizio di stagione: \u201c<em>Anche quest\u2019anno ci sono stati dei cambiamenti nella squadra e adesso stiamo valutando dei ragazzi, spero e confido nel fatto che al pi\u00f9 presto avr\u00f2 il roster completo. Ci sar\u00e0 un ulteriore ringiovanimento della rosa, con tutte le conseguenze positive a livello di entusiasmo, freschezza fisica e intensit\u00e0 negli allenamenti, e contemporaneamente anche la consapevolezza che questi ragazzi dovranno fare esperienza e dovranno acquisirla al pi\u00f9 presto per affrontare un campionato difficile come quello della DNC. Quando vanno via dei ragazzi che hanno fatto un cammino di diversi anni nella LUISS \u00e8 chiaro che ci priviamo della loro esperienza, del loro contributo da giocatori senior, subentrano altri ragazzi che a livello motivazionale, di energia, di mettersi in mostra sono impeccabili, ma sappiamo che devono compiere un cammino importante per crescere e dare un contributo decisivo all\u2019interno della squadra. Per me quindi \u00e8 stimolante riuscire a mixare giovani e senior, che poi alla fine \u00e8 uno degli obiettivi del mio lavoro: far crescere i pi\u00f9 piccoli con l\u2019aiuto della vecchia guardia. Quelli rimasti fungono da collante tra i vecchi e i nuovi, sono esperti dal punto di vista del gioco, importanti dal punto di vista caratteriale, ambientale, dell\u2019impegno che serve, e questo per me \u00e8 molto importante perch\u00e9 aiuter\u00e0 l\u2019inserimento di quelli che faranno parte della squadra in maniera definitiva da settembre in poi.\u201d<\/em><\/p>\n<p>L\u2019allenatore luissino fa le sue valutazioni anche su quello che sar\u00e0 il girone F della DNC: <em>\u201cA mio avviso non ci saranno squadre \u2018materasso\u2019, invece credo che tutte le altre si siano rinforzate anche solo con due innesti. Marino resta tra le pi\u00f9 forti, le Sarde sono da scoprire e di solito negli anni passati hanno creato roster competitivi, Palestrina \u00e8 retrocessa ma ha grandi tradizioni e giocare l\u00ec non \u00e8 mai semplice, Aprilia ha cambiato un po\u2019 ma resta l\u2019intelaiatura principale con Meleo, Chiminello, Coppa, insomma ci sono pi\u00f9 squadre che potranno dire la loro e ogni partita sar\u00e0 da giocare, non ci saranno quelle che resteranno a 0 punti contro cui si pu\u00f2 pensare di vincere facilmente. Ci sar\u00e0 equilibrio, e per questo sar\u00e0 un campionato impegnativo e l\u2019aggiunta delle sarde ne aumenta il tasso tecnico. Ogni partita sar\u00e0 una battaglia, sar\u00e0 decisiva e da affrontare al massimo delle proprie capacit\u00e0.\u201d<\/em><\/p>\n<p><strong>L\u2019ASD LUISS saluta e ringrazia Giancarlo Oliva<\/strong> per l\u2019impegno profuso, per la professionalit\u00e0 e per l\u2019attaccamento alla maglia dimostrati in tutti questi anni di militanza luissina come vice-allenatore. A Giancarlo va un grande \u2018in bocca al lupo\u2019 per il futuro da parte della Dirigenza, dello Staff\u00a0 e dei giocatori.<\/p>\n<p><strong>Danila Di Biase<\/strong><\/p>\n","protected":false},"excerpt":{"rendered":"<p>E\u2019 partita con il piede sull\u2019acceleratore l\u2019ASD LUISS di Max Briscese che mercoled\u00ec 22 agosto ha iniziato la preparazione, con doppie sedute quotidiane, in vista del campionato DNC che prender\u00e0 [&hellip;]<\/p>\n","protected":false},"author":441,"featured_media":5093,"comment_status":"closed","ping_status":"closed","sticky":false,"template":"","format":"standard","meta":{"_monsterinsights_skip_tracking":false,"_monsterinsights_sitenote_active":false,"_monsterinsights_sitenote_note":"","_monsterinsights_sitenote_category":0,"footnotes":""},"categories":[114],"tags":[],"class_list":["post-5092","post","type-post","status-publish","format-standard","has-post-thumbnail","hentry","category-news-basket-c"],"yoast_head":"<!-- This site is optimized with the Yoast SEO plugin v26.5 - https:\/\/yoast.com\/wordpress\/plugins\/seo\/ -->\n<title>LUISS: Ricominciamo!!! - Luiss Sport - Luiss Guido Carli<\/title>\n<meta name=\"robots\" content=\"index, follow, max-snippet:-1, max-image-preview:large, max-video-preview:-1\" \/>\n<link rel=\"canonical\" href=\"https:\/\/sport.luiss.it\/2012\/08\/28\/luiss-ricominciamo\/\" \/>\n<meta property=\"og:locale\" content=\"en_US\" \/>\n<meta property=\"og:type\" content=\"article\" \/>\n<meta property=\"og:title\" content=\"LUISS: Ricominciamo!!! - Luiss Sport - Luiss Guido Carli\" \/>\n<meta property=\"og:description\" content=\"E\u2019 partita con il piede sull\u2019acceleratore l\u2019ASD LUISS di Max Briscese che mercoled\u00ec 22 agosto ha iniziato la preparazione, con doppie sedute quotidiane, in vista del campionato DNC che prender\u00e0 [&hellip;]\" \/>\n<meta property=\"og:url\" content=\"https:\/\/sport.luiss.it\/2012\/08\/28\/luiss-ricominciamo\/\" \/>\n<meta property=\"og:site_name\" content=\"Luiss Sport - Luiss Guido Carli\" \/>\n<meta property=\"article:publisher\" content=\"https:\/\/www.facebook.com\/sportluiss\/\" \/>\n<meta property=\"article:published_time\" content=\"2012-08-28T08:09:47+00:00\" \/>\n<meta name=\"twitter:card\" content=\"summary_large_image\" \/>\n<meta name=\"twitter:label1\" content=\"Written by\" \/>\n\t<meta name=\"twitter:data1\" content=\"\" \/>\n\t<meta name=\"twitter:label2\" content=\"Est. reading time\" \/>\n\t<meta name=\"twitter:data2\" content=\"3 minutes\" \/>\n<script type=\"application\/ld+json\" class=\"yoast-schema-graph\">{\"@context\":\"https:\/\/schema.org\",\"@graph\":[{\"@type\":\"WebPage\",\"@id\":\"https:\/\/sport.luiss.it\/2012\/08\/28\/luiss-ricominciamo\/\",\"url\":\"https:\/\/sport.luiss.it\/2012\/08\/28\/luiss-ricominciamo\/\",\"name\":\"LUISS: Ricominciamo!!! - Luiss Sport - Luiss Guido Carli\",\"isPartOf\":{\"@id\":\"https:\/\/sport.luiss.it\/#website\"},\"primaryImageOfPage\":{\"@id\":\"https:\/\/sport.luiss.it\/2012\/08\/28\/luiss-ricominciamo\/#primaryimage\"},\"image\":{\"@id\":\"https:\/\/sport.luiss.it\/2012\/08\/28\/luiss-ricominciamo\/#primaryimage\"},\"thumbnailUrl\":\"\",\"datePublished\":\"2012-08-28T08:09:47+00:00\",\"author\":{\"@id\":\"\"},\"breadcrumb\":{\"@id\":\"https:\/\/sport.luiss.it\/2012\/08\/28\/luiss-ricominciamo\/#breadcrumb\"},\"inLanguage\":\"en-US\",\"potentialAction\":[{\"@type\":\"ReadAction\",\"target\":[\"https:\/\/sport.luiss.it\/2012\/08\/28\/luiss-ricominciamo\/\"]}]},{\"@type\":\"ImageObject\",\"inLanguage\":\"en-US\",\"@id\":\"https:\/\/sport.luiss.it\/2012\/08\/28\/luiss-ricominciamo\/#primaryimage\",\"url\":\"\",\"contentUrl\":\"\"},{\"@type\":\"BreadcrumbList\",\"@id\":\"https:\/\/sport.luiss.it\/2012\/08\/28\/luiss-ricominciamo\/#breadcrumb\",\"itemListElement\":[{\"@type\":\"ListItem\",\"position\":1,\"name\":\"Home\",\"item\":\"https:\/\/sport.luiss.it\/en\/\"},{\"@type\":\"ListItem\",\"position\":2,\"name\":\"LUISS: Ricominciamo!!!\"}]},{\"@type\":\"WebSite\",\"@id\":\"https:\/\/sport.luiss.it\/#website\",\"url\":\"https:\/\/sport.luiss.it\/\",\"name\":\"Luiss Sport - Luiss Guido Carli\",\"description\":\"Luiss Sport\",\"potentialAction\":[{\"@type\":\"SearchAction\",\"target\":{\"@type\":\"EntryPoint\",\"urlTemplate\":\"https:\/\/sport.luiss.it\/?s={search_term_string}\"},\"query-input\":{\"@type\":\"PropertyValueSpecification\",\"valueRequired\":true,\"valueName\":\"search_term_string\"}}],\"inLanguage\":\"en-US\"},{\"@type\":\"Person\",\"@id\":\"\"}]}<\/script>\n<!-- \/ Yoast SEO plugin. -->","yoast_head_json":{"title":"LUISS: Ricominciamo!!! - Luiss Sport - Luiss Guido Carli","robots":{"index":"index","follow":"follow","max-snippet":"max-snippet:-1","max-image-preview":"max-image-preview:large","max-video-preview":"max-video-preview:-1"},"canonical":"https:\/\/sport.luiss.it\/2012\/08\/28\/luiss-ricominciamo\/","og_locale":"en_US","og_type":"article","og_title":"LUISS: Ricominciamo!!! - Luiss Sport - Luiss Guido Carli","og_description":"E\u2019 partita con il piede sull\u2019acceleratore l\u2019ASD LUISS di Max Briscese che mercoled\u00ec 22 agosto ha iniziato la preparazione, con doppie sedute quotidiane, in vista del campionato DNC che prender\u00e0 [&hellip;]","og_url":"https:\/\/sport.luiss.it\/2012\/08\/28\/luiss-ricominciamo\/","og_site_name":"Luiss Sport - Luiss Guido Carli","article_publisher":"https:\/\/www.facebook.com\/sportluiss\/","article_published_time":"2012-08-28T08:09:47+00:00","twitter_card":"summary_large_image","twitter_misc":{"Written by":"","Est. reading time":"3 minutes"},"schema":{"@context":"https:\/\/schema.org","@graph":[{"@type":"WebPage","@id":"https:\/\/sport.luiss.it\/2012\/08\/28\/luiss-ricominciamo\/","url":"https:\/\/sport.luiss.it\/2012\/08\/28\/luiss-ricominciamo\/","name":"LUISS: Ricominciamo!!! - Luiss Sport - Luiss Guido Carli","isPartOf":{"@id":"https:\/\/sport.luiss.it\/#website"},"primaryImageOfPage":{"@id":"https:\/\/sport.luiss.it\/2012\/08\/28\/luiss-ricominciamo\/#primaryimage"},"image":{"@id":"https:\/\/sport.luiss.it\/2012\/08\/28\/luiss-ricominciamo\/#primaryimage"},"thumbnailUrl":"","datePublished":"2012-08-28T08:09:47+00:00","author":{"@id":""},"breadcrumb":{"@id":"https:\/\/sport.luiss.it\/2012\/08\/28\/luiss-ricominciamo\/#breadcrumb"},"inLanguage":"en-US","potentialAction":[{"@type":"ReadAction","target":["https:\/\/sport.luiss.it\/2012\/08\/28\/luiss-ricominciamo\/"]}]},{"@type":"ImageObject","inLanguage":"en-US","@id":"https:\/\/sport.luiss.it\/2012\/08\/28\/luiss-ricominciamo\/#primaryimage","url":"","contentUrl":""},{"@type":"BreadcrumbList","@id":"https:\/\/sport.luiss.it\/2012\/08\/28\/luiss-ricominciamo\/#breadcrumb","itemListElement":[{"@type":"ListItem","position":1,"name":"Home","item":"https:\/\/sport.luiss.it\/en\/"},{"@type":"ListItem","position":2,"name":"LUISS: Ricominciamo!!!"}]},{"@type":"WebSite","@id":"https:\/\/sport.luiss.it\/#website","url":"https:\/\/sport.luiss.it\/","name":"Luiss Sport - Luiss Guido Carli","description":"Luiss Sport","potentialAction":[{"@type":"SearchAction","target":{"@type":"EntryPoint","urlTemplate":"https:\/\/sport.luiss.it\/?s={search_term_string}"},"query-input":{"@type":"PropertyValueSpecification","valueRequired":true,"valueName":"search_term_string"}}],"inLanguage":"en-US"},{"@type":"Person","@id":""}]}},"_links":{"self":[{"href":"https:\/\/sport.luiss.it\/en\/wp-json\/wp\/v2\/posts\/5092","targetHints":{"allow":["GET"]}}],"collection":[{"href":"https:\/\/sport.luiss.it\/en\/wp-json\/wp\/v2\/posts"}],"about":[{"href":"https:\/\/sport.luiss.it\/en\/wp-json\/wp\/v2\/types\/post"}],"author":[{"embeddable":true,"href":"https:\/\/sport.luiss.it\/en\/wp-json\/wp\/v2\/users\/441"}],"replies":[{"embeddable":true,"href":"https:\/\/sport.luiss.it\/en\/wp-json\/wp\/v2\/comments?post=5092"}],"version-history":[{"count":0,"href":"https:\/\/sport.luiss.it\/en\/wp-json\/wp\/v2\/posts\/5092\/revisions"}],"wp:featuredmedia":[{"embeddable":true,"href":"https:\/\/sport.luiss.it\/en\/wp-json\/"}],"wp:attachment":[{"href":"https:\/\/sport.luiss.it\/en\/wp-json\/wp\/v2\/media?parent=5092"}],"wp:term":[{"taxonomy":"category","embeddable":true,"href":"https:\/\/sport.luiss.it\/en\/wp-json\/wp\/v2\/categories?post=5092"},{"taxonomy":"post_tag","embeddable":true,"href":"https:\/\/sport.luiss.it\/en\/wp-json\/wp\/v2\/tags?post=5092"}],"curies":[{"name":"wp","href":"https:\/\/api.w.org\/{rel}","templated":true}]}}