
{"id":5299,"date":"2012-10-26T11:04:03","date_gmt":"2012-10-26T11:04:03","guid":{"rendered":"https:\/\/sport.luiss.it\/?p=5299"},"modified":"2012-10-26T11:04:03","modified_gmt":"2012-10-26T11:04:03","slug":"luiss-con-cagliari-la-massima-concentrazione","status":"publish","type":"post","link":"https:\/\/sport.luiss.it\/en\/2012\/10\/26\/luiss-con-cagliari-la-massima-concentrazione\/","title":{"rendered":"LUISS, con Cagliari la massima concentrazione!!"},"content":{"rendered":"<p><a href=\"https:\/\/sport.luiss.it\/wp-content\/uploads\/2012\/10\/polselli.jpg\"><img loading=\"lazy\" decoding=\"async\" class=\"alignleft size-full wp-image-5300\" title=\"polselli\" src=\"https:\/\/sport.luiss.it\/wp-content\/uploads\/2012\/10\/polselli.jpg\" alt=\"\" width=\"250\" height=\"375\" \/><\/a>Dopo la convincente vittoria contro la Virtus Aprilia \u00e8 pronta per il secondo impegno consecutivo tra le mura amiche l\u2019ASD LUISS che sabato 27 alle 16.30 ospiter\u00e0 al Pala LUISS l\u2019<strong>Olimpia Cagliari<\/strong> per il match valevole per la terza giornata del campionato DNC.<\/p>\n<p>La squadra sarda \u00e8 attualmente ferma al palo con due sconfitte nelle prime due giornate che l\u2019hanno vista perdere a Cassino per 81-66 e in casa con la Tiber Roma che \u00e8 uscita vittoriosa dal Pala Rockefeller per 70-61. Il pivot<strong> Daniele Soro<\/strong> e la guarda Roberto Pintor sono quelli che hanno meglio figurato in questo avvio di stagione, con la truppa guidata da Claudio Corsi che ha pagato in entrambe le occasioni la poca concretezza al tiro e che ha per\u00f2 dimostrato di giocare a viso aperto anche contro squadre sulla carta maggiormente attrezzate. La formazione bianco verde l\u2019anno scorso ha militato nel girone E con le squadre toscane, arrivando nona e quindi sfiorando i playoff per soli quattro punti. Della squadra della passata stagione sono rimasti a Cagliari il gi\u00e0 citato Soro, oltre a Manca, Mastio, Schiffini e il giovane Chessa, classe 1993, mentre sono arrivati nella campagna acquisti estiva Roberto e Mauro Pintor, Passa, Puddu, Ganga, Cocco e Pinna.<\/p>\n<p>La LUISS dovr\u00e0 provare a confermare quanto di buono fatto vedere contro la Virtus Aprilia, battuta per 96-79 al termine di un match sempre gestito dagli universitari che sono riusciti a tenere a debita distanza i pontini, mai domi fino al 35\u00b0. Ed \u00e8<strong> Capitan Ruben Polselli<\/strong>, che ha chiuso il match contro gli apriliani con una doppia-doppia fatta di 18 punti e 10 rimbalzi (<em>pi\u00f9 3 stoppate e 6 falli subiti, nda<\/em>), a parlare del prossimo match contro i cagliaritani: \u201c<em>Dopo aver iniziato in trasferta all\u2019Eurobasket, ci serviva tornare \u2018a casa\u2019 per vincere la prima partita e prendere confidenza con il campionato, e credo che con Aprilia l\u2019abbiamo fatto nel migliore dei modi. Domani affronteremo una squadra che ha perso le prime due partite e questo implica che dovremo prestare molta attenzione perch\u00e9 verranno a Roma per vincere, inoltre conosco bene Soro con cui ho giocato in passato, ed \u00e8 sicuramente il loro uomo pi\u00f9 pericoloso. Ognuno di noi dovr\u00e0 quindi scendere in campo con il massimo della concentrazione per vincere questa partita\u201d.<\/em> Il pivot biancoblu parla anche dei nuovi arrivati in casa LUISS: \u201c<em>Abbiamo cambiato molti giocatori quest\u2019estate, sono arrivati ragazzi giovani ma da cui tutti ci aspettiamo un apporto consistente da subito, perch\u00e9 nonostante la giovane et\u00e0 devono prendersi le responsabilit\u00e0 giuste e farsi trovare pronti ogni volta che vengono chiamati in causa. Ovviamente il fatto che ci siano cos\u00ec tanti nuovi innesti non permette gi\u00e0 da adesso una valutazione su quello che potr\u00e0 essere il nostro cammino in campionato, ci servir\u00e0 del tempo per capire quale sia il nostro reale obiettivo\u201d<\/em>. Polselli, infine, dedica un pensiero a <strong>Matteo Teofili,<\/strong> che ha sub\u00ecto la scorsa settimana un\u2019operazione dopo un brutto incidente in moto: \u201c<em>Ci tengo a sottolineare che la vittoria contro la Virtus di sabato scorso l\u2019abbiamo dedicata a lui. Tutti speriamo che Tex possa tornare al pi\u00f9 presto a giocare con noi e aspettiamo il suo ritorno con trepidazione.\u201d<\/em><\/p>\n<p>La gara tra ASD LUISS e Olimpia Cagliari andr\u00e0 in scena <strong>sabato 27 ottobre eccezionalmente alle 16.30<\/strong> per permettere il rientro in terra sarda alla formazione bianco verde in serata.<\/p>\n<p>Danila Di Biase<\/p>\n","protected":false},"excerpt":{"rendered":"<p>Dopo la convincente vittoria contro la Virtus Aprilia \u00e8 pronta per il secondo impegno consecutivo tra le mura amiche l\u2019ASD LUISS che sabato 27 alle 16.30 ospiter\u00e0 al Pala LUISS [&hellip;]<\/p>\n","protected":false},"author":441,"featured_media":5300,"comment_status":"closed","ping_status":"closed","sticky":false,"template":"","format":"standard","meta":{"_monsterinsights_skip_tracking":false,"_monsterinsights_sitenote_active":false,"_monsterinsights_sitenote_note":"","_monsterinsights_sitenote_category":0,"footnotes":""},"categories":[114],"tags":[],"class_list":["post-5299","post","type-post","status-publish","format-standard","has-post-thumbnail","hentry","category-news-basket-c"],"yoast_head":"<!-- This site is optimized with the Yoast SEO plugin v26.5 - https:\/\/yoast.com\/wordpress\/plugins\/seo\/ -->\n<title>LUISS, con Cagliari la massima concentrazione!! - Luiss Sport - Luiss Guido Carli<\/title>\n<meta name=\"robots\" content=\"index, follow, max-snippet:-1, max-image-preview:large, max-video-preview:-1\" \/>\n<link rel=\"canonical\" href=\"https:\/\/sport.luiss.it\/2012\/10\/26\/luiss-con-cagliari-la-massima-concentrazione\/\" \/>\n<meta property=\"og:locale\" content=\"en_US\" \/>\n<meta property=\"og:type\" content=\"article\" \/>\n<meta property=\"og:title\" content=\"LUISS, con Cagliari la massima concentrazione!! - Luiss Sport - Luiss Guido Carli\" \/>\n<meta property=\"og:description\" content=\"Dopo la convincente vittoria contro la Virtus Aprilia \u00e8 pronta per il secondo impegno consecutivo tra le mura amiche l\u2019ASD LUISS che sabato 27 alle 16.30 ospiter\u00e0 al Pala LUISS [&hellip;]\" \/>\n<meta property=\"og:url\" content=\"https:\/\/sport.luiss.it\/2012\/10\/26\/luiss-con-cagliari-la-massima-concentrazione\/\" \/>\n<meta property=\"og:site_name\" content=\"Luiss Sport - Luiss Guido Carli\" \/>\n<meta property=\"article:publisher\" content=\"https:\/\/www.facebook.com\/sportluiss\/\" \/>\n<meta property=\"article:published_time\" content=\"2012-10-26T11:04:03+00:00\" \/>\n<meta name=\"twitter:card\" content=\"summary_large_image\" \/>\n<meta name=\"twitter:label1\" content=\"Written by\" \/>\n\t<meta name=\"twitter:data1\" content=\"\" \/>\n\t<meta name=\"twitter:label2\" content=\"Est. reading time\" \/>\n\t<meta name=\"twitter:data2\" content=\"3 minutes\" \/>\n<script type=\"application\/ld+json\" class=\"yoast-schema-graph\">{\"@context\":\"https:\/\/schema.org\",\"@graph\":[{\"@type\":\"WebPage\",\"@id\":\"https:\/\/sport.luiss.it\/2012\/10\/26\/luiss-con-cagliari-la-massima-concentrazione\/\",\"url\":\"https:\/\/sport.luiss.it\/2012\/10\/26\/luiss-con-cagliari-la-massima-concentrazione\/\",\"name\":\"LUISS, con Cagliari la massima concentrazione!! - Luiss Sport - Luiss Guido Carli\",\"isPartOf\":{\"@id\":\"https:\/\/sport.luiss.it\/#website\"},\"primaryImageOfPage\":{\"@id\":\"https:\/\/sport.luiss.it\/2012\/10\/26\/luiss-con-cagliari-la-massima-concentrazione\/#primaryimage\"},\"image\":{\"@id\":\"https:\/\/sport.luiss.it\/2012\/10\/26\/luiss-con-cagliari-la-massima-concentrazione\/#primaryimage\"},\"thumbnailUrl\":\"\",\"datePublished\":\"2012-10-26T11:04:03+00:00\",\"author\":{\"@id\":\"\"},\"breadcrumb\":{\"@id\":\"https:\/\/sport.luiss.it\/2012\/10\/26\/luiss-con-cagliari-la-massima-concentrazione\/#breadcrumb\"},\"inLanguage\":\"en-US\",\"potentialAction\":[{\"@type\":\"ReadAction\",\"target\":[\"https:\/\/sport.luiss.it\/2012\/10\/26\/luiss-con-cagliari-la-massima-concentrazione\/\"]}]},{\"@type\":\"ImageObject\",\"inLanguage\":\"en-US\",\"@id\":\"https:\/\/sport.luiss.it\/2012\/10\/26\/luiss-con-cagliari-la-massima-concentrazione\/#primaryimage\",\"url\":\"\",\"contentUrl\":\"\"},{\"@type\":\"BreadcrumbList\",\"@id\":\"https:\/\/sport.luiss.it\/2012\/10\/26\/luiss-con-cagliari-la-massima-concentrazione\/#breadcrumb\",\"itemListElement\":[{\"@type\":\"ListItem\",\"position\":1,\"name\":\"Home\",\"item\":\"https:\/\/sport.luiss.it\/en\/\"},{\"@type\":\"ListItem\",\"position\":2,\"name\":\"LUISS, con Cagliari la massima concentrazione!!\"}]},{\"@type\":\"WebSite\",\"@id\":\"https:\/\/sport.luiss.it\/#website\",\"url\":\"https:\/\/sport.luiss.it\/\",\"name\":\"Luiss Sport - Luiss Guido Carli\",\"description\":\"Luiss Sport\",\"potentialAction\":[{\"@type\":\"SearchAction\",\"target\":{\"@type\":\"EntryPoint\",\"urlTemplate\":\"https:\/\/sport.luiss.it\/?s={search_term_string}\"},\"query-input\":{\"@type\":\"PropertyValueSpecification\",\"valueRequired\":true,\"valueName\":\"search_term_string\"}}],\"inLanguage\":\"en-US\"},{\"@type\":\"Person\",\"@id\":\"\"}]}<\/script>\n<!-- \/ Yoast SEO plugin. -->","yoast_head_json":{"title":"LUISS, con Cagliari la massima concentrazione!! - Luiss Sport - Luiss Guido Carli","robots":{"index":"index","follow":"follow","max-snippet":"max-snippet:-1","max-image-preview":"max-image-preview:large","max-video-preview":"max-video-preview:-1"},"canonical":"https:\/\/sport.luiss.it\/2012\/10\/26\/luiss-con-cagliari-la-massima-concentrazione\/","og_locale":"en_US","og_type":"article","og_title":"LUISS, con Cagliari la massima concentrazione!! - Luiss Sport - Luiss Guido Carli","og_description":"Dopo la convincente vittoria contro la Virtus Aprilia \u00e8 pronta per il secondo impegno consecutivo tra le mura amiche l\u2019ASD LUISS che sabato 27 alle 16.30 ospiter\u00e0 al Pala LUISS [&hellip;]","og_url":"https:\/\/sport.luiss.it\/2012\/10\/26\/luiss-con-cagliari-la-massima-concentrazione\/","og_site_name":"Luiss Sport - Luiss Guido Carli","article_publisher":"https:\/\/www.facebook.com\/sportluiss\/","article_published_time":"2012-10-26T11:04:03+00:00","twitter_card":"summary_large_image","twitter_misc":{"Written by":"","Est. reading time":"3 minutes"},"schema":{"@context":"https:\/\/schema.org","@graph":[{"@type":"WebPage","@id":"https:\/\/sport.luiss.it\/2012\/10\/26\/luiss-con-cagliari-la-massima-concentrazione\/","url":"https:\/\/sport.luiss.it\/2012\/10\/26\/luiss-con-cagliari-la-massima-concentrazione\/","name":"LUISS, con Cagliari la massima concentrazione!! - Luiss Sport - Luiss Guido Carli","isPartOf":{"@id":"https:\/\/sport.luiss.it\/#website"},"primaryImageOfPage":{"@id":"https:\/\/sport.luiss.it\/2012\/10\/26\/luiss-con-cagliari-la-massima-concentrazione\/#primaryimage"},"image":{"@id":"https:\/\/sport.luiss.it\/2012\/10\/26\/luiss-con-cagliari-la-massima-concentrazione\/#primaryimage"},"thumbnailUrl":"","datePublished":"2012-10-26T11:04:03+00:00","author":{"@id":""},"breadcrumb":{"@id":"https:\/\/sport.luiss.it\/2012\/10\/26\/luiss-con-cagliari-la-massima-concentrazione\/#breadcrumb"},"inLanguage":"en-US","potentialAction":[{"@type":"ReadAction","target":["https:\/\/sport.luiss.it\/2012\/10\/26\/luiss-con-cagliari-la-massima-concentrazione\/"]}]},{"@type":"ImageObject","inLanguage":"en-US","@id":"https:\/\/sport.luiss.it\/2012\/10\/26\/luiss-con-cagliari-la-massima-concentrazione\/#primaryimage","url":"","contentUrl":""},{"@type":"BreadcrumbList","@id":"https:\/\/sport.luiss.it\/2012\/10\/26\/luiss-con-cagliari-la-massima-concentrazione\/#breadcrumb","itemListElement":[{"@type":"ListItem","position":1,"name":"Home","item":"https:\/\/sport.luiss.it\/en\/"},{"@type":"ListItem","position":2,"name":"LUISS, con Cagliari la massima concentrazione!!"}]},{"@type":"WebSite","@id":"https:\/\/sport.luiss.it\/#website","url":"https:\/\/sport.luiss.it\/","name":"Luiss Sport - Luiss Guido Carli","description":"Luiss Sport","potentialAction":[{"@type":"SearchAction","target":{"@type":"EntryPoint","urlTemplate":"https:\/\/sport.luiss.it\/?s={search_term_string}"},"query-input":{"@type":"PropertyValueSpecification","valueRequired":true,"valueName":"search_term_string"}}],"inLanguage":"en-US"},{"@type":"Person","@id":""}]}},"_links":{"self":[{"href":"https:\/\/sport.luiss.it\/en\/wp-json\/wp\/v2\/posts\/5299","targetHints":{"allow":["GET"]}}],"collection":[{"href":"https:\/\/sport.luiss.it\/en\/wp-json\/wp\/v2\/posts"}],"about":[{"href":"https:\/\/sport.luiss.it\/en\/wp-json\/wp\/v2\/types\/post"}],"author":[{"embeddable":true,"href":"https:\/\/sport.luiss.it\/en\/wp-json\/wp\/v2\/users\/441"}],"replies":[{"embeddable":true,"href":"https:\/\/sport.luiss.it\/en\/wp-json\/wp\/v2\/comments?post=5299"}],"version-history":[{"count":0,"href":"https:\/\/sport.luiss.it\/en\/wp-json\/wp\/v2\/posts\/5299\/revisions"}],"wp:featuredmedia":[{"embeddable":true,"href":"https:\/\/sport.luiss.it\/en\/wp-json\/"}],"wp:attachment":[{"href":"https:\/\/sport.luiss.it\/en\/wp-json\/wp\/v2\/media?parent=5299"}],"wp:term":[{"taxonomy":"category","embeddable":true,"href":"https:\/\/sport.luiss.it\/en\/wp-json\/wp\/v2\/categories?post=5299"},{"taxonomy":"post_tag","embeddable":true,"href":"https:\/\/sport.luiss.it\/en\/wp-json\/wp\/v2\/tags?post=5299"}],"curies":[{"name":"wp","href":"https:\/\/api.w.org\/{rel}","templated":true}]}}