
{"id":5404,"date":"2012-11-16T13:46:38","date_gmt":"2012-11-16T13:46:38","guid":{"rendered":"https:\/\/sport.luiss.it\/?p=5404"},"modified":"2012-11-16T13:46:38","modified_gmt":"2012-11-16T13:46:38","slug":"luiss-a-viterbo-vai-al-massimo","status":"publish","type":"post","link":"https:\/\/sport.luiss.it\/en\/2012\/11\/16\/luiss-a-viterbo-vai-al-massimo\/","title":{"rendered":"LUISS, a Viterbo vai al massimo!!!"},"content":{"rendered":"<p><a href=\"https:\/\/sport.luiss.it\/wp-content\/uploads\/2012\/11\/Francesco-Borsetti.jpg\"><img loading=\"lazy\" decoding=\"async\" class=\"alignleft size-full wp-image-5405\" title=\"Francesco Borsetti\" src=\"https:\/\/sport.luiss.it\/wp-content\/uploads\/2012\/11\/Francesco-Borsetti.jpg\" alt=\"\" width=\"206\" height=\"274\" \/><\/a>Dopo la convincente vittoria nel derby contro la Petriana, \u00e8 ora attesa da una trasferta impegnativa l\u2019ASD LUISS di Max Briscese che domenica 18 novembre andr\u00e0 a far visita alla <strong>Ilco Viterbo<\/strong>, in occasione del sesto turno del campionato DNC.<\/p>\n<p>Un match non facile quello che dovr\u00e0 affrontare la formazione universitaria, contro una squadra reduce da tre sconfitte consecutive e con al suo attivo una sola vittoria nelle prime cinque giornate di campionato. Il team allenato da Pierpaolo Pasqualini in questo primo scorcio di stagione ha forse disatteso le aspettative degli addetti ai lavori che, per la presenza di giocatori come <strong>Tommaso Rossetti<\/strong>, Marco Ottocento, Angelo Toselli e Valerio Giganti, pronosticavano un campionato di un certo livello per i colori bianco blu. Ovviamente siamo solo all\u2019inizio di un\u2019annata che dimostra quanto il livello delle contendenti sia equilibrato e la squadra della Presidentessa Mirella Toni ha tutte le carte in regola per fare un buon cammino nel girone F della DNC.<\/p>\n<p>La LUISS dovr\u00e0 quindi scendere in campo con il massimo della concentrazione per far fronte alla \u2018rabbia\u2019 con cui giocher\u00e0 Viterbo, vogliosa di regalare una gioia ai suoi tifosi dopo l\u2019unico successo datato 21 ottobre. La formazione guidata da <strong>Briscese<\/strong> ha dimostrato di essere in salute battendo Sassari in terra sarda e la Petriana in casa, con due partite giocate ad alti livelli con tutti i giocatori protagonisti, come sottolineato proprio nel derby tutto romano dove tutti i 10 convocati sono andati a referto. \u201c<em>Domenica affronteremo una partita molto difficile<\/em> \u2013 dichiara l\u2019allenatore luissino \u2013 <em>perch\u00e9 loro vengono da una serie di sconfitte e vorranno risollevarsi da questo periodo negativo. Viterbo ha tutte le possibilit\u00e0 di poter competere con qualunque squadra del girone, quindi \u00e8 facilmente deducibile che la gara che andiamo ad affrontare \u00e8 probabilmente vitale dal punto di vista del loro campionato ed \u00e8 per questo che mi aspetto un match agonisticamente duro dove noi dovremo contrapporre le nostre caratteristiche alle loro indubbie qualit\u00e0<\/em>.\u201d<\/p>\n<p>Anche <strong>Francesco Borsetti<\/strong>, pivot biancoblu reduce da una settimana fantastica in cui prima \u00e8 arrivata la Laurea in Scienze Politiche conseguita con il massimo dei voti e due giorni dopo il 24\u00b0 compleanno, parla di queste giornate intense: \u201c<em>E\u2019 stata una settimana bella ma anche difficile, e a questo proposito ci tengo ad esprimere a nome mio e di tutti i miei compagni la vicinanza a Giulio Di Fabio che non sta attraversando un bel momento e a cui diciamo di poter fare affidamento sempre su di noi. Dall\u2019altro lato della medaglia, invece, ci sono le gioie che io, Raffaele, Barletta e Viggiano abbiamo vissuto laureandoci proprio in questi giorni, e questo ci ripaga di tutti i sacrifici fatti perch\u00e9 in alcuni frangenti ci accorgiamo di quanto sia duro studiare e giocare a questi livelli, ma poi arrivano queste soddisfazioni e anche la fatica fatta per raggiungerle passa in secondo piano\u201d.<\/em><\/p>\n<p>Per quanto riguarda la partita in terra viterbese, il numero 11 luissino la presenta cos\u00ec: \u201c<em>E\u2019 un test importante perch\u00e9 sar\u00e0 sicuramente una gara complicata, considerando che ci troveremo di fronte giocatori di primo livello che sono in una condizione di classifica che non rispecchia il loro reale valore e che ci terranno a riscattarsi, quindi credo che li troveremo con il coltello tra i denti, anche perch\u00e9 giocano in casa e questo non \u00e8 mai un aspetto da sottovalutare. Personalmente, poi, sar\u00e0 emozionante, stimolante e divertente giocare contro Tommaso Rossetti, che \u00e8 un mio amico fraterno e anche per questo non vedo l\u2019ora di scendere in campo domenica. Per quanto ci riguarda, comunque, credo che questo match sar\u00e0 utile per capire il nostro grado di maturit\u00e0, perch\u00e9 uscire da Viterbo con i due punti sarebbe un risultato importante e ci farebbe riscattare completamente la sconfitta casalinga con Cagliari di qualche settimana fa che brucia ancora. Affronteremo questa gara ancora senza il nostro Capitano, che oltre ad essere un valore indiscutibile in campo, \u00e8 quel \u2018faro\u2019 indispensabile per noi perch\u00e9 un gruppo giovane ha bisogno di una personalit\u00e0 come la sua e speriamo possa tornare in campo al pi\u00f9 presto<\/em>.\u201d<\/p>\n<p>L&#8217;ASD LUISS fa le congratulazioni a Francesco, <strong>Luca Raffaele, Marco Barletta e Donatello Viggiano<\/strong> per le loro rispettive Lauree, augurandogli il pi\u00f9 roseo futuro anche al di fuori del parquet di gioco.<\/p>\n<p>Il match tra Ilco Viterbo e ASD LUISS Roma andr\u00e0 in scena <strong>domenica 18 novembre alle 18 presso il Pala Mal\u00e8 di Viterbo<\/strong> dove ad arbitrare sono chiamati i Signori Antonio Errico di Perugia e Gianluca Leonelli di Narni (TR).<\/p>\n<p><strong>Danila Di Biase<\/strong><\/p>\n","protected":false},"excerpt":{"rendered":"<p>Dopo la convincente vittoria nel derby contro la Petriana, \u00e8 ora attesa da una trasferta impegnativa l\u2019ASD LUISS di Max Briscese che domenica 18 novembre andr\u00e0 a far visita alla [&hellip;]<\/p>\n","protected":false},"author":441,"featured_media":5405,"comment_status":"closed","ping_status":"closed","sticky":false,"template":"","format":"standard","meta":{"_monsterinsights_skip_tracking":false,"_monsterinsights_sitenote_active":false,"_monsterinsights_sitenote_note":"","_monsterinsights_sitenote_category":0,"footnotes":""},"categories":[114],"tags":[],"class_list":["post-5404","post","type-post","status-publish","format-standard","has-post-thumbnail","hentry","category-news-basket-c"],"yoast_head":"<!-- This site is optimized with the Yoast SEO plugin v26.5 - https:\/\/yoast.com\/wordpress\/plugins\/seo\/ -->\n<title>LUISS, a Viterbo vai al massimo!!! - Luiss Sport - Luiss Guido Carli<\/title>\n<meta name=\"robots\" content=\"index, follow, max-snippet:-1, max-image-preview:large, max-video-preview:-1\" \/>\n<link rel=\"canonical\" href=\"https:\/\/sport.luiss.it\/2012\/11\/16\/luiss-a-viterbo-vai-al-massimo\/\" \/>\n<meta property=\"og:locale\" content=\"en_US\" \/>\n<meta property=\"og:type\" content=\"article\" \/>\n<meta property=\"og:title\" content=\"LUISS, a Viterbo vai al massimo!!! - Luiss Sport - Luiss Guido Carli\" \/>\n<meta property=\"og:description\" content=\"Dopo la convincente vittoria nel derby contro la Petriana, \u00e8 ora attesa da una trasferta impegnativa l\u2019ASD LUISS di Max Briscese che domenica 18 novembre andr\u00e0 a far visita alla [&hellip;]\" \/>\n<meta property=\"og:url\" content=\"https:\/\/sport.luiss.it\/2012\/11\/16\/luiss-a-viterbo-vai-al-massimo\/\" \/>\n<meta property=\"og:site_name\" content=\"Luiss Sport - Luiss Guido Carli\" \/>\n<meta property=\"article:publisher\" content=\"https:\/\/www.facebook.com\/sportluiss\/\" \/>\n<meta property=\"article:published_time\" content=\"2012-11-16T13:46:38+00:00\" \/>\n<meta name=\"twitter:card\" content=\"summary_large_image\" \/>\n<meta name=\"twitter:label1\" content=\"Written by\" \/>\n\t<meta name=\"twitter:data1\" content=\"\" \/>\n\t<meta name=\"twitter:label2\" content=\"Est. reading time\" \/>\n\t<meta name=\"twitter:data2\" content=\"4 minutes\" \/>\n<script type=\"application\/ld+json\" class=\"yoast-schema-graph\">{\"@context\":\"https:\/\/schema.org\",\"@graph\":[{\"@type\":\"WebPage\",\"@id\":\"https:\/\/sport.luiss.it\/2012\/11\/16\/luiss-a-viterbo-vai-al-massimo\/\",\"url\":\"https:\/\/sport.luiss.it\/2012\/11\/16\/luiss-a-viterbo-vai-al-massimo\/\",\"name\":\"LUISS, a Viterbo vai al massimo!!! - Luiss Sport - Luiss Guido Carli\",\"isPartOf\":{\"@id\":\"https:\/\/sport.luiss.it\/#website\"},\"primaryImageOfPage\":{\"@id\":\"https:\/\/sport.luiss.it\/2012\/11\/16\/luiss-a-viterbo-vai-al-massimo\/#primaryimage\"},\"image\":{\"@id\":\"https:\/\/sport.luiss.it\/2012\/11\/16\/luiss-a-viterbo-vai-al-massimo\/#primaryimage\"},\"thumbnailUrl\":\"\",\"datePublished\":\"2012-11-16T13:46:38+00:00\",\"author\":{\"@id\":\"\"},\"breadcrumb\":{\"@id\":\"https:\/\/sport.luiss.it\/2012\/11\/16\/luiss-a-viterbo-vai-al-massimo\/#breadcrumb\"},\"inLanguage\":\"en-US\",\"potentialAction\":[{\"@type\":\"ReadAction\",\"target\":[\"https:\/\/sport.luiss.it\/2012\/11\/16\/luiss-a-viterbo-vai-al-massimo\/\"]}]},{\"@type\":\"ImageObject\",\"inLanguage\":\"en-US\",\"@id\":\"https:\/\/sport.luiss.it\/2012\/11\/16\/luiss-a-viterbo-vai-al-massimo\/#primaryimage\",\"url\":\"\",\"contentUrl\":\"\"},{\"@type\":\"BreadcrumbList\",\"@id\":\"https:\/\/sport.luiss.it\/2012\/11\/16\/luiss-a-viterbo-vai-al-massimo\/#breadcrumb\",\"itemListElement\":[{\"@type\":\"ListItem\",\"position\":1,\"name\":\"Home\",\"item\":\"https:\/\/sport.luiss.it\/en\/\"},{\"@type\":\"ListItem\",\"position\":2,\"name\":\"LUISS, a Viterbo vai al massimo!!!\"}]},{\"@type\":\"WebSite\",\"@id\":\"https:\/\/sport.luiss.it\/#website\",\"url\":\"https:\/\/sport.luiss.it\/\",\"name\":\"Luiss Sport - Luiss Guido Carli\",\"description\":\"Luiss Sport\",\"potentialAction\":[{\"@type\":\"SearchAction\",\"target\":{\"@type\":\"EntryPoint\",\"urlTemplate\":\"https:\/\/sport.luiss.it\/?s={search_term_string}\"},\"query-input\":{\"@type\":\"PropertyValueSpecification\",\"valueRequired\":true,\"valueName\":\"search_term_string\"}}],\"inLanguage\":\"en-US\"},{\"@type\":\"Person\",\"@id\":\"\"}]}<\/script>\n<!-- \/ Yoast SEO plugin. -->","yoast_head_json":{"title":"LUISS, a Viterbo vai al massimo!!! - Luiss Sport - Luiss Guido Carli","robots":{"index":"index","follow":"follow","max-snippet":"max-snippet:-1","max-image-preview":"max-image-preview:large","max-video-preview":"max-video-preview:-1"},"canonical":"https:\/\/sport.luiss.it\/2012\/11\/16\/luiss-a-viterbo-vai-al-massimo\/","og_locale":"en_US","og_type":"article","og_title":"LUISS, a Viterbo vai al massimo!!! - Luiss Sport - Luiss Guido Carli","og_description":"Dopo la convincente vittoria nel derby contro la Petriana, \u00e8 ora attesa da una trasferta impegnativa l\u2019ASD LUISS di Max Briscese che domenica 18 novembre andr\u00e0 a far visita alla [&hellip;]","og_url":"https:\/\/sport.luiss.it\/2012\/11\/16\/luiss-a-viterbo-vai-al-massimo\/","og_site_name":"Luiss Sport - Luiss Guido Carli","article_publisher":"https:\/\/www.facebook.com\/sportluiss\/","article_published_time":"2012-11-16T13:46:38+00:00","twitter_card":"summary_large_image","twitter_misc":{"Written by":"","Est. reading time":"4 minutes"},"schema":{"@context":"https:\/\/schema.org","@graph":[{"@type":"WebPage","@id":"https:\/\/sport.luiss.it\/2012\/11\/16\/luiss-a-viterbo-vai-al-massimo\/","url":"https:\/\/sport.luiss.it\/2012\/11\/16\/luiss-a-viterbo-vai-al-massimo\/","name":"LUISS, a Viterbo vai al massimo!!! - Luiss Sport - Luiss Guido Carli","isPartOf":{"@id":"https:\/\/sport.luiss.it\/#website"},"primaryImageOfPage":{"@id":"https:\/\/sport.luiss.it\/2012\/11\/16\/luiss-a-viterbo-vai-al-massimo\/#primaryimage"},"image":{"@id":"https:\/\/sport.luiss.it\/2012\/11\/16\/luiss-a-viterbo-vai-al-massimo\/#primaryimage"},"thumbnailUrl":"","datePublished":"2012-11-16T13:46:38+00:00","author":{"@id":""},"breadcrumb":{"@id":"https:\/\/sport.luiss.it\/2012\/11\/16\/luiss-a-viterbo-vai-al-massimo\/#breadcrumb"},"inLanguage":"en-US","potentialAction":[{"@type":"ReadAction","target":["https:\/\/sport.luiss.it\/2012\/11\/16\/luiss-a-viterbo-vai-al-massimo\/"]}]},{"@type":"ImageObject","inLanguage":"en-US","@id":"https:\/\/sport.luiss.it\/2012\/11\/16\/luiss-a-viterbo-vai-al-massimo\/#primaryimage","url":"","contentUrl":""},{"@type":"BreadcrumbList","@id":"https:\/\/sport.luiss.it\/2012\/11\/16\/luiss-a-viterbo-vai-al-massimo\/#breadcrumb","itemListElement":[{"@type":"ListItem","position":1,"name":"Home","item":"https:\/\/sport.luiss.it\/en\/"},{"@type":"ListItem","position":2,"name":"LUISS, a Viterbo vai al massimo!!!"}]},{"@type":"WebSite","@id":"https:\/\/sport.luiss.it\/#website","url":"https:\/\/sport.luiss.it\/","name":"Luiss Sport - Luiss Guido Carli","description":"Luiss Sport","potentialAction":[{"@type":"SearchAction","target":{"@type":"EntryPoint","urlTemplate":"https:\/\/sport.luiss.it\/?s={search_term_string}"},"query-input":{"@type":"PropertyValueSpecification","valueRequired":true,"valueName":"search_term_string"}}],"inLanguage":"en-US"},{"@type":"Person","@id":""}]}},"_links":{"self":[{"href":"https:\/\/sport.luiss.it\/en\/wp-json\/wp\/v2\/posts\/5404","targetHints":{"allow":["GET"]}}],"collection":[{"href":"https:\/\/sport.luiss.it\/en\/wp-json\/wp\/v2\/posts"}],"about":[{"href":"https:\/\/sport.luiss.it\/en\/wp-json\/wp\/v2\/types\/post"}],"author":[{"embeddable":true,"href":"https:\/\/sport.luiss.it\/en\/wp-json\/wp\/v2\/users\/441"}],"replies":[{"embeddable":true,"href":"https:\/\/sport.luiss.it\/en\/wp-json\/wp\/v2\/comments?post=5404"}],"version-history":[{"count":0,"href":"https:\/\/sport.luiss.it\/en\/wp-json\/wp\/v2\/posts\/5404\/revisions"}],"wp:featuredmedia":[{"embeddable":true,"href":"https:\/\/sport.luiss.it\/en\/wp-json\/"}],"wp:attachment":[{"href":"https:\/\/sport.luiss.it\/en\/wp-json\/wp\/v2\/media?parent=5404"}],"wp:term":[{"taxonomy":"category","embeddable":true,"href":"https:\/\/sport.luiss.it\/en\/wp-json\/wp\/v2\/categories?post=5404"},{"taxonomy":"post_tag","embeddable":true,"href":"https:\/\/sport.luiss.it\/en\/wp-json\/wp\/v2\/tags?post=5404"}],"curies":[{"name":"wp","href":"https:\/\/api.w.org\/{rel}","templated":true}]}}