
{"id":5503,"date":"2012-11-30T12:28:43","date_gmt":"2012-11-30T12:28:43","guid":{"rendered":"https:\/\/sport.luiss.it\/?p=5503"},"modified":"2012-11-30T12:28:43","modified_gmt":"2012-11-30T12:28:43","slug":"luiss-a-valmontone-per-rialzare-subito-la-testa","status":"publish","type":"post","link":"https:\/\/sport.luiss.it\/en\/2012\/11\/30\/luiss-a-valmontone-per-rialzare-subito-la-testa\/","title":{"rendered":"LUISS, a Valmontone per rialzare subito la testa"},"content":{"rendered":"<p><a href=\"https:\/\/sport.luiss.it\/wp-content\/uploads\/2012\/11\/Luca-Raffaele.jpg\"><img loading=\"lazy\" decoding=\"async\" class=\"alignleft size-full wp-image-5504\" title=\"Luca Raffaele\" src=\"https:\/\/sport.luiss.it\/wp-content\/uploads\/2012\/11\/Luca-Raffaele.jpg\" alt=\"\" width=\"250\" height=\"375\" \/><\/a>Ottava giornata di campionato per l\u2019ASD LUISS che domenica 2 dicembre far\u00e0 visita all\u2019ultima della classe del girone F: l\u2019<strong>Elettrica2000 Valmontone<\/strong>.<\/p>\n<p>Un match delicato quello che affronteranno i ragazzi di Briscese, chiamati al riscatto dopo la sconfitta casalinga (62-64) contro la Pirates Accademia Basket Cagliari della scorsa settimana, arrivata alla fine di 40\u2019 che i luissini avevano quasi sempre gestito, salvo poi farsi superare dai sardi, bravi poi a difendere l\u2019esiguo vantaggio accumulato. La LUISS non ha perso tempo per recriminare e gi\u00e0 da luned\u00ec ha iniziato a guardare avanti , proiettandosi totalmente all\u2019impegno in quel di Valmontone, dove i padroni di casa venderanno cara la pelle per ottenere il loro primo successo stagionale. La squadra guidata da Giulio Bernabei \u00e8 composta da uomini esperti, che stanno vivendo un evidente momento di difficolt\u00e0, come Moscianese, Matteo Rossetti, Rischia, Saccoccio, Cosentino e altri che assicurano sicuro talento alla compagine bianconera.<\/p>\n<p><strong>Luca Raffaele<\/strong>, ala-grande della LUISS, nonch\u00e9 miglior giocatore del girone F con 19.86 punti, 8.14 rimbalzi per un totale di 21.71 di valutazione in 37 minuti di impiego di media, parla della prossima gara della squadra universitaria: \u201c<em>Sar\u00e0 una partita dura perch\u00e9 loro vengono da tante sconfitte nonostante un organico di alto livello per la categoria, quindi avranno sicuramente voglia di ottenere i primi punti della stagione, ma noi non vogliamo che sia la LUISS a rimetterli in carreggiata. Ci aspettiamo tanto tifo da parte dei tifosi di Valmontone e anche per questo dovremo essere concentrati e \u2018duri\u2019 nel gioco, perch\u00e9 comunque i bianconeri saranno agguerriti, anche se stanno giocando sottotono e proprio per questo sappiamo che possono \u2018risvegliarsi\u2019 in qualsiasi momento. La situazione che troveremo domenica<\/em> \u2013 continua il giocatore romano \u2013<em> sar\u00e0 molto simile a quella che abbiamo incontrato a Viterbo, dove siamo stati bravi peccando poi per un calo di tensione che abbiamo avuto nel momento decisivo. Il nostro Coach lavora molto sul rimediare agli errori commessi, e posso dire che da quella partita siamo usciti pi\u00f9 forti e con maggiore esperienza\u201d.<\/em><\/p>\n<p>Raffaele parla anche della partita persa al fotofinish con Cagliari: \u201c<em>Quello di sabato \u00e8 stato un passo falso che durante una stagione ci pu\u00f2 stare, ma che non si deve ripetere. In settimana ci siamo allenati davvero bene, sia noi che lo staff abbiamo messo in campo tanto impegno, e credo che da queste cose si veda la reazione di una squadra che dopo una sconfitta del genere poteva affondare, mentre ha reagito nel migliore dei modi, allenandosi con entusiasmo e seriet\u00e0 per riprendersi subito. Siamo una formazione combattiva che, anche nonostante l\u2019assenza del nostro Capitano, ha acquisito consapevolezza nei propri mezzi. Ruben<\/em> (Polselli, nda) <em>sta provando a rientrare il prima possibile, ma anche in queste settimane di lontananza dal parquet \u00e8 sempre rimasto a disposizione di tutti noi, perch\u00e9 conosce l\u2019importanza che la sua personalit\u00e0 pu\u00f2 dare ad un gruppo giovane come il nostro. Comunque tutti i ragazzi che di colpo si sono ritrovati a gestire maggiori responsabilit\u00e0 stanno facendo bene, certo \u00e8 ovvio poi che la giovane et\u00e0 faccia peccare un po\u2019 sulla gestione di nervi ed emozioni, ma sono certo che anche da questo punto di vista riusciremo a migliorare.\u201d<\/em><\/p>\n<p>Il match tra Elettrica2000 Valmontone e ASD LUISS Roma andr\u00e0 in scena <strong>domenica 2 dicembre alle 18 presso la Tensostruttura di via della Pace di Valmontone<\/strong> (RM) dove ad arbitrare sono chiamati i Signori Riccardo Basso di Elmas (CA) e Fabio Carrus di Selargius (CA).<\/p>\n<p><strong>Danila Di Biase<\/strong><\/p>\n","protected":false},"excerpt":{"rendered":"<p>Ottava giornata di campionato per l\u2019ASD LUISS che domenica 2 dicembre far\u00e0 visita all\u2019ultima della classe del girone F: l\u2019Elettrica2000 Valmontone. Un match delicato quello che affronteranno i ragazzi di [&hellip;]<\/p>\n","protected":false},"author":441,"featured_media":5504,"comment_status":"closed","ping_status":"closed","sticky":false,"template":"","format":"standard","meta":{"_monsterinsights_skip_tracking":false,"_monsterinsights_sitenote_active":false,"_monsterinsights_sitenote_note":"","_monsterinsights_sitenote_category":0,"footnotes":""},"categories":[114],"tags":[],"class_list":["post-5503","post","type-post","status-publish","format-standard","has-post-thumbnail","hentry","category-news-basket-c"],"yoast_head":"<!-- This site is optimized with the Yoast SEO plugin v26.5 - https:\/\/yoast.com\/wordpress\/plugins\/seo\/ -->\n<title>LUISS, a Valmontone per rialzare subito la testa - Luiss Sport - Luiss Guido Carli<\/title>\n<meta name=\"robots\" content=\"index, follow, max-snippet:-1, max-image-preview:large, max-video-preview:-1\" \/>\n<link rel=\"canonical\" href=\"https:\/\/sport.luiss.it\/2012\/11\/30\/luiss-a-valmontone-per-rialzare-subito-la-testa\/\" \/>\n<meta property=\"og:locale\" content=\"en_US\" \/>\n<meta property=\"og:type\" content=\"article\" \/>\n<meta property=\"og:title\" content=\"LUISS, a Valmontone per rialzare subito la testa - Luiss Sport - Luiss Guido Carli\" \/>\n<meta property=\"og:description\" content=\"Ottava giornata di campionato per l\u2019ASD LUISS che domenica 2 dicembre far\u00e0 visita all\u2019ultima della classe del girone F: l\u2019Elettrica2000 Valmontone. Un match delicato quello che affronteranno i ragazzi di [&hellip;]\" \/>\n<meta property=\"og:url\" content=\"https:\/\/sport.luiss.it\/2012\/11\/30\/luiss-a-valmontone-per-rialzare-subito-la-testa\/\" \/>\n<meta property=\"og:site_name\" content=\"Luiss Sport - Luiss Guido Carli\" \/>\n<meta property=\"article:publisher\" content=\"https:\/\/www.facebook.com\/sportluiss\/\" \/>\n<meta property=\"article:published_time\" content=\"2012-11-30T12:28:43+00:00\" \/>\n<meta name=\"twitter:card\" content=\"summary_large_image\" \/>\n<meta name=\"twitter:label1\" content=\"Written by\" \/>\n\t<meta name=\"twitter:data1\" content=\"\" \/>\n\t<meta name=\"twitter:label2\" content=\"Est. reading time\" \/>\n\t<meta name=\"twitter:data2\" content=\"3 minutes\" \/>\n<script type=\"application\/ld+json\" class=\"yoast-schema-graph\">{\"@context\":\"https:\/\/schema.org\",\"@graph\":[{\"@type\":\"WebPage\",\"@id\":\"https:\/\/sport.luiss.it\/2012\/11\/30\/luiss-a-valmontone-per-rialzare-subito-la-testa\/\",\"url\":\"https:\/\/sport.luiss.it\/2012\/11\/30\/luiss-a-valmontone-per-rialzare-subito-la-testa\/\",\"name\":\"LUISS, a Valmontone per rialzare subito la testa - Luiss Sport - Luiss Guido Carli\",\"isPartOf\":{\"@id\":\"https:\/\/sport.luiss.it\/#website\"},\"primaryImageOfPage\":{\"@id\":\"https:\/\/sport.luiss.it\/2012\/11\/30\/luiss-a-valmontone-per-rialzare-subito-la-testa\/#primaryimage\"},\"image\":{\"@id\":\"https:\/\/sport.luiss.it\/2012\/11\/30\/luiss-a-valmontone-per-rialzare-subito-la-testa\/#primaryimage\"},\"thumbnailUrl\":\"\",\"datePublished\":\"2012-11-30T12:28:43+00:00\",\"author\":{\"@id\":\"\"},\"breadcrumb\":{\"@id\":\"https:\/\/sport.luiss.it\/2012\/11\/30\/luiss-a-valmontone-per-rialzare-subito-la-testa\/#breadcrumb\"},\"inLanguage\":\"en-US\",\"potentialAction\":[{\"@type\":\"ReadAction\",\"target\":[\"https:\/\/sport.luiss.it\/2012\/11\/30\/luiss-a-valmontone-per-rialzare-subito-la-testa\/\"]}]},{\"@type\":\"ImageObject\",\"inLanguage\":\"en-US\",\"@id\":\"https:\/\/sport.luiss.it\/2012\/11\/30\/luiss-a-valmontone-per-rialzare-subito-la-testa\/#primaryimage\",\"url\":\"\",\"contentUrl\":\"\"},{\"@type\":\"BreadcrumbList\",\"@id\":\"https:\/\/sport.luiss.it\/2012\/11\/30\/luiss-a-valmontone-per-rialzare-subito-la-testa\/#breadcrumb\",\"itemListElement\":[{\"@type\":\"ListItem\",\"position\":1,\"name\":\"Home\",\"item\":\"https:\/\/sport.luiss.it\/en\/\"},{\"@type\":\"ListItem\",\"position\":2,\"name\":\"LUISS, a Valmontone per rialzare subito la testa\"}]},{\"@type\":\"WebSite\",\"@id\":\"https:\/\/sport.luiss.it\/#website\",\"url\":\"https:\/\/sport.luiss.it\/\",\"name\":\"Luiss Sport - Luiss Guido Carli\",\"description\":\"Luiss Sport\",\"potentialAction\":[{\"@type\":\"SearchAction\",\"target\":{\"@type\":\"EntryPoint\",\"urlTemplate\":\"https:\/\/sport.luiss.it\/?s={search_term_string}\"},\"query-input\":{\"@type\":\"PropertyValueSpecification\",\"valueRequired\":true,\"valueName\":\"search_term_string\"}}],\"inLanguage\":\"en-US\"},{\"@type\":\"Person\",\"@id\":\"\"}]}<\/script>\n<!-- \/ Yoast SEO plugin. -->","yoast_head_json":{"title":"LUISS, a Valmontone per rialzare subito la testa - Luiss Sport - Luiss Guido Carli","robots":{"index":"index","follow":"follow","max-snippet":"max-snippet:-1","max-image-preview":"max-image-preview:large","max-video-preview":"max-video-preview:-1"},"canonical":"https:\/\/sport.luiss.it\/2012\/11\/30\/luiss-a-valmontone-per-rialzare-subito-la-testa\/","og_locale":"en_US","og_type":"article","og_title":"LUISS, a Valmontone per rialzare subito la testa - Luiss Sport - Luiss Guido Carli","og_description":"Ottava giornata di campionato per l\u2019ASD LUISS che domenica 2 dicembre far\u00e0 visita all\u2019ultima della classe del girone F: l\u2019Elettrica2000 Valmontone. Un match delicato quello che affronteranno i ragazzi di [&hellip;]","og_url":"https:\/\/sport.luiss.it\/2012\/11\/30\/luiss-a-valmontone-per-rialzare-subito-la-testa\/","og_site_name":"Luiss Sport - Luiss Guido Carli","article_publisher":"https:\/\/www.facebook.com\/sportluiss\/","article_published_time":"2012-11-30T12:28:43+00:00","twitter_card":"summary_large_image","twitter_misc":{"Written by":"","Est. reading time":"3 minutes"},"schema":{"@context":"https:\/\/schema.org","@graph":[{"@type":"WebPage","@id":"https:\/\/sport.luiss.it\/2012\/11\/30\/luiss-a-valmontone-per-rialzare-subito-la-testa\/","url":"https:\/\/sport.luiss.it\/2012\/11\/30\/luiss-a-valmontone-per-rialzare-subito-la-testa\/","name":"LUISS, a Valmontone per rialzare subito la testa - Luiss Sport - Luiss Guido Carli","isPartOf":{"@id":"https:\/\/sport.luiss.it\/#website"},"primaryImageOfPage":{"@id":"https:\/\/sport.luiss.it\/2012\/11\/30\/luiss-a-valmontone-per-rialzare-subito-la-testa\/#primaryimage"},"image":{"@id":"https:\/\/sport.luiss.it\/2012\/11\/30\/luiss-a-valmontone-per-rialzare-subito-la-testa\/#primaryimage"},"thumbnailUrl":"","datePublished":"2012-11-30T12:28:43+00:00","author":{"@id":""},"breadcrumb":{"@id":"https:\/\/sport.luiss.it\/2012\/11\/30\/luiss-a-valmontone-per-rialzare-subito-la-testa\/#breadcrumb"},"inLanguage":"en-US","potentialAction":[{"@type":"ReadAction","target":["https:\/\/sport.luiss.it\/2012\/11\/30\/luiss-a-valmontone-per-rialzare-subito-la-testa\/"]}]},{"@type":"ImageObject","inLanguage":"en-US","@id":"https:\/\/sport.luiss.it\/2012\/11\/30\/luiss-a-valmontone-per-rialzare-subito-la-testa\/#primaryimage","url":"","contentUrl":""},{"@type":"BreadcrumbList","@id":"https:\/\/sport.luiss.it\/2012\/11\/30\/luiss-a-valmontone-per-rialzare-subito-la-testa\/#breadcrumb","itemListElement":[{"@type":"ListItem","position":1,"name":"Home","item":"https:\/\/sport.luiss.it\/en\/"},{"@type":"ListItem","position":2,"name":"LUISS, a Valmontone per rialzare subito la testa"}]},{"@type":"WebSite","@id":"https:\/\/sport.luiss.it\/#website","url":"https:\/\/sport.luiss.it\/","name":"Luiss Sport - Luiss Guido Carli","description":"Luiss Sport","potentialAction":[{"@type":"SearchAction","target":{"@type":"EntryPoint","urlTemplate":"https:\/\/sport.luiss.it\/?s={search_term_string}"},"query-input":{"@type":"PropertyValueSpecification","valueRequired":true,"valueName":"search_term_string"}}],"inLanguage":"en-US"},{"@type":"Person","@id":""}]}},"_links":{"self":[{"href":"https:\/\/sport.luiss.it\/en\/wp-json\/wp\/v2\/posts\/5503","targetHints":{"allow":["GET"]}}],"collection":[{"href":"https:\/\/sport.luiss.it\/en\/wp-json\/wp\/v2\/posts"}],"about":[{"href":"https:\/\/sport.luiss.it\/en\/wp-json\/wp\/v2\/types\/post"}],"author":[{"embeddable":true,"href":"https:\/\/sport.luiss.it\/en\/wp-json\/wp\/v2\/users\/441"}],"replies":[{"embeddable":true,"href":"https:\/\/sport.luiss.it\/en\/wp-json\/wp\/v2\/comments?post=5503"}],"version-history":[{"count":0,"href":"https:\/\/sport.luiss.it\/en\/wp-json\/wp\/v2\/posts\/5503\/revisions"}],"wp:featuredmedia":[{"embeddable":true,"href":"https:\/\/sport.luiss.it\/en\/wp-json\/"}],"wp:attachment":[{"href":"https:\/\/sport.luiss.it\/en\/wp-json\/wp\/v2\/media?parent=5503"}],"wp:term":[{"taxonomy":"category","embeddable":true,"href":"https:\/\/sport.luiss.it\/en\/wp-json\/wp\/v2\/categories?post=5503"},{"taxonomy":"post_tag","embeddable":true,"href":"https:\/\/sport.luiss.it\/en\/wp-json\/wp\/v2\/tags?post=5503"}],"curies":[{"name":"wp","href":"https:\/\/api.w.org\/{rel}","templated":true}]}}