
{"id":5540,"date":"2012-12-07T10:34:08","date_gmt":"2012-12-07T10:34:08","guid":{"rendered":"https:\/\/sport.luiss.it\/?p=5540"},"modified":"2012-12-07T10:34:08","modified_gmt":"2012-12-07T10:34:08","slug":"la-luiss-ospita-la-capolista","status":"publish","type":"post","link":"https:\/\/sport.luiss.it\/en\/2012\/12\/07\/la-luiss-ospita-la-capolista\/","title":{"rendered":"La LUISS ospita la capolista"},"content":{"rendered":"<p><a href=\"https:\/\/sport.luiss.it\/wp-content\/uploads\/2012\/12\/Giulio-Di-Fabio.jpg\"><img loading=\"lazy\" decoding=\"async\" class=\"alignleft size-full wp-image-5541\" title=\"Giulio Di Fabio\" src=\"https:\/\/sport.luiss.it\/wp-content\/uploads\/2012\/12\/Giulio-Di-Fabio.jpg\" alt=\"\" width=\"250\" height=\"375\" \/><\/a>Arriva l\u2019imbattuta capolista al Pala LUISS di Roma dove l\u2019ASD LUISS affronter\u00e0 l\u2019<strong>AM Group Marino<\/strong> per il nono turno del campionato DNC sabato 8 dicembre alle 18.<\/p>\n<p>Un match delicatissimo, quindi, quello che affronteranno nel giorno dell\u2019Immacolata i ragazzi di Max Briscese, chiamati a riscattare le tre sconfitte consecutive contro Viterbo, Cagliari e Valmontone. Gli universitari, infatti, nell\u2019ultimo turno hanno ceduto sotto i colpi di Saccoccio (26 punti), Cecchetti (22) e Rischia (11 + 11 assist) per 82-68, con i bianconeri che sono cos\u00ec riusciti a conseguire il loro primo successo stagionale. Marino, invece, arriva a quest\u2019appuntamento con 8 successi su altrettante partite disputate, con l\u2019ultima vittoria ottenuta mercoled\u00ec sera nel posticipo contro la Tiber Roma, surclassata con il risultato di 92-56. La squadra guidata da Paccari\u00e8 \u00e8 l\u2019autentica corazzata del girone F, potendo fare affidamento su Max Monti, Bertoldo, Criscimanni, i fratelli Spizzichini, Barraco e sull\u2019ultimo arrivato Spampinato, proveniente dalla Dinamo Sassari, aggregato alla squadra da pochi giorni e che ha esordito proprio contro la Tiber a cui ha segnato 18 punti. Sar\u00e0 quindi fondamentale per i bianco blu approcciarsi alla gara con la massima concentrazione per affrontare giocatori esperti che faranno di tutto per tornare a casa con i due punti, allungando in questo modo la loro striscia positiva di risultati.<\/p>\n<p>E\u2019 <strong>Giulio Di Fabio<\/strong>, guardia classe \u201991 che sta viaggiando con 13.5 punti di media a partita, a parlare prima della nona giornata, che potrebbe servire alla LUISS per rialzare la testa dopo le ultime sconfitte: \u201c<em>Dopo Valmontone ci siamo compattati perch\u00e9 perdere non piace a nessuno, loro hanno avuto un incredibile precisione al tiro mentre noi siamo stati anche sfortunati, ma sin da luned\u00ec ci siamo concentrati al massimo per affrontare la capolista che \u00e8 un\u2019avversaria ostica. Marino \u00e8 una squadra solida, ma noi stiamo bene fisicamente e mentalmente, e credo che abbiamo le potenzialit\u00e0 per giocare e battere qualsiasi formazione. Siamo un team giovane e tutto pu\u00f2 dipendere dall\u2019approccio ad ogni giornata ma credo che non dobbiamo avere timore di nessuno perch\u00e9 nelle nostre possibilit\u00e0 c\u2019\u00e8 quella di affrontare e mettere in difficolt\u00e0 chiunque.\u201d<\/em><\/p>\n<p>Anche <strong>Coach Briscese<\/strong> si esprime sul momento della sua squadra: \u201c<em>In questo momento siamo un po\u2019 in difficolt\u00e0, ma vedo negli occhi dei miei ragazzi la voglia di superare questo momento e di risalire la china. Stiamo lavorando tutti con buona volont\u00e0 per cercare di superare questa fase tortuosa e di trovare il nostro equilibrio.\u201d<\/em><\/p>\n<p>Il match tra ASD LUISS e AM Group Marino andr\u00e0 in scena<strong> sabato 8 dicembre alle 18 al Pala LUISS<\/strong> di via Martino Longhi di Roma, dove ad arbitrare l\u2019incontro sono chiamati i Signori Gianpaolo Ferraro di Ragusa e Antonio Giuseppe Giordano di Gela (CL).<\/p>\n<p><strong>Danila Di Biase<\/strong><\/p>\n","protected":false},"excerpt":{"rendered":"<p>Arriva l\u2019imbattuta capolista al Pala LUISS di Roma dove l\u2019ASD LUISS affronter\u00e0 l\u2019AM Group Marino per il nono turno del campionato DNC sabato 8 dicembre alle 18. Un match delicatissimo, [&hellip;]<\/p>\n","protected":false},"author":441,"featured_media":5541,"comment_status":"closed","ping_status":"closed","sticky":false,"template":"","format":"standard","meta":{"_monsterinsights_skip_tracking":false,"_monsterinsights_sitenote_active":false,"_monsterinsights_sitenote_note":"","_monsterinsights_sitenote_category":0,"footnotes":""},"categories":[114],"tags":[],"class_list":["post-5540","post","type-post","status-publish","format-standard","has-post-thumbnail","hentry","category-news-basket-c"],"yoast_head":"<!-- This site is optimized with the Yoast SEO plugin v26.5 - https:\/\/yoast.com\/wordpress\/plugins\/seo\/ -->\n<title>La LUISS ospita la capolista - Luiss Sport - Luiss Guido Carli<\/title>\n<meta name=\"robots\" content=\"index, follow, max-snippet:-1, max-image-preview:large, max-video-preview:-1\" \/>\n<link rel=\"canonical\" href=\"https:\/\/sport.luiss.it\/2012\/12\/07\/la-luiss-ospita-la-capolista\/\" \/>\n<meta property=\"og:locale\" content=\"en_US\" \/>\n<meta property=\"og:type\" content=\"article\" \/>\n<meta property=\"og:title\" content=\"La LUISS ospita la capolista - Luiss Sport - Luiss Guido Carli\" \/>\n<meta property=\"og:description\" content=\"Arriva l\u2019imbattuta capolista al Pala LUISS di Roma dove l\u2019ASD LUISS affronter\u00e0 l\u2019AM Group Marino per il nono turno del campionato DNC sabato 8 dicembre alle 18. Un match delicatissimo, [&hellip;]\" \/>\n<meta property=\"og:url\" content=\"https:\/\/sport.luiss.it\/2012\/12\/07\/la-luiss-ospita-la-capolista\/\" \/>\n<meta property=\"og:site_name\" content=\"Luiss Sport - Luiss Guido Carli\" \/>\n<meta property=\"article:publisher\" content=\"https:\/\/www.facebook.com\/sportluiss\/\" \/>\n<meta property=\"article:published_time\" content=\"2012-12-07T10:34:08+00:00\" \/>\n<meta name=\"twitter:card\" content=\"summary_large_image\" \/>\n<meta name=\"twitter:label1\" content=\"Written by\" \/>\n\t<meta name=\"twitter:data1\" content=\"\" \/>\n\t<meta name=\"twitter:label2\" content=\"Est. reading time\" \/>\n\t<meta name=\"twitter:data2\" content=\"2 minutes\" \/>\n<script type=\"application\/ld+json\" class=\"yoast-schema-graph\">{\"@context\":\"https:\/\/schema.org\",\"@graph\":[{\"@type\":\"WebPage\",\"@id\":\"https:\/\/sport.luiss.it\/2012\/12\/07\/la-luiss-ospita-la-capolista\/\",\"url\":\"https:\/\/sport.luiss.it\/2012\/12\/07\/la-luiss-ospita-la-capolista\/\",\"name\":\"La LUISS ospita la capolista - Luiss Sport - Luiss Guido Carli\",\"isPartOf\":{\"@id\":\"https:\/\/sport.luiss.it\/#website\"},\"primaryImageOfPage\":{\"@id\":\"https:\/\/sport.luiss.it\/2012\/12\/07\/la-luiss-ospita-la-capolista\/#primaryimage\"},\"image\":{\"@id\":\"https:\/\/sport.luiss.it\/2012\/12\/07\/la-luiss-ospita-la-capolista\/#primaryimage\"},\"thumbnailUrl\":\"\",\"datePublished\":\"2012-12-07T10:34:08+00:00\",\"author\":{\"@id\":\"\"},\"breadcrumb\":{\"@id\":\"https:\/\/sport.luiss.it\/2012\/12\/07\/la-luiss-ospita-la-capolista\/#breadcrumb\"},\"inLanguage\":\"en-US\",\"potentialAction\":[{\"@type\":\"ReadAction\",\"target\":[\"https:\/\/sport.luiss.it\/2012\/12\/07\/la-luiss-ospita-la-capolista\/\"]}]},{\"@type\":\"ImageObject\",\"inLanguage\":\"en-US\",\"@id\":\"https:\/\/sport.luiss.it\/2012\/12\/07\/la-luiss-ospita-la-capolista\/#primaryimage\",\"url\":\"\",\"contentUrl\":\"\"},{\"@type\":\"BreadcrumbList\",\"@id\":\"https:\/\/sport.luiss.it\/2012\/12\/07\/la-luiss-ospita-la-capolista\/#breadcrumb\",\"itemListElement\":[{\"@type\":\"ListItem\",\"position\":1,\"name\":\"Home\",\"item\":\"https:\/\/sport.luiss.it\/en\/\"},{\"@type\":\"ListItem\",\"position\":2,\"name\":\"La LUISS ospita la capolista\"}]},{\"@type\":\"WebSite\",\"@id\":\"https:\/\/sport.luiss.it\/#website\",\"url\":\"https:\/\/sport.luiss.it\/\",\"name\":\"Luiss Sport - Luiss Guido Carli\",\"description\":\"Luiss Sport\",\"potentialAction\":[{\"@type\":\"SearchAction\",\"target\":{\"@type\":\"EntryPoint\",\"urlTemplate\":\"https:\/\/sport.luiss.it\/?s={search_term_string}\"},\"query-input\":{\"@type\":\"PropertyValueSpecification\",\"valueRequired\":true,\"valueName\":\"search_term_string\"}}],\"inLanguage\":\"en-US\"},{\"@type\":\"Person\",\"@id\":\"\"}]}<\/script>\n<!-- \/ Yoast SEO plugin. -->","yoast_head_json":{"title":"La LUISS ospita la capolista - Luiss Sport - Luiss Guido Carli","robots":{"index":"index","follow":"follow","max-snippet":"max-snippet:-1","max-image-preview":"max-image-preview:large","max-video-preview":"max-video-preview:-1"},"canonical":"https:\/\/sport.luiss.it\/2012\/12\/07\/la-luiss-ospita-la-capolista\/","og_locale":"en_US","og_type":"article","og_title":"La LUISS ospita la capolista - Luiss Sport - Luiss Guido Carli","og_description":"Arriva l\u2019imbattuta capolista al Pala LUISS di Roma dove l\u2019ASD LUISS affronter\u00e0 l\u2019AM Group Marino per il nono turno del campionato DNC sabato 8 dicembre alle 18. Un match delicatissimo, [&hellip;]","og_url":"https:\/\/sport.luiss.it\/2012\/12\/07\/la-luiss-ospita-la-capolista\/","og_site_name":"Luiss Sport - Luiss Guido Carli","article_publisher":"https:\/\/www.facebook.com\/sportluiss\/","article_published_time":"2012-12-07T10:34:08+00:00","twitter_card":"summary_large_image","twitter_misc":{"Written by":"","Est. reading time":"2 minutes"},"schema":{"@context":"https:\/\/schema.org","@graph":[{"@type":"WebPage","@id":"https:\/\/sport.luiss.it\/2012\/12\/07\/la-luiss-ospita-la-capolista\/","url":"https:\/\/sport.luiss.it\/2012\/12\/07\/la-luiss-ospita-la-capolista\/","name":"La LUISS ospita la capolista - Luiss Sport - Luiss Guido Carli","isPartOf":{"@id":"https:\/\/sport.luiss.it\/#website"},"primaryImageOfPage":{"@id":"https:\/\/sport.luiss.it\/2012\/12\/07\/la-luiss-ospita-la-capolista\/#primaryimage"},"image":{"@id":"https:\/\/sport.luiss.it\/2012\/12\/07\/la-luiss-ospita-la-capolista\/#primaryimage"},"thumbnailUrl":"","datePublished":"2012-12-07T10:34:08+00:00","author":{"@id":""},"breadcrumb":{"@id":"https:\/\/sport.luiss.it\/2012\/12\/07\/la-luiss-ospita-la-capolista\/#breadcrumb"},"inLanguage":"en-US","potentialAction":[{"@type":"ReadAction","target":["https:\/\/sport.luiss.it\/2012\/12\/07\/la-luiss-ospita-la-capolista\/"]}]},{"@type":"ImageObject","inLanguage":"en-US","@id":"https:\/\/sport.luiss.it\/2012\/12\/07\/la-luiss-ospita-la-capolista\/#primaryimage","url":"","contentUrl":""},{"@type":"BreadcrumbList","@id":"https:\/\/sport.luiss.it\/2012\/12\/07\/la-luiss-ospita-la-capolista\/#breadcrumb","itemListElement":[{"@type":"ListItem","position":1,"name":"Home","item":"https:\/\/sport.luiss.it\/en\/"},{"@type":"ListItem","position":2,"name":"La LUISS ospita la capolista"}]},{"@type":"WebSite","@id":"https:\/\/sport.luiss.it\/#website","url":"https:\/\/sport.luiss.it\/","name":"Luiss Sport - Luiss Guido Carli","description":"Luiss Sport","potentialAction":[{"@type":"SearchAction","target":{"@type":"EntryPoint","urlTemplate":"https:\/\/sport.luiss.it\/?s={search_term_string}"},"query-input":{"@type":"PropertyValueSpecification","valueRequired":true,"valueName":"search_term_string"}}],"inLanguage":"en-US"},{"@type":"Person","@id":""}]}},"_links":{"self":[{"href":"https:\/\/sport.luiss.it\/en\/wp-json\/wp\/v2\/posts\/5540","targetHints":{"allow":["GET"]}}],"collection":[{"href":"https:\/\/sport.luiss.it\/en\/wp-json\/wp\/v2\/posts"}],"about":[{"href":"https:\/\/sport.luiss.it\/en\/wp-json\/wp\/v2\/types\/post"}],"author":[{"embeddable":true,"href":"https:\/\/sport.luiss.it\/en\/wp-json\/wp\/v2\/users\/441"}],"replies":[{"embeddable":true,"href":"https:\/\/sport.luiss.it\/en\/wp-json\/wp\/v2\/comments?post=5540"}],"version-history":[{"count":0,"href":"https:\/\/sport.luiss.it\/en\/wp-json\/wp\/v2\/posts\/5540\/revisions"}],"wp:featuredmedia":[{"embeddable":true,"href":"https:\/\/sport.luiss.it\/en\/wp-json\/"}],"wp:attachment":[{"href":"https:\/\/sport.luiss.it\/en\/wp-json\/wp\/v2\/media?parent=5540"}],"wp:term":[{"taxonomy":"category","embeddable":true,"href":"https:\/\/sport.luiss.it\/en\/wp-json\/wp\/v2\/categories?post=5540"},{"taxonomy":"post_tag","embeddable":true,"href":"https:\/\/sport.luiss.it\/en\/wp-json\/wp\/v2\/tags?post=5540"}],"curies":[{"name":"wp","href":"https:\/\/api.w.org\/{rel}","templated":true}]}}