
{"id":5745,"date":"2012-12-21T11:00:51","date_gmt":"2012-12-21T11:00:51","guid":{"rendered":"https:\/\/sport.luiss.it\/?p=5745"},"modified":"2012-12-21T11:00:51","modified_gmt":"2012-12-21T11:00:51","slug":"per-la-luiss-il-derby-del-sabato-sera","status":"publish","type":"post","link":"https:\/\/sport.luiss.it\/en\/2012\/12\/21\/per-la-luiss-il-derby-del-sabato-sera\/","title":{"rendered":"Per la LUISS il derby del sabato sera&#8230;"},"content":{"rendered":"<p><a href=\"https:\/\/sport.luiss.it\/wp-content\/uploads\/2012\/12\/Alessandro-Di-Pasquale.jpg\"><img loading=\"lazy\" decoding=\"async\" class=\"alignleft size-full wp-image-5746\" title=\"Alessandro Di Pasquale\" src=\"https:\/\/sport.luiss.it\/wp-content\/uploads\/2012\/12\/Alessandro-Di-Pasquale.jpg\" alt=\"\" width=\"250\" height=\"375\" \/><\/a>Sconfitta la profezia Maya \u00e8 tempo di vincere anche l\u2019ultima partita dell\u2019anno per l\u2019ASD LUISS che sabato 22 dicembre affronter\u00e0 tra la mura amiche la <strong>Tiber Roma<\/strong> nel derby che chiuder\u00e0 il 2012.<\/p>\n<p>Il match che andr\u00e0 in scena al Pala LUISS si preannuncia entusiasmante tra due squadre che arrivano a quest\u2019appuntamento pi\u00f9 o meno con lo stesso morale: gli universitari sono infatti reduci dalla sconfitta in terra prenestina dove la City Seeing Palestrina si \u00e8 imposta con un netto 66-45, mentre la squadra di Gigi Satolli ha perso in casa con l\u2019Eurobasket per 66-56. Le due formazioni avranno quindi voglia di riscatto per risollevare la testa e chiudere al meglio l\u2019anno solare in vista di un 2013 pieno di impegni e che ricomincer\u00e0 per entrambe il 5 gennaio. Sia Briscese che Satolli dovranno fare a meno di due uomini fondamentali come Luca Raffaele, miglior giocatore luissino per media punti, e Federico Padovani, capitano della Tiber e fermo gi\u00e0 da tre partite. Sar\u00e0 quindi un derby dalle tinte forti quello che si giocher\u00e0 sulle sponde del Tevere, come dichiara <strong>Alessandro Di Pasquale<\/strong>, guardia bianco blu al suo secondo anno in maglia luissina: \u201c<em>Ci siamo allenati molto bene per riuscire a vincere questa partita, riscattare quindi la sconfitta con Palestrina e riprendere la strada che avevamo intrapreso dopo la vittoria con Marino. Troveremo di fronte una squadra molto motivata perch\u00e9 arriva a questa partita da tre sconfitte di fila, e penso che sia noi che loro vogliamo chiudere l\u2019anno solare al meglio anche per arrivare pi\u00f9 sereni agli impegni di gennaio. L\u2019assenza di un leader come Luca va presa come uno stimolo in pi\u00f9 e non come un alibi, quindi tutti dobbiamo dare ancora pi\u00f9 del massimo per far sentire meno la sua mancanza in campo. La Tiber \u00e8 una squadra praticamente riconfermata dalla scorsa stagione, con qualche innesto di valore, quindi si conoscono bene e sappiamo che sono forti anche se vivono un momento difficile. Dal punto di vista personale<\/em> \u2013 conclude il giocatore romano &#8211; <em>dopo un inizio complicato sto riprendendo la forma dei tempi migliori e spero di continuare e migliorarla ulteriormente di partita in partita.\u201d<\/em><\/p>\n<p>Il match tra ASD LUISS Roma e Tiber Roma si giocher\u00e0 <strong>sabato 22 alle 18.30 presso il Pala LUISS<\/strong> di via Martino Longhi di Roma, dove ad arbitrare l\u2019incontro sono chiamati i Signori Marco Mameli di Sassari e Fabio Carrus di Selargius (CA).<\/p>\n<p><strong>Danila Di Biase<\/strong><\/p>\n","protected":false},"excerpt":{"rendered":"<p>Sconfitta la profezia Maya \u00e8 tempo di vincere anche l\u2019ultima partita dell\u2019anno per l\u2019ASD LUISS che sabato 22 dicembre affronter\u00e0 tra la mura amiche la Tiber Roma nel derby che [&hellip;]<\/p>\n","protected":false},"author":441,"featured_media":5746,"comment_status":"closed","ping_status":"closed","sticky":false,"template":"","format":"standard","meta":{"_monsterinsights_skip_tracking":false,"_monsterinsights_sitenote_active":false,"_monsterinsights_sitenote_note":"","_monsterinsights_sitenote_category":0,"footnotes":""},"categories":[114],"tags":[],"class_list":["post-5745","post","type-post","status-publish","format-standard","has-post-thumbnail","hentry","category-news-basket-c"],"yoast_head":"<!-- This site is optimized with the Yoast SEO plugin v26.5 - https:\/\/yoast.com\/wordpress\/plugins\/seo\/ -->\n<title>Per la LUISS il derby del sabato sera... - Luiss Sport - Luiss Guido Carli<\/title>\n<meta name=\"robots\" content=\"index, follow, max-snippet:-1, max-image-preview:large, max-video-preview:-1\" \/>\n<link rel=\"canonical\" href=\"https:\/\/sport.luiss.it\/2012\/12\/21\/per-la-luiss-il-derby-del-sabato-sera\/\" \/>\n<meta property=\"og:locale\" content=\"en_US\" \/>\n<meta property=\"og:type\" content=\"article\" \/>\n<meta property=\"og:title\" content=\"Per la LUISS il derby del sabato sera... - Luiss Sport - Luiss Guido Carli\" \/>\n<meta property=\"og:description\" content=\"Sconfitta la profezia Maya \u00e8 tempo di vincere anche l\u2019ultima partita dell\u2019anno per l\u2019ASD LUISS che sabato 22 dicembre affronter\u00e0 tra la mura amiche la Tiber Roma nel derby che [&hellip;]\" \/>\n<meta property=\"og:url\" content=\"https:\/\/sport.luiss.it\/2012\/12\/21\/per-la-luiss-il-derby-del-sabato-sera\/\" \/>\n<meta property=\"og:site_name\" content=\"Luiss Sport - Luiss Guido Carli\" \/>\n<meta property=\"article:publisher\" content=\"https:\/\/www.facebook.com\/sportluiss\/\" \/>\n<meta property=\"article:published_time\" content=\"2012-12-21T11:00:51+00:00\" \/>\n<meta name=\"twitter:card\" content=\"summary_large_image\" \/>\n<meta name=\"twitter:label1\" content=\"Written by\" \/>\n\t<meta name=\"twitter:data1\" content=\"\" \/>\n\t<meta name=\"twitter:label2\" content=\"Est. reading time\" \/>\n\t<meta name=\"twitter:data2\" content=\"2 minutes\" \/>\n<script type=\"application\/ld+json\" class=\"yoast-schema-graph\">{\"@context\":\"https:\/\/schema.org\",\"@graph\":[{\"@type\":\"WebPage\",\"@id\":\"https:\/\/sport.luiss.it\/2012\/12\/21\/per-la-luiss-il-derby-del-sabato-sera\/\",\"url\":\"https:\/\/sport.luiss.it\/2012\/12\/21\/per-la-luiss-il-derby-del-sabato-sera\/\",\"name\":\"Per la LUISS il derby del sabato sera... - Luiss Sport - Luiss Guido Carli\",\"isPartOf\":{\"@id\":\"https:\/\/sport.luiss.it\/#website\"},\"primaryImageOfPage\":{\"@id\":\"https:\/\/sport.luiss.it\/2012\/12\/21\/per-la-luiss-il-derby-del-sabato-sera\/#primaryimage\"},\"image\":{\"@id\":\"https:\/\/sport.luiss.it\/2012\/12\/21\/per-la-luiss-il-derby-del-sabato-sera\/#primaryimage\"},\"thumbnailUrl\":\"\",\"datePublished\":\"2012-12-21T11:00:51+00:00\",\"author\":{\"@id\":\"\"},\"breadcrumb\":{\"@id\":\"https:\/\/sport.luiss.it\/2012\/12\/21\/per-la-luiss-il-derby-del-sabato-sera\/#breadcrumb\"},\"inLanguage\":\"en-US\",\"potentialAction\":[{\"@type\":\"ReadAction\",\"target\":[\"https:\/\/sport.luiss.it\/2012\/12\/21\/per-la-luiss-il-derby-del-sabato-sera\/\"]}]},{\"@type\":\"ImageObject\",\"inLanguage\":\"en-US\",\"@id\":\"https:\/\/sport.luiss.it\/2012\/12\/21\/per-la-luiss-il-derby-del-sabato-sera\/#primaryimage\",\"url\":\"\",\"contentUrl\":\"\"},{\"@type\":\"BreadcrumbList\",\"@id\":\"https:\/\/sport.luiss.it\/2012\/12\/21\/per-la-luiss-il-derby-del-sabato-sera\/#breadcrumb\",\"itemListElement\":[{\"@type\":\"ListItem\",\"position\":1,\"name\":\"Home\",\"item\":\"https:\/\/sport.luiss.it\/en\/\"},{\"@type\":\"ListItem\",\"position\":2,\"name\":\"Per la LUISS il derby del sabato sera&#8230;\"}]},{\"@type\":\"WebSite\",\"@id\":\"https:\/\/sport.luiss.it\/#website\",\"url\":\"https:\/\/sport.luiss.it\/\",\"name\":\"Luiss Sport - Luiss Guido Carli\",\"description\":\"Luiss Sport\",\"potentialAction\":[{\"@type\":\"SearchAction\",\"target\":{\"@type\":\"EntryPoint\",\"urlTemplate\":\"https:\/\/sport.luiss.it\/?s={search_term_string}\"},\"query-input\":{\"@type\":\"PropertyValueSpecification\",\"valueRequired\":true,\"valueName\":\"search_term_string\"}}],\"inLanguage\":\"en-US\"},{\"@type\":\"Person\",\"@id\":\"\"}]}<\/script>\n<!-- \/ Yoast SEO plugin. -->","yoast_head_json":{"title":"Per la LUISS il derby del sabato sera... - Luiss Sport - Luiss Guido Carli","robots":{"index":"index","follow":"follow","max-snippet":"max-snippet:-1","max-image-preview":"max-image-preview:large","max-video-preview":"max-video-preview:-1"},"canonical":"https:\/\/sport.luiss.it\/2012\/12\/21\/per-la-luiss-il-derby-del-sabato-sera\/","og_locale":"en_US","og_type":"article","og_title":"Per la LUISS il derby del sabato sera... - Luiss Sport - Luiss Guido Carli","og_description":"Sconfitta la profezia Maya \u00e8 tempo di vincere anche l\u2019ultima partita dell\u2019anno per l\u2019ASD LUISS che sabato 22 dicembre affronter\u00e0 tra la mura amiche la Tiber Roma nel derby che [&hellip;]","og_url":"https:\/\/sport.luiss.it\/2012\/12\/21\/per-la-luiss-il-derby-del-sabato-sera\/","og_site_name":"Luiss Sport - Luiss Guido Carli","article_publisher":"https:\/\/www.facebook.com\/sportluiss\/","article_published_time":"2012-12-21T11:00:51+00:00","twitter_card":"summary_large_image","twitter_misc":{"Written by":"","Est. reading time":"2 minutes"},"schema":{"@context":"https:\/\/schema.org","@graph":[{"@type":"WebPage","@id":"https:\/\/sport.luiss.it\/2012\/12\/21\/per-la-luiss-il-derby-del-sabato-sera\/","url":"https:\/\/sport.luiss.it\/2012\/12\/21\/per-la-luiss-il-derby-del-sabato-sera\/","name":"Per la LUISS il derby del sabato sera... - Luiss Sport - Luiss Guido Carli","isPartOf":{"@id":"https:\/\/sport.luiss.it\/#website"},"primaryImageOfPage":{"@id":"https:\/\/sport.luiss.it\/2012\/12\/21\/per-la-luiss-il-derby-del-sabato-sera\/#primaryimage"},"image":{"@id":"https:\/\/sport.luiss.it\/2012\/12\/21\/per-la-luiss-il-derby-del-sabato-sera\/#primaryimage"},"thumbnailUrl":"","datePublished":"2012-12-21T11:00:51+00:00","author":{"@id":""},"breadcrumb":{"@id":"https:\/\/sport.luiss.it\/2012\/12\/21\/per-la-luiss-il-derby-del-sabato-sera\/#breadcrumb"},"inLanguage":"en-US","potentialAction":[{"@type":"ReadAction","target":["https:\/\/sport.luiss.it\/2012\/12\/21\/per-la-luiss-il-derby-del-sabato-sera\/"]}]},{"@type":"ImageObject","inLanguage":"en-US","@id":"https:\/\/sport.luiss.it\/2012\/12\/21\/per-la-luiss-il-derby-del-sabato-sera\/#primaryimage","url":"","contentUrl":""},{"@type":"BreadcrumbList","@id":"https:\/\/sport.luiss.it\/2012\/12\/21\/per-la-luiss-il-derby-del-sabato-sera\/#breadcrumb","itemListElement":[{"@type":"ListItem","position":1,"name":"Home","item":"https:\/\/sport.luiss.it\/en\/"},{"@type":"ListItem","position":2,"name":"Per la LUISS il derby del sabato sera&#8230;"}]},{"@type":"WebSite","@id":"https:\/\/sport.luiss.it\/#website","url":"https:\/\/sport.luiss.it\/","name":"Luiss Sport - Luiss Guido Carli","description":"Luiss Sport","potentialAction":[{"@type":"SearchAction","target":{"@type":"EntryPoint","urlTemplate":"https:\/\/sport.luiss.it\/?s={search_term_string}"},"query-input":{"@type":"PropertyValueSpecification","valueRequired":true,"valueName":"search_term_string"}}],"inLanguage":"en-US"},{"@type":"Person","@id":""}]}},"_links":{"self":[{"href":"https:\/\/sport.luiss.it\/en\/wp-json\/wp\/v2\/posts\/5745","targetHints":{"allow":["GET"]}}],"collection":[{"href":"https:\/\/sport.luiss.it\/en\/wp-json\/wp\/v2\/posts"}],"about":[{"href":"https:\/\/sport.luiss.it\/en\/wp-json\/wp\/v2\/types\/post"}],"author":[{"embeddable":true,"href":"https:\/\/sport.luiss.it\/en\/wp-json\/wp\/v2\/users\/441"}],"replies":[{"embeddable":true,"href":"https:\/\/sport.luiss.it\/en\/wp-json\/wp\/v2\/comments?post=5745"}],"version-history":[{"count":0,"href":"https:\/\/sport.luiss.it\/en\/wp-json\/wp\/v2\/posts\/5745\/revisions"}],"wp:featuredmedia":[{"embeddable":true,"href":"https:\/\/sport.luiss.it\/en\/wp-json\/"}],"wp:attachment":[{"href":"https:\/\/sport.luiss.it\/en\/wp-json\/wp\/v2\/media?parent=5745"}],"wp:term":[{"taxonomy":"category","embeddable":true,"href":"https:\/\/sport.luiss.it\/en\/wp-json\/wp\/v2\/categories?post=5745"},{"taxonomy":"post_tag","embeddable":true,"href":"https:\/\/sport.luiss.it\/en\/wp-json\/wp\/v2\/tags?post=5745"}],"curies":[{"name":"wp","href":"https:\/\/api.w.org\/{rel}","templated":true}]}}