
{"id":5902,"date":"2013-02-01T13:06:30","date_gmt":"2013-02-01T13:06:30","guid":{"rendered":"https:\/\/sport.luiss.it\/?p=5902"},"modified":"2013-02-01T13:06:30","modified_gmt":"2013-02-01T13:06:30","slug":"la-luiss-in-trasferta-a-cagliari","status":"publish","type":"post","link":"https:\/\/sport.luiss.it\/en\/2013\/02\/01\/la-luiss-in-trasferta-a-cagliari\/","title":{"rendered":"La LUISS in trasferta a Cagliari"},"content":{"rendered":"<p><a href=\"https:\/\/sport.luiss.it\/wp-content\/uploads\/2013\/02\/Giovanni-Mori.jpg\"><img loading=\"lazy\" decoding=\"async\" class=\"alignleft size-full wp-image-5903\" title=\"Giovanni Mori\" src=\"https:\/\/sport.luiss.it\/wp-content\/uploads\/2013\/02\/Giovanni-Mori.jpg\" alt=\"\" width=\"250\" height=\"388\" \/><\/a>Seconda trasferta consecutiva per l\u2019ASD LUISS Roma di Max Briscese che sabato 2 febbraio andr\u00e0 a far visita all\u2019<strong>Olimpia Cagliari<\/strong> per la terza giornata del girone di ritorno della DNC.<\/p>\n<p>Un altro match delicato per i ragazzi luissini che in terra sarda vorranno vincere per continuare a scalare la classifica e per riscattare la sconfitta subita contro i cagliaritani nel match d\u2019andata. Polselli e compagni, dopo aver espugnato Aprilia per 71-65, si sono portati a quota 16 punti, che valgono il quarto posto in coabitazione con Palestrina, Cassino e la stessa Olimpia, ed \u00e8 per questo che la gara che andr\u00e0 in scena al Pala Rockefeller sar\u00e0 uno scontro diretto tra due formazioni che vogliono confermarsi ai piani alti del girone F. I sardi, guidati da Claudio Corsi, sono reduci proprio da una vittoria in terra capitolina dove si sono imposti sulla Tiber Roma per 73-70, ottenendo cos\u00ec il loro terzo successo consecutivo. Soro e compagni giocheranno per vincere ancora contro gli universitari portandosi cos\u00ec sul 2-0 in proprio favore negli scontri diretti, ma la truppa di Briscese \u00e8 pronta a vender cara la pelle per tornare dalla Sardegna con i due punti in tasca, proprio come dichiara <strong>Giovanni Mori<\/strong>: \u201c<em>Ad Aprilia abbiamo giocato davvero bene, con la giusta intensit\u00e0 sfruttando il buon momento in cui ci troviamo e finalmente siamo tornati a vincere fuori casa, cosa non semplice considerando che vincere in terra pontina non \u00e8 mai facile ma ci siamo riusciti nel migliore dei modi. Domani a Cagliari sar\u00e0 un\u2019altra \u2018guerra\u2019 perch\u00e9 loro giocheranno con ancora maggiore intensit\u00e0, e noi dovremo essere bravi a gestire un\u2019altra trasferta sarda, che non \u00e8 mai facile. Ovviamente<\/em> \u2013 continua il playmaker di Benevento \u2013 <em>all\u2019andata abbiamo perso e vogliamo vendicare quella sconfitta, considerando inoltre che quello di domani sar\u00e0 uno dei tanti scontri diretti che ci troveremo ad affrontare fino alla fine della regular season\u00a0 dobbiamo stare calmi, giocare con concentrazione e mettere in campo tutte le nostre qualit\u00e0 perch\u00e9 abbiamo dimostrato di saper giocare contro chiunque, anche nelle situazioni pi\u00f9 difficili.\u201d<\/em><\/p>\n<p>Il match tra Olimpia Cagliari e ASD LUISS Roma andr\u00e0 in scena <strong>sabato 2 febbraio alle 15.30 presso il Pala Rockefeller<\/strong> di Cagliari, dove ad arbitrare l\u2019incontro sono chiamati i Signori Stefano Simula di Pisa e Giuseppe Schiano Lomoriello di Pontedera (PI).<\/p>\n<p><strong>Danila Di Biase<\/strong><\/p>\n","protected":false},"excerpt":{"rendered":"<p>Seconda trasferta consecutiva per l\u2019ASD LUISS Roma di Max Briscese che sabato 2 febbraio andr\u00e0 a far visita all\u2019Olimpia Cagliari per la terza giornata del girone di ritorno della DNC. [&hellip;]<\/p>\n","protected":false},"author":441,"featured_media":0,"comment_status":"closed","ping_status":"closed","sticky":false,"template":"","format":"standard","meta":{"_monsterinsights_skip_tracking":false,"_monsterinsights_sitenote_active":false,"_monsterinsights_sitenote_note":"","_monsterinsights_sitenote_category":0,"footnotes":""},"categories":[114],"tags":[],"class_list":["post-5902","post","type-post","status-publish","format-standard","hentry","category-news-basket-c"],"yoast_head":"<!-- This site is optimized with the Yoast SEO plugin v26.5 - https:\/\/yoast.com\/wordpress\/plugins\/seo\/ -->\n<title>La LUISS in trasferta a Cagliari - Luiss Sport - Luiss Guido Carli<\/title>\n<meta name=\"robots\" content=\"index, follow, max-snippet:-1, max-image-preview:large, max-video-preview:-1\" \/>\n<link rel=\"canonical\" href=\"https:\/\/sport.luiss.it\/2013\/02\/01\/la-luiss-in-trasferta-a-cagliari\/\" \/>\n<meta property=\"og:locale\" content=\"en_US\" \/>\n<meta property=\"og:type\" content=\"article\" \/>\n<meta property=\"og:title\" content=\"La LUISS in trasferta a Cagliari - Luiss Sport - Luiss Guido Carli\" \/>\n<meta property=\"og:description\" content=\"Seconda trasferta consecutiva per l\u2019ASD LUISS Roma di Max Briscese che sabato 2 febbraio andr\u00e0 a far visita all\u2019Olimpia Cagliari per la terza giornata del girone di ritorno della DNC. [&hellip;]\" \/>\n<meta property=\"og:url\" content=\"https:\/\/sport.luiss.it\/2013\/02\/01\/la-luiss-in-trasferta-a-cagliari\/\" \/>\n<meta property=\"og:site_name\" content=\"Luiss Sport - Luiss Guido Carli\" \/>\n<meta property=\"article:publisher\" content=\"https:\/\/www.facebook.com\/sportluiss\/\" \/>\n<meta property=\"article:published_time\" content=\"2013-02-01T13:06:30+00:00\" \/>\n<meta name=\"twitter:card\" content=\"summary_large_image\" \/>\n<meta name=\"twitter:label1\" content=\"Written by\" \/>\n\t<meta name=\"twitter:data1\" content=\"\" \/>\n\t<meta name=\"twitter:label2\" content=\"Est. reading time\" \/>\n\t<meta name=\"twitter:data2\" content=\"2 minutes\" \/>\n<script type=\"application\/ld+json\" class=\"yoast-schema-graph\">{\"@context\":\"https:\/\/schema.org\",\"@graph\":[{\"@type\":\"WebPage\",\"@id\":\"https:\/\/sport.luiss.it\/2013\/02\/01\/la-luiss-in-trasferta-a-cagliari\/\",\"url\":\"https:\/\/sport.luiss.it\/2013\/02\/01\/la-luiss-in-trasferta-a-cagliari\/\",\"name\":\"La LUISS in trasferta a Cagliari - Luiss Sport - Luiss Guido Carli\",\"isPartOf\":{\"@id\":\"https:\/\/sport.luiss.it\/#website\"},\"primaryImageOfPage\":{\"@id\":\"https:\/\/sport.luiss.it\/2013\/02\/01\/la-luiss-in-trasferta-a-cagliari\/#primaryimage\"},\"image\":{\"@id\":\"https:\/\/sport.luiss.it\/2013\/02\/01\/la-luiss-in-trasferta-a-cagliari\/#primaryimage\"},\"thumbnailUrl\":\"https:\/\/sport.luiss.it\/wp-content\/uploads\/2013\/02\/Giovanni-Mori.jpg\",\"datePublished\":\"2013-02-01T13:06:30+00:00\",\"author\":{\"@id\":\"\"},\"breadcrumb\":{\"@id\":\"https:\/\/sport.luiss.it\/2013\/02\/01\/la-luiss-in-trasferta-a-cagliari\/#breadcrumb\"},\"inLanguage\":\"en-US\",\"potentialAction\":[{\"@type\":\"ReadAction\",\"target\":[\"https:\/\/sport.luiss.it\/2013\/02\/01\/la-luiss-in-trasferta-a-cagliari\/\"]}]},{\"@type\":\"ImageObject\",\"inLanguage\":\"en-US\",\"@id\":\"https:\/\/sport.luiss.it\/2013\/02\/01\/la-luiss-in-trasferta-a-cagliari\/#primaryimage\",\"url\":\"https:\/\/sport.luiss.it\/wp-content\/uploads\/2013\/02\/Giovanni-Mori.jpg\",\"contentUrl\":\"https:\/\/sport.luiss.it\/wp-content\/uploads\/2013\/02\/Giovanni-Mori.jpg\"},{\"@type\":\"BreadcrumbList\",\"@id\":\"https:\/\/sport.luiss.it\/2013\/02\/01\/la-luiss-in-trasferta-a-cagliari\/#breadcrumb\",\"itemListElement\":[{\"@type\":\"ListItem\",\"position\":1,\"name\":\"Home\",\"item\":\"https:\/\/sport.luiss.it\/en\/\"},{\"@type\":\"ListItem\",\"position\":2,\"name\":\"La LUISS in trasferta a Cagliari\"}]},{\"@type\":\"WebSite\",\"@id\":\"https:\/\/sport.luiss.it\/#website\",\"url\":\"https:\/\/sport.luiss.it\/\",\"name\":\"Luiss Sport - Luiss Guido Carli\",\"description\":\"Luiss Sport\",\"potentialAction\":[{\"@type\":\"SearchAction\",\"target\":{\"@type\":\"EntryPoint\",\"urlTemplate\":\"https:\/\/sport.luiss.it\/?s={search_term_string}\"},\"query-input\":{\"@type\":\"PropertyValueSpecification\",\"valueRequired\":true,\"valueName\":\"search_term_string\"}}],\"inLanguage\":\"en-US\"},{\"@type\":\"Person\",\"@id\":\"\"}]}<\/script>\n<!-- \/ Yoast SEO plugin. -->","yoast_head_json":{"title":"La LUISS in trasferta a Cagliari - Luiss Sport - Luiss Guido Carli","robots":{"index":"index","follow":"follow","max-snippet":"max-snippet:-1","max-image-preview":"max-image-preview:large","max-video-preview":"max-video-preview:-1"},"canonical":"https:\/\/sport.luiss.it\/2013\/02\/01\/la-luiss-in-trasferta-a-cagliari\/","og_locale":"en_US","og_type":"article","og_title":"La LUISS in trasferta a Cagliari - Luiss Sport - Luiss Guido Carli","og_description":"Seconda trasferta consecutiva per l\u2019ASD LUISS Roma di Max Briscese che sabato 2 febbraio andr\u00e0 a far visita all\u2019Olimpia Cagliari per la terza giornata del girone di ritorno della DNC. [&hellip;]","og_url":"https:\/\/sport.luiss.it\/2013\/02\/01\/la-luiss-in-trasferta-a-cagliari\/","og_site_name":"Luiss Sport - Luiss Guido Carli","article_publisher":"https:\/\/www.facebook.com\/sportluiss\/","article_published_time":"2013-02-01T13:06:30+00:00","twitter_card":"summary_large_image","twitter_misc":{"Written by":"","Est. reading time":"2 minutes"},"schema":{"@context":"https:\/\/schema.org","@graph":[{"@type":"WebPage","@id":"https:\/\/sport.luiss.it\/2013\/02\/01\/la-luiss-in-trasferta-a-cagliari\/","url":"https:\/\/sport.luiss.it\/2013\/02\/01\/la-luiss-in-trasferta-a-cagliari\/","name":"La LUISS in trasferta a Cagliari - Luiss Sport - Luiss Guido Carli","isPartOf":{"@id":"https:\/\/sport.luiss.it\/#website"},"primaryImageOfPage":{"@id":"https:\/\/sport.luiss.it\/2013\/02\/01\/la-luiss-in-trasferta-a-cagliari\/#primaryimage"},"image":{"@id":"https:\/\/sport.luiss.it\/2013\/02\/01\/la-luiss-in-trasferta-a-cagliari\/#primaryimage"},"thumbnailUrl":"https:\/\/sport.luiss.it\/wp-content\/uploads\/2013\/02\/Giovanni-Mori.jpg","datePublished":"2013-02-01T13:06:30+00:00","author":{"@id":""},"breadcrumb":{"@id":"https:\/\/sport.luiss.it\/2013\/02\/01\/la-luiss-in-trasferta-a-cagliari\/#breadcrumb"},"inLanguage":"en-US","potentialAction":[{"@type":"ReadAction","target":["https:\/\/sport.luiss.it\/2013\/02\/01\/la-luiss-in-trasferta-a-cagliari\/"]}]},{"@type":"ImageObject","inLanguage":"en-US","@id":"https:\/\/sport.luiss.it\/2013\/02\/01\/la-luiss-in-trasferta-a-cagliari\/#primaryimage","url":"https:\/\/sport.luiss.it\/wp-content\/uploads\/2013\/02\/Giovanni-Mori.jpg","contentUrl":"https:\/\/sport.luiss.it\/wp-content\/uploads\/2013\/02\/Giovanni-Mori.jpg"},{"@type":"BreadcrumbList","@id":"https:\/\/sport.luiss.it\/2013\/02\/01\/la-luiss-in-trasferta-a-cagliari\/#breadcrumb","itemListElement":[{"@type":"ListItem","position":1,"name":"Home","item":"https:\/\/sport.luiss.it\/en\/"},{"@type":"ListItem","position":2,"name":"La LUISS in trasferta a Cagliari"}]},{"@type":"WebSite","@id":"https:\/\/sport.luiss.it\/#website","url":"https:\/\/sport.luiss.it\/","name":"Luiss Sport - Luiss Guido Carli","description":"Luiss Sport","potentialAction":[{"@type":"SearchAction","target":{"@type":"EntryPoint","urlTemplate":"https:\/\/sport.luiss.it\/?s={search_term_string}"},"query-input":{"@type":"PropertyValueSpecification","valueRequired":true,"valueName":"search_term_string"}}],"inLanguage":"en-US"},{"@type":"Person","@id":""}]}},"_links":{"self":[{"href":"https:\/\/sport.luiss.it\/en\/wp-json\/wp\/v2\/posts\/5902","targetHints":{"allow":["GET"]}}],"collection":[{"href":"https:\/\/sport.luiss.it\/en\/wp-json\/wp\/v2\/posts"}],"about":[{"href":"https:\/\/sport.luiss.it\/en\/wp-json\/wp\/v2\/types\/post"}],"author":[{"embeddable":true,"href":"https:\/\/sport.luiss.it\/en\/wp-json\/wp\/v2\/users\/441"}],"replies":[{"embeddable":true,"href":"https:\/\/sport.luiss.it\/en\/wp-json\/wp\/v2\/comments?post=5902"}],"version-history":[{"count":0,"href":"https:\/\/sport.luiss.it\/en\/wp-json\/wp\/v2\/posts\/5902\/revisions"}],"wp:attachment":[{"href":"https:\/\/sport.luiss.it\/en\/wp-json\/wp\/v2\/media?parent=5902"}],"wp:term":[{"taxonomy":"category","embeddable":true,"href":"https:\/\/sport.luiss.it\/en\/wp-json\/wp\/v2\/categories?post=5902"},{"taxonomy":"post_tag","embeddable":true,"href":"https:\/\/sport.luiss.it\/en\/wp-json\/wp\/v2\/tags?post=5902"}],"curies":[{"name":"wp","href":"https:\/\/api.w.org\/{rel}","templated":true}]}}