
{"id":607,"date":"2009-05-17T23:38:20","date_gmt":"2009-05-17T21:38:20","guid":{"rendered":"https:\/\/www.luiss.it\/sport\/?p=607"},"modified":"2009-05-17T23:38:20","modified_gmt":"2009-05-17T21:38:20","slug":"a-testa-alta-anzi-altissima","status":"publish","type":"post","link":"https:\/\/sport.luiss.it\/en\/2009\/05\/17\/a-testa-alta-anzi-altissima\/","title":{"rendered":"A testa alta, anzi altissima"},"content":{"rendered":"<p><a href=\"https:\/\/wordpress.luiss.it\/sport\/wp-content\/uploads\/2009\/05\/basket1.jpg\"><img loading=\"lazy\" decoding=\"async\" class=\"alignleft size-thumbnail wp-image-609\" src=\"https:\/\/www.luiss.it\/sport\/wp-content\/uploads\/sport\/2009\/05\/basket1-150x150.jpg\" alt=\"\" width=\"150\" height=\"150\" \/><\/a>La Luiss perde gara 3 a Rieti per 72-67 ed esce dalla corsa alla promozione. Esce con grande amarezza perch\u00e8 complessivamente ha dimostrato di esser una grande squadra e nelle tre partite ha anche dimostrato di essere superiore a Rieti. Purtroppo questo non \u00e8 bastato.<\/p>\n<p>In gara 3 la Luiss ha dominato per i primi due quarti. Sembrava di assistere alla fotocopia di gara 2: una lezione di basket. Peccato per qualche ingenuit\u00e0 sul finale del secondo quarto chiuso avanti di 13 perch\u00e8 il vantaggio poteva essere anche pi\u00f9 cospicuo.<\/p>\n<p>Ad inizio ripresa un Cempini stoico e infallibile riportava Rieti in parit\u00e0. Ultimi 15 minuti giocati punto a punto dove purtroppo Giambene e company non sono riuscito nella grande impresa.<\/p>\n<p>Con il morale a pezzi la Luiss \u00e8 uscita a testa alta tra gli applausi dei suoi 50 tifosi accorsi a Rieti per sosteneri i ragazzi.<\/p>\n","protected":false},"excerpt":{"rendered":"<p>La Luiss perde gara 3 a Rieti per 72-67 ed esce dalla corsa alla promozione. Esce con grande amarezza perch\u00e8 complessivamente ha dimostrato di esser una grande squadra e nelle [&hellip;]<\/p>\n","protected":false},"author":441,"featured_media":0,"comment_status":"closed","ping_status":"closed","sticky":false,"template":"","format":"standard","meta":{"_monsterinsights_skip_tracking":false,"_monsterinsights_sitenote_active":false,"_monsterinsights_sitenote_note":"","_monsterinsights_sitenote_category":0,"footnotes":""},"categories":[114],"tags":[],"class_list":["post-607","post","type-post","status-publish","format-standard","hentry","category-news-basket-c"],"yoast_head":"<!-- This site is optimized with the Yoast SEO plugin v26.5 - https:\/\/yoast.com\/wordpress\/plugins\/seo\/ -->\n<title>A testa alta, anzi altissima - Luiss Sport - Luiss Guido Carli<\/title>\n<meta name=\"robots\" content=\"index, follow, max-snippet:-1, max-image-preview:large, max-video-preview:-1\" \/>\n<link rel=\"canonical\" href=\"https:\/\/sport.luiss.it\/2009\/05\/17\/a-testa-alta-anzi-altissima\/\" \/>\n<meta property=\"og:locale\" content=\"en_US\" \/>\n<meta property=\"og:type\" content=\"article\" \/>\n<meta property=\"og:title\" content=\"A testa alta, anzi altissima - Luiss Sport - Luiss Guido Carli\" \/>\n<meta property=\"og:description\" content=\"La Luiss perde gara 3 a Rieti per 72-67 ed esce dalla corsa alla promozione. Esce con grande amarezza perch\u00e8 complessivamente ha dimostrato di esser una grande squadra e nelle [&hellip;]\" \/>\n<meta property=\"og:url\" content=\"https:\/\/sport.luiss.it\/2009\/05\/17\/a-testa-alta-anzi-altissima\/\" \/>\n<meta property=\"og:site_name\" content=\"Luiss Sport - Luiss Guido Carli\" \/>\n<meta property=\"article:publisher\" content=\"https:\/\/www.facebook.com\/sportluiss\/\" \/>\n<meta property=\"article:published_time\" content=\"2009-05-17T21:38:20+00:00\" \/>\n<meta name=\"twitter:card\" content=\"summary_large_image\" \/>\n<meta name=\"twitter:label1\" content=\"Written by\" \/>\n\t<meta name=\"twitter:data1\" content=\"\" \/>\n\t<meta name=\"twitter:label2\" content=\"Est. reading time\" \/>\n\t<meta name=\"twitter:data2\" content=\"1 minute\" \/>\n<script type=\"application\/ld+json\" class=\"yoast-schema-graph\">{\"@context\":\"https:\/\/schema.org\",\"@graph\":[{\"@type\":\"WebPage\",\"@id\":\"https:\/\/sport.luiss.it\/2009\/05\/17\/a-testa-alta-anzi-altissima\/\",\"url\":\"https:\/\/sport.luiss.it\/2009\/05\/17\/a-testa-alta-anzi-altissima\/\",\"name\":\"A testa alta, anzi altissima - Luiss Sport - Luiss Guido Carli\",\"isPartOf\":{\"@id\":\"https:\/\/sport.luiss.it\/#website\"},\"primaryImageOfPage\":{\"@id\":\"https:\/\/sport.luiss.it\/2009\/05\/17\/a-testa-alta-anzi-altissima\/#primaryimage\"},\"image\":{\"@id\":\"https:\/\/sport.luiss.it\/2009\/05\/17\/a-testa-alta-anzi-altissima\/#primaryimage\"},\"thumbnailUrl\":\"https:\/\/www.luiss.it\/sport\/wp-content\/uploads\/sport\/2009\/05\/basket1-150x150.jpg\",\"datePublished\":\"2009-05-17T21:38:20+00:00\",\"author\":{\"@id\":\"\"},\"breadcrumb\":{\"@id\":\"https:\/\/sport.luiss.it\/2009\/05\/17\/a-testa-alta-anzi-altissima\/#breadcrumb\"},\"inLanguage\":\"en-US\",\"potentialAction\":[{\"@type\":\"ReadAction\",\"target\":[\"https:\/\/sport.luiss.it\/2009\/05\/17\/a-testa-alta-anzi-altissima\/\"]}]},{\"@type\":\"ImageObject\",\"inLanguage\":\"en-US\",\"@id\":\"https:\/\/sport.luiss.it\/2009\/05\/17\/a-testa-alta-anzi-altissima\/#primaryimage\",\"url\":\"https:\/\/www.luiss.it\/sport\/wp-content\/uploads\/sport\/2009\/05\/basket1-150x150.jpg\",\"contentUrl\":\"https:\/\/www.luiss.it\/sport\/wp-content\/uploads\/sport\/2009\/05\/basket1-150x150.jpg\"},{\"@type\":\"BreadcrumbList\",\"@id\":\"https:\/\/sport.luiss.it\/2009\/05\/17\/a-testa-alta-anzi-altissima\/#breadcrumb\",\"itemListElement\":[{\"@type\":\"ListItem\",\"position\":1,\"name\":\"Home\",\"item\":\"https:\/\/sport.luiss.it\/en\/\"},{\"@type\":\"ListItem\",\"position\":2,\"name\":\"A testa alta, anzi altissima\"}]},{\"@type\":\"WebSite\",\"@id\":\"https:\/\/sport.luiss.it\/#website\",\"url\":\"https:\/\/sport.luiss.it\/\",\"name\":\"Luiss Sport - Luiss Guido Carli\",\"description\":\"Luiss Sport\",\"potentialAction\":[{\"@type\":\"SearchAction\",\"target\":{\"@type\":\"EntryPoint\",\"urlTemplate\":\"https:\/\/sport.luiss.it\/?s={search_term_string}\"},\"query-input\":{\"@type\":\"PropertyValueSpecification\",\"valueRequired\":true,\"valueName\":\"search_term_string\"}}],\"inLanguage\":\"en-US\"},{\"@type\":\"Person\",\"@id\":\"\"}]}<\/script>\n<!-- \/ Yoast SEO plugin. -->","yoast_head_json":{"title":"A testa alta, anzi altissima - Luiss Sport - Luiss Guido Carli","robots":{"index":"index","follow":"follow","max-snippet":"max-snippet:-1","max-image-preview":"max-image-preview:large","max-video-preview":"max-video-preview:-1"},"canonical":"https:\/\/sport.luiss.it\/2009\/05\/17\/a-testa-alta-anzi-altissima\/","og_locale":"en_US","og_type":"article","og_title":"A testa alta, anzi altissima - Luiss Sport - Luiss Guido Carli","og_description":"La Luiss perde gara 3 a Rieti per 72-67 ed esce dalla corsa alla promozione. Esce con grande amarezza perch\u00e8 complessivamente ha dimostrato di esser una grande squadra e nelle [&hellip;]","og_url":"https:\/\/sport.luiss.it\/2009\/05\/17\/a-testa-alta-anzi-altissima\/","og_site_name":"Luiss Sport - Luiss Guido Carli","article_publisher":"https:\/\/www.facebook.com\/sportluiss\/","article_published_time":"2009-05-17T21:38:20+00:00","twitter_card":"summary_large_image","twitter_misc":{"Written by":"","Est. reading time":"1 minute"},"schema":{"@context":"https:\/\/schema.org","@graph":[{"@type":"WebPage","@id":"https:\/\/sport.luiss.it\/2009\/05\/17\/a-testa-alta-anzi-altissima\/","url":"https:\/\/sport.luiss.it\/2009\/05\/17\/a-testa-alta-anzi-altissima\/","name":"A testa alta, anzi altissima - Luiss Sport - Luiss Guido Carli","isPartOf":{"@id":"https:\/\/sport.luiss.it\/#website"},"primaryImageOfPage":{"@id":"https:\/\/sport.luiss.it\/2009\/05\/17\/a-testa-alta-anzi-altissima\/#primaryimage"},"image":{"@id":"https:\/\/sport.luiss.it\/2009\/05\/17\/a-testa-alta-anzi-altissima\/#primaryimage"},"thumbnailUrl":"https:\/\/www.luiss.it\/sport\/wp-content\/uploads\/sport\/2009\/05\/basket1-150x150.jpg","datePublished":"2009-05-17T21:38:20+00:00","author":{"@id":""},"breadcrumb":{"@id":"https:\/\/sport.luiss.it\/2009\/05\/17\/a-testa-alta-anzi-altissima\/#breadcrumb"},"inLanguage":"en-US","potentialAction":[{"@type":"ReadAction","target":["https:\/\/sport.luiss.it\/2009\/05\/17\/a-testa-alta-anzi-altissima\/"]}]},{"@type":"ImageObject","inLanguage":"en-US","@id":"https:\/\/sport.luiss.it\/2009\/05\/17\/a-testa-alta-anzi-altissima\/#primaryimage","url":"https:\/\/www.luiss.it\/sport\/wp-content\/uploads\/sport\/2009\/05\/basket1-150x150.jpg","contentUrl":"https:\/\/www.luiss.it\/sport\/wp-content\/uploads\/sport\/2009\/05\/basket1-150x150.jpg"},{"@type":"BreadcrumbList","@id":"https:\/\/sport.luiss.it\/2009\/05\/17\/a-testa-alta-anzi-altissima\/#breadcrumb","itemListElement":[{"@type":"ListItem","position":1,"name":"Home","item":"https:\/\/sport.luiss.it\/en\/"},{"@type":"ListItem","position":2,"name":"A testa alta, anzi altissima"}]},{"@type":"WebSite","@id":"https:\/\/sport.luiss.it\/#website","url":"https:\/\/sport.luiss.it\/","name":"Luiss Sport - Luiss Guido Carli","description":"Luiss Sport","potentialAction":[{"@type":"SearchAction","target":{"@type":"EntryPoint","urlTemplate":"https:\/\/sport.luiss.it\/?s={search_term_string}"},"query-input":{"@type":"PropertyValueSpecification","valueRequired":true,"valueName":"search_term_string"}}],"inLanguage":"en-US"},{"@type":"Person","@id":""}]}},"_links":{"self":[{"href":"https:\/\/sport.luiss.it\/en\/wp-json\/wp\/v2\/posts\/607","targetHints":{"allow":["GET"]}}],"collection":[{"href":"https:\/\/sport.luiss.it\/en\/wp-json\/wp\/v2\/posts"}],"about":[{"href":"https:\/\/sport.luiss.it\/en\/wp-json\/wp\/v2\/types\/post"}],"author":[{"embeddable":true,"href":"https:\/\/sport.luiss.it\/en\/wp-json\/wp\/v2\/users\/441"}],"replies":[{"embeddable":true,"href":"https:\/\/sport.luiss.it\/en\/wp-json\/wp\/v2\/comments?post=607"}],"version-history":[{"count":0,"href":"https:\/\/sport.luiss.it\/en\/wp-json\/wp\/v2\/posts\/607\/revisions"}],"wp:attachment":[{"href":"https:\/\/sport.luiss.it\/en\/wp-json\/wp\/v2\/media?parent=607"}],"wp:term":[{"taxonomy":"category","embeddable":true,"href":"https:\/\/sport.luiss.it\/en\/wp-json\/wp\/v2\/categories?post=607"},{"taxonomy":"post_tag","embeddable":true,"href":"https:\/\/sport.luiss.it\/en\/wp-json\/wp\/v2\/tags?post=607"}],"curies":[{"name":"wp","href":"https:\/\/api.w.org\/{rel}","templated":true}]}}