
{"id":6179,"date":"2013-04-05T09:20:52","date_gmt":"2013-04-05T09:20:52","guid":{"rendered":"https:\/\/sport.luiss.it\/?p=6179"},"modified":"2013-04-05T09:20:52","modified_gmt":"2013-04-05T09:20:52","slug":"per-la-luiss-sfida-frizzante-con-palestrina","status":"publish","type":"post","link":"https:\/\/sport.luiss.it\/en\/2013\/04\/05\/per-la-luiss-sfida-frizzante-con-palestrina\/","title":{"rendered":"Per la LUISS sfida frizzante con Palestrina"},"content":{"rendered":"<p><a href=\"https:\/\/sport.luiss.it\/wp-content\/uploads\/2013\/04\/Luisscontropiede.jpg\"><img loading=\"lazy\" decoding=\"async\" class=\"alignleft size-full wp-image-6180\" alt=\"Luisscontropiede\" src=\"https:\/\/sport.luiss.it\/wp-content\/uploads\/2013\/04\/Luisscontropiede.jpg\" width=\"495\" height=\"350\" \/><\/a>Dopo la sosta pasquale torna in campo l\u2019ASD LUISS militante nel girone F della DNC, che sabato 6 aprile alle 18.30 ospiter\u00e0 la <strong>City Seeing Palestrina<\/strong> per il 23\u00b0 turno della regular season.<\/p>\n<p>La squadra di Briscese, dopo aver perso lo scontro diretto contro Marino due settimane fa (61-58) e abbandonato quindi la prima posizione, \u00e8 chiamata al riscatto e a mantenere cos\u00ec l\u2019imbattibilit\u00e0 tra le mura amiche che dura da sette giornate. Polselli e compagni, dopo la comunque positiva prestazione in casa della squadra castellana dove gli universitari sono riusciti a recuperare in ben due occasioni svantaggi consistenti senza per\u00f2 riuscire ad acciuffare il supplementare con l\u2019ultimo tiro di Migliaccio, hanno tutta l\u2019intenzione di tornare a conquistare i due punti in palio gi\u00e0 dalla sfida contro la squadra prenestina. La City Seeing \u00e8 attualmente la quarta forza del campionato con 24 punti sinora conquistati, distante quindi 4 lunghezze dagli universitari, e far\u00e0 di tutto per provare ad espugnare il Pala LUISS per migliorare ulteriormente la sua posizione in classifica. La squadra allenata da Longano \u00e8, come concerne alla politica della societ\u00e0 arancio-verde, tra le pi\u00f9 giovani dell\u2019intero torneo, con Omoregie, Nozzolillo, Perna, Arioli e Baroni che sono i punti di forza, seguiti poi dagli altri under che hanno portato Palestrina a ridosso delle prime della classe. Nel match d\u2019andata fu proprio<strong> Omoregie<\/strong> con 16 punti a guidare i suoi alla vittoria contro i biancoblu, ottenuta con un netto 66-45, con la LUISS che per l\u2019unica volta in stagione \u00e8 rimasta sotto i 50 punti realizzati.<\/p>\n<p>Gli universitari vogliono riscattare quella sconfitta e, soprattutto, tornare a vincere dopo lo stop con Marino, ed \u00e8 <strong>Coach Briscese<\/strong> a suonare la carica alla vigilia di questo match cos\u00ec delicato: <em>\u201cLa partita dopo una sosta un pizzico di incertezza la lascia a tutti, anche se ci siamo comunque allenati normalmente e quindi dal punto di vista della condizione fisica stiamo abbastanza bene. La squadra che affrontiamo domani \u00e8 molto viva, frizzante e giovane e ha ottenuto risultati importanti nell\u2019arco della stagione, come la vittoria proprio a Marino ed \u00e8 soprattutto reduce dalla vittoria a Sassari che ha dato sicuramente morale. Palestrina sta lottando per raggiungere il terzo posto, quindi \u00e8 una gara estremamente impegnativa, anche perch\u00e9 sappiamo che mancano poche giornate alla fine del campionato e i giochi non sono ancora completamente chiusi, quindi dovremo cercare di intraprendere di nuovo il cammino che ci aveva portato alle 10 vittorie consecutive e quindi provare a concludere al meglio questo girone di ritorno per poi vedere cosa sar\u00e0 successo al termine della regular season. Ci aspettano tre partite molto impegnative contro dirette concorrenti<\/em> \u2013 conclude l\u2019allenatore romano \u2013 <em>e noi vogliamo il massimo in termini di punti, poi il 27 aprile vedremo se saremo riusciti ad ottenere un risultato immediato o cosa ci prospetteranno i playoff che, come sempre succede, daranno vita ad un nuovo campionato dove ogni partita far\u00e0 storia a s\u00e9 e sar\u00e0 decisiva.\u201d<\/em><\/p>\n<p>La gara tra ASD LUISS Roma e City Seeing Palestrina si giocher\u00e0 <strong>sabato 6 alle 18.30 al Pala LUISS<\/strong> di via Martino Longhi di Roma, dove ad arbitrare sono chiamati i Signori Antonio Valleriani di Amandola (AP) e Marco Pazzaglini di Pesaro.<\/p>\n<p><strong>Danila Di Biase<\/strong><\/p>\n","protected":false},"excerpt":{"rendered":"<p>Dopo la sosta pasquale torna in campo l\u2019ASD LUISS militante nel girone F della DNC, che sabato 6 aprile alle 18.30 ospiter\u00e0 la City Seeing Palestrina per il 23\u00b0 turno [&hellip;]<\/p>\n","protected":false},"author":441,"featured_media":6180,"comment_status":"closed","ping_status":"closed","sticky":false,"template":"","format":"standard","meta":{"_monsterinsights_skip_tracking":false,"_monsterinsights_sitenote_active":false,"_monsterinsights_sitenote_note":"","_monsterinsights_sitenote_category":0,"footnotes":""},"categories":[114],"tags":[],"class_list":["post-6179","post","type-post","status-publish","format-standard","has-post-thumbnail","hentry","category-news-basket-c"],"yoast_head":"<!-- This site is optimized with the Yoast SEO plugin v26.5 - https:\/\/yoast.com\/wordpress\/plugins\/seo\/ -->\n<title>Per la LUISS sfida frizzante con Palestrina - Luiss Sport - Luiss Guido Carli<\/title>\n<meta name=\"robots\" content=\"index, follow, max-snippet:-1, max-image-preview:large, max-video-preview:-1\" \/>\n<link rel=\"canonical\" href=\"https:\/\/sport.luiss.it\/2013\/04\/05\/per-la-luiss-sfida-frizzante-con-palestrina\/\" \/>\n<meta property=\"og:locale\" content=\"en_US\" \/>\n<meta property=\"og:type\" content=\"article\" \/>\n<meta property=\"og:title\" content=\"Per la LUISS sfida frizzante con Palestrina - Luiss Sport - Luiss Guido Carli\" \/>\n<meta property=\"og:description\" content=\"Dopo la sosta pasquale torna in campo l\u2019ASD LUISS militante nel girone F della DNC, che sabato 6 aprile alle 18.30 ospiter\u00e0 la City Seeing Palestrina per il 23\u00b0 turno [&hellip;]\" \/>\n<meta property=\"og:url\" content=\"https:\/\/sport.luiss.it\/2013\/04\/05\/per-la-luiss-sfida-frizzante-con-palestrina\/\" \/>\n<meta property=\"og:site_name\" content=\"Luiss Sport - Luiss Guido Carli\" \/>\n<meta property=\"article:publisher\" content=\"https:\/\/www.facebook.com\/sportluiss\/\" \/>\n<meta property=\"article:published_time\" content=\"2013-04-05T09:20:52+00:00\" \/>\n<meta name=\"twitter:card\" content=\"summary_large_image\" \/>\n<meta name=\"twitter:label1\" content=\"Written by\" \/>\n\t<meta name=\"twitter:data1\" content=\"\" \/>\n\t<meta name=\"twitter:label2\" content=\"Est. reading time\" \/>\n\t<meta name=\"twitter:data2\" content=\"3 minutes\" \/>\n<script type=\"application\/ld+json\" class=\"yoast-schema-graph\">{\"@context\":\"https:\/\/schema.org\",\"@graph\":[{\"@type\":\"WebPage\",\"@id\":\"https:\/\/sport.luiss.it\/2013\/04\/05\/per-la-luiss-sfida-frizzante-con-palestrina\/\",\"url\":\"https:\/\/sport.luiss.it\/2013\/04\/05\/per-la-luiss-sfida-frizzante-con-palestrina\/\",\"name\":\"Per la LUISS sfida frizzante con Palestrina - Luiss Sport - Luiss Guido Carli\",\"isPartOf\":{\"@id\":\"https:\/\/sport.luiss.it\/#website\"},\"primaryImageOfPage\":{\"@id\":\"https:\/\/sport.luiss.it\/2013\/04\/05\/per-la-luiss-sfida-frizzante-con-palestrina\/#primaryimage\"},\"image\":{\"@id\":\"https:\/\/sport.luiss.it\/2013\/04\/05\/per-la-luiss-sfida-frizzante-con-palestrina\/#primaryimage\"},\"thumbnailUrl\":\"\",\"datePublished\":\"2013-04-05T09:20:52+00:00\",\"author\":{\"@id\":\"\"},\"breadcrumb\":{\"@id\":\"https:\/\/sport.luiss.it\/2013\/04\/05\/per-la-luiss-sfida-frizzante-con-palestrina\/#breadcrumb\"},\"inLanguage\":\"en-US\",\"potentialAction\":[{\"@type\":\"ReadAction\",\"target\":[\"https:\/\/sport.luiss.it\/2013\/04\/05\/per-la-luiss-sfida-frizzante-con-palestrina\/\"]}]},{\"@type\":\"ImageObject\",\"inLanguage\":\"en-US\",\"@id\":\"https:\/\/sport.luiss.it\/2013\/04\/05\/per-la-luiss-sfida-frizzante-con-palestrina\/#primaryimage\",\"url\":\"\",\"contentUrl\":\"\"},{\"@type\":\"BreadcrumbList\",\"@id\":\"https:\/\/sport.luiss.it\/2013\/04\/05\/per-la-luiss-sfida-frizzante-con-palestrina\/#breadcrumb\",\"itemListElement\":[{\"@type\":\"ListItem\",\"position\":1,\"name\":\"Home\",\"item\":\"https:\/\/sport.luiss.it\/en\/\"},{\"@type\":\"ListItem\",\"position\":2,\"name\":\"Per la LUISS sfida frizzante con Palestrina\"}]},{\"@type\":\"WebSite\",\"@id\":\"https:\/\/sport.luiss.it\/#website\",\"url\":\"https:\/\/sport.luiss.it\/\",\"name\":\"Luiss Sport - Luiss Guido Carli\",\"description\":\"Luiss Sport\",\"potentialAction\":[{\"@type\":\"SearchAction\",\"target\":{\"@type\":\"EntryPoint\",\"urlTemplate\":\"https:\/\/sport.luiss.it\/?s={search_term_string}\"},\"query-input\":{\"@type\":\"PropertyValueSpecification\",\"valueRequired\":true,\"valueName\":\"search_term_string\"}}],\"inLanguage\":\"en-US\"},{\"@type\":\"Person\",\"@id\":\"\"}]}<\/script>\n<!-- \/ Yoast SEO plugin. -->","yoast_head_json":{"title":"Per la LUISS sfida frizzante con Palestrina - Luiss Sport - Luiss Guido Carli","robots":{"index":"index","follow":"follow","max-snippet":"max-snippet:-1","max-image-preview":"max-image-preview:large","max-video-preview":"max-video-preview:-1"},"canonical":"https:\/\/sport.luiss.it\/2013\/04\/05\/per-la-luiss-sfida-frizzante-con-palestrina\/","og_locale":"en_US","og_type":"article","og_title":"Per la LUISS sfida frizzante con Palestrina - Luiss Sport - Luiss Guido Carli","og_description":"Dopo la sosta pasquale torna in campo l\u2019ASD LUISS militante nel girone F della DNC, che sabato 6 aprile alle 18.30 ospiter\u00e0 la City Seeing Palestrina per il 23\u00b0 turno [&hellip;]","og_url":"https:\/\/sport.luiss.it\/2013\/04\/05\/per-la-luiss-sfida-frizzante-con-palestrina\/","og_site_name":"Luiss Sport - Luiss Guido Carli","article_publisher":"https:\/\/www.facebook.com\/sportluiss\/","article_published_time":"2013-04-05T09:20:52+00:00","twitter_card":"summary_large_image","twitter_misc":{"Written by":"","Est. reading time":"3 minutes"},"schema":{"@context":"https:\/\/schema.org","@graph":[{"@type":"WebPage","@id":"https:\/\/sport.luiss.it\/2013\/04\/05\/per-la-luiss-sfida-frizzante-con-palestrina\/","url":"https:\/\/sport.luiss.it\/2013\/04\/05\/per-la-luiss-sfida-frizzante-con-palestrina\/","name":"Per la LUISS sfida frizzante con Palestrina - Luiss Sport - Luiss Guido Carli","isPartOf":{"@id":"https:\/\/sport.luiss.it\/#website"},"primaryImageOfPage":{"@id":"https:\/\/sport.luiss.it\/2013\/04\/05\/per-la-luiss-sfida-frizzante-con-palestrina\/#primaryimage"},"image":{"@id":"https:\/\/sport.luiss.it\/2013\/04\/05\/per-la-luiss-sfida-frizzante-con-palestrina\/#primaryimage"},"thumbnailUrl":"","datePublished":"2013-04-05T09:20:52+00:00","author":{"@id":""},"breadcrumb":{"@id":"https:\/\/sport.luiss.it\/2013\/04\/05\/per-la-luiss-sfida-frizzante-con-palestrina\/#breadcrumb"},"inLanguage":"en-US","potentialAction":[{"@type":"ReadAction","target":["https:\/\/sport.luiss.it\/2013\/04\/05\/per-la-luiss-sfida-frizzante-con-palestrina\/"]}]},{"@type":"ImageObject","inLanguage":"en-US","@id":"https:\/\/sport.luiss.it\/2013\/04\/05\/per-la-luiss-sfida-frizzante-con-palestrina\/#primaryimage","url":"","contentUrl":""},{"@type":"BreadcrumbList","@id":"https:\/\/sport.luiss.it\/2013\/04\/05\/per-la-luiss-sfida-frizzante-con-palestrina\/#breadcrumb","itemListElement":[{"@type":"ListItem","position":1,"name":"Home","item":"https:\/\/sport.luiss.it\/en\/"},{"@type":"ListItem","position":2,"name":"Per la LUISS sfida frizzante con Palestrina"}]},{"@type":"WebSite","@id":"https:\/\/sport.luiss.it\/#website","url":"https:\/\/sport.luiss.it\/","name":"Luiss Sport - Luiss Guido Carli","description":"Luiss Sport","potentialAction":[{"@type":"SearchAction","target":{"@type":"EntryPoint","urlTemplate":"https:\/\/sport.luiss.it\/?s={search_term_string}"},"query-input":{"@type":"PropertyValueSpecification","valueRequired":true,"valueName":"search_term_string"}}],"inLanguage":"en-US"},{"@type":"Person","@id":""}]}},"_links":{"self":[{"href":"https:\/\/sport.luiss.it\/en\/wp-json\/wp\/v2\/posts\/6179","targetHints":{"allow":["GET"]}}],"collection":[{"href":"https:\/\/sport.luiss.it\/en\/wp-json\/wp\/v2\/posts"}],"about":[{"href":"https:\/\/sport.luiss.it\/en\/wp-json\/wp\/v2\/types\/post"}],"author":[{"embeddable":true,"href":"https:\/\/sport.luiss.it\/en\/wp-json\/wp\/v2\/users\/441"}],"replies":[{"embeddable":true,"href":"https:\/\/sport.luiss.it\/en\/wp-json\/wp\/v2\/comments?post=6179"}],"version-history":[{"count":0,"href":"https:\/\/sport.luiss.it\/en\/wp-json\/wp\/v2\/posts\/6179\/revisions"}],"wp:featuredmedia":[{"embeddable":true,"href":"https:\/\/sport.luiss.it\/en\/wp-json\/"}],"wp:attachment":[{"href":"https:\/\/sport.luiss.it\/en\/wp-json\/wp\/v2\/media?parent=6179"}],"wp:term":[{"taxonomy":"category","embeddable":true,"href":"https:\/\/sport.luiss.it\/en\/wp-json\/wp\/v2\/categories?post=6179"},{"taxonomy":"post_tag","embeddable":true,"href":"https:\/\/sport.luiss.it\/en\/wp-json\/wp\/v2\/tags?post=6179"}],"curies":[{"name":"wp","href":"https:\/\/api.w.org\/{rel}","templated":true}]}}