
{"id":6225,"date":"2013-04-12T09:07:44","date_gmt":"2013-04-12T09:07:44","guid":{"rendered":"https:\/\/sport.luiss.it\/?p=6225"},"modified":"2013-04-12T09:07:44","modified_gmt":"2013-04-12T09:07:44","slug":"per-la-luiss-derby-in-trasferta","status":"publish","type":"post","link":"https:\/\/sport.luiss.it\/en\/2013\/04\/12\/per-la-luiss-derby-in-trasferta\/","title":{"rendered":"Per la LUISS derby in trasferta"},"content":{"rendered":"<p><a href=\"https:\/\/sport.luiss.it\/wp-content\/uploads\/2013\/04\/Briscese-timeout.jpg\"><img loading=\"lazy\" decoding=\"async\" class=\"alignleft size-full wp-image-6226\" alt=\"Briscese timeout\" src=\"https:\/\/sport.luiss.it\/wp-content\/uploads\/2013\/04\/Briscese-timeout.jpg\" width=\"374\" height=\"300\" \/><\/a>Archiviata la seconda sconfitta consecutiva contro la City Seeing Palestrina, \u00e8 tornata in campo pi\u00f9 carica che mai l\u2019ASD LUISS di Max Briscese che sabato 13 alle 18.30 far\u00e0 visita alla<strong> Tiber Roma<\/strong> per l\u2019ultimo derby della regular season.<\/p>\n<p>La squadra universitaria, reduce dai due stop con Marino e Palestrina, \u00e8 ancora al terzo posto nel girone F della DNC, a due sole lunghezze dalla coppia di testa composta proprio da Marino e dall\u2019Eurobasket, con la prima che ha incredibilmente perso tra le mura amiche contro la Petriana nell\u2019ultimo turno non approfittando quindi per scappare in solitaria verso la promozione. Gli universitari, quindi,<strong> hanno ancora qualche speranza di riuscire ad agganciare la prima piazza<\/strong> e per questo servir\u00e0 obbligatoriamente vincere le ultime due partite della stagione con Tiber e Cassino, in attesa dei risultati delle altre che per\u00f2 hanno a disposizione una gara in pi\u00f9 per concludere la stagione regolare. Non \u00e8 comunque tempo di calcoli in casa LUISS, con Briscese che ha fatto allenare come sempre nel migliore dei modi i suoi dopo lo stop interno con Palestrina, capace di mettere a segno 24 punti nell\u2019ultimo quarto del match giocato sabato scorso concedendone solo 12 a Polselli e compagni, \u2018vittime\u2019 di un inconsueto calo di concentrazione negli ultimi dieci minuti di gioco, che pu\u00f2 comunque capitare a dei ragazzi capaci di inanellare dieci vittorie consecutive prima del ko con Marino del 24 marzo. Il derby con la Tiber, sempre molto sentito, dovr\u00e0 servire come occasione per il riscatto e per tornare a conquistare due punti fondamentali quantomeno per mantenere una buonissima posizione per la griglia play-off che, attualmente, significherebbe dover sfidare l\u2019ottava della classe. I luissini per\u00f2 vogliono giocare le ultime due gare di campionato al massimo delle loro possibilit\u00e0, restando poi alla finestra nel turno del 20 aprile per capire cosa faranno le squadre che li precedono e le due (Palestrina e Sassari, nda) che inseguono per ora a quota 26 punti e quindi a 2 sole lunghezze dal team bianco blu.<\/p>\n<p><strong>Coach Briscese<\/strong>, per\u00f2, non vuole sentire parlare di calcoli delle probabilit\u00e0, di occasioni perse e quant\u2019altro, ma semplicemente proiettare tutta l\u2019attenzione sulla gara contro la Tiber Roma, battuta all\u2019andata con il risultato di 100-89, e che dar\u00e0 il massimo per riscattare quella sconfitta e vincere tra le mura amiche: \u201c<em>Abbiamo una gran voglia di rifarci dell\u2019ultimo stop casalingo, siamo giustamente arrabbiati per la partita di sabato, ma siamo anche consapevoli che fino a quel momento, compreso la gara a Marino, abbiamo sfoderato delle ottime prestazioni e sappiamo che chiaramente durante l\u2019anno possono capitare questi passi falsi, ma proprio da questa considerazione vogliamo trarre motivazioni ulteriori per affrontare al meglio queste due trasferte che ci separano dalla fine del campionato.\u201d<\/em><\/p>\n<p>Il match tra Tiber Roma e ASD LUISS Roma andr\u00e0 in scena<strong> sabato 13 aprile alle 18.30 presso il Pala Donati di Roma<\/strong> dove ad arbitrare sono chiamati i Signori Daniele Collesi di Pesaro e Michele Fanesi di Ancona.<\/p>\n<p><strong>Danila Di Biase<\/strong><\/p>\n","protected":false},"excerpt":{"rendered":"<p>Archiviata la seconda sconfitta consecutiva contro la City Seeing Palestrina, \u00e8 tornata in campo pi\u00f9 carica che mai l\u2019ASD LUISS di Max Briscese che sabato 13 alle 18.30 far\u00e0 visita [&hellip;]<\/p>\n","protected":false},"author":441,"featured_media":6226,"comment_status":"closed","ping_status":"closed","sticky":false,"template":"","format":"standard","meta":{"_monsterinsights_skip_tracking":false,"_monsterinsights_sitenote_active":false,"_monsterinsights_sitenote_note":"","_monsterinsights_sitenote_category":0,"footnotes":""},"categories":[114],"tags":[],"class_list":["post-6225","post","type-post","status-publish","format-standard","has-post-thumbnail","hentry","category-news-basket-c"],"yoast_head":"<!-- This site is optimized with the Yoast SEO plugin v26.5 - https:\/\/yoast.com\/wordpress\/plugins\/seo\/ -->\n<title>Per la LUISS derby in trasferta - Luiss Sport - Luiss Guido Carli<\/title>\n<meta name=\"robots\" content=\"index, follow, max-snippet:-1, max-image-preview:large, max-video-preview:-1\" \/>\n<link rel=\"canonical\" href=\"https:\/\/sport.luiss.it\/2013\/04\/12\/per-la-luiss-derby-in-trasferta\/\" \/>\n<meta property=\"og:locale\" content=\"en_US\" \/>\n<meta property=\"og:type\" content=\"article\" \/>\n<meta property=\"og:title\" content=\"Per la LUISS derby in trasferta - Luiss Sport - Luiss Guido Carli\" \/>\n<meta property=\"og:description\" content=\"Archiviata la seconda sconfitta consecutiva contro la City Seeing Palestrina, \u00e8 tornata in campo pi\u00f9 carica che mai l\u2019ASD LUISS di Max Briscese che sabato 13 alle 18.30 far\u00e0 visita [&hellip;]\" \/>\n<meta property=\"og:url\" content=\"https:\/\/sport.luiss.it\/2013\/04\/12\/per-la-luiss-derby-in-trasferta\/\" \/>\n<meta property=\"og:site_name\" content=\"Luiss Sport - Luiss Guido Carli\" \/>\n<meta property=\"article:publisher\" content=\"https:\/\/www.facebook.com\/sportluiss\/\" \/>\n<meta property=\"article:published_time\" content=\"2013-04-12T09:07:44+00:00\" \/>\n<meta name=\"twitter:card\" content=\"summary_large_image\" \/>\n<meta name=\"twitter:label1\" content=\"Written by\" \/>\n\t<meta name=\"twitter:data1\" content=\"\" \/>\n\t<meta name=\"twitter:label2\" content=\"Est. reading time\" \/>\n\t<meta name=\"twitter:data2\" content=\"2 minutes\" \/>\n<script type=\"application\/ld+json\" class=\"yoast-schema-graph\">{\"@context\":\"https:\/\/schema.org\",\"@graph\":[{\"@type\":\"WebPage\",\"@id\":\"https:\/\/sport.luiss.it\/2013\/04\/12\/per-la-luiss-derby-in-trasferta\/\",\"url\":\"https:\/\/sport.luiss.it\/2013\/04\/12\/per-la-luiss-derby-in-trasferta\/\",\"name\":\"Per la LUISS derby in trasferta - Luiss Sport - Luiss Guido Carli\",\"isPartOf\":{\"@id\":\"https:\/\/sport.luiss.it\/#website\"},\"primaryImageOfPage\":{\"@id\":\"https:\/\/sport.luiss.it\/2013\/04\/12\/per-la-luiss-derby-in-trasferta\/#primaryimage\"},\"image\":{\"@id\":\"https:\/\/sport.luiss.it\/2013\/04\/12\/per-la-luiss-derby-in-trasferta\/#primaryimage\"},\"thumbnailUrl\":\"\",\"datePublished\":\"2013-04-12T09:07:44+00:00\",\"author\":{\"@id\":\"\"},\"breadcrumb\":{\"@id\":\"https:\/\/sport.luiss.it\/2013\/04\/12\/per-la-luiss-derby-in-trasferta\/#breadcrumb\"},\"inLanguage\":\"en-US\",\"potentialAction\":[{\"@type\":\"ReadAction\",\"target\":[\"https:\/\/sport.luiss.it\/2013\/04\/12\/per-la-luiss-derby-in-trasferta\/\"]}]},{\"@type\":\"ImageObject\",\"inLanguage\":\"en-US\",\"@id\":\"https:\/\/sport.luiss.it\/2013\/04\/12\/per-la-luiss-derby-in-trasferta\/#primaryimage\",\"url\":\"\",\"contentUrl\":\"\"},{\"@type\":\"BreadcrumbList\",\"@id\":\"https:\/\/sport.luiss.it\/2013\/04\/12\/per-la-luiss-derby-in-trasferta\/#breadcrumb\",\"itemListElement\":[{\"@type\":\"ListItem\",\"position\":1,\"name\":\"Home\",\"item\":\"https:\/\/sport.luiss.it\/en\/\"},{\"@type\":\"ListItem\",\"position\":2,\"name\":\"Per la LUISS derby in trasferta\"}]},{\"@type\":\"WebSite\",\"@id\":\"https:\/\/sport.luiss.it\/#website\",\"url\":\"https:\/\/sport.luiss.it\/\",\"name\":\"Luiss Sport - Luiss Guido Carli\",\"description\":\"Luiss Sport\",\"potentialAction\":[{\"@type\":\"SearchAction\",\"target\":{\"@type\":\"EntryPoint\",\"urlTemplate\":\"https:\/\/sport.luiss.it\/?s={search_term_string}\"},\"query-input\":{\"@type\":\"PropertyValueSpecification\",\"valueRequired\":true,\"valueName\":\"search_term_string\"}}],\"inLanguage\":\"en-US\"},{\"@type\":\"Person\",\"@id\":\"\"}]}<\/script>\n<!-- \/ Yoast SEO plugin. -->","yoast_head_json":{"title":"Per la LUISS derby in trasferta - Luiss Sport - Luiss Guido Carli","robots":{"index":"index","follow":"follow","max-snippet":"max-snippet:-1","max-image-preview":"max-image-preview:large","max-video-preview":"max-video-preview:-1"},"canonical":"https:\/\/sport.luiss.it\/2013\/04\/12\/per-la-luiss-derby-in-trasferta\/","og_locale":"en_US","og_type":"article","og_title":"Per la LUISS derby in trasferta - Luiss Sport - Luiss Guido Carli","og_description":"Archiviata la seconda sconfitta consecutiva contro la City Seeing Palestrina, \u00e8 tornata in campo pi\u00f9 carica che mai l\u2019ASD LUISS di Max Briscese che sabato 13 alle 18.30 far\u00e0 visita [&hellip;]","og_url":"https:\/\/sport.luiss.it\/2013\/04\/12\/per-la-luiss-derby-in-trasferta\/","og_site_name":"Luiss Sport - Luiss Guido Carli","article_publisher":"https:\/\/www.facebook.com\/sportluiss\/","article_published_time":"2013-04-12T09:07:44+00:00","twitter_card":"summary_large_image","twitter_misc":{"Written by":"","Est. reading time":"2 minutes"},"schema":{"@context":"https:\/\/schema.org","@graph":[{"@type":"WebPage","@id":"https:\/\/sport.luiss.it\/2013\/04\/12\/per-la-luiss-derby-in-trasferta\/","url":"https:\/\/sport.luiss.it\/2013\/04\/12\/per-la-luiss-derby-in-trasferta\/","name":"Per la LUISS derby in trasferta - Luiss Sport - Luiss Guido Carli","isPartOf":{"@id":"https:\/\/sport.luiss.it\/#website"},"primaryImageOfPage":{"@id":"https:\/\/sport.luiss.it\/2013\/04\/12\/per-la-luiss-derby-in-trasferta\/#primaryimage"},"image":{"@id":"https:\/\/sport.luiss.it\/2013\/04\/12\/per-la-luiss-derby-in-trasferta\/#primaryimage"},"thumbnailUrl":"","datePublished":"2013-04-12T09:07:44+00:00","author":{"@id":""},"breadcrumb":{"@id":"https:\/\/sport.luiss.it\/2013\/04\/12\/per-la-luiss-derby-in-trasferta\/#breadcrumb"},"inLanguage":"en-US","potentialAction":[{"@type":"ReadAction","target":["https:\/\/sport.luiss.it\/2013\/04\/12\/per-la-luiss-derby-in-trasferta\/"]}]},{"@type":"ImageObject","inLanguage":"en-US","@id":"https:\/\/sport.luiss.it\/2013\/04\/12\/per-la-luiss-derby-in-trasferta\/#primaryimage","url":"","contentUrl":""},{"@type":"BreadcrumbList","@id":"https:\/\/sport.luiss.it\/2013\/04\/12\/per-la-luiss-derby-in-trasferta\/#breadcrumb","itemListElement":[{"@type":"ListItem","position":1,"name":"Home","item":"https:\/\/sport.luiss.it\/en\/"},{"@type":"ListItem","position":2,"name":"Per la LUISS derby in trasferta"}]},{"@type":"WebSite","@id":"https:\/\/sport.luiss.it\/#website","url":"https:\/\/sport.luiss.it\/","name":"Luiss Sport - Luiss Guido Carli","description":"Luiss Sport","potentialAction":[{"@type":"SearchAction","target":{"@type":"EntryPoint","urlTemplate":"https:\/\/sport.luiss.it\/?s={search_term_string}"},"query-input":{"@type":"PropertyValueSpecification","valueRequired":true,"valueName":"search_term_string"}}],"inLanguage":"en-US"},{"@type":"Person","@id":""}]}},"_links":{"self":[{"href":"https:\/\/sport.luiss.it\/en\/wp-json\/wp\/v2\/posts\/6225","targetHints":{"allow":["GET"]}}],"collection":[{"href":"https:\/\/sport.luiss.it\/en\/wp-json\/wp\/v2\/posts"}],"about":[{"href":"https:\/\/sport.luiss.it\/en\/wp-json\/wp\/v2\/types\/post"}],"author":[{"embeddable":true,"href":"https:\/\/sport.luiss.it\/en\/wp-json\/wp\/v2\/users\/441"}],"replies":[{"embeddable":true,"href":"https:\/\/sport.luiss.it\/en\/wp-json\/wp\/v2\/comments?post=6225"}],"version-history":[{"count":0,"href":"https:\/\/sport.luiss.it\/en\/wp-json\/wp\/v2\/posts\/6225\/revisions"}],"wp:featuredmedia":[{"embeddable":true,"href":"https:\/\/sport.luiss.it\/en\/wp-json\/"}],"wp:attachment":[{"href":"https:\/\/sport.luiss.it\/en\/wp-json\/wp\/v2\/media?parent=6225"}],"wp:term":[{"taxonomy":"category","embeddable":true,"href":"https:\/\/sport.luiss.it\/en\/wp-json\/wp\/v2\/categories?post=6225"},{"taxonomy":"post_tag","embeddable":true,"href":"https:\/\/sport.luiss.it\/en\/wp-json\/wp\/v2\/tags?post=6225"}],"curies":[{"name":"wp","href":"https:\/\/api.w.org\/{rel}","templated":true}]}}