
{"id":6511,"date":"2013-07-19T08:04:59","date_gmt":"2013-07-19T08:04:59","guid":{"rendered":"https:\/\/sport.luiss.it\/?p=6511"},"modified":"2013-07-19T08:04:59","modified_gmt":"2013-07-19T08:04:59","slug":"basket-lasd-luiss-tra-passato-presente-e-futuro","status":"publish","type":"post","link":"https:\/\/sport.luiss.it\/en\/2013\/07\/19\/basket-lasd-luiss-tra-passato-presente-e-futuro\/","title":{"rendered":"Basket: l&#8217;ASD LUISS tra passato, presente e futuro"},"content":{"rendered":"<p><a href=\"https:\/\/sport.luiss.it\/wp-content\/uploads\/2013\/07\/Max-Briscese1.jpg\"><img loading=\"lazy\" decoding=\"async\" class=\"alignleft size-full wp-image-6512\" alt=\"Max Briscese1\" src=\"https:\/\/sport.luiss.it\/wp-content\/uploads\/2013\/07\/Max-Briscese1.jpg\" width=\"478\" height=\"300\" \/><\/a>Procede a vele spiegate la costruzione della squadra di basket che anche nella <strong>stagione 2013-2014<\/strong> prender\u00e0 parte al campionato DNC. Dopo la riconferma di Max Briscese, che quindi sieder\u00e0 sulla panchina bianco blu per il terzo anno consecutivo, \u00e8 iniziata la fase di definizione del roster che, come ogni estate, prevede dei provini per quei giocatori che durante l\u2019anno hanno dimostrato interesse a far parte del progetto dell\u2019ASD LUISS. Si sono chiusi proprio ieri i tre giorni di prova per oltre 20 ragazzi che hanno quindi potuto toccare con mano per la prima volta l\u2019ambiente luissino, in attesa ovviamente del test di settembre che definir\u00e0 il loro futuro per quanto riguarda la scelta universitaria. \u00c8 proprio <strong>Coach Briscese<\/strong> a parlare l\u2019indomani della chiusura della prima fase di provini: \u201c<em>Sono stati tre giorni molto produttivi per la selezione dei ragazzi che aspirano a far parte della nostra squadra. Chiaramente per quanto riguarda il nostro lavoro noi cerchiamo di provare a fare le scelte migliori per un roster competitivo sia\u00a0 dal punto di vista agonistico e che per l\u2019andamento universitario. Con il mio staff tecnico faremo delle valutazioni anche perch\u00e9 dobbiamo sostituire giocatori importanti che hanno finito il loro percorso in LUISS e quindi servir\u00e0 molta attenzione nelle scelte<\/em>\u201d.<\/p>\n<p>Per quanto riguarda invece la stagione appena conclusa Briscese ricorda cos\u00ec i dieci mesi di lavoro precedenti: \u201c<em>E\u2019 stato un anno intenso, il mio secondo da allenatore qui e abbiamo raggiunto ancora i playoff come ci eravamo prefissati. Chiaramente uscire ai quarti di finale contro Viterbo non ci ha fatto piacere, perch\u00e9 volevamo superare il turno e il fatto di aver perso le gare che ci hanno condannato entrambe con soli due punti di distacco ci ha lasciato un po\u2019 di rammarico, ma comunque il mio compito \u00e8 anche quello di fare una valutazione complessiva e direi che \u00e8 stata una splendida annata con il momento pi\u00f9 esaltante che ovviamente \u00e8 culminato con la striscia di dieci vittorie consecutive che ci ha portato a pochi passi dalla promozione diretta in DNB. Inoltre i miei giocatori pi\u00f9 giovani hanno avuto la possibilit\u00e0 di fare esperienza e questo \u00e8 molto importante nell\u2019ottica della stagione che inizier\u00e0 ad ottobre<\/em>\u201d. Max Briscese poi commenta quello che \u00e8 stato l\u2019epilogo del campionato, con le promozioni di Marino ed Eurobasket: \u201c<em>Mi dispiace molto per quello che \u00e8 successo a Marino, con una promozione meritata che per\u00f2 poi non porter\u00e0 a nulla visto che non si \u00e8 iscritta alla DNB, un vero peccato per una societ\u00e0 che ha lavorato duramente per questo traguardo e a cui auguro le migliori fortune per il prossimo futuro. Per quanto riguarda l\u2019Eurobasket, invece, faccio ancora una volta pubblicamente i complimenti ai \u201cmiei\u201d ex-ragazzi per la promozione raggiunta. Ero al Pala Avenali in occasione di gara3 con Palestrina e non nego di essermi anche commosso nel vederli festeggiare per un risultato che hanno fortemente voluto e che \u00e8 un giusto premio per il loro lavoro e per quello di tutta la societ\u00e0 che ancora una volta ha dimostrato che puntare sui giovani non \u00e8 mai un errore\u201d.<\/em> Ed \u00e8 proprio con l\u2019Under 15 dell\u2019Eurobasket Roma che Briscese si \u00e8 tolto l\u2019ultima soddisfazione della stagione che si \u00e8 appena conclusa, arrivando a disputare la sua personale quattordicesima finale Nazionale, a Cento, chiusa portando la sua squadra tra le prime 8 d\u2019Italia.<\/p>\n<p>L\u2019allenatore romano ha poi concluso con un ringraziamento a Luca Raffaele, Francesco Borsetti, Luca Migliaccio, Vittorio Vitello e Donatello Viggiano che non faranno pi\u00f9 parte dell\u2019ASD LUISS: \u201c<em>Voglio ringraziare di cuore e con affetto i ragazzi che si sono congedati quest\u2019anno avendo terminato il loro percorso universitario, augurandogli le migliori soddisfazioni professionali ed umane per il futuro\u201d.<\/em><\/p>\n<p>Nei prossimi giorni sar\u00e0 comunicata ufficialmente la data di inizio del raduno pre-campionato dell\u2019ASD LUISS, che sar\u00e0 fissata per l\u2019ultima settimana di agosto.<\/p>\n<p><strong>Danila Di Biase<\/strong><\/p>\n","protected":false},"excerpt":{"rendered":"<p>Procede a vele spiegate la costruzione della squadra di basket che anche nella stagione 2013-2014 prender\u00e0 parte al campionato DNC. Dopo la riconferma di Max Briscese, che quindi sieder\u00e0 sulla [&hellip;]<\/p>\n","protected":false},"author":441,"featured_media":6512,"comment_status":"closed","ping_status":"closed","sticky":false,"template":"","format":"standard","meta":{"_monsterinsights_skip_tracking":false,"_monsterinsights_sitenote_active":false,"_monsterinsights_sitenote_note":"","_monsterinsights_sitenote_category":0,"footnotes":""},"categories":[114],"tags":[],"class_list":["post-6511","post","type-post","status-publish","format-standard","has-post-thumbnail","hentry","category-news-basket-c"],"yoast_head":"<!-- This site is optimized with the Yoast SEO plugin v26.5 - https:\/\/yoast.com\/wordpress\/plugins\/seo\/ -->\n<title>Basket: l&#039;ASD LUISS tra passato, presente e futuro - Luiss Sport - Luiss Guido Carli<\/title>\n<meta name=\"robots\" content=\"index, follow, max-snippet:-1, max-image-preview:large, max-video-preview:-1\" \/>\n<link rel=\"canonical\" href=\"https:\/\/sport.luiss.it\/2013\/07\/19\/basket-lasd-luiss-tra-passato-presente-e-futuro\/\" \/>\n<meta property=\"og:locale\" content=\"en_US\" \/>\n<meta property=\"og:type\" content=\"article\" \/>\n<meta property=\"og:title\" content=\"Basket: l&#039;ASD LUISS tra passato, presente e futuro - Luiss Sport - Luiss Guido Carli\" \/>\n<meta property=\"og:description\" content=\"Procede a vele spiegate la costruzione della squadra di basket che anche nella stagione 2013-2014 prender\u00e0 parte al campionato DNC. Dopo la riconferma di Max Briscese, che quindi sieder\u00e0 sulla [&hellip;]\" \/>\n<meta property=\"og:url\" content=\"https:\/\/sport.luiss.it\/2013\/07\/19\/basket-lasd-luiss-tra-passato-presente-e-futuro\/\" \/>\n<meta property=\"og:site_name\" content=\"Luiss Sport - Luiss Guido Carli\" \/>\n<meta property=\"article:publisher\" content=\"https:\/\/www.facebook.com\/sportluiss\/\" \/>\n<meta property=\"article:published_time\" content=\"2013-07-19T08:04:59+00:00\" \/>\n<meta name=\"twitter:card\" content=\"summary_large_image\" \/>\n<meta name=\"twitter:label1\" content=\"Written by\" \/>\n\t<meta name=\"twitter:data1\" content=\"\" \/>\n\t<meta name=\"twitter:label2\" content=\"Est. reading time\" \/>\n\t<meta name=\"twitter:data2\" content=\"3 minutes\" \/>\n<script type=\"application\/ld+json\" class=\"yoast-schema-graph\">{\"@context\":\"https:\/\/schema.org\",\"@graph\":[{\"@type\":\"WebPage\",\"@id\":\"https:\/\/sport.luiss.it\/2013\/07\/19\/basket-lasd-luiss-tra-passato-presente-e-futuro\/\",\"url\":\"https:\/\/sport.luiss.it\/2013\/07\/19\/basket-lasd-luiss-tra-passato-presente-e-futuro\/\",\"name\":\"Basket: l'ASD LUISS tra passato, presente e futuro - Luiss Sport - Luiss Guido Carli\",\"isPartOf\":{\"@id\":\"https:\/\/sport.luiss.it\/#website\"},\"primaryImageOfPage\":{\"@id\":\"https:\/\/sport.luiss.it\/2013\/07\/19\/basket-lasd-luiss-tra-passato-presente-e-futuro\/#primaryimage\"},\"image\":{\"@id\":\"https:\/\/sport.luiss.it\/2013\/07\/19\/basket-lasd-luiss-tra-passato-presente-e-futuro\/#primaryimage\"},\"thumbnailUrl\":\"\",\"datePublished\":\"2013-07-19T08:04:59+00:00\",\"author\":{\"@id\":\"\"},\"breadcrumb\":{\"@id\":\"https:\/\/sport.luiss.it\/2013\/07\/19\/basket-lasd-luiss-tra-passato-presente-e-futuro\/#breadcrumb\"},\"inLanguage\":\"en-US\",\"potentialAction\":[{\"@type\":\"ReadAction\",\"target\":[\"https:\/\/sport.luiss.it\/2013\/07\/19\/basket-lasd-luiss-tra-passato-presente-e-futuro\/\"]}]},{\"@type\":\"ImageObject\",\"inLanguage\":\"en-US\",\"@id\":\"https:\/\/sport.luiss.it\/2013\/07\/19\/basket-lasd-luiss-tra-passato-presente-e-futuro\/#primaryimage\",\"url\":\"\",\"contentUrl\":\"\"},{\"@type\":\"BreadcrumbList\",\"@id\":\"https:\/\/sport.luiss.it\/2013\/07\/19\/basket-lasd-luiss-tra-passato-presente-e-futuro\/#breadcrumb\",\"itemListElement\":[{\"@type\":\"ListItem\",\"position\":1,\"name\":\"Home\",\"item\":\"https:\/\/sport.luiss.it\/en\/\"},{\"@type\":\"ListItem\",\"position\":2,\"name\":\"Basket: l&#8217;ASD LUISS tra passato, presente e futuro\"}]},{\"@type\":\"WebSite\",\"@id\":\"https:\/\/sport.luiss.it\/#website\",\"url\":\"https:\/\/sport.luiss.it\/\",\"name\":\"Luiss Sport - Luiss Guido Carli\",\"description\":\"Luiss Sport\",\"potentialAction\":[{\"@type\":\"SearchAction\",\"target\":{\"@type\":\"EntryPoint\",\"urlTemplate\":\"https:\/\/sport.luiss.it\/?s={search_term_string}\"},\"query-input\":{\"@type\":\"PropertyValueSpecification\",\"valueRequired\":true,\"valueName\":\"search_term_string\"}}],\"inLanguage\":\"en-US\"},{\"@type\":\"Person\",\"@id\":\"\"}]}<\/script>\n<!-- \/ Yoast SEO plugin. -->","yoast_head_json":{"title":"Basket: l'ASD LUISS tra passato, presente e futuro - Luiss Sport - Luiss Guido Carli","robots":{"index":"index","follow":"follow","max-snippet":"max-snippet:-1","max-image-preview":"max-image-preview:large","max-video-preview":"max-video-preview:-1"},"canonical":"https:\/\/sport.luiss.it\/2013\/07\/19\/basket-lasd-luiss-tra-passato-presente-e-futuro\/","og_locale":"en_US","og_type":"article","og_title":"Basket: l'ASD LUISS tra passato, presente e futuro - Luiss Sport - Luiss Guido Carli","og_description":"Procede a vele spiegate la costruzione della squadra di basket che anche nella stagione 2013-2014 prender\u00e0 parte al campionato DNC. Dopo la riconferma di Max Briscese, che quindi sieder\u00e0 sulla [&hellip;]","og_url":"https:\/\/sport.luiss.it\/2013\/07\/19\/basket-lasd-luiss-tra-passato-presente-e-futuro\/","og_site_name":"Luiss Sport - Luiss Guido Carli","article_publisher":"https:\/\/www.facebook.com\/sportluiss\/","article_published_time":"2013-07-19T08:04:59+00:00","twitter_card":"summary_large_image","twitter_misc":{"Written by":"","Est. reading time":"3 minutes"},"schema":{"@context":"https:\/\/schema.org","@graph":[{"@type":"WebPage","@id":"https:\/\/sport.luiss.it\/2013\/07\/19\/basket-lasd-luiss-tra-passato-presente-e-futuro\/","url":"https:\/\/sport.luiss.it\/2013\/07\/19\/basket-lasd-luiss-tra-passato-presente-e-futuro\/","name":"Basket: l'ASD LUISS tra passato, presente e futuro - Luiss Sport - Luiss Guido Carli","isPartOf":{"@id":"https:\/\/sport.luiss.it\/#website"},"primaryImageOfPage":{"@id":"https:\/\/sport.luiss.it\/2013\/07\/19\/basket-lasd-luiss-tra-passato-presente-e-futuro\/#primaryimage"},"image":{"@id":"https:\/\/sport.luiss.it\/2013\/07\/19\/basket-lasd-luiss-tra-passato-presente-e-futuro\/#primaryimage"},"thumbnailUrl":"","datePublished":"2013-07-19T08:04:59+00:00","author":{"@id":""},"breadcrumb":{"@id":"https:\/\/sport.luiss.it\/2013\/07\/19\/basket-lasd-luiss-tra-passato-presente-e-futuro\/#breadcrumb"},"inLanguage":"en-US","potentialAction":[{"@type":"ReadAction","target":["https:\/\/sport.luiss.it\/2013\/07\/19\/basket-lasd-luiss-tra-passato-presente-e-futuro\/"]}]},{"@type":"ImageObject","inLanguage":"en-US","@id":"https:\/\/sport.luiss.it\/2013\/07\/19\/basket-lasd-luiss-tra-passato-presente-e-futuro\/#primaryimage","url":"","contentUrl":""},{"@type":"BreadcrumbList","@id":"https:\/\/sport.luiss.it\/2013\/07\/19\/basket-lasd-luiss-tra-passato-presente-e-futuro\/#breadcrumb","itemListElement":[{"@type":"ListItem","position":1,"name":"Home","item":"https:\/\/sport.luiss.it\/en\/"},{"@type":"ListItem","position":2,"name":"Basket: l&#8217;ASD LUISS tra passato, presente e futuro"}]},{"@type":"WebSite","@id":"https:\/\/sport.luiss.it\/#website","url":"https:\/\/sport.luiss.it\/","name":"Luiss Sport - Luiss Guido Carli","description":"Luiss Sport","potentialAction":[{"@type":"SearchAction","target":{"@type":"EntryPoint","urlTemplate":"https:\/\/sport.luiss.it\/?s={search_term_string}"},"query-input":{"@type":"PropertyValueSpecification","valueRequired":true,"valueName":"search_term_string"}}],"inLanguage":"en-US"},{"@type":"Person","@id":""}]}},"_links":{"self":[{"href":"https:\/\/sport.luiss.it\/en\/wp-json\/wp\/v2\/posts\/6511","targetHints":{"allow":["GET"]}}],"collection":[{"href":"https:\/\/sport.luiss.it\/en\/wp-json\/wp\/v2\/posts"}],"about":[{"href":"https:\/\/sport.luiss.it\/en\/wp-json\/wp\/v2\/types\/post"}],"author":[{"embeddable":true,"href":"https:\/\/sport.luiss.it\/en\/wp-json\/wp\/v2\/users\/441"}],"replies":[{"embeddable":true,"href":"https:\/\/sport.luiss.it\/en\/wp-json\/wp\/v2\/comments?post=6511"}],"version-history":[{"count":0,"href":"https:\/\/sport.luiss.it\/en\/wp-json\/wp\/v2\/posts\/6511\/revisions"}],"wp:featuredmedia":[{"embeddable":true,"href":"https:\/\/sport.luiss.it\/en\/wp-json\/"}],"wp:attachment":[{"href":"https:\/\/sport.luiss.it\/en\/wp-json\/wp\/v2\/media?parent=6511"}],"wp:term":[{"taxonomy":"category","embeddable":true,"href":"https:\/\/sport.luiss.it\/en\/wp-json\/wp\/v2\/categories?post=6511"},{"taxonomy":"post_tag","embeddable":true,"href":"https:\/\/sport.luiss.it\/en\/wp-json\/wp\/v2\/tags?post=6511"}],"curies":[{"name":"wp","href":"https:\/\/api.w.org\/{rel}","templated":true}]}}