
{"id":6561,"date":"2013-08-10T16:48:42","date_gmt":"2013-08-10T16:48:42","guid":{"rendered":"https:\/\/sport.luiss.it\/?p=6561"},"modified":"2013-08-10T16:48:42","modified_gmt":"2013-08-10T16:48:42","slug":"basket-dnc-il-calendario-dellasd-luiss","status":"publish","type":"post","link":"https:\/\/sport.luiss.it\/en\/2013\/08\/10\/basket-dnc-il-calendario-dellasd-luiss\/","title":{"rendered":"Basket DNC: il calendario dell&#8217;ASD LUISS"},"content":{"rendered":"<p><a href=\"https:\/\/sport.luiss.it\/wp-content\/uploads\/2013\/08\/LNPnew-Copia.jpg\"><img loading=\"lazy\" decoding=\"async\" class=\"alignleft size-full wp-image-6562\" alt=\"LNPnew - Copia\" src=\"https:\/\/sport.luiss.it\/wp-content\/uploads\/2013\/08\/LNPnew-Copia.jpg\" width=\"333\" height=\"120\" \/><\/a>La Federazione Italiana Pallacanestro ha reso noto in data odierna il calendario del girone E del campionato DNC per la stagione sportiva 2013-2014, che vedr\u00e0 protagonista l\u2019ASD LUISS.<\/p>\n<p>L\u2019esordio per la squadra di Max Briscese ci sar\u00e0 il 5 ottobre con l\u2019impegno tra le mura amiche contro la Pirates Cagliari, seguito dalla trasferta proprio nel capoluogo sardo la settimana successiva con la visita all\u2019Olimpia. Inizier\u00e0 poi il 19 ottobre la serie con tutte squadre laziali, ospitando prima la Vis Nova Roma prima di andare a Sora il 27. Il 2 novembre ci sar\u00e0 la sfida interna con la Fortitudo Viterbo poi, nell\u2019ordine, Polselli e compagni andranno a Valmontone, ospiteranno la Petriana e il 24 novembre si recheranno in terra pontina per affrontare la Virtus Aprilia. La settimana successiva l\u2019ASD LUISS ospiter\u00e0 l\u2019esordiente Calasetta e dopo sette giorni giocher\u00e0 contro la quarta squadra sarda del girone: Sassari. Gli universitari il 15 dicembre affronteranno quindi la seconda trasferta consecutiva andando a Cassino, prima di chiudere il 2013 ospitando la Tiber Roma nel derby di fine anno che si giocher\u00e0 al Pala LUISS il 21 dicembre. Dopo la sosta natalizia ci sar\u00e0 l\u2019ultima giornata del girone d\u2019andata con la sfida in casa della Stella Azzurra Viterbo che si disputer\u00e0 il 5 gennaio. Il 12 poi prender\u00e0 il via il girone di ritorno con la sfida a Cagliari contro i padroni di casa della Pirates, e quindi la regular season si chiuder\u00e0 il 12 aprile con la gara interna contro Viterbo. Successivamente ci sar\u00e0 la sosta per le vacanze di Pasqua e subito dopo inizier\u00e0 la roulette dei play-off promozione.<\/p>\n<p><strong>Danila Di Biase<\/strong><\/p>\n","protected":false},"excerpt":{"rendered":"<p>La Federazione Italiana Pallacanestro ha reso noto in data odierna il calendario del girone E del campionato DNC per la stagione sportiva 2013-2014, che vedr\u00e0 protagonista l\u2019ASD LUISS. L\u2019esordio per [&hellip;]<\/p>\n","protected":false},"author":441,"featured_media":6563,"comment_status":"closed","ping_status":"closed","sticky":false,"template":"","format":"standard","meta":{"_monsterinsights_skip_tracking":false,"_monsterinsights_sitenote_active":false,"_monsterinsights_sitenote_note":"","_monsterinsights_sitenote_category":0,"footnotes":""},"categories":[114],"tags":[],"class_list":["post-6561","post","type-post","status-publish","format-standard","has-post-thumbnail","hentry","category-news-basket-c"],"yoast_head":"<!-- This site is optimized with the Yoast SEO plugin v26.5 - https:\/\/yoast.com\/wordpress\/plugins\/seo\/ -->\n<title>Basket DNC: il calendario dell&#039;ASD LUISS - Luiss Sport - Luiss Guido Carli<\/title>\n<meta name=\"robots\" content=\"index, follow, max-snippet:-1, max-image-preview:large, max-video-preview:-1\" \/>\n<link rel=\"canonical\" href=\"https:\/\/sport.luiss.it\/2013\/08\/10\/basket-dnc-il-calendario-dellasd-luiss\/\" \/>\n<meta property=\"og:locale\" content=\"en_US\" \/>\n<meta property=\"og:type\" content=\"article\" \/>\n<meta property=\"og:title\" content=\"Basket DNC: il calendario dell&#039;ASD LUISS - Luiss Sport - Luiss Guido Carli\" \/>\n<meta property=\"og:description\" content=\"La Federazione Italiana Pallacanestro ha reso noto in data odierna il calendario del girone E del campionato DNC per la stagione sportiva 2013-2014, che vedr\u00e0 protagonista l\u2019ASD LUISS. L\u2019esordio per [&hellip;]\" \/>\n<meta property=\"og:url\" content=\"https:\/\/sport.luiss.it\/2013\/08\/10\/basket-dnc-il-calendario-dellasd-luiss\/\" \/>\n<meta property=\"og:site_name\" content=\"Luiss Sport - Luiss Guido Carli\" \/>\n<meta property=\"article:publisher\" content=\"https:\/\/www.facebook.com\/sportluiss\/\" \/>\n<meta property=\"article:published_time\" content=\"2013-08-10T16:48:42+00:00\" \/>\n<meta name=\"twitter:card\" content=\"summary_large_image\" \/>\n<meta name=\"twitter:label1\" content=\"Written by\" \/>\n\t<meta name=\"twitter:data1\" content=\"\" \/>\n\t<meta name=\"twitter:label2\" content=\"Est. reading time\" \/>\n\t<meta name=\"twitter:data2\" content=\"1 minute\" \/>\n<script type=\"application\/ld+json\" class=\"yoast-schema-graph\">{\"@context\":\"https:\/\/schema.org\",\"@graph\":[{\"@type\":\"WebPage\",\"@id\":\"https:\/\/sport.luiss.it\/2013\/08\/10\/basket-dnc-il-calendario-dellasd-luiss\/\",\"url\":\"https:\/\/sport.luiss.it\/2013\/08\/10\/basket-dnc-il-calendario-dellasd-luiss\/\",\"name\":\"Basket DNC: il calendario dell'ASD LUISS - Luiss Sport - Luiss Guido Carli\",\"isPartOf\":{\"@id\":\"https:\/\/sport.luiss.it\/#website\"},\"primaryImageOfPage\":{\"@id\":\"https:\/\/sport.luiss.it\/2013\/08\/10\/basket-dnc-il-calendario-dellasd-luiss\/#primaryimage\"},\"image\":{\"@id\":\"https:\/\/sport.luiss.it\/2013\/08\/10\/basket-dnc-il-calendario-dellasd-luiss\/#primaryimage\"},\"thumbnailUrl\":\"\",\"datePublished\":\"2013-08-10T16:48:42+00:00\",\"author\":{\"@id\":\"\"},\"breadcrumb\":{\"@id\":\"https:\/\/sport.luiss.it\/2013\/08\/10\/basket-dnc-il-calendario-dellasd-luiss\/#breadcrumb\"},\"inLanguage\":\"en-US\",\"potentialAction\":[{\"@type\":\"ReadAction\",\"target\":[\"https:\/\/sport.luiss.it\/2013\/08\/10\/basket-dnc-il-calendario-dellasd-luiss\/\"]}]},{\"@type\":\"ImageObject\",\"inLanguage\":\"en-US\",\"@id\":\"https:\/\/sport.luiss.it\/2013\/08\/10\/basket-dnc-il-calendario-dellasd-luiss\/#primaryimage\",\"url\":\"\",\"contentUrl\":\"\"},{\"@type\":\"BreadcrumbList\",\"@id\":\"https:\/\/sport.luiss.it\/2013\/08\/10\/basket-dnc-il-calendario-dellasd-luiss\/#breadcrumb\",\"itemListElement\":[{\"@type\":\"ListItem\",\"position\":1,\"name\":\"Home\",\"item\":\"https:\/\/sport.luiss.it\/en\/\"},{\"@type\":\"ListItem\",\"position\":2,\"name\":\"Basket DNC: il calendario dell&#8217;ASD LUISS\"}]},{\"@type\":\"WebSite\",\"@id\":\"https:\/\/sport.luiss.it\/#website\",\"url\":\"https:\/\/sport.luiss.it\/\",\"name\":\"Luiss Sport - Luiss Guido Carli\",\"description\":\"Luiss Sport\",\"potentialAction\":[{\"@type\":\"SearchAction\",\"target\":{\"@type\":\"EntryPoint\",\"urlTemplate\":\"https:\/\/sport.luiss.it\/?s={search_term_string}\"},\"query-input\":{\"@type\":\"PropertyValueSpecification\",\"valueRequired\":true,\"valueName\":\"search_term_string\"}}],\"inLanguage\":\"en-US\"},{\"@type\":\"Person\",\"@id\":\"\"}]}<\/script>\n<!-- \/ Yoast SEO plugin. -->","yoast_head_json":{"title":"Basket DNC: il calendario dell'ASD LUISS - Luiss Sport - Luiss Guido Carli","robots":{"index":"index","follow":"follow","max-snippet":"max-snippet:-1","max-image-preview":"max-image-preview:large","max-video-preview":"max-video-preview:-1"},"canonical":"https:\/\/sport.luiss.it\/2013\/08\/10\/basket-dnc-il-calendario-dellasd-luiss\/","og_locale":"en_US","og_type":"article","og_title":"Basket DNC: il calendario dell'ASD LUISS - Luiss Sport - Luiss Guido Carli","og_description":"La Federazione Italiana Pallacanestro ha reso noto in data odierna il calendario del girone E del campionato DNC per la stagione sportiva 2013-2014, che vedr\u00e0 protagonista l\u2019ASD LUISS. L\u2019esordio per [&hellip;]","og_url":"https:\/\/sport.luiss.it\/2013\/08\/10\/basket-dnc-il-calendario-dellasd-luiss\/","og_site_name":"Luiss Sport - Luiss Guido Carli","article_publisher":"https:\/\/www.facebook.com\/sportluiss\/","article_published_time":"2013-08-10T16:48:42+00:00","twitter_card":"summary_large_image","twitter_misc":{"Written by":"","Est. reading time":"1 minute"},"schema":{"@context":"https:\/\/schema.org","@graph":[{"@type":"WebPage","@id":"https:\/\/sport.luiss.it\/2013\/08\/10\/basket-dnc-il-calendario-dellasd-luiss\/","url":"https:\/\/sport.luiss.it\/2013\/08\/10\/basket-dnc-il-calendario-dellasd-luiss\/","name":"Basket DNC: il calendario dell'ASD LUISS - Luiss Sport - Luiss Guido Carli","isPartOf":{"@id":"https:\/\/sport.luiss.it\/#website"},"primaryImageOfPage":{"@id":"https:\/\/sport.luiss.it\/2013\/08\/10\/basket-dnc-il-calendario-dellasd-luiss\/#primaryimage"},"image":{"@id":"https:\/\/sport.luiss.it\/2013\/08\/10\/basket-dnc-il-calendario-dellasd-luiss\/#primaryimage"},"thumbnailUrl":"","datePublished":"2013-08-10T16:48:42+00:00","author":{"@id":""},"breadcrumb":{"@id":"https:\/\/sport.luiss.it\/2013\/08\/10\/basket-dnc-il-calendario-dellasd-luiss\/#breadcrumb"},"inLanguage":"en-US","potentialAction":[{"@type":"ReadAction","target":["https:\/\/sport.luiss.it\/2013\/08\/10\/basket-dnc-il-calendario-dellasd-luiss\/"]}]},{"@type":"ImageObject","inLanguage":"en-US","@id":"https:\/\/sport.luiss.it\/2013\/08\/10\/basket-dnc-il-calendario-dellasd-luiss\/#primaryimage","url":"","contentUrl":""},{"@type":"BreadcrumbList","@id":"https:\/\/sport.luiss.it\/2013\/08\/10\/basket-dnc-il-calendario-dellasd-luiss\/#breadcrumb","itemListElement":[{"@type":"ListItem","position":1,"name":"Home","item":"https:\/\/sport.luiss.it\/en\/"},{"@type":"ListItem","position":2,"name":"Basket DNC: il calendario dell&#8217;ASD LUISS"}]},{"@type":"WebSite","@id":"https:\/\/sport.luiss.it\/#website","url":"https:\/\/sport.luiss.it\/","name":"Luiss Sport - Luiss Guido Carli","description":"Luiss Sport","potentialAction":[{"@type":"SearchAction","target":{"@type":"EntryPoint","urlTemplate":"https:\/\/sport.luiss.it\/?s={search_term_string}"},"query-input":{"@type":"PropertyValueSpecification","valueRequired":true,"valueName":"search_term_string"}}],"inLanguage":"en-US"},{"@type":"Person","@id":""}]}},"_links":{"self":[{"href":"https:\/\/sport.luiss.it\/en\/wp-json\/wp\/v2\/posts\/6561","targetHints":{"allow":["GET"]}}],"collection":[{"href":"https:\/\/sport.luiss.it\/en\/wp-json\/wp\/v2\/posts"}],"about":[{"href":"https:\/\/sport.luiss.it\/en\/wp-json\/wp\/v2\/types\/post"}],"author":[{"embeddable":true,"href":"https:\/\/sport.luiss.it\/en\/wp-json\/wp\/v2\/users\/441"}],"replies":[{"embeddable":true,"href":"https:\/\/sport.luiss.it\/en\/wp-json\/wp\/v2\/comments?post=6561"}],"version-history":[{"count":0,"href":"https:\/\/sport.luiss.it\/en\/wp-json\/wp\/v2\/posts\/6561\/revisions"}],"wp:featuredmedia":[{"embeddable":true,"href":"https:\/\/sport.luiss.it\/en\/wp-json\/"}],"wp:attachment":[{"href":"https:\/\/sport.luiss.it\/en\/wp-json\/wp\/v2\/media?parent=6561"}],"wp:term":[{"taxonomy":"category","embeddable":true,"href":"https:\/\/sport.luiss.it\/en\/wp-json\/wp\/v2\/categories?post=6561"},{"taxonomy":"post_tag","embeddable":true,"href":"https:\/\/sport.luiss.it\/en\/wp-json\/wp\/v2\/tags?post=6561"}],"curies":[{"name":"wp","href":"https:\/\/api.w.org\/{rel}","templated":true}]}}