
{"id":6707,"date":"2013-10-11T09:36:16","date_gmt":"2013-10-11T09:36:16","guid":{"rendered":"https:\/\/sport.luiss.it\/?p=6707"},"modified":"2013-10-11T09:36:16","modified_gmt":"2013-10-11T09:36:16","slug":"basket-prima-trasferta-stagionale-per-la-luiss","status":"publish","type":"post","link":"https:\/\/sport.luiss.it\/en\/2013\/10\/11\/basket-prima-trasferta-stagionale-per-la-luiss\/","title":{"rendered":"Basket: prima trasferta stagionale per la LUISS"},"content":{"rendered":"<p><a href=\"https:\/\/sport.luiss.it\/wp-content\/uploads\/2013\/10\/RubenPolselli.jpg\"><img loading=\"lazy\" decoding=\"async\" class=\"alignleft size-full wp-image-6708\" alt=\"RubenPolselli\" src=\"https:\/\/sport.luiss.it\/wp-content\/uploads\/2013\/10\/RubenPolselli.jpg\" width=\"250\" height=\"375\" \/><\/a>Dopo il largo successo ottenuto all\u2019esordio stagionale contro la Pirates Cagliari (95-60) \u00e8 tempo di affrontare la prima trasferta per l\u2019ASD LUISS militante nel girone E del campionato DNC. La squadra allenata da Max Briscese, infatti, domenica 13 ottobre voler\u00e0 in Sardegna per affrontare i padroni di casa del <strong>Sant\u2019Orsola Sassari<\/strong> alle 15.30.<\/p>\n<p>Un match delicato per gli universitari che affronteranno i sardi dopo la loro prima sconfitta rimediata nel derby contro l\u2019Olimpia Cagliari per 70-63. La squadra di Carlini vorr\u00e0 quindi riscattare subito lo stop della prima giornata di campionato, e per farlo dovr\u00e0 battere l\u2019ASD LUISS, desiderosa dal canto suo di bissare il successo del primo turno e vincere quindi la prima gara lontana dal Pala LUISS. Capitan Polselli e compagni dovranno vedersela con una formazione che ha in Desole e Brembilla i suoi punti di riferimento, seguiti da Pilo, Cordedda e dagli altri giovani che compongono il roster sardo.<\/p>\n<p><strong>Coach Briscese<\/strong> esprime le sue considerazioni dopo la prima settimana dall\u2019inizio del campionato: \u201c<em>Mi fanno sinceramente sorridere le opinioni sull\u2019esito del nostro campionato quando questo non \u00e8 praticamente ancora iniziato, visto che ci siamo appena lasciati alle spalle solo la prima giornata. Nel basket, ma nello sport in generale, non si pu\u00f2 mai dare per scontato l\u2019esito di una stagione, anche perch\u00e9 penso che tutto quanto vada conquistato con il lavoro, con la preparazione, e soprattutto con la costanza e l\u2019impegno negli allenamenti, che sono la benzina che poi d\u00e0 quell\u2019energia che ti pu\u00f2 permettere di esprimere le tue potenzialit\u00e0. Credo fortemente che le cose vadano dimostrate sul campo e che non ci sono risultati acquisiti solo in base alle carriere passate, anche perch\u00e9 ci siamo sicuramente arricchiti di giocatori e soprattutto di persone importanti, ma da qui a pensare che sar\u00e0 un cammino facile e privo di insidie, ci passa davvero il mare. Nessuno ci regaler\u00e0 niente, quindi noi dobbiamo solo lavorare quotidianamente, cercando di fare le cose al meglio perch\u00e9 \u00e8 proprio il meglio che vogliamo provare ad ottenere, ma se ci saremo riusciti lo sapremo solo alla fine di questa lunga stagione e non ad ottobre.\u201d<\/em><\/p>\n<p>\u00c8 poi <strong>Ruben Polselli<\/strong>, Capitano alla sua quarta stagione in maglia biancoblu, a suonare la carica in vista della prima trasferta stagionale: \u201c<em>Dopo la bella prova in casa nostra della scorsa domenica, dove abbiamo fatto vedere quali possono essere le nostre potenzialit\u00e0 anche se non ci siamo espressi ancora ai massimi livelli, affrontiamo una gara insidiosa, perch\u00e9 \u00e8 la prima partita in casa per Sassari e sono certo che vorranno riscattare subito la sconfitta con Cagliari. Affrontiamo una buona squadra che in casa gioca sempre molto bene e non dimentichiamo che nel loro roster possono vantare la presenza di Brembilla che conosciamo bene e che \u00e8 un giocatore super. Dovremmo essere quindi concentrati<\/em> \u2013 continua il pivot luissino \u2013 <em>per questa partita perch\u00e9 vincere in quel campo sarebbe un buon segnale per lo spogliatoio e per il campionato stesso. Siamo soddisfatti del lavoro fatto in settimana, la squadra con il passare del tempo si sta compattando sia dentro che fuori dal campo, e questi sono lati positivi che fanno ben sperare, per questo andiamo in Sardegna fiduciosi e pronti a far bene anche al Pala Serradimigni.\u201d<\/em><\/p>\n<p>Il match tra Sant\u2019Orsola Sassari e ASD LUISS Roma andr\u00e0 in scena<strong> domenica 13 alle 15.30 presso il Pala Serradimigni di Sassari<\/strong> dove ad arbitrare sono chiamati i Signori Simone Farneti di Quartu Sant\u2019Elena (CA) e Riccardo Basso di Elmas (CA).<\/p>\n<p><strong>Danila Di Biase<\/strong><br \/>\n<strong>ASD LUISS<\/strong><\/p>\n","protected":false},"excerpt":{"rendered":"<p>Dopo il largo successo ottenuto all\u2019esordio stagionale contro la Pirates Cagliari (95-60) \u00e8 tempo di affrontare la prima trasferta per l\u2019ASD LUISS militante nel girone E del campionato DNC. La [&hellip;]<\/p>\n","protected":false},"author":441,"featured_media":6708,"comment_status":"closed","ping_status":"closed","sticky":false,"template":"","format":"standard","meta":{"_monsterinsights_skip_tracking":false,"_monsterinsights_sitenote_active":false,"_monsterinsights_sitenote_note":"","_monsterinsights_sitenote_category":0,"footnotes":""},"categories":[114],"tags":[],"class_list":["post-6707","post","type-post","status-publish","format-standard","has-post-thumbnail","hentry","category-news-basket-c"],"yoast_head":"<!-- This site is optimized with the Yoast SEO plugin v26.5 - https:\/\/yoast.com\/wordpress\/plugins\/seo\/ -->\n<title>Basket: prima trasferta stagionale per la LUISS - Luiss Sport - Luiss Guido Carli<\/title>\n<meta name=\"robots\" content=\"index, follow, max-snippet:-1, max-image-preview:large, max-video-preview:-1\" \/>\n<link rel=\"canonical\" href=\"https:\/\/sport.luiss.it\/2013\/10\/11\/basket-prima-trasferta-stagionale-per-la-luiss\/\" \/>\n<meta property=\"og:locale\" content=\"en_US\" \/>\n<meta property=\"og:type\" content=\"article\" \/>\n<meta property=\"og:title\" content=\"Basket: prima trasferta stagionale per la LUISS - Luiss Sport - Luiss Guido Carli\" \/>\n<meta property=\"og:description\" content=\"Dopo il largo successo ottenuto all\u2019esordio stagionale contro la Pirates Cagliari (95-60) \u00e8 tempo di affrontare la prima trasferta per l\u2019ASD LUISS militante nel girone E del campionato DNC. La [&hellip;]\" \/>\n<meta property=\"og:url\" content=\"https:\/\/sport.luiss.it\/2013\/10\/11\/basket-prima-trasferta-stagionale-per-la-luiss\/\" \/>\n<meta property=\"og:site_name\" content=\"Luiss Sport - Luiss Guido Carli\" \/>\n<meta property=\"article:publisher\" content=\"https:\/\/www.facebook.com\/sportluiss\/\" \/>\n<meta property=\"article:published_time\" content=\"2013-10-11T09:36:16+00:00\" \/>\n<meta name=\"twitter:card\" content=\"summary_large_image\" \/>\n<meta name=\"twitter:label1\" content=\"Written by\" \/>\n\t<meta name=\"twitter:data1\" content=\"\" \/>\n\t<meta name=\"twitter:label2\" content=\"Est. reading time\" \/>\n\t<meta name=\"twitter:data2\" content=\"3 minutes\" \/>\n<script type=\"application\/ld+json\" class=\"yoast-schema-graph\">{\"@context\":\"https:\/\/schema.org\",\"@graph\":[{\"@type\":\"WebPage\",\"@id\":\"https:\/\/sport.luiss.it\/2013\/10\/11\/basket-prima-trasferta-stagionale-per-la-luiss\/\",\"url\":\"https:\/\/sport.luiss.it\/2013\/10\/11\/basket-prima-trasferta-stagionale-per-la-luiss\/\",\"name\":\"Basket: prima trasferta stagionale per la LUISS - Luiss Sport - Luiss Guido Carli\",\"isPartOf\":{\"@id\":\"https:\/\/sport.luiss.it\/#website\"},\"primaryImageOfPage\":{\"@id\":\"https:\/\/sport.luiss.it\/2013\/10\/11\/basket-prima-trasferta-stagionale-per-la-luiss\/#primaryimage\"},\"image\":{\"@id\":\"https:\/\/sport.luiss.it\/2013\/10\/11\/basket-prima-trasferta-stagionale-per-la-luiss\/#primaryimage\"},\"thumbnailUrl\":\"\",\"datePublished\":\"2013-10-11T09:36:16+00:00\",\"author\":{\"@id\":\"\"},\"breadcrumb\":{\"@id\":\"https:\/\/sport.luiss.it\/2013\/10\/11\/basket-prima-trasferta-stagionale-per-la-luiss\/#breadcrumb\"},\"inLanguage\":\"en-US\",\"potentialAction\":[{\"@type\":\"ReadAction\",\"target\":[\"https:\/\/sport.luiss.it\/2013\/10\/11\/basket-prima-trasferta-stagionale-per-la-luiss\/\"]}]},{\"@type\":\"ImageObject\",\"inLanguage\":\"en-US\",\"@id\":\"https:\/\/sport.luiss.it\/2013\/10\/11\/basket-prima-trasferta-stagionale-per-la-luiss\/#primaryimage\",\"url\":\"\",\"contentUrl\":\"\"},{\"@type\":\"BreadcrumbList\",\"@id\":\"https:\/\/sport.luiss.it\/2013\/10\/11\/basket-prima-trasferta-stagionale-per-la-luiss\/#breadcrumb\",\"itemListElement\":[{\"@type\":\"ListItem\",\"position\":1,\"name\":\"Home\",\"item\":\"https:\/\/sport.luiss.it\/en\/\"},{\"@type\":\"ListItem\",\"position\":2,\"name\":\"Basket: prima trasferta stagionale per la LUISS\"}]},{\"@type\":\"WebSite\",\"@id\":\"https:\/\/sport.luiss.it\/#website\",\"url\":\"https:\/\/sport.luiss.it\/\",\"name\":\"Luiss Sport - Luiss Guido Carli\",\"description\":\"Luiss Sport\",\"potentialAction\":[{\"@type\":\"SearchAction\",\"target\":{\"@type\":\"EntryPoint\",\"urlTemplate\":\"https:\/\/sport.luiss.it\/?s={search_term_string}\"},\"query-input\":{\"@type\":\"PropertyValueSpecification\",\"valueRequired\":true,\"valueName\":\"search_term_string\"}}],\"inLanguage\":\"en-US\"},{\"@type\":\"Person\",\"@id\":\"\"}]}<\/script>\n<!-- \/ Yoast SEO plugin. -->","yoast_head_json":{"title":"Basket: prima trasferta stagionale per la LUISS - Luiss Sport - Luiss Guido Carli","robots":{"index":"index","follow":"follow","max-snippet":"max-snippet:-1","max-image-preview":"max-image-preview:large","max-video-preview":"max-video-preview:-1"},"canonical":"https:\/\/sport.luiss.it\/2013\/10\/11\/basket-prima-trasferta-stagionale-per-la-luiss\/","og_locale":"en_US","og_type":"article","og_title":"Basket: prima trasferta stagionale per la LUISS - Luiss Sport - Luiss Guido Carli","og_description":"Dopo il largo successo ottenuto all\u2019esordio stagionale contro la Pirates Cagliari (95-60) \u00e8 tempo di affrontare la prima trasferta per l\u2019ASD LUISS militante nel girone E del campionato DNC. La [&hellip;]","og_url":"https:\/\/sport.luiss.it\/2013\/10\/11\/basket-prima-trasferta-stagionale-per-la-luiss\/","og_site_name":"Luiss Sport - Luiss Guido Carli","article_publisher":"https:\/\/www.facebook.com\/sportluiss\/","article_published_time":"2013-10-11T09:36:16+00:00","twitter_card":"summary_large_image","twitter_misc":{"Written by":"","Est. reading time":"3 minutes"},"schema":{"@context":"https:\/\/schema.org","@graph":[{"@type":"WebPage","@id":"https:\/\/sport.luiss.it\/2013\/10\/11\/basket-prima-trasferta-stagionale-per-la-luiss\/","url":"https:\/\/sport.luiss.it\/2013\/10\/11\/basket-prima-trasferta-stagionale-per-la-luiss\/","name":"Basket: prima trasferta stagionale per la LUISS - Luiss Sport - Luiss Guido Carli","isPartOf":{"@id":"https:\/\/sport.luiss.it\/#website"},"primaryImageOfPage":{"@id":"https:\/\/sport.luiss.it\/2013\/10\/11\/basket-prima-trasferta-stagionale-per-la-luiss\/#primaryimage"},"image":{"@id":"https:\/\/sport.luiss.it\/2013\/10\/11\/basket-prima-trasferta-stagionale-per-la-luiss\/#primaryimage"},"thumbnailUrl":"","datePublished":"2013-10-11T09:36:16+00:00","author":{"@id":""},"breadcrumb":{"@id":"https:\/\/sport.luiss.it\/2013\/10\/11\/basket-prima-trasferta-stagionale-per-la-luiss\/#breadcrumb"},"inLanguage":"en-US","potentialAction":[{"@type":"ReadAction","target":["https:\/\/sport.luiss.it\/2013\/10\/11\/basket-prima-trasferta-stagionale-per-la-luiss\/"]}]},{"@type":"ImageObject","inLanguage":"en-US","@id":"https:\/\/sport.luiss.it\/2013\/10\/11\/basket-prima-trasferta-stagionale-per-la-luiss\/#primaryimage","url":"","contentUrl":""},{"@type":"BreadcrumbList","@id":"https:\/\/sport.luiss.it\/2013\/10\/11\/basket-prima-trasferta-stagionale-per-la-luiss\/#breadcrumb","itemListElement":[{"@type":"ListItem","position":1,"name":"Home","item":"https:\/\/sport.luiss.it\/en\/"},{"@type":"ListItem","position":2,"name":"Basket: prima trasferta stagionale per la LUISS"}]},{"@type":"WebSite","@id":"https:\/\/sport.luiss.it\/#website","url":"https:\/\/sport.luiss.it\/","name":"Luiss Sport - Luiss Guido Carli","description":"Luiss Sport","potentialAction":[{"@type":"SearchAction","target":{"@type":"EntryPoint","urlTemplate":"https:\/\/sport.luiss.it\/?s={search_term_string}"},"query-input":{"@type":"PropertyValueSpecification","valueRequired":true,"valueName":"search_term_string"}}],"inLanguage":"en-US"},{"@type":"Person","@id":""}]}},"_links":{"self":[{"href":"https:\/\/sport.luiss.it\/en\/wp-json\/wp\/v2\/posts\/6707","targetHints":{"allow":["GET"]}}],"collection":[{"href":"https:\/\/sport.luiss.it\/en\/wp-json\/wp\/v2\/posts"}],"about":[{"href":"https:\/\/sport.luiss.it\/en\/wp-json\/wp\/v2\/types\/post"}],"author":[{"embeddable":true,"href":"https:\/\/sport.luiss.it\/en\/wp-json\/wp\/v2\/users\/441"}],"replies":[{"embeddable":true,"href":"https:\/\/sport.luiss.it\/en\/wp-json\/wp\/v2\/comments?post=6707"}],"version-history":[{"count":0,"href":"https:\/\/sport.luiss.it\/en\/wp-json\/wp\/v2\/posts\/6707\/revisions"}],"wp:featuredmedia":[{"embeddable":true,"href":"https:\/\/sport.luiss.it\/en\/wp-json\/"}],"wp:attachment":[{"href":"https:\/\/sport.luiss.it\/en\/wp-json\/wp\/v2\/media?parent=6707"}],"wp:term":[{"taxonomy":"category","embeddable":true,"href":"https:\/\/sport.luiss.it\/en\/wp-json\/wp\/v2\/categories?post=6707"},{"taxonomy":"post_tag","embeddable":true,"href":"https:\/\/sport.luiss.it\/en\/wp-json\/wp\/v2\/tags?post=6707"}],"curies":[{"name":"wp","href":"https:\/\/api.w.org\/{rel}","templated":true}]}}