
{"id":6753,"date":"2013-10-25T10:22:00","date_gmt":"2013-10-25T10:22:00","guid":{"rendered":"https:\/\/sport.luiss.it\/?p=6753"},"modified":"2013-10-25T10:22:00","modified_gmt":"2013-10-25T10:22:00","slug":"basket-la-luiss-in-trasferta-a-sora","status":"publish","type":"post","link":"https:\/\/sport.luiss.it\/en\/2013\/10\/25\/basket-la-luiss-in-trasferta-a-sora\/","title":{"rendered":"Basket: la LUISS in trasferta a Sora"},"content":{"rendered":"<p><a href=\"https:\/\/sport.luiss.it\/wp-content\/uploads\/2013\/10\/GiulioDiFabio.jpg\"><img loading=\"lazy\" decoding=\"async\" class=\"alignleft size-full wp-image-6754\" alt=\"GiulioDiFabio\" src=\"https:\/\/sport.luiss.it\/wp-content\/uploads\/2013\/10\/GiulioDiFabio.jpg\" width=\"350\" height=\"454\" \/><\/a>Dopo il successo ottenuto tra le mura amiche nel derby contro la Vis Nova Roma, \u00e8 di nuovo tempo di trasferta per l\u2019ASD LUISS di basket militante in DNC, che domenica 27 ottobre alle 18 render\u00e0 visita alla <strong>Pallacanestro Sora<\/strong> per la quarta giornata di campionato.<\/p>\n<p>Un match importante quello che affronteranno Polselli e compagni, desiderosi di continuare la loro striscia di vittorie, ma consapevoli che per farlo dovranno dare il 101% contro un avversario che nonostante l\u2019unica vittoria nei primi tre turni stagionali, pu\u00f2 vantare giocatori di tutto rispetto, come Stefano Laudoni, De Santis e Porta che sono i punti di riferimento della truppa guidata da Maglio. La LUISS, per\u00f2, ha tutte le intenzioni di vincere la quarta gara consecutiva, con la certezza che espugnare il Palazzetto Aldo Di Poce non sar\u00e0 facile, e servir\u00e0 quindi una gara di attenzione e cura dei dettagli, come dichiara <strong>Coach Max Briscese<\/strong>: \u201c<em>Come tutte le trasferte, quella di domenica sar\u00e0 una gara insidiosa anche perch\u00e9 mi dicono, visto che non ci sono mai stato, che sia un campo particolarmente ostico e questo render\u00e0 ancora pi\u00f9 difficile il nostro lavoro. Noi stiamo gestendo ogni partita come se fosse un esame e, per restare in una metafora che ci contraddistingue, dovremmo studiare tanto e bene per conseguire poi la Laurea finale. Comunque affrontiamo una squadra che ha in Laudoni e Porta i suoi giocatori di maggior talento e pericolosit\u00e0, con Stefano che conosco sin dalle giovanili e di cui apprezzo le qualit\u00e0 tecniche e caratteriali, quindi dovremmo giocare davvero con grande attenzione anche perch\u00e9 sono certo che loro vogliano riscattare la sconfitta dell\u2019ultimo turno. Questa settimana<\/em> \u2013 continua l\u2019allenatore capitolino \u2013 <em>ci siamo allenati un po\u2019 a singhiozzo, stiamo cercando di recuperare i vari infortunati, ma posso ritenermi comunque abbastanza soddisfatto del lavoro fatto. Quella di domenica sar\u00e0 un\u2019altra prova di maturit\u00e0 per noi, perch\u00e9 sar\u00e0 un match contro una squadra rognosa e per questo servir\u00e0 scendere in campo con la giusta concentrazione se vogliamo continuare il cammino sinora intrapreso.\u201d<\/em><\/p>\n<p>Anche <strong>Giulio Di Fabio<\/strong>, guardia luissina che ha iniziato nel migliore dei modi la stagione mettendo a segno 54 punti nelle prime tre giornate, parla alla vigilia del match in terra ciociara: <em>\u201cNonostante la situazione in classifica di Sora, che ha ottenuto una sola vittoria in queste prime tre giornate, sappiamo che hanno giocatori di gran valore e che, come spesso succede in questa categoria, sar\u00e0 fondamentale per loro tenere durante l\u2019anno il fattore campo, quindi andiamo in casa loro con la certezza che sar\u00e0 una grande battaglia dal punto di vista sportivo. Per quanto ci riguarda, credo che non possiamo nascondere le nostre aspettative, perch\u00e9 siamo consapevoli della nostra forza ma dobbiamo lavorare duramente perch\u00e9 non bisogner\u00e0 mai abbassare la guardia se vogliamo ottenere grandi risultati. Noi che eravamo qui anche lo scorso anno abbiamo ancora il dente avvelenato per l\u2019uscita in gara-2 dei quarti di finale contro Viterbo e questo ci d\u00e0 ancora di pi\u00f9 la voglia di far bene e allo stesso tempo la certezza che solo restando concentrati per tutti i 10 mesi della stagione potremo toglierci grandi soddisfazioni, anche perch\u00e9 oggettivamente le parole lasciano il tempo che trovano e quello che conta \u00e8 solo ci\u00f2 che facciamo e faremo sul parquet settimana dopo settimana.\u201d<\/em><\/p>\n<p>Il match tra Pallacanestro Sora e ASD LUISS andr\u00e0 in scena <strong>domenica 27 ottobre alle 18 al Campo Di Poce di via Sferracavallo di Sora (FR<\/strong>).<\/p>\n<p><strong>Danila Di Biase<\/strong><br \/>\n<strong>ASD LUISS<\/strong><\/p>\n","protected":false},"excerpt":{"rendered":"<p>Dopo il successo ottenuto tra le mura amiche nel derby contro la Vis Nova Roma, \u00e8 di nuovo tempo di trasferta per l\u2019ASD LUISS di basket militante in DNC, che [&hellip;]<\/p>\n","protected":false},"author":441,"featured_media":0,"comment_status":"closed","ping_status":"closed","sticky":false,"template":"","format":"standard","meta":{"_monsterinsights_skip_tracking":false,"_monsterinsights_sitenote_active":false,"_monsterinsights_sitenote_note":"","_monsterinsights_sitenote_category":0,"footnotes":""},"categories":[114],"tags":[],"class_list":["post-6753","post","type-post","status-publish","format-standard","hentry","category-news-basket-c"],"yoast_head":"<!-- This site is optimized with the Yoast SEO plugin v26.5 - https:\/\/yoast.com\/wordpress\/plugins\/seo\/ -->\n<title>Basket: la LUISS in trasferta a Sora - Luiss Sport - Luiss Guido Carli<\/title>\n<meta name=\"robots\" content=\"index, follow, max-snippet:-1, max-image-preview:large, max-video-preview:-1\" \/>\n<link rel=\"canonical\" href=\"https:\/\/sport.luiss.it\/2013\/10\/25\/basket-la-luiss-in-trasferta-a-sora\/\" \/>\n<meta property=\"og:locale\" content=\"en_US\" \/>\n<meta property=\"og:type\" content=\"article\" \/>\n<meta property=\"og:title\" content=\"Basket: la LUISS in trasferta a Sora - Luiss Sport - Luiss Guido Carli\" \/>\n<meta property=\"og:description\" content=\"Dopo il successo ottenuto tra le mura amiche nel derby contro la Vis Nova Roma, \u00e8 di nuovo tempo di trasferta per l\u2019ASD LUISS di basket militante in DNC, che [&hellip;]\" \/>\n<meta property=\"og:url\" content=\"https:\/\/sport.luiss.it\/2013\/10\/25\/basket-la-luiss-in-trasferta-a-sora\/\" \/>\n<meta property=\"og:site_name\" content=\"Luiss Sport - Luiss Guido Carli\" \/>\n<meta property=\"article:publisher\" content=\"https:\/\/www.facebook.com\/sportluiss\/\" \/>\n<meta property=\"article:published_time\" content=\"2013-10-25T10:22:00+00:00\" \/>\n<meta name=\"twitter:card\" content=\"summary_large_image\" \/>\n<meta name=\"twitter:label1\" content=\"Written by\" \/>\n\t<meta name=\"twitter:data1\" content=\"\" \/>\n\t<meta name=\"twitter:label2\" content=\"Est. reading time\" \/>\n\t<meta name=\"twitter:data2\" content=\"3 minutes\" \/>\n<script type=\"application\/ld+json\" class=\"yoast-schema-graph\">{\"@context\":\"https:\/\/schema.org\",\"@graph\":[{\"@type\":\"WebPage\",\"@id\":\"https:\/\/sport.luiss.it\/2013\/10\/25\/basket-la-luiss-in-trasferta-a-sora\/\",\"url\":\"https:\/\/sport.luiss.it\/2013\/10\/25\/basket-la-luiss-in-trasferta-a-sora\/\",\"name\":\"Basket: la LUISS in trasferta a Sora - Luiss Sport - Luiss Guido Carli\",\"isPartOf\":{\"@id\":\"https:\/\/sport.luiss.it\/#website\"},\"primaryImageOfPage\":{\"@id\":\"https:\/\/sport.luiss.it\/2013\/10\/25\/basket-la-luiss-in-trasferta-a-sora\/#primaryimage\"},\"image\":{\"@id\":\"https:\/\/sport.luiss.it\/2013\/10\/25\/basket-la-luiss-in-trasferta-a-sora\/#primaryimage\"},\"thumbnailUrl\":\"https:\/\/sport.luiss.it\/wp-content\/uploads\/2013\/10\/GiulioDiFabio.jpg\",\"datePublished\":\"2013-10-25T10:22:00+00:00\",\"author\":{\"@id\":\"\"},\"breadcrumb\":{\"@id\":\"https:\/\/sport.luiss.it\/2013\/10\/25\/basket-la-luiss-in-trasferta-a-sora\/#breadcrumb\"},\"inLanguage\":\"en-US\",\"potentialAction\":[{\"@type\":\"ReadAction\",\"target\":[\"https:\/\/sport.luiss.it\/2013\/10\/25\/basket-la-luiss-in-trasferta-a-sora\/\"]}]},{\"@type\":\"ImageObject\",\"inLanguage\":\"en-US\",\"@id\":\"https:\/\/sport.luiss.it\/2013\/10\/25\/basket-la-luiss-in-trasferta-a-sora\/#primaryimage\",\"url\":\"https:\/\/sport.luiss.it\/wp-content\/uploads\/2013\/10\/GiulioDiFabio.jpg\",\"contentUrl\":\"https:\/\/sport.luiss.it\/wp-content\/uploads\/2013\/10\/GiulioDiFabio.jpg\"},{\"@type\":\"BreadcrumbList\",\"@id\":\"https:\/\/sport.luiss.it\/2013\/10\/25\/basket-la-luiss-in-trasferta-a-sora\/#breadcrumb\",\"itemListElement\":[{\"@type\":\"ListItem\",\"position\":1,\"name\":\"Home\",\"item\":\"https:\/\/sport.luiss.it\/en\/\"},{\"@type\":\"ListItem\",\"position\":2,\"name\":\"Basket: la LUISS in trasferta a Sora\"}]},{\"@type\":\"WebSite\",\"@id\":\"https:\/\/sport.luiss.it\/#website\",\"url\":\"https:\/\/sport.luiss.it\/\",\"name\":\"Luiss Sport - Luiss Guido Carli\",\"description\":\"Luiss Sport\",\"potentialAction\":[{\"@type\":\"SearchAction\",\"target\":{\"@type\":\"EntryPoint\",\"urlTemplate\":\"https:\/\/sport.luiss.it\/?s={search_term_string}\"},\"query-input\":{\"@type\":\"PropertyValueSpecification\",\"valueRequired\":true,\"valueName\":\"search_term_string\"}}],\"inLanguage\":\"en-US\"},{\"@type\":\"Person\",\"@id\":\"\"}]}<\/script>\n<!-- \/ Yoast SEO plugin. -->","yoast_head_json":{"title":"Basket: la LUISS in trasferta a Sora - Luiss Sport - Luiss Guido Carli","robots":{"index":"index","follow":"follow","max-snippet":"max-snippet:-1","max-image-preview":"max-image-preview:large","max-video-preview":"max-video-preview:-1"},"canonical":"https:\/\/sport.luiss.it\/2013\/10\/25\/basket-la-luiss-in-trasferta-a-sora\/","og_locale":"en_US","og_type":"article","og_title":"Basket: la LUISS in trasferta a Sora - Luiss Sport - Luiss Guido Carli","og_description":"Dopo il successo ottenuto tra le mura amiche nel derby contro la Vis Nova Roma, \u00e8 di nuovo tempo di trasferta per l\u2019ASD LUISS di basket militante in DNC, che [&hellip;]","og_url":"https:\/\/sport.luiss.it\/2013\/10\/25\/basket-la-luiss-in-trasferta-a-sora\/","og_site_name":"Luiss Sport - Luiss Guido Carli","article_publisher":"https:\/\/www.facebook.com\/sportluiss\/","article_published_time":"2013-10-25T10:22:00+00:00","twitter_card":"summary_large_image","twitter_misc":{"Written by":"","Est. reading time":"3 minutes"},"schema":{"@context":"https:\/\/schema.org","@graph":[{"@type":"WebPage","@id":"https:\/\/sport.luiss.it\/2013\/10\/25\/basket-la-luiss-in-trasferta-a-sora\/","url":"https:\/\/sport.luiss.it\/2013\/10\/25\/basket-la-luiss-in-trasferta-a-sora\/","name":"Basket: la LUISS in trasferta a Sora - Luiss Sport - Luiss Guido Carli","isPartOf":{"@id":"https:\/\/sport.luiss.it\/#website"},"primaryImageOfPage":{"@id":"https:\/\/sport.luiss.it\/2013\/10\/25\/basket-la-luiss-in-trasferta-a-sora\/#primaryimage"},"image":{"@id":"https:\/\/sport.luiss.it\/2013\/10\/25\/basket-la-luiss-in-trasferta-a-sora\/#primaryimage"},"thumbnailUrl":"https:\/\/sport.luiss.it\/wp-content\/uploads\/2013\/10\/GiulioDiFabio.jpg","datePublished":"2013-10-25T10:22:00+00:00","author":{"@id":""},"breadcrumb":{"@id":"https:\/\/sport.luiss.it\/2013\/10\/25\/basket-la-luiss-in-trasferta-a-sora\/#breadcrumb"},"inLanguage":"en-US","potentialAction":[{"@type":"ReadAction","target":["https:\/\/sport.luiss.it\/2013\/10\/25\/basket-la-luiss-in-trasferta-a-sora\/"]}]},{"@type":"ImageObject","inLanguage":"en-US","@id":"https:\/\/sport.luiss.it\/2013\/10\/25\/basket-la-luiss-in-trasferta-a-sora\/#primaryimage","url":"https:\/\/sport.luiss.it\/wp-content\/uploads\/2013\/10\/GiulioDiFabio.jpg","contentUrl":"https:\/\/sport.luiss.it\/wp-content\/uploads\/2013\/10\/GiulioDiFabio.jpg"},{"@type":"BreadcrumbList","@id":"https:\/\/sport.luiss.it\/2013\/10\/25\/basket-la-luiss-in-trasferta-a-sora\/#breadcrumb","itemListElement":[{"@type":"ListItem","position":1,"name":"Home","item":"https:\/\/sport.luiss.it\/en\/"},{"@type":"ListItem","position":2,"name":"Basket: la LUISS in trasferta a Sora"}]},{"@type":"WebSite","@id":"https:\/\/sport.luiss.it\/#website","url":"https:\/\/sport.luiss.it\/","name":"Luiss Sport - Luiss Guido Carli","description":"Luiss Sport","potentialAction":[{"@type":"SearchAction","target":{"@type":"EntryPoint","urlTemplate":"https:\/\/sport.luiss.it\/?s={search_term_string}"},"query-input":{"@type":"PropertyValueSpecification","valueRequired":true,"valueName":"search_term_string"}}],"inLanguage":"en-US"},{"@type":"Person","@id":""}]}},"_links":{"self":[{"href":"https:\/\/sport.luiss.it\/en\/wp-json\/wp\/v2\/posts\/6753","targetHints":{"allow":["GET"]}}],"collection":[{"href":"https:\/\/sport.luiss.it\/en\/wp-json\/wp\/v2\/posts"}],"about":[{"href":"https:\/\/sport.luiss.it\/en\/wp-json\/wp\/v2\/types\/post"}],"author":[{"embeddable":true,"href":"https:\/\/sport.luiss.it\/en\/wp-json\/wp\/v2\/users\/441"}],"replies":[{"embeddable":true,"href":"https:\/\/sport.luiss.it\/en\/wp-json\/wp\/v2\/comments?post=6753"}],"version-history":[{"count":0,"href":"https:\/\/sport.luiss.it\/en\/wp-json\/wp\/v2\/posts\/6753\/revisions"}],"wp:attachment":[{"href":"https:\/\/sport.luiss.it\/en\/wp-json\/wp\/v2\/media?parent=6753"}],"wp:term":[{"taxonomy":"category","embeddable":true,"href":"https:\/\/sport.luiss.it\/en\/wp-json\/wp\/v2\/categories?post=6753"},{"taxonomy":"post_tag","embeddable":true,"href":"https:\/\/sport.luiss.it\/en\/wp-json\/wp\/v2\/tags?post=6753"}],"curies":[{"name":"wp","href":"https:\/\/api.w.org\/{rel}","templated":true}]}}