
{"id":6794,"date":"2013-10-31T22:27:10","date_gmt":"2013-10-31T22:27:10","guid":{"rendered":"https:\/\/sport.luiss.it\/?p=6794"},"modified":"2013-10-31T22:27:10","modified_gmt":"2013-10-31T22:27:10","slug":"basket-la-luiss-ospita-viterbo","status":"publish","type":"post","link":"https:\/\/sport.luiss.it\/en\/2013\/10\/31\/basket-la-luiss-ospita-viterbo\/","title":{"rendered":"Basket: la LUISS ospita Viterbo"},"content":{"rendered":"<p><a href=\"https:\/\/sport.luiss.it\/wp-content\/uploads\/2013\/04\/Ruben-Polselli.jpg\"><img loading=\"lazy\" decoding=\"async\" class=\"alignleft size-full wp-image-6196\" alt=\"Ruben Polselli\" src=\"https:\/\/sport.luiss.it\/wp-content\/uploads\/2013\/04\/Ruben-Polselli.jpg\" width=\"300\" height=\"428\" \/><\/a>\u00c8 tutto pronto per il 5\u00b0 turno del campionato DNC di basket che sabato 2 novembre alle 18 vedr\u00e0 scendere in campo, al PalaLUISS, l\u2019ASD LUISS contro la <strong>Fortitudo Viterbo<\/strong>.<\/p>\n<p>Il match vedr\u00e0 opposte due formazioni che in questo primo scorcio di stagione hanno fatto un cammino quasi diametralmente opposto, con gli universitari che hanno vinto tutte le 4 gare giocate sinora, mentre i viterbesi sono riusciti ad ottenere due punti solo in occasione del secondo turno che ha segnato l\u2019esordio casalingo in questo campionato, battendo la Virtus Aprilia per 86-80. La formazione guidata da Pettenuzzo verr\u00e0 in terra romana per provare a fare lo sgambetto all\u2019attuale capolista (<em>in compagnia dell\u2019Olimpia Cagliari, nda<\/em>) e conquistare cos\u00ec una vittoria molto importante per riuscire a venir fuori dalla zona calda del girone E. Il team luissino, per\u00f2, non ha alcuna intenzione di lasciare punti per strada, proprio come dichiara<strong> Coach Max Briscese<\/strong>: \u201c<em>Per noi ogni partita \u00e8 un&#8217;occasione di crescita e un&#8217;occasione per dimostrare il nostro valore, quindi vogliamo confermarci e migliorarci ogni giornata ed acquisire consapevolezza nei nostri mezzi. La partita con la Fortitudo Viterbo sar\u00e0 \u2018rognosa\u2019, le gare di questo girone stanno dimostrando che ognuna nasconde insidie che riesci a superare solo dando il massimo. Durante la settimana ci siamo allenati gestendo ancora i ragazzi che stanno recuperando dagli infortuni, insieme allo Staff Medico stiamo valutando i tempi di rientro di Bouboukas e Anselmi ma intanto posso ritenermi soddisfatto del lavoro svolto in palestra anche se puntiamo a crescere ancora, ci sono grossi margini di miglioramento e questo ci carica di positivit\u00e0. Dovremo stare attenti alla voglia di riscatto di Viterbo, che vorr\u00e0 sicuramente fare una partita sopra le righe e tentare di vincere la sua seconda gara, penso per\u00f2 che trover\u00e0 davanti una LUISS pronta alla battaglia e che ha tanta voglia di lottare.\u201d<\/em><\/p>\n<p>Il match tra ASD LUISS e Fortitudo Viterbo si giocher\u00e0 <strong>sabato 2 novembre alle 18<\/strong> sul campo principale del Pala LUISS di Piazza Mancini di Roma.<\/p>\n<p><strong>Danila Di Biase<\/strong><br \/>\n<strong>ASD LUISS<\/strong><\/p>\n","protected":false},"excerpt":{"rendered":"<p>\u00c8 tutto pronto per il 5\u00b0 turno del campionato DNC di basket che sabato 2 novembre alle 18 vedr\u00e0 scendere in campo, al PalaLUISS, l\u2019ASD LUISS contro la Fortitudo Viterbo. [&hellip;]<\/p>\n","protected":false},"author":441,"featured_media":6196,"comment_status":"closed","ping_status":"closed","sticky":false,"template":"","format":"standard","meta":{"_monsterinsights_skip_tracking":false,"_monsterinsights_sitenote_active":false,"_monsterinsights_sitenote_note":"","_monsterinsights_sitenote_category":0,"footnotes":""},"categories":[114],"tags":[],"class_list":["post-6794","post","type-post","status-publish","format-standard","has-post-thumbnail","hentry","category-news-basket-c"],"yoast_head":"<!-- This site is optimized with the Yoast SEO plugin v26.5 - https:\/\/yoast.com\/wordpress\/plugins\/seo\/ -->\n<title>Basket: la LUISS ospita Viterbo - Luiss Sport - Luiss Guido Carli<\/title>\n<meta name=\"robots\" content=\"index, follow, max-snippet:-1, max-image-preview:large, max-video-preview:-1\" \/>\n<link rel=\"canonical\" href=\"https:\/\/sport.luiss.it\/2013\/10\/31\/basket-la-luiss-ospita-viterbo\/\" \/>\n<meta property=\"og:locale\" content=\"en_US\" \/>\n<meta property=\"og:type\" content=\"article\" \/>\n<meta property=\"og:title\" content=\"Basket: la LUISS ospita Viterbo - Luiss Sport - Luiss Guido Carli\" \/>\n<meta property=\"og:description\" content=\"\u00c8 tutto pronto per il 5\u00b0 turno del campionato DNC di basket che sabato 2 novembre alle 18 vedr\u00e0 scendere in campo, al PalaLUISS, l\u2019ASD LUISS contro la Fortitudo Viterbo. [&hellip;]\" \/>\n<meta property=\"og:url\" content=\"https:\/\/sport.luiss.it\/2013\/10\/31\/basket-la-luiss-ospita-viterbo\/\" \/>\n<meta property=\"og:site_name\" content=\"Luiss Sport - Luiss Guido Carli\" \/>\n<meta property=\"article:publisher\" content=\"https:\/\/www.facebook.com\/sportluiss\/\" \/>\n<meta property=\"article:published_time\" content=\"2013-10-31T22:27:10+00:00\" \/>\n<meta name=\"twitter:card\" content=\"summary_large_image\" \/>\n<meta name=\"twitter:label1\" content=\"Written by\" \/>\n\t<meta name=\"twitter:data1\" content=\"\" \/>\n\t<meta name=\"twitter:label2\" content=\"Est. reading time\" \/>\n\t<meta name=\"twitter:data2\" content=\"2 minutes\" \/>\n<script type=\"application\/ld+json\" class=\"yoast-schema-graph\">{\"@context\":\"https:\/\/schema.org\",\"@graph\":[{\"@type\":\"WebPage\",\"@id\":\"https:\/\/sport.luiss.it\/2013\/10\/31\/basket-la-luiss-ospita-viterbo\/\",\"url\":\"https:\/\/sport.luiss.it\/2013\/10\/31\/basket-la-luiss-ospita-viterbo\/\",\"name\":\"Basket: la LUISS ospita Viterbo - Luiss Sport - Luiss Guido Carli\",\"isPartOf\":{\"@id\":\"https:\/\/sport.luiss.it\/#website\"},\"primaryImageOfPage\":{\"@id\":\"https:\/\/sport.luiss.it\/2013\/10\/31\/basket-la-luiss-ospita-viterbo\/#primaryimage\"},\"image\":{\"@id\":\"https:\/\/sport.luiss.it\/2013\/10\/31\/basket-la-luiss-ospita-viterbo\/#primaryimage\"},\"thumbnailUrl\":\"\",\"datePublished\":\"2013-10-31T22:27:10+00:00\",\"author\":{\"@id\":\"\"},\"breadcrumb\":{\"@id\":\"https:\/\/sport.luiss.it\/2013\/10\/31\/basket-la-luiss-ospita-viterbo\/#breadcrumb\"},\"inLanguage\":\"en-US\",\"potentialAction\":[{\"@type\":\"ReadAction\",\"target\":[\"https:\/\/sport.luiss.it\/2013\/10\/31\/basket-la-luiss-ospita-viterbo\/\"]}]},{\"@type\":\"ImageObject\",\"inLanguage\":\"en-US\",\"@id\":\"https:\/\/sport.luiss.it\/2013\/10\/31\/basket-la-luiss-ospita-viterbo\/#primaryimage\",\"url\":\"\",\"contentUrl\":\"\"},{\"@type\":\"BreadcrumbList\",\"@id\":\"https:\/\/sport.luiss.it\/2013\/10\/31\/basket-la-luiss-ospita-viterbo\/#breadcrumb\",\"itemListElement\":[{\"@type\":\"ListItem\",\"position\":1,\"name\":\"Home\",\"item\":\"https:\/\/sport.luiss.it\/en\/\"},{\"@type\":\"ListItem\",\"position\":2,\"name\":\"Basket: la LUISS ospita Viterbo\"}]},{\"@type\":\"WebSite\",\"@id\":\"https:\/\/sport.luiss.it\/#website\",\"url\":\"https:\/\/sport.luiss.it\/\",\"name\":\"Luiss Sport - Luiss Guido Carli\",\"description\":\"Luiss Sport\",\"potentialAction\":[{\"@type\":\"SearchAction\",\"target\":{\"@type\":\"EntryPoint\",\"urlTemplate\":\"https:\/\/sport.luiss.it\/?s={search_term_string}\"},\"query-input\":{\"@type\":\"PropertyValueSpecification\",\"valueRequired\":true,\"valueName\":\"search_term_string\"}}],\"inLanguage\":\"en-US\"},{\"@type\":\"Person\",\"@id\":\"\"}]}<\/script>\n<!-- \/ Yoast SEO plugin. -->","yoast_head_json":{"title":"Basket: la LUISS ospita Viterbo - Luiss Sport - Luiss Guido Carli","robots":{"index":"index","follow":"follow","max-snippet":"max-snippet:-1","max-image-preview":"max-image-preview:large","max-video-preview":"max-video-preview:-1"},"canonical":"https:\/\/sport.luiss.it\/2013\/10\/31\/basket-la-luiss-ospita-viterbo\/","og_locale":"en_US","og_type":"article","og_title":"Basket: la LUISS ospita Viterbo - Luiss Sport - Luiss Guido Carli","og_description":"\u00c8 tutto pronto per il 5\u00b0 turno del campionato DNC di basket che sabato 2 novembre alle 18 vedr\u00e0 scendere in campo, al PalaLUISS, l\u2019ASD LUISS contro la Fortitudo Viterbo. [&hellip;]","og_url":"https:\/\/sport.luiss.it\/2013\/10\/31\/basket-la-luiss-ospita-viterbo\/","og_site_name":"Luiss Sport - Luiss Guido Carli","article_publisher":"https:\/\/www.facebook.com\/sportluiss\/","article_published_time":"2013-10-31T22:27:10+00:00","twitter_card":"summary_large_image","twitter_misc":{"Written by":"","Est. reading time":"2 minutes"},"schema":{"@context":"https:\/\/schema.org","@graph":[{"@type":"WebPage","@id":"https:\/\/sport.luiss.it\/2013\/10\/31\/basket-la-luiss-ospita-viterbo\/","url":"https:\/\/sport.luiss.it\/2013\/10\/31\/basket-la-luiss-ospita-viterbo\/","name":"Basket: la LUISS ospita Viterbo - Luiss Sport - Luiss Guido Carli","isPartOf":{"@id":"https:\/\/sport.luiss.it\/#website"},"primaryImageOfPage":{"@id":"https:\/\/sport.luiss.it\/2013\/10\/31\/basket-la-luiss-ospita-viterbo\/#primaryimage"},"image":{"@id":"https:\/\/sport.luiss.it\/2013\/10\/31\/basket-la-luiss-ospita-viterbo\/#primaryimage"},"thumbnailUrl":"","datePublished":"2013-10-31T22:27:10+00:00","author":{"@id":""},"breadcrumb":{"@id":"https:\/\/sport.luiss.it\/2013\/10\/31\/basket-la-luiss-ospita-viterbo\/#breadcrumb"},"inLanguage":"en-US","potentialAction":[{"@type":"ReadAction","target":["https:\/\/sport.luiss.it\/2013\/10\/31\/basket-la-luiss-ospita-viterbo\/"]}]},{"@type":"ImageObject","inLanguage":"en-US","@id":"https:\/\/sport.luiss.it\/2013\/10\/31\/basket-la-luiss-ospita-viterbo\/#primaryimage","url":"","contentUrl":""},{"@type":"BreadcrumbList","@id":"https:\/\/sport.luiss.it\/2013\/10\/31\/basket-la-luiss-ospita-viterbo\/#breadcrumb","itemListElement":[{"@type":"ListItem","position":1,"name":"Home","item":"https:\/\/sport.luiss.it\/en\/"},{"@type":"ListItem","position":2,"name":"Basket: la LUISS ospita Viterbo"}]},{"@type":"WebSite","@id":"https:\/\/sport.luiss.it\/#website","url":"https:\/\/sport.luiss.it\/","name":"Luiss Sport - Luiss Guido Carli","description":"Luiss Sport","potentialAction":[{"@type":"SearchAction","target":{"@type":"EntryPoint","urlTemplate":"https:\/\/sport.luiss.it\/?s={search_term_string}"},"query-input":{"@type":"PropertyValueSpecification","valueRequired":true,"valueName":"search_term_string"}}],"inLanguage":"en-US"},{"@type":"Person","@id":""}]}},"_links":{"self":[{"href":"https:\/\/sport.luiss.it\/en\/wp-json\/wp\/v2\/posts\/6794","targetHints":{"allow":["GET"]}}],"collection":[{"href":"https:\/\/sport.luiss.it\/en\/wp-json\/wp\/v2\/posts"}],"about":[{"href":"https:\/\/sport.luiss.it\/en\/wp-json\/wp\/v2\/types\/post"}],"author":[{"embeddable":true,"href":"https:\/\/sport.luiss.it\/en\/wp-json\/wp\/v2\/users\/441"}],"replies":[{"embeddable":true,"href":"https:\/\/sport.luiss.it\/en\/wp-json\/wp\/v2\/comments?post=6794"}],"version-history":[{"count":0,"href":"https:\/\/sport.luiss.it\/en\/wp-json\/wp\/v2\/posts\/6794\/revisions"}],"wp:featuredmedia":[{"embeddable":true,"href":"https:\/\/sport.luiss.it\/en\/wp-json\/"}],"wp:attachment":[{"href":"https:\/\/sport.luiss.it\/en\/wp-json\/wp\/v2\/media?parent=6794"}],"wp:term":[{"taxonomy":"category","embeddable":true,"href":"https:\/\/sport.luiss.it\/en\/wp-json\/wp\/v2\/categories?post=6794"},{"taxonomy":"post_tag","embeddable":true,"href":"https:\/\/sport.luiss.it\/en\/wp-json\/wp\/v2\/tags?post=6794"}],"curies":[{"name":"wp","href":"https:\/\/api.w.org\/{rel}","templated":true}]}}